{"id":1010,"date":"2023-09-12T10:57:50","date_gmt":"2023-09-12T08:57:50","guid":{"rendered":"https:\/\/vosgesinfo.fr\/epinalinfo\/2023\/09\/le-poids-de-la-poubelle-vosgienne-est-en-baisse\/"},"modified":"2024-02-27T18:12:12","modified_gmt":"2024-02-27T17:12:12","slug":"poids-de-poubelle-vosgienne-baisse","status":"publish","type":"post","link":"https:\/\/vosgesinfo.fr\/epinalinfo\/2023\/09\/poids-de-poubelle-vosgienne-baisse\/","title":{"rendered":"Le poids de la poubelle vosgienne est en baisse"},"content":{"rendered":"<h2><span style=\"font-size: 14pt;\"><strong><a href=\"https:\/\/epinalinfos.fr\/wp-content\/uploads\/2023\/09\/evodia-reduction-dechets-point-presse-epinal-4.jpg\"><img decoding=\"async\" class=\"aligncenter size-large wp-image-223983\" src=\"https:\/\/vosgesinfo.fr\/app\/uploads\/sites\/3\/2023\/09\/evodia-reduction-dechets-point-presse-epinal-4.jpg\" alt=\"evodia-reduction-dechets-point-presse-epinal (4)\" width=\"800\" height=\"600\" \/><\/a>Dans les Vosges, sur le d\u00e9but de l&rsquo;ann\u00e9e 2023, la production d&rsquo;ordures m\u00e9nag\u00e8res est en baisse de 6% par rapport \u00e0 2022, soit 34 269 tonnes trait\u00e9es en 2023, contre 36 274 tonnes en 2022. Le poids de la poubelle vosgienne est donc en baisse.<\/strong> <\/span><\/h2>\n<p>Actuellement, chaque Vosgien produit en moyenne 92kg d&rsquo;ordures m\u00e9nag\u00e8res. L&rsquo;objectif est fix\u00e9 par Evodia \u00e0 83kg au 1er semestre.<\/p>\n<p><a href=\"https:\/\/epinalinfos.fr\/wp-content\/uploads\/2023\/09\/evodia-reduction-dechets-point-presse-epinal-30.jpg\"><img decoding=\"async\" class=\"alignleft size-medium wp-image-223984\" src=\"https:\/\/vosgesinfo.fr\/app\/uploads\/sites\/3\/2023\/09\/evodia-reduction-dechets-point-presse-epinal-30.jpg\" alt=\"evodia-reduction-dechets-point-presse-epinal (30)\" width=\"340\" height=\"255\" \/><\/a>Le tout-venant incin\u00e9rable est en baisse de 6%, soit 22kg par habitant, ce qui r\u00e9pond \u00e0 l&rsquo;objectif fix\u00e9 par Evodia, d&rsquo;autant que de nouvelles fili\u00e8res vont voir le jour en 2024 qui permettront de pouvoir trier davantage de mati\u00e8res en d\u00e9ch\u00e8terie.<\/p>\n<p>Au niveau des erreurs de tri, elles sont \u00e9galement en baisse par rapport \u00e0 l&rsquo;an pass\u00e9, notamment gr\u00e2ce \u00e0 la campagne de communication lanc\u00e9e en mai 2023 par Evodia. Le nombre d&#8217;emballages imbriqu\u00e9s a chut\u00e9, mais cette erreur de tri reste encore la plus \u00e9lev\u00e9e avec 16%, le verre arrive ensuite (12%), de m\u00eame que les mouchoirs et couches et le textile, \u00e0 hauteur de 12% et enfin des bouteilles non vid\u00e9es \u00e0 10%.<\/p>\n<p><a href=\"https:\/\/epinalinfos.fr\/wp-content\/uploads\/2023\/09\/evodia-reduction-dechets-point-presse-epinal-32.jpg\"><img decoding=\"async\" class=\"alignright size-medium wp-image-223985\" src=\"https:\/\/vosgesinfo.fr\/app\/uploads\/sites\/3\/2023\/09\/evodia-reduction-dechets-point-presse-epinal-32.jpg\" alt=\"evodia-reduction-dechets-point-presse-epinal (32)\" width=\"340\" height=\"255\" \/><\/a>Les habitants qui sont sous redevance incitative trient plus. Ils produisent 52kg en moyenne de d\u00e9chets par an et par habitant, contre 106kg en moyenne pour les habitants qui sont sous la taxe d&rsquo;ordures m\u00e9nag\u00e8res.<\/p>\n<p>Les collectivit\u00e9s se mobilisent pour d\u00e9ployer des actions afin de limiter les d\u00e9chets : r\u00e9duction de la fr\u00e9quence de collecte, mise en place de la redevance incitative, organisation d&rsquo;actions anti-gaspillage dans les cantines scolaires, installation d&rsquo;un syst\u00e8me de contr\u00f4le d&rsquo;acc\u00e8s des d\u00e9ch\u00e8teries, d\u00e9ploiement de fili\u00e8res en d\u00e9ch\u00e8terie, cr\u00e9ation de plateforme de regroupement pour valoriser les gravats.<\/p>\n","protected":false},"excerpt":{"rendered":"<p>Dans les Vosges, sur le d\u00e9but de l&rsquo;ann\u00e9e 2023, la production d&rsquo;ordures m\u00e9nag\u00e8res est en baisse de 6% par rapport [&hellip;]<\/p>\n","protected":false},"author":52,"featured_media":1007,"comment_status":"open","ping_status":"open","sticky":false,"template":"","format":"standard","meta":{"footnotes":""},"categories":[22,16,24],"tags":[462,449,351,463,464,465,75],"class_list":["post-1010","post","type-post","status-publish","format-standard","has-post-thumbnail","hentry","category-a-la-une","category-environnement","category-epinal","tag-dechets","tag-ecologie","tag-environnement","tag-evodia","tag-ordures-menageres","tag-tri-des-dechets","tag-vosges"],"acf":[],"yoast_head":"<!-- This site is optimized with the Yoast SEO plugin v22.5 - https:\/\/yoast.com\/wordpress\/plugins\/seo\/ -->\n<title>Le poids de la poubelle vosgienne est en baisse - Epinal Info<\/title>\n<meta name=\"robots\" content=\"index, follow, max-snippet:-1, max-image-preview:large, max-video-preview:-1\" \/>\n<link rel=\"canonical\" href=\"https:\/\/vosgesinfo.fr\/epinalinfo\/2023\/09\/poids-de-poubelle-vosgienne-baisse\/\" \/>\n<meta name=\"twitter:card\" content=\"summary_large_image\" \/>\n<meta name=\"twitter:title\" content=\"Le poids de la poubelle vosgienne est en baisse - Epinal Info\" \/>\n<meta name=\"twitter:description\" content=\"Dans les Vosges, sur le d\u00e9but de l&rsquo;ann\u00e9e 2023, la production d&rsquo;ordures m\u00e9nag\u00e8res est en baisse de 6% par rapport [&hellip;]\" \/>\n<meta name=\"twitter:image\" content=\"https:\/\/vosgesinfo.fr\/app\/uploads\/sites\/3\/2023\/09\/evodia-reduction-dechets-point-presse-epinal-4.jpg\" \/>\n<meta name=\"twitter:creator\" content=\"@VosgesInfo88\" \/>\n<meta name=\"twitter:site\" content=\"@VosgesInfo88\" \/>\n<meta name=\"twitter:label1\" content=\"\u00c9crit par\" \/>\n\t<meta name=\"twitter:data1\" content=\"C.K.\" \/>\n\t<meta name=\"twitter:label2\" content=\"Dur\u00e9e de lecture estim\u00e9e\" \/>\n\t<meta name=\"twitter:data2\" content=\"1 minute\" \/>\n<script type=\"application\/ld+json\" class=\"yoast-schema-graph\">{\"@context\":\"https:\/\/schema.org\",\"@graph\":[{\"@type\":\"Article\",\"@id\":\"https:\/\/vosgesinfo.fr\/epinalinfo\/2023\/09\/poids-de-poubelle-vosgienne-baisse\/#article\",\"isPartOf\":{\"@id\":\"https:\/\/vosgesinfo.fr\/epinalinfo\/2023\/09\/poids-de-poubelle-vosgienne-baisse\/\"},\"author\":{\"name\":\"C.K.\",\"@id\":\"https:\/\/vosgesinfo.fr\/epinalinfo\/#\/schema\/person\/6f9a650eeea99d969b6c4ab78fccbe81\"},\"headline\":\"Le poids de la poubelle vosgienne est en baisse\",\"datePublished\":\"2023-09-12T08:57:50+00:00\",\"dateModified\":\"2024-02-27T17:12:12+00:00\",\"mainEntityOfPage\":{\"@id\":\"https:\/\/vosgesinfo.fr\/epinalinfo\/2023\/09\/poids-de-poubelle-vosgienne-baisse\/\"},\"wordCount\":304,\"commentCount\":0,\"publisher\":{\"@id\":\"https:\/\/vosgesinfo.fr\/epinalinfo\/#organization\"},\"image\":{\"@id\":\"https:\/\/vosgesinfo.fr\/epinalinfo\/2023\/09\/poids-de-poubelle-vosgienne-baisse\/#primaryimage\"},\"thumbnailUrl\":\"https:\/\/vosgesinfo.fr\/app\/uploads\/sites\/3\/2023\/09\/evodia-reduction-dechets-point-presse-epinal-4.jpg\",\"keywords\":[\"d\u00e9chets\",\"\u00e9cologie\",\"environnement\",\"Evodia\",\"ordures m\u00e9nag\u00e8res\",\"tri des d\u00e9chets\",\"vosges\"],\"articleSection\":[\"A la Une\",\"Environnement\",\"Epinal\"],\"inLanguage\":\"fr-FR\",\"potentialAction\":[{\"@type\":\"CommentAction\",\"name\":\"Comment\",\"target\":[\"https:\/\/vosgesinfo.fr\/epinalinfo\/2023\/09\/poids-de-poubelle-vosgienne-baisse\/#respond\"]}]},{\"@type\":\"WebPage\",\"@id\":\"https:\/\/vosgesinfo.fr\/epinalinfo\/2023\/09\/poids-de-poubelle-vosgienne-baisse\/\",\"url\":\"https:\/\/vosgesinfo.fr\/epinalinfo\/2023\/09\/poids-de-poubelle-vosgienne-baisse\/\",\"name\":\"Le poids de la poubelle vosgienne est en baisse - Epinal Info\",\"isPartOf\":{\"@id\":\"https:\/\/vosgesinfo.fr\/epinalinfo\/#website\"},\"primaryImageOfPage\":{\"@id\":\"https:\/\/vosgesinfo.fr\/epinalinfo\/2023\/09\/poids-de-poubelle-vosgienne-baisse\/#primaryimage\"},\"image\":{\"@id\":\"https:\/\/vosgesinfo.fr\/epinalinfo\/2023\/09\/poids-de-poubelle-vosgienne-baisse\/#primaryimage\"},\"thumbnailUrl\":\"https:\/\/vosgesinfo.fr\/app\/uploads\/sites\/3\/2023\/09\/evodia-reduction-dechets-point-presse-epinal-4.jpg\",\"datePublished\":\"2023-09-12T08:57:50+00:00\",\"dateModified\":\"2024-02-27T17:12:12+00:00\",\"breadcrumb\":{\"@id\":\"https:\/\/vosgesinfo.fr\/epinalinfo\/2023\/09\/poids-de-poubelle-vosgienne-baisse\/#breadcrumb\"},\"inLanguage\":\"fr-FR\",\"potentialAction\":[{\"@type\":\"ReadAction\",\"target\":[\"https:\/\/vosgesinfo.fr\/epinalinfo\/2023\/09\/poids-de-poubelle-vosgienne-baisse\/\"]}]},{\"@type\":\"ImageObject\",\"inLanguage\":\"fr-FR\",\"@id\":\"https:\/\/vosgesinfo.fr\/epinalinfo\/2023\/09\/poids-de-poubelle-vosgienne-baisse\/#primaryimage\",\"url\":\"https:\/\/vosgesinfo.fr\/app\/uploads\/sites\/3\/2023\/09\/evodia-reduction-dechets-point-presse-epinal-4.jpg\",\"contentUrl\":\"https:\/\/vosgesinfo.fr\/app\/uploads\/sites\/3\/2023\/09\/evodia-reduction-dechets-point-presse-epinal-4.jpg\",\"width\":800,\"height\":600},{\"@type\":\"BreadcrumbList\",\"@id\":\"https:\/\/vosgesinfo.fr\/epinalinfo\/2023\/09\/poids-de-poubelle-vosgienne-baisse\/#breadcrumb\",\"itemListElement\":[{\"@type\":\"ListItem\",\"position\":1,\"name\":\"Home\",\"item\":\"https:\/\/vosgesinfo.fr\/epinalinfo\/\"},{\"@type\":\"ListItem\",\"position\":2,\"name\":\"Le poids de la poubelle vosgienne est en baisse\"}]},{\"@type\":\"WebSite\",\"@id\":\"https:\/\/vosgesinfo.fr\/epinalinfo\/#website\",\"url\":\"https:\/\/vosgesinfo.fr\/epinalinfo\/\",\"name\":\"Epinal Info\",\"description\":\"Toute l&#039;actualit\u00e9 d&#039;\u00c9pinal\",\"publisher\":{\"@id\":\"https:\/\/vosgesinfo.fr\/epinalinfo\/#organization\"},\"alternateName\":\"Toute l'actualit\u00e9 d'\u00c9pinal\",\"potentialAction\":[{\"@type\":\"SearchAction\",\"target\":{\"@type\":\"EntryPoint\",\"urlTemplate\":\"https:\/\/vosgesinfo.fr\/epinalinfo\/?s={search_term_string}\"},\"query-input\":\"required name=search_term_string\"}],\"inLanguage\":\"fr-FR\"},{\"@type\":\"Organization\",\"@id\":\"https:\/\/vosgesinfo.fr\/epinalinfo\/#organization\",\"name\":\"Epinal Info\",\"url\":\"https:\/\/vosgesinfo.fr\/epinalinfo\/\",\"logo\":{\"@type\":\"ImageObject\",\"inLanguage\":\"fr-FR\",\"@id\":\"https:\/\/vosgesinfo.fr\/epinalinfo\/#\/schema\/logo\/image\/\",\"url\":\"https:\/\/vosgesinfo.fr\/app\/uploads\/sites\/3\/2023\/08\/logo-epinalinfos.svg\",\"contentUrl\":\"https:\/\/vosgesinfo.fr\/app\/uploads\/sites\/3\/2023\/08\/logo-epinalinfos.svg\",\"width\":1,\"height\":1,\"caption\":\"Epinal Info\"},\"image\":{\"@id\":\"https:\/\/vosgesinfo.fr\/epinalinfo\/#\/schema\/logo\/image\/\"},\"sameAs\":[\"https:\/\/www.facebook.com\/Epinalinfos\",\"https:\/\/x.com\/VosgesInfo88\",\"https:\/\/www.youtube.com\/@vosgesinfo\"]},{\"@type\":\"Person\",\"@id\":\"https:\/\/vosgesinfo.fr\/epinalinfo\/#\/schema\/person\/6f9a650eeea99d969b6c4ab78fccbe81\",\"name\":\"C.K.\",\"image\":{\"@type\":\"ImageObject\",\"inLanguage\":\"fr-FR\",\"@id\":\"https:\/\/vosgesinfo.fr\/epinalinfo\/#\/schema\/person\/image\/\",\"url\":\"https:\/\/secure.gravatar.com\/avatar\/48e3fc7f8421ba8942be6b74a2b7f014ca39bc00dece156b7a8e098ae7dc87bf?s=96&d=mm&r=g\",\"contentUrl\":\"https:\/\/secure.gravatar.com\/avatar\/48e3fc7f8421ba8942be6b74a2b7f014ca39bc00dece156b7a8e098ae7dc87bf?s=96&d=mm&r=g\",\"caption\":\"C.K.\"},\"url\":\"https:\/\/vosgesinfo.fr\/epinalinfo\/author\/celia-k-n\/\"}]}<\/script>\n<!-- \/ Yoast SEO plugin. -->","yoast_head_json":{"title":"Le poids de la poubelle vosgienne est en baisse - Epinal Info","robots":{"index":"index","follow":"follow","max-snippet":"max-snippet:-1","max-image-preview":"max-image-preview:large","max-video-preview":"max-video-preview:-1"},"canonical":"https:\/\/vosgesinfo.fr\/epinalinfo\/2023\/09\/poids-de-poubelle-vosgienne-baisse\/","twitter_card":"summary_large_image","twitter_title":"Le poids de la poubelle vosgienne est en baisse - Epinal Info","twitter_description":"Dans les Vosges, sur le d\u00e9but de l&rsquo;ann\u00e9e 2023, la production d&rsquo;ordures m\u00e9nag\u00e8res est en baisse de 6% par rapport [&hellip;]","twitter_image":"https:\/\/vosgesinfo.fr\/app\/uploads\/sites\/3\/2023\/09\/evodia-reduction-dechets-point-presse-epinal-4.jpg","twitter_creator":"@VosgesInfo88","twitter_site":"@VosgesInfo88","twitter_misc":{"\u00c9crit par":"C.K.","Dur\u00e9e de lecture estim\u00e9e":"1 minute"},"schema":{"@context":"https:\/\/schema.org","@graph":[{"@type":"Article","@id":"https:\/\/vosgesinfo.fr\/epinalinfo\/2023\/09\/poids-de-poubelle-vosgienne-baisse\/#article","isPartOf":{"@id":"https:\/\/vosgesinfo.fr\/epinalinfo\/2023\/09\/poids-de-poubelle-vosgienne-baisse\/"},"author":{"name":"C.K.","@id":"https:\/\/vosgesinfo.fr\/epinalinfo\/#\/schema\/person\/6f9a650eeea99d969b6c4ab78fccbe81"},"headline":"Le poids de la poubelle vosgienne est en baisse","datePublished":"2023-09-12T08:57:50+00:00","dateModified":"2024-02-27T17:12:12+00:00","mainEntityOfPage":{"@id":"https:\/\/vosgesinfo.fr\/epinalinfo\/2023\/09\/poids-de-poubelle-vosgienne-baisse\/"},"wordCount":304,"commentCount":0,"publisher":{"@id":"https:\/\/vosgesinfo.fr\/epinalinfo\/#organization"},"image":{"@id":"https:\/\/vosgesinfo.fr\/epinalinfo\/2023\/09\/poids-de-poubelle-vosgienne-baisse\/#primaryimage"},"thumbnailUrl":"https:\/\/vosgesinfo.fr\/app\/uploads\/sites\/3\/2023\/09\/evodia-reduction-dechets-point-presse-epinal-4.jpg","keywords":["d\u00e9chets","\u00e9cologie","environnement","Evodia","ordures m\u00e9nag\u00e8res","tri des d\u00e9chets","vosges"],"articleSection":["A la Une","Environnement","Epinal"],"inLanguage":"fr-FR","potentialAction":[{"@type":"CommentAction","name":"Comment","target":["https:\/\/vosgesinfo.fr\/epinalinfo\/2023\/09\/poids-de-poubelle-vosgienne-baisse\/#respond"]}]},{"@type":"WebPage","@id":"https:\/\/vosgesinfo.fr\/epinalinfo\/2023\/09\/poids-de-poubelle-vosgienne-baisse\/","url":"https:\/\/vosgesinfo.fr\/epinalinfo\/2023\/09\/poids-de-poubelle-vosgienne-baisse\/","name":"Le poids de la poubelle vosgienne est en baisse - Epinal Info","isPartOf":{"@id":"https:\/\/vosgesinfo.fr\/epinalinfo\/#website"},"primaryImageOfPage":{"@id":"https:\/\/vosgesinfo.fr\/epinalinfo\/2023\/09\/poids-de-poubelle-vosgienne-baisse\/#primaryimage"},"image":{"@id":"https:\/\/vosgesinfo.fr\/epinalinfo\/2023\/09\/poids-de-poubelle-vosgienne-baisse\/#primaryimage"},"thumbnailUrl":"https:\/\/vosgesinfo.fr\/app\/uploads\/sites\/3\/2023\/09\/evodia-reduction-dechets-point-presse-epinal-4.jpg","datePublished":"2023-09-12T08:57:50+00:00","dateModified":"2024-02-27T17:12:12+00:00","breadcrumb":{"@id":"https:\/\/vosgesinfo.fr\/epinalinfo\/2023\/09\/poids-de-poubelle-vosgienne-baisse\/#breadcrumb"},"inLanguage":"fr-FR","potentialAction":[{"@type":"ReadAction","target":["https:\/\/vosgesinfo.fr\/epinalinfo\/2023\/09\/poids-de-poubelle-vosgienne-baisse\/"]}]},{"@type":"ImageObject","inLanguage":"fr-FR","@id":"https:\/\/vosgesinfo.fr\/epinalinfo\/2023\/09\/poids-de-poubelle-vosgienne-baisse\/#primaryimage","url":"https:\/\/vosgesinfo.fr\/app\/uploads\/sites\/3\/2023\/09\/evodia-reduction-dechets-point-presse-epinal-4.jpg","contentUrl":"https:\/\/vosgesinfo.fr\/app\/uploads\/sites\/3\/2023\/09\/evodia-reduction-dechets-point-presse-epinal-4.jpg","width":800,"height":600},{"@type":"BreadcrumbList","@id":"https:\/\/vosgesinfo.fr\/epinalinfo\/2023\/09\/poids-de-poubelle-vosgienne-baisse\/#breadcrumb","itemListElement":[{"@type":"ListItem","position":1,"name":"Home","item":"https:\/\/vosgesinfo.fr\/epinalinfo\/"},{"@type":"ListItem","position":2,"name":"Le poids de la poubelle vosgienne est en baisse"}]},{"@type":"WebSite","@id":"https:\/\/vosgesinfo.fr\/epinalinfo\/#website","url":"https:\/\/vosgesinfo.fr\/epinalinfo\/","name":"Epinal Info","description":"Toute l&#039;actualit\u00e9 d&#039;\u00c9pinal","publisher":{"@id":"https:\/\/vosgesinfo.fr\/epinalinfo\/#organization"},"alternateName":"Toute l'actualit\u00e9 d'\u00c9pinal","potentialAction":[{"@type":"SearchAction","target":{"@type":"EntryPoint","urlTemplate":"https:\/\/vosgesinfo.fr\/epinalinfo\/?s={search_term_string}"},"query-input":"required name=search_term_string"}],"inLanguage":"fr-FR"},{"@type":"Organization","@id":"https:\/\/vosgesinfo.fr\/epinalinfo\/#organization","name":"Epinal Info","url":"https:\/\/vosgesinfo.fr\/epinalinfo\/","logo":{"@type":"ImageObject","inLanguage":"fr-FR","@id":"https:\/\/vosgesinfo.fr\/epinalinfo\/#\/schema\/logo\/image\/","url":"https:\/\/vosgesinfo.fr\/app\/uploads\/sites\/3\/2023\/08\/logo-epinalinfos.svg","contentUrl":"https:\/\/vosgesinfo.fr\/app\/uploads\/sites\/3\/2023\/08\/logo-epinalinfos.svg","width":1,"height":1,"caption":"Epinal Info"},"image":{"@id":"https:\/\/vosgesinfo.fr\/epinalinfo\/#\/schema\/logo\/image\/"},"sameAs":["https:\/\/www.facebook.com\/Epinalinfos","https:\/\/x.com\/VosgesInfo88","https:\/\/www.youtube.com\/@vosgesinfo"]},{"@type":"Person","@id":"https:\/\/vosgesinfo.fr\/epinalinfo\/#\/schema\/person\/6f9a650eeea99d969b6c4ab78fccbe81","name":"C.K.","image":{"@type":"ImageObject","inLanguage":"fr-FR","@id":"https:\/\/vosgesinfo.fr\/epinalinfo\/#\/schema\/person\/image\/","url":"https:\/\/secure.gravatar.com\/avatar\/48e3fc7f8421ba8942be6b74a2b7f014ca39bc00dece156b7a8e098ae7dc87bf?s=96&d=mm&r=g","contentUrl":"https:\/\/secure.gravatar.com\/avatar\/48e3fc7f8421ba8942be6b74a2b7f014ca39bc00dece156b7a8e098ae7dc87bf?s=96&d=mm&r=g","caption":"C.K."},"url":"https:\/\/vosgesinfo.fr\/epinalinfo\/author\/celia-k-n\/"}]}},"_links":{"self":[{"href":"https:\/\/vosgesinfo.fr\/epinalinfo\/wp-json\/wp\/v2\/posts\/1010","targetHints":{"allow":["GET"]}}],"collection":[{"href":"https:\/\/vosgesinfo.fr\/epinalinfo\/wp-json\/wp\/v2\/posts"}],"about":[{"href":"https:\/\/vosgesinfo.fr\/epinalinfo\/wp-json\/wp\/v2\/types\/post"}],"author":[{"embeddable":true,"href":"https:\/\/vosgesinfo.fr\/epinalinfo\/wp-json\/wp\/v2\/users\/52"}],"replies":[{"embeddable":true,"href":"https:\/\/vosgesinfo.fr\/epinalinfo\/wp-json\/wp\/v2\/comments?post=1010"}],"version-history":[{"count":1,"href":"https:\/\/vosgesinfo.fr\/epinalinfo\/wp-json\/wp\/v2\/posts\/1010\/revisions"}],"predecessor-version":[{"id":37491,"href":"https:\/\/vosgesinfo.fr\/epinalinfo\/wp-json\/wp\/v2\/posts\/1010\/revisions\/37491"}],"wp:featuredmedia":[{"embeddable":true,"href":"https:\/\/vosgesinfo.fr\/epinalinfo\/wp-json\/wp\/v2\/media\/1007"}],"wp:attachment":[{"href":"https:\/\/vosgesinfo.fr\/epinalinfo\/wp-json\/wp\/v2\/media?parent=1010"}],"wp:term":[{"taxonomy":"category","embeddable":true,"href":"https:\/\/vosgesinfo.fr\/epinalinfo\/wp-json\/wp\/v2\/categories?post=1010"},{"taxonomy":"post_tag","embeddable":true,"href":"https:\/\/vosgesinfo.fr\/epinalinfo\/wp-json\/wp\/v2\/tags?post=1010"}],"curies":[{"name":"wp","href":"https:\/\/api.w.org\/{rel}","templated":true}]}}