{"id":1013,"date":"2023-09-12T12:24:34","date_gmt":"2023-09-12T10:24:34","guid":{"rendered":"https:\/\/vosgesinfo.fr\/epinalinfo\/2023\/09\/course-de-garcons-de-cafe-rendez-vous-dimanche-pour-une-2e-edition-a-epinal\/"},"modified":"2024-02-27T18:12:13","modified_gmt":"2024-02-27T17:12:13","slug":"course-de-garcons-de-cafe-rendez-dimanche-2e-edition-a-epinal","status":"publish","type":"post","link":"https:\/\/vosgesinfo.fr\/epinalinfo\/2023\/09\/course-de-garcons-de-cafe-rendez-dimanche-2e-edition-a-epinal\/","title":{"rendered":"Course de gar\u00e7ons de caf\u00e9 : rendez-vous dimanche pour une 2\u00e8 \u00e9dition \u00e0 \u00c9pinal"},"content":{"rendered":"<h2><span style=\"font-size: 14pt;\"><strong> <a href=\"https:\/\/vosgesinfo.fr\/app\/uploads\/sites\/3\/2023\/09\/course-garcons-cafe-epinal.jpg\"><img decoding=\"async\" class=\"aligncenter size-full wp-image-223994\" src=\"https:\/\/vosgesinfo.fr\/app\/uploads\/sites\/3\/2023\/09\/course-garcons-cafe-epinal.jpg\" alt=\"course-garcons-cafe-epinal\" width=\"800\" height=\"600\" \/><\/a>La premi\u00e8re \u00e9dition avait r\u00e9uni pr\u00e8s de 600 sectateurs ! La seconde \u00e9dition de la Course de gar\u00e7ons de caf\u00e9 organis\u00e9e par l&rsquo;association Spin\u2019Alien aura lieu le dimanche 17 septembre, au parc du\u00a0 Cours, \u00e0 Epinal. Au menu\u00a0: sueur, bris de verre, et bonne humeur\u00a0!<\/strong><\/span><\/h2>\n<p>Ne rien renverser du contenu du plateau, telle est la r\u00e8gle d\u2019or de cette manifestation orchestr\u00e9e par l&rsquo;association Spin&rsquo;Alien. La deuxi\u00e8me \u00e9dition de la Course de gar\u00e7ons de caf\u00e9 aura lieu le dimanche 17 septembre, au parc du\u00a0 Cours, \u00e0 Epinal. face \u00e0 l&rsquo;engouement,\u00a0 les organisateurs ont d\u00e9cid\u00e9 d&rsquo;ouvrir la participation aux amateurs. A partir de 15h, ce sera au tour des professionnels de s&rsquo;affronter.<\/p>\n<p>L&rsquo;objectif est de finir le parcours avec des verres entiers. Les participants devront effectuer une boucle d\u20191,5 km avec plusieurs obstacles. La \u00ab\u00a0terrasses des relous\u00a0\u00bb sera de retour.<\/p>\n<p><a href=\"https:\/\/vosgesinfo.fr\/app\/uploads\/sites\/3\/2023\/09\/affiche-course-garcons-de-cafe-epinal.png\"><img decoding=\"async\" class=\"aligncenter size-full wp-image-223993\" src=\"https:\/\/vosgesinfo.fr\/app\/uploads\/sites\/3\/2023\/09\/affiche-course-garcons-de-cafe-epinal.png\" alt=\"affiche-course-garcons-de-cafe--Epinal\" width=\"500\" height=\"707\" \/><\/a><\/p>\n","protected":false},"excerpt":{"rendered":"<p>La premi\u00e8re \u00e9dition avait r\u00e9uni pr\u00e8s de 600 sectateurs ! La seconde \u00e9dition de la Course de gar\u00e7ons de caf\u00e9 [&hellip;]<\/p>\n","protected":false},"author":52,"featured_media":1011,"comment_status":"open","ping_status":"open","sticky":false,"template":"","format":"standard","meta":{"footnotes":""},"categories":[22,20,24],"tags":[466,70,75],"class_list":["post-1013","post","type-post","status-publish","format-standard","has-post-thumbnail","hentry","category-a-la-une","category-divertissement","category-epinal","tag-course-de-garcons-de-cafe","tag-epinal","tag-vosges"],"acf":[],"yoast_head":"<!-- This site is optimized with the Yoast SEO plugin v22.5 - https:\/\/yoast.com\/wordpress\/plugins\/seo\/ -->\n<title>Course de gar\u00e7ons de caf\u00e9 : rendez-vous dimanche pour une 2\u00e8 \u00e9dition \u00e0 \u00c9pinal - Epinal Info<\/title>\n<meta name=\"robots\" content=\"index, follow, max-snippet:-1, max-image-preview:large, max-video-preview:-1\" \/>\n<link rel=\"canonical\" href=\"https:\/\/vosgesinfo.fr\/epinalinfo\/2023\/09\/course-de-garcons-de-cafe-rendez-dimanche-2e-edition-a-epinal\/\" \/>\n<meta name=\"twitter:card\" content=\"summary_large_image\" \/>\n<meta name=\"twitter:title\" content=\"Course de gar\u00e7ons de caf\u00e9 : rendez-vous dimanche pour une 2\u00e8 \u00e9dition \u00e0 \u00c9pinal - Epinal Info\" \/>\n<meta name=\"twitter:description\" content=\"La premi\u00e8re \u00e9dition avait r\u00e9uni pr\u00e8s de 600 sectateurs ! La seconde \u00e9dition de la Course de gar\u00e7ons de caf\u00e9 [&hellip;]\" \/>\n<meta name=\"twitter:image\" content=\"https:\/\/vosgesinfo.fr\/app\/uploads\/sites\/3\/2023\/09\/course-garcons-cafe-epinal.jpg\" \/>\n<meta name=\"twitter:creator\" content=\"@VosgesInfo88\" \/>\n<meta name=\"twitter:site\" content=\"@VosgesInfo88\" \/>\n<meta name=\"twitter:label1\" content=\"\u00c9crit par\" \/>\n\t<meta name=\"twitter:data1\" content=\"C.K.\" \/>\n\t<meta name=\"twitter:label2\" content=\"Dur\u00e9e de lecture estim\u00e9e\" \/>\n\t<meta name=\"twitter:data2\" content=\"1 minute\" \/>\n<script type=\"application\/ld+json\" class=\"yoast-schema-graph\">{\"@context\":\"https:\/\/schema.org\",\"@graph\":[{\"@type\":\"Article\",\"@id\":\"https:\/\/vosgesinfo.fr\/epinalinfo\/2023\/09\/course-de-garcons-de-cafe-rendez-dimanche-2e-edition-a-epinal\/#article\",\"isPartOf\":{\"@id\":\"https:\/\/vosgesinfo.fr\/epinalinfo\/2023\/09\/course-de-garcons-de-cafe-rendez-dimanche-2e-edition-a-epinal\/\"},\"author\":{\"name\":\"C.K.\",\"@id\":\"https:\/\/vosgesinfo.fr\/epinalinfo\/#\/schema\/person\/6f9a650eeea99d969b6c4ab78fccbe81\"},\"headline\":\"Course de gar\u00e7ons de caf\u00e9 : rendez-vous dimanche pour une 2\u00e8 \u00e9dition \u00e0 \u00c9pinal\",\"datePublished\":\"2023-09-12T10:24:34+00:00\",\"dateModified\":\"2024-02-27T17:12:13+00:00\",\"mainEntityOfPage\":{\"@id\":\"https:\/\/vosgesinfo.fr\/epinalinfo\/2023\/09\/course-de-garcons-de-cafe-rendez-dimanche-2e-edition-a-epinal\/\"},\"wordCount\":162,\"commentCount\":0,\"publisher\":{\"@id\":\"https:\/\/vosgesinfo.fr\/epinalinfo\/#organization\"},\"image\":{\"@id\":\"https:\/\/vosgesinfo.fr\/epinalinfo\/2023\/09\/course-de-garcons-de-cafe-rendez-dimanche-2e-edition-a-epinal\/#primaryimage\"},\"thumbnailUrl\":\"https:\/\/vosgesinfo.fr\/app\/uploads\/sites\/3\/2023\/09\/course-garcons-cafe-epinal.jpg\",\"keywords\":[\"course de gar\u00e7ons de caf\u00e9\",\"Epinal\",\"vosges\"],\"articleSection\":[\"A la Une\",\"Divertissement\",\"Epinal\"],\"inLanguage\":\"fr-FR\",\"potentialAction\":[{\"@type\":\"CommentAction\",\"name\":\"Comment\",\"target\":[\"https:\/\/vosgesinfo.fr\/epinalinfo\/2023\/09\/course-de-garcons-de-cafe-rendez-dimanche-2e-edition-a-epinal\/#respond\"]}]},{\"@type\":\"WebPage\",\"@id\":\"https:\/\/vosgesinfo.fr\/epinalinfo\/2023\/09\/course-de-garcons-de-cafe-rendez-dimanche-2e-edition-a-epinal\/\",\"url\":\"https:\/\/vosgesinfo.fr\/epinalinfo\/2023\/09\/course-de-garcons-de-cafe-rendez-dimanche-2e-edition-a-epinal\/\",\"name\":\"Course de gar\u00e7ons de caf\u00e9 : rendez-vous dimanche pour une 2\u00e8 \u00e9dition \u00e0 \u00c9pinal - Epinal Info\",\"isPartOf\":{\"@id\":\"https:\/\/vosgesinfo.fr\/epinalinfo\/#website\"},\"primaryImageOfPage\":{\"@id\":\"https:\/\/vosgesinfo.fr\/epinalinfo\/2023\/09\/course-de-garcons-de-cafe-rendez-dimanche-2e-edition-a-epinal\/#primaryimage\"},\"image\":{\"@id\":\"https:\/\/vosgesinfo.fr\/epinalinfo\/2023\/09\/course-de-garcons-de-cafe-rendez-dimanche-2e-edition-a-epinal\/#primaryimage\"},\"thumbnailUrl\":\"https:\/\/vosgesinfo.fr\/app\/uploads\/sites\/3\/2023\/09\/course-garcons-cafe-epinal.jpg\",\"datePublished\":\"2023-09-12T10:24:34+00:00\",\"dateModified\":\"2024-02-27T17:12:13+00:00\",\"breadcrumb\":{\"@id\":\"https:\/\/vosgesinfo.fr\/epinalinfo\/2023\/09\/course-de-garcons-de-cafe-rendez-dimanche-2e-edition-a-epinal\/#breadcrumb\"},\"inLanguage\":\"fr-FR\",\"potentialAction\":[{\"@type\":\"ReadAction\",\"target\":[\"https:\/\/vosgesinfo.fr\/epinalinfo\/2023\/09\/course-de-garcons-de-cafe-rendez-dimanche-2e-edition-a-epinal\/\"]}]},{\"@type\":\"ImageObject\",\"inLanguage\":\"fr-FR\",\"@id\":\"https:\/\/vosgesinfo.fr\/epinalinfo\/2023\/09\/course-de-garcons-de-cafe-rendez-dimanche-2e-edition-a-epinal\/#primaryimage\",\"url\":\"https:\/\/vosgesinfo.fr\/app\/uploads\/sites\/3\/2023\/09\/course-garcons-cafe-epinal.jpg\",\"contentUrl\":\"https:\/\/vosgesinfo.fr\/app\/uploads\/sites\/3\/2023\/09\/course-garcons-cafe-epinal.jpg\",\"width\":800,\"height\":600},{\"@type\":\"BreadcrumbList\",\"@id\":\"https:\/\/vosgesinfo.fr\/epinalinfo\/2023\/09\/course-de-garcons-de-cafe-rendez-dimanche-2e-edition-a-epinal\/#breadcrumb\",\"itemListElement\":[{\"@type\":\"ListItem\",\"position\":1,\"name\":\"Home\",\"item\":\"https:\/\/vosgesinfo.fr\/epinalinfo\/\"},{\"@type\":\"ListItem\",\"position\":2,\"name\":\"Course de gar\u00e7ons de caf\u00e9 : rendez-vous dimanche pour une 2\u00e8 \u00e9dition \u00e0 \u00c9pinal\"}]},{\"@type\":\"WebSite\",\"@id\":\"https:\/\/vosgesinfo.fr\/epinalinfo\/#website\",\"url\":\"https:\/\/vosgesinfo.fr\/epinalinfo\/\",\"name\":\"Epinal Info\",\"description\":\"Toute l&#039;actualit\u00e9 d&#039;\u00c9pinal\",\"publisher\":{\"@id\":\"https:\/\/vosgesinfo.fr\/epinalinfo\/#organization\"},\"alternateName\":\"Toute l'actualit\u00e9 d'\u00c9pinal\",\"potentialAction\":[{\"@type\":\"SearchAction\",\"target\":{\"@type\":\"EntryPoint\",\"urlTemplate\":\"https:\/\/vosgesinfo.fr\/epinalinfo\/?s={search_term_string}\"},\"query-input\":\"required name=search_term_string\"}],\"inLanguage\":\"fr-FR\"},{\"@type\":\"Organization\",\"@id\":\"https:\/\/vosgesinfo.fr\/epinalinfo\/#organization\",\"name\":\"Epinal Info\",\"url\":\"https:\/\/vosgesinfo.fr\/epinalinfo\/\",\"logo\":{\"@type\":\"ImageObject\",\"inLanguage\":\"fr-FR\",\"@id\":\"https:\/\/vosgesinfo.fr\/epinalinfo\/#\/schema\/logo\/image\/\",\"url\":\"https:\/\/vosgesinfo.fr\/app\/uploads\/sites\/3\/2023\/08\/logo-epinalinfos.svg\",\"contentUrl\":\"https:\/\/vosgesinfo.fr\/app\/uploads\/sites\/3\/2023\/08\/logo-epinalinfos.svg\",\"width\":1,\"height\":1,\"caption\":\"Epinal Info\"},\"image\":{\"@id\":\"https:\/\/vosgesinfo.fr\/epinalinfo\/#\/schema\/logo\/image\/\"},\"sameAs\":[\"https:\/\/www.facebook.com\/Epinalinfos\",\"https:\/\/x.com\/VosgesInfo88\",\"https:\/\/www.youtube.com\/@vosgesinfo\"]},{\"@type\":\"Person\",\"@id\":\"https:\/\/vosgesinfo.fr\/epinalinfo\/#\/schema\/person\/6f9a650eeea99d969b6c4ab78fccbe81\",\"name\":\"C.K.\",\"image\":{\"@type\":\"ImageObject\",\"inLanguage\":\"fr-FR\",\"@id\":\"https:\/\/vosgesinfo.fr\/epinalinfo\/#\/schema\/person\/image\/\",\"url\":\"https:\/\/secure.gravatar.com\/avatar\/48e3fc7f8421ba8942be6b74a2b7f014ca39bc00dece156b7a8e098ae7dc87bf?s=96&d=mm&r=g\",\"contentUrl\":\"https:\/\/secure.gravatar.com\/avatar\/48e3fc7f8421ba8942be6b74a2b7f014ca39bc00dece156b7a8e098ae7dc87bf?s=96&d=mm&r=g\",\"caption\":\"C.K.\"},\"url\":\"https:\/\/vosgesinfo.fr\/epinalinfo\/author\/celia-k-n\/\"}]}<\/script>\n<!-- \/ Yoast SEO plugin. -->","yoast_head_json":{"title":"Course de gar\u00e7ons de caf\u00e9 : rendez-vous dimanche pour une 2\u00e8 \u00e9dition \u00e0 \u00c9pinal - Epinal Info","robots":{"index":"index","follow":"follow","max-snippet":"max-snippet:-1","max-image-preview":"max-image-preview:large","max-video-preview":"max-video-preview:-1"},"canonical":"https:\/\/vosgesinfo.fr\/epinalinfo\/2023\/09\/course-de-garcons-de-cafe-rendez-dimanche-2e-edition-a-epinal\/","twitter_card":"summary_large_image","twitter_title":"Course de gar\u00e7ons de caf\u00e9 : rendez-vous dimanche pour une 2\u00e8 \u00e9dition \u00e0 \u00c9pinal - Epinal Info","twitter_description":"La premi\u00e8re \u00e9dition avait r\u00e9uni pr\u00e8s de 600 sectateurs ! La seconde \u00e9dition de la Course de gar\u00e7ons de caf\u00e9 [&hellip;]","twitter_image":"https:\/\/vosgesinfo.fr\/app\/uploads\/sites\/3\/2023\/09\/course-garcons-cafe-epinal.jpg","twitter_creator":"@VosgesInfo88","twitter_site":"@VosgesInfo88","twitter_misc":{"\u00c9crit par":"C.K.","Dur\u00e9e de lecture estim\u00e9e":"1 minute"},"schema":{"@context":"https:\/\/schema.org","@graph":[{"@type":"Article","@id":"https:\/\/vosgesinfo.fr\/epinalinfo\/2023\/09\/course-de-garcons-de-cafe-rendez-dimanche-2e-edition-a-epinal\/#article","isPartOf":{"@id":"https:\/\/vosgesinfo.fr\/epinalinfo\/2023\/09\/course-de-garcons-de-cafe-rendez-dimanche-2e-edition-a-epinal\/"},"author":{"name":"C.K.","@id":"https:\/\/vosgesinfo.fr\/epinalinfo\/#\/schema\/person\/6f9a650eeea99d969b6c4ab78fccbe81"},"headline":"Course de gar\u00e7ons de caf\u00e9 : rendez-vous dimanche pour une 2\u00e8 \u00e9dition \u00e0 \u00c9pinal","datePublished":"2023-09-12T10:24:34+00:00","dateModified":"2024-02-27T17:12:13+00:00","mainEntityOfPage":{"@id":"https:\/\/vosgesinfo.fr\/epinalinfo\/2023\/09\/course-de-garcons-de-cafe-rendez-dimanche-2e-edition-a-epinal\/"},"wordCount":162,"commentCount":0,"publisher":{"@id":"https:\/\/vosgesinfo.fr\/epinalinfo\/#organization"},"image":{"@id":"https:\/\/vosgesinfo.fr\/epinalinfo\/2023\/09\/course-de-garcons-de-cafe-rendez-dimanche-2e-edition-a-epinal\/#primaryimage"},"thumbnailUrl":"https:\/\/vosgesinfo.fr\/app\/uploads\/sites\/3\/2023\/09\/course-garcons-cafe-epinal.jpg","keywords":["course de gar\u00e7ons de caf\u00e9","Epinal","vosges"],"articleSection":["A la Une","Divertissement","Epinal"],"inLanguage":"fr-FR","potentialAction":[{"@type":"CommentAction","name":"Comment","target":["https:\/\/vosgesinfo.fr\/epinalinfo\/2023\/09\/course-de-garcons-de-cafe-rendez-dimanche-2e-edition-a-epinal\/#respond"]}]},{"@type":"WebPage","@id":"https:\/\/vosgesinfo.fr\/epinalinfo\/2023\/09\/course-de-garcons-de-cafe-rendez-dimanche-2e-edition-a-epinal\/","url":"https:\/\/vosgesinfo.fr\/epinalinfo\/2023\/09\/course-de-garcons-de-cafe-rendez-dimanche-2e-edition-a-epinal\/","name":"Course de gar\u00e7ons de caf\u00e9 : rendez-vous dimanche pour une 2\u00e8 \u00e9dition \u00e0 \u00c9pinal - Epinal Info","isPartOf":{"@id":"https:\/\/vosgesinfo.fr\/epinalinfo\/#website"},"primaryImageOfPage":{"@id":"https:\/\/vosgesinfo.fr\/epinalinfo\/2023\/09\/course-de-garcons-de-cafe-rendez-dimanche-2e-edition-a-epinal\/#primaryimage"},"image":{"@id":"https:\/\/vosgesinfo.fr\/epinalinfo\/2023\/09\/course-de-garcons-de-cafe-rendez-dimanche-2e-edition-a-epinal\/#primaryimage"},"thumbnailUrl":"https:\/\/vosgesinfo.fr\/app\/uploads\/sites\/3\/2023\/09\/course-garcons-cafe-epinal.jpg","datePublished":"2023-09-12T10:24:34+00:00","dateModified":"2024-02-27T17:12:13+00:00","breadcrumb":{"@id":"https:\/\/vosgesinfo.fr\/epinalinfo\/2023\/09\/course-de-garcons-de-cafe-rendez-dimanche-2e-edition-a-epinal\/#breadcrumb"},"inLanguage":"fr-FR","potentialAction":[{"@type":"ReadAction","target":["https:\/\/vosgesinfo.fr\/epinalinfo\/2023\/09\/course-de-garcons-de-cafe-rendez-dimanche-2e-edition-a-epinal\/"]}]},{"@type":"ImageObject","inLanguage":"fr-FR","@id":"https:\/\/vosgesinfo.fr\/epinalinfo\/2023\/09\/course-de-garcons-de-cafe-rendez-dimanche-2e-edition-a-epinal\/#primaryimage","url":"https:\/\/vosgesinfo.fr\/app\/uploads\/sites\/3\/2023\/09\/course-garcons-cafe-epinal.jpg","contentUrl":"https:\/\/vosgesinfo.fr\/app\/uploads\/sites\/3\/2023\/09\/course-garcons-cafe-epinal.jpg","width":800,"height":600},{"@type":"BreadcrumbList","@id":"https:\/\/vosgesinfo.fr\/epinalinfo\/2023\/09\/course-de-garcons-de-cafe-rendez-dimanche-2e-edition-a-epinal\/#breadcrumb","itemListElement":[{"@type":"ListItem","position":1,"name":"Home","item":"https:\/\/vosgesinfo.fr\/epinalinfo\/"},{"@type":"ListItem","position":2,"name":"Course de gar\u00e7ons de caf\u00e9 : rendez-vous dimanche pour une 2\u00e8 \u00e9dition \u00e0 \u00c9pinal"}]},{"@type":"WebSite","@id":"https:\/\/vosgesinfo.fr\/epinalinfo\/#website","url":"https:\/\/vosgesinfo.fr\/epinalinfo\/","name":"Epinal Info","description":"Toute l&#039;actualit\u00e9 d&#039;\u00c9pinal","publisher":{"@id":"https:\/\/vosgesinfo.fr\/epinalinfo\/#organization"},"alternateName":"Toute l'actualit\u00e9 d'\u00c9pinal","potentialAction":[{"@type":"SearchAction","target":{"@type":"EntryPoint","urlTemplate":"https:\/\/vosgesinfo.fr\/epinalinfo\/?s={search_term_string}"},"query-input":"required name=search_term_string"}],"inLanguage":"fr-FR"},{"@type":"Organization","@id":"https:\/\/vosgesinfo.fr\/epinalinfo\/#organization","name":"Epinal Info","url":"https:\/\/vosgesinfo.fr\/epinalinfo\/","logo":{"@type":"ImageObject","inLanguage":"fr-FR","@id":"https:\/\/vosgesinfo.fr\/epinalinfo\/#\/schema\/logo\/image\/","url":"https:\/\/vosgesinfo.fr\/app\/uploads\/sites\/3\/2023\/08\/logo-epinalinfos.svg","contentUrl":"https:\/\/vosgesinfo.fr\/app\/uploads\/sites\/3\/2023\/08\/logo-epinalinfos.svg","width":1,"height":1,"caption":"Epinal Info"},"image":{"@id":"https:\/\/vosgesinfo.fr\/epinalinfo\/#\/schema\/logo\/image\/"},"sameAs":["https:\/\/www.facebook.com\/Epinalinfos","https:\/\/x.com\/VosgesInfo88","https:\/\/www.youtube.com\/@vosgesinfo"]},{"@type":"Person","@id":"https:\/\/vosgesinfo.fr\/epinalinfo\/#\/schema\/person\/6f9a650eeea99d969b6c4ab78fccbe81","name":"C.K.","image":{"@type":"ImageObject","inLanguage":"fr-FR","@id":"https:\/\/vosgesinfo.fr\/epinalinfo\/#\/schema\/person\/image\/","url":"https:\/\/secure.gravatar.com\/avatar\/48e3fc7f8421ba8942be6b74a2b7f014ca39bc00dece156b7a8e098ae7dc87bf?s=96&d=mm&r=g","contentUrl":"https:\/\/secure.gravatar.com\/avatar\/48e3fc7f8421ba8942be6b74a2b7f014ca39bc00dece156b7a8e098ae7dc87bf?s=96&d=mm&r=g","caption":"C.K."},"url":"https:\/\/vosgesinfo.fr\/epinalinfo\/author\/celia-k-n\/"}]}},"_links":{"self":[{"href":"https:\/\/vosgesinfo.fr\/epinalinfo\/wp-json\/wp\/v2\/posts\/1013","targetHints":{"allow":["GET"]}}],"collection":[{"href":"https:\/\/vosgesinfo.fr\/epinalinfo\/wp-json\/wp\/v2\/posts"}],"about":[{"href":"https:\/\/vosgesinfo.fr\/epinalinfo\/wp-json\/wp\/v2\/types\/post"}],"author":[{"embeddable":true,"href":"https:\/\/vosgesinfo.fr\/epinalinfo\/wp-json\/wp\/v2\/users\/52"}],"replies":[{"embeddable":true,"href":"https:\/\/vosgesinfo.fr\/epinalinfo\/wp-json\/wp\/v2\/comments?post=1013"}],"version-history":[{"count":1,"href":"https:\/\/vosgesinfo.fr\/epinalinfo\/wp-json\/wp\/v2\/posts\/1013\/revisions"}],"predecessor-version":[{"id":37492,"href":"https:\/\/vosgesinfo.fr\/epinalinfo\/wp-json\/wp\/v2\/posts\/1013\/revisions\/37492"}],"wp:featuredmedia":[{"embeddable":true,"href":"https:\/\/vosgesinfo.fr\/epinalinfo\/wp-json\/wp\/v2\/media\/1011"}],"wp:attachment":[{"href":"https:\/\/vosgesinfo.fr\/epinalinfo\/wp-json\/wp\/v2\/media?parent=1013"}],"wp:term":[{"taxonomy":"category","embeddable":true,"href":"https:\/\/vosgesinfo.fr\/epinalinfo\/wp-json\/wp\/v2\/categories?post=1013"},{"taxonomy":"post_tag","embeddable":true,"href":"https:\/\/vosgesinfo.fr\/epinalinfo\/wp-json\/wp\/v2\/tags?post=1013"}],"curies":[{"name":"wp","href":"https:\/\/api.w.org\/{rel}","templated":true}]}}