{"id":1015,"date":"2023-09-12T17:47:16","date_gmt":"2023-09-12T15:47:16","guid":{"rendered":"https:\/\/vosgesinfo.fr\/epinalinfo\/2023\/09\/aide-fonds-durgence-pour-accompagner-les-exploitations-en-agriculture-biologique-en-difficulte\/"},"modified":"2024-02-27T18:12:13","modified_gmt":"2024-02-27T17:12:13","slug":"aide-fonds-durgence-accompagner-exploitations-agriculture-biologique-difficulte","status":"publish","type":"post","link":"https:\/\/vosgesinfo.fr\/epinalinfo\/2023\/09\/aide-fonds-durgence-accompagner-exploitations-agriculture-biologique-difficulte\/","title":{"rendered":"Aide fonds d\u2019urgence pour accompagner les exploitations en agriculture biologique en difficult\u00e9"},"content":{"rendered":"<div class=\"textLayer\"><a href=\"https:\/\/vosgesinfo.fr\/app\/uploads\/sites\/3\/2023\/02\/agriculture-g2c55cc669-1920.jpg\"><img decoding=\"async\" class=\"aligncenter size-full wp-image-215145\" src=\"https:\/\/vosgesinfo.fr\/app\/uploads\/sites\/3\/2023\/02\/agriculture-g2c55cc669-1920.jpg\" alt=\"agriculture-g2c55cc669_1920\" width=\"800\" height=\"536\" \/><\/a>Face aux difficult\u00e9s que rencontrent les exploitations en agriculture biologique, le gouvernement a mis en place un plan de soutien. Celui-ci est aujourd\u2019hui compl\u00e9t\u00e9 et renforc\u00e9 par un panel de mesures r\u00e9affirmant son soutien au secteur de l&rsquo;agriculture biologique. Ainsi une enveloppe de 60 Millions d\u2019euros est allou\u00e9e afin de pallier aux difficult\u00e9s les plus urgentes des fili\u00e8res de l\u2019agriculture biologique.<\/div>\n<div class=\"textLayer\"><\/div>\n<div class=\"textLayer\">&#8211; Qui est \u00e9ligible ?<\/div>\n<div class=\"textLayer\">L\u2019exploitation agricole conduite enti\u00e8rement en agriculture biologique ou en conversion et install\u00e9e avant le 1er janvier 2023 et qui a subi \u00e0 la fois<\/div>\n<div class=\"textLayer\"><\/div>\n<div class=\"textLayer\">\u2022une perte d&rsquo;Exc\u00e9dent Brut d\u2019Exploitation (EBE) de plus de 20%<\/div>\n<div class=\"textLayer\"><\/div>\n<div class=\"textLayer\">\u2022une d\u00e9gradation de tr\u00e9sorerie de plus de 20% sur le dernier exercice clos entre le 01\/06\/2022 et le 31\/05\/2023 par rapport \u00e0 la moyenne des2 exercices comptables cl\u00f4tur\u00e9s entre le 01\/06\/2018 et le 31\/05\/2020.<\/div>\n<div class=\"textLayer\"><\/div>\n<div class=\"textLayer\">&#8211; Montant de l&rsquo;aide ?<\/div>\n<div class=\"textLayer\"><\/div>\n<div class=\"textLayer\">Il est calcul\u00e9 sur une prise en charge de 50% de perte d&rsquo;EBE (avec un seuil minimal fix\u00e9 \u00e01000\u20ac).<\/div>\n<div class=\"textLayer\"><\/div>\n<div class=\"textLayer\">&#8211; Comment faire la demande ?Par t\u00e9l\u00e9d\u00e9claration sur le site de FRANCEAGRIMER, la demande doit imp\u00e9rativement \u00eatre faite avant le 20 septembre 2023, date de cl\u00f4ture, avec transmission d\u2019un certificat bio valide \u00e0 la date de la demande de d\u00e9p\u00f4t et les attestations comptables, conform\u00e9ment aux instructions de Franceagrimer https:\/\/www.franceagrimer.fr\/fam\/Accompagner\/Dispositifs-par-filiere\/Aides-de-crise\/BIO-2023<\/div>\n<div class=\"textLayer\"><\/div>\n<div class=\"textLayer\">Le Service de l\u2019\u00c9conomie Agriculture et Foresti\u00e8re (SEAF) de la Direction D\u00e9partementale des Territoires (DDT) des Vosges reste \u00e0 la disposition des exploitants pour tout renseignement compl\u00e9mentaire. Ils peuvent contacter le service par courriel \u00e0 l\u2019adresse suivant: ddt-seaf-pse@vosges.gouv.<\/div>\n","protected":false},"excerpt":{"rendered":"<p>Face aux difficult\u00e9s que rencontrent les exploitations en agriculture biologique, le gouvernement a mis en place un plan de soutien. [&hellip;]<\/p>\n","protected":false},"author":52,"featured_media":1014,"comment_status":"open","ping_status":"open","sticky":false,"template":"","format":"standard","meta":{"footnotes":""},"categories":[22,316,8,5],"tags":[],"class_list":["post-1015","post","type-post","status-publish","format-standard","has-post-thumbnail","hentry","category-a-la-une","category-agriculture","category-economie","category-vosges"],"acf":[],"yoast_head":"<!-- This site is optimized with the Yoast SEO plugin v22.5 - https:\/\/yoast.com\/wordpress\/plugins\/seo\/ -->\n<title>Aide fonds d\u2019urgence pour accompagner les exploitations en agriculture biologique en difficult\u00e9 - Epinal Info<\/title>\n<meta name=\"robots\" content=\"index, follow, max-snippet:-1, max-image-preview:large, max-video-preview:-1\" \/>\n<link rel=\"canonical\" href=\"https:\/\/vosgesinfo.fr\/epinalinfo\/2023\/09\/aide-fonds-durgence-accompagner-exploitations-agriculture-biologique-difficulte\/\" \/>\n<meta name=\"twitter:card\" content=\"summary_large_image\" \/>\n<meta name=\"twitter:title\" content=\"Aide fonds d\u2019urgence pour accompagner les exploitations en agriculture biologique en difficult\u00e9 - Epinal Info\" \/>\n<meta name=\"twitter:description\" content=\"Face aux difficult\u00e9s que rencontrent les exploitations en agriculture biologique, le gouvernement a mis en place un plan de soutien. [&hellip;]\" \/>\n<meta name=\"twitter:image\" content=\"https:\/\/vosgesinfo.fr\/app\/uploads\/sites\/3\/2023\/02\/agriculture-g2c55cc669-1920.jpg\" \/>\n<meta name=\"twitter:creator\" content=\"@VosgesInfo88\" \/>\n<meta name=\"twitter:site\" content=\"@VosgesInfo88\" \/>\n<meta name=\"twitter:label1\" content=\"\u00c9crit par\" \/>\n\t<meta name=\"twitter:data1\" content=\"C.K.\" \/>\n\t<meta name=\"twitter:label2\" content=\"Dur\u00e9e de lecture estim\u00e9e\" \/>\n\t<meta name=\"twitter:data2\" content=\"1 minute\" \/>\n<script type=\"application\/ld+json\" class=\"yoast-schema-graph\">{\"@context\":\"https:\/\/schema.org\",\"@graph\":[{\"@type\":\"Article\",\"@id\":\"https:\/\/vosgesinfo.fr\/epinalinfo\/2023\/09\/aide-fonds-durgence-accompagner-exploitations-agriculture-biologique-difficulte\/#article\",\"isPartOf\":{\"@id\":\"https:\/\/vosgesinfo.fr\/epinalinfo\/2023\/09\/aide-fonds-durgence-accompagner-exploitations-agriculture-biologique-difficulte\/\"},\"author\":{\"name\":\"C.K.\",\"@id\":\"https:\/\/vosgesinfo.fr\/epinalinfo\/#\/schema\/person\/6f9a650eeea99d969b6c4ab78fccbe81\"},\"headline\":\"Aide fonds d\u2019urgence pour accompagner les exploitations en agriculture biologique en difficult\u00e9\",\"datePublished\":\"2023-09-12T15:47:16+00:00\",\"dateModified\":\"2024-02-27T17:12:13+00:00\",\"mainEntityOfPage\":{\"@id\":\"https:\/\/vosgesinfo.fr\/epinalinfo\/2023\/09\/aide-fonds-durgence-accompagner-exploitations-agriculture-biologique-difficulte\/\"},\"wordCount\":286,\"commentCount\":0,\"publisher\":{\"@id\":\"https:\/\/vosgesinfo.fr\/epinalinfo\/#organization\"},\"image\":{\"@id\":\"https:\/\/vosgesinfo.fr\/epinalinfo\/2023\/09\/aide-fonds-durgence-accompagner-exploitations-agriculture-biologique-difficulte\/#primaryimage\"},\"thumbnailUrl\":\"https:\/\/vosgesinfo.fr\/app\/uploads\/sites\/3\/2023\/02\/agriculture-g2c55cc669-1920.jpg\",\"articleSection\":[\"A la Une\",\"Agriculture\",\"\u00c9conomie\",\"Vosges\"],\"inLanguage\":\"fr-FR\",\"potentialAction\":[{\"@type\":\"CommentAction\",\"name\":\"Comment\",\"target\":[\"https:\/\/vosgesinfo.fr\/epinalinfo\/2023\/09\/aide-fonds-durgence-accompagner-exploitations-agriculture-biologique-difficulte\/#respond\"]}]},{\"@type\":\"WebPage\",\"@id\":\"https:\/\/vosgesinfo.fr\/epinalinfo\/2023\/09\/aide-fonds-durgence-accompagner-exploitations-agriculture-biologique-difficulte\/\",\"url\":\"https:\/\/vosgesinfo.fr\/epinalinfo\/2023\/09\/aide-fonds-durgence-accompagner-exploitations-agriculture-biologique-difficulte\/\",\"name\":\"Aide fonds d\u2019urgence pour accompagner les exploitations en agriculture biologique en difficult\u00e9 - Epinal Info\",\"isPartOf\":{\"@id\":\"https:\/\/vosgesinfo.fr\/epinalinfo\/#website\"},\"primaryImageOfPage\":{\"@id\":\"https:\/\/vosgesinfo.fr\/epinalinfo\/2023\/09\/aide-fonds-durgence-accompagner-exploitations-agriculture-biologique-difficulte\/#primaryimage\"},\"image\":{\"@id\":\"https:\/\/vosgesinfo.fr\/epinalinfo\/2023\/09\/aide-fonds-durgence-accompagner-exploitations-agriculture-biologique-difficulte\/#primaryimage\"},\"thumbnailUrl\":\"https:\/\/vosgesinfo.fr\/app\/uploads\/sites\/3\/2023\/02\/agriculture-g2c55cc669-1920.jpg\",\"datePublished\":\"2023-09-12T15:47:16+00:00\",\"dateModified\":\"2024-02-27T17:12:13+00:00\",\"breadcrumb\":{\"@id\":\"https:\/\/vosgesinfo.fr\/epinalinfo\/2023\/09\/aide-fonds-durgence-accompagner-exploitations-agriculture-biologique-difficulte\/#breadcrumb\"},\"inLanguage\":\"fr-FR\",\"potentialAction\":[{\"@type\":\"ReadAction\",\"target\":[\"https:\/\/vosgesinfo.fr\/epinalinfo\/2023\/09\/aide-fonds-durgence-accompagner-exploitations-agriculture-biologique-difficulte\/\"]}]},{\"@type\":\"ImageObject\",\"inLanguage\":\"fr-FR\",\"@id\":\"https:\/\/vosgesinfo.fr\/epinalinfo\/2023\/09\/aide-fonds-durgence-accompagner-exploitations-agriculture-biologique-difficulte\/#primaryimage\",\"url\":\"https:\/\/vosgesinfo.fr\/app\/uploads\/sites\/3\/2023\/02\/agriculture-g2c55cc669-1920.jpg\",\"contentUrl\":\"https:\/\/vosgesinfo.fr\/app\/uploads\/sites\/3\/2023\/02\/agriculture-g2c55cc669-1920.jpg\",\"width\":800,\"height\":536},{\"@type\":\"BreadcrumbList\",\"@id\":\"https:\/\/vosgesinfo.fr\/epinalinfo\/2023\/09\/aide-fonds-durgence-accompagner-exploitations-agriculture-biologique-difficulte\/#breadcrumb\",\"itemListElement\":[{\"@type\":\"ListItem\",\"position\":1,\"name\":\"Home\",\"item\":\"https:\/\/vosgesinfo.fr\/epinalinfo\/\"},{\"@type\":\"ListItem\",\"position\":2,\"name\":\"Aide fonds d\u2019urgence pour accompagner les exploitations en agriculture biologique en difficult\u00e9\"}]},{\"@type\":\"WebSite\",\"@id\":\"https:\/\/vosgesinfo.fr\/epinalinfo\/#website\",\"url\":\"https:\/\/vosgesinfo.fr\/epinalinfo\/\",\"name\":\"Epinal Info\",\"description\":\"Toute l&#039;actualit\u00e9 d&#039;\u00c9pinal\",\"publisher\":{\"@id\":\"https:\/\/vosgesinfo.fr\/epinalinfo\/#organization\"},\"alternateName\":\"Toute l'actualit\u00e9 d'\u00c9pinal\",\"potentialAction\":[{\"@type\":\"SearchAction\",\"target\":{\"@type\":\"EntryPoint\",\"urlTemplate\":\"https:\/\/vosgesinfo.fr\/epinalinfo\/?s={search_term_string}\"},\"query-input\":\"required name=search_term_string\"}],\"inLanguage\":\"fr-FR\"},{\"@type\":\"Organization\",\"@id\":\"https:\/\/vosgesinfo.fr\/epinalinfo\/#organization\",\"name\":\"Epinal Info\",\"url\":\"https:\/\/vosgesinfo.fr\/epinalinfo\/\",\"logo\":{\"@type\":\"ImageObject\",\"inLanguage\":\"fr-FR\",\"@id\":\"https:\/\/vosgesinfo.fr\/epinalinfo\/#\/schema\/logo\/image\/\",\"url\":\"https:\/\/vosgesinfo.fr\/app\/uploads\/sites\/3\/2023\/08\/logo-epinalinfos.svg\",\"contentUrl\":\"https:\/\/vosgesinfo.fr\/app\/uploads\/sites\/3\/2023\/08\/logo-epinalinfos.svg\",\"width\":1,\"height\":1,\"caption\":\"Epinal Info\"},\"image\":{\"@id\":\"https:\/\/vosgesinfo.fr\/epinalinfo\/#\/schema\/logo\/image\/\"},\"sameAs\":[\"https:\/\/www.facebook.com\/Epinalinfos\",\"https:\/\/x.com\/VosgesInfo88\",\"https:\/\/www.youtube.com\/@vosgesinfo\"]},{\"@type\":\"Person\",\"@id\":\"https:\/\/vosgesinfo.fr\/epinalinfo\/#\/schema\/person\/6f9a650eeea99d969b6c4ab78fccbe81\",\"name\":\"C.K.\",\"image\":{\"@type\":\"ImageObject\",\"inLanguage\":\"fr-FR\",\"@id\":\"https:\/\/vosgesinfo.fr\/epinalinfo\/#\/schema\/person\/image\/\",\"url\":\"https:\/\/secure.gravatar.com\/avatar\/48e3fc7f8421ba8942be6b74a2b7f014ca39bc00dece156b7a8e098ae7dc87bf?s=96&d=mm&r=g\",\"contentUrl\":\"https:\/\/secure.gravatar.com\/avatar\/48e3fc7f8421ba8942be6b74a2b7f014ca39bc00dece156b7a8e098ae7dc87bf?s=96&d=mm&r=g\",\"caption\":\"C.K.\"},\"url\":\"https:\/\/vosgesinfo.fr\/epinalinfo\/author\/celia-k-n\/\"}]}<\/script>\n<!-- \/ Yoast SEO plugin. -->","yoast_head_json":{"title":"Aide fonds d\u2019urgence pour accompagner les exploitations en agriculture biologique en difficult\u00e9 - Epinal Info","robots":{"index":"index","follow":"follow","max-snippet":"max-snippet:-1","max-image-preview":"max-image-preview:large","max-video-preview":"max-video-preview:-1"},"canonical":"https:\/\/vosgesinfo.fr\/epinalinfo\/2023\/09\/aide-fonds-durgence-accompagner-exploitations-agriculture-biologique-difficulte\/","twitter_card":"summary_large_image","twitter_title":"Aide fonds d\u2019urgence pour accompagner les exploitations en agriculture biologique en difficult\u00e9 - Epinal Info","twitter_description":"Face aux difficult\u00e9s que rencontrent les exploitations en agriculture biologique, le gouvernement a mis en place un plan de soutien. [&hellip;]","twitter_image":"https:\/\/vosgesinfo.fr\/app\/uploads\/sites\/3\/2023\/02\/agriculture-g2c55cc669-1920.jpg","twitter_creator":"@VosgesInfo88","twitter_site":"@VosgesInfo88","twitter_misc":{"\u00c9crit par":"C.K.","Dur\u00e9e de lecture estim\u00e9e":"1 minute"},"schema":{"@context":"https:\/\/schema.org","@graph":[{"@type":"Article","@id":"https:\/\/vosgesinfo.fr\/epinalinfo\/2023\/09\/aide-fonds-durgence-accompagner-exploitations-agriculture-biologique-difficulte\/#article","isPartOf":{"@id":"https:\/\/vosgesinfo.fr\/epinalinfo\/2023\/09\/aide-fonds-durgence-accompagner-exploitations-agriculture-biologique-difficulte\/"},"author":{"name":"C.K.","@id":"https:\/\/vosgesinfo.fr\/epinalinfo\/#\/schema\/person\/6f9a650eeea99d969b6c4ab78fccbe81"},"headline":"Aide fonds d\u2019urgence pour accompagner les exploitations en agriculture biologique en difficult\u00e9","datePublished":"2023-09-12T15:47:16+00:00","dateModified":"2024-02-27T17:12:13+00:00","mainEntityOfPage":{"@id":"https:\/\/vosgesinfo.fr\/epinalinfo\/2023\/09\/aide-fonds-durgence-accompagner-exploitations-agriculture-biologique-difficulte\/"},"wordCount":286,"commentCount":0,"publisher":{"@id":"https:\/\/vosgesinfo.fr\/epinalinfo\/#organization"},"image":{"@id":"https:\/\/vosgesinfo.fr\/epinalinfo\/2023\/09\/aide-fonds-durgence-accompagner-exploitations-agriculture-biologique-difficulte\/#primaryimage"},"thumbnailUrl":"https:\/\/vosgesinfo.fr\/app\/uploads\/sites\/3\/2023\/02\/agriculture-g2c55cc669-1920.jpg","articleSection":["A la Une","Agriculture","\u00c9conomie","Vosges"],"inLanguage":"fr-FR","potentialAction":[{"@type":"CommentAction","name":"Comment","target":["https:\/\/vosgesinfo.fr\/epinalinfo\/2023\/09\/aide-fonds-durgence-accompagner-exploitations-agriculture-biologique-difficulte\/#respond"]}]},{"@type":"WebPage","@id":"https:\/\/vosgesinfo.fr\/epinalinfo\/2023\/09\/aide-fonds-durgence-accompagner-exploitations-agriculture-biologique-difficulte\/","url":"https:\/\/vosgesinfo.fr\/epinalinfo\/2023\/09\/aide-fonds-durgence-accompagner-exploitations-agriculture-biologique-difficulte\/","name":"Aide fonds d\u2019urgence pour accompagner les exploitations en agriculture biologique en difficult\u00e9 - Epinal Info","isPartOf":{"@id":"https:\/\/vosgesinfo.fr\/epinalinfo\/#website"},"primaryImageOfPage":{"@id":"https:\/\/vosgesinfo.fr\/epinalinfo\/2023\/09\/aide-fonds-durgence-accompagner-exploitations-agriculture-biologique-difficulte\/#primaryimage"},"image":{"@id":"https:\/\/vosgesinfo.fr\/epinalinfo\/2023\/09\/aide-fonds-durgence-accompagner-exploitations-agriculture-biologique-difficulte\/#primaryimage"},"thumbnailUrl":"https:\/\/vosgesinfo.fr\/app\/uploads\/sites\/3\/2023\/02\/agriculture-g2c55cc669-1920.jpg","datePublished":"2023-09-12T15:47:16+00:00","dateModified":"2024-02-27T17:12:13+00:00","breadcrumb":{"@id":"https:\/\/vosgesinfo.fr\/epinalinfo\/2023\/09\/aide-fonds-durgence-accompagner-exploitations-agriculture-biologique-difficulte\/#breadcrumb"},"inLanguage":"fr-FR","potentialAction":[{"@type":"ReadAction","target":["https:\/\/vosgesinfo.fr\/epinalinfo\/2023\/09\/aide-fonds-durgence-accompagner-exploitations-agriculture-biologique-difficulte\/"]}]},{"@type":"ImageObject","inLanguage":"fr-FR","@id":"https:\/\/vosgesinfo.fr\/epinalinfo\/2023\/09\/aide-fonds-durgence-accompagner-exploitations-agriculture-biologique-difficulte\/#primaryimage","url":"https:\/\/vosgesinfo.fr\/app\/uploads\/sites\/3\/2023\/02\/agriculture-g2c55cc669-1920.jpg","contentUrl":"https:\/\/vosgesinfo.fr\/app\/uploads\/sites\/3\/2023\/02\/agriculture-g2c55cc669-1920.jpg","width":800,"height":536},{"@type":"BreadcrumbList","@id":"https:\/\/vosgesinfo.fr\/epinalinfo\/2023\/09\/aide-fonds-durgence-accompagner-exploitations-agriculture-biologique-difficulte\/#breadcrumb","itemListElement":[{"@type":"ListItem","position":1,"name":"Home","item":"https:\/\/vosgesinfo.fr\/epinalinfo\/"},{"@type":"ListItem","position":2,"name":"Aide fonds d\u2019urgence pour accompagner les exploitations en agriculture biologique en difficult\u00e9"}]},{"@type":"WebSite","@id":"https:\/\/vosgesinfo.fr\/epinalinfo\/#website","url":"https:\/\/vosgesinfo.fr\/epinalinfo\/","name":"Epinal Info","description":"Toute l&#039;actualit\u00e9 d&#039;\u00c9pinal","publisher":{"@id":"https:\/\/vosgesinfo.fr\/epinalinfo\/#organization"},"alternateName":"Toute l'actualit\u00e9 d'\u00c9pinal","potentialAction":[{"@type":"SearchAction","target":{"@type":"EntryPoint","urlTemplate":"https:\/\/vosgesinfo.fr\/epinalinfo\/?s={search_term_string}"},"query-input":"required name=search_term_string"}],"inLanguage":"fr-FR"},{"@type":"Organization","@id":"https:\/\/vosgesinfo.fr\/epinalinfo\/#organization","name":"Epinal Info","url":"https:\/\/vosgesinfo.fr\/epinalinfo\/","logo":{"@type":"ImageObject","inLanguage":"fr-FR","@id":"https:\/\/vosgesinfo.fr\/epinalinfo\/#\/schema\/logo\/image\/","url":"https:\/\/vosgesinfo.fr\/app\/uploads\/sites\/3\/2023\/08\/logo-epinalinfos.svg","contentUrl":"https:\/\/vosgesinfo.fr\/app\/uploads\/sites\/3\/2023\/08\/logo-epinalinfos.svg","width":1,"height":1,"caption":"Epinal Info"},"image":{"@id":"https:\/\/vosgesinfo.fr\/epinalinfo\/#\/schema\/logo\/image\/"},"sameAs":["https:\/\/www.facebook.com\/Epinalinfos","https:\/\/x.com\/VosgesInfo88","https:\/\/www.youtube.com\/@vosgesinfo"]},{"@type":"Person","@id":"https:\/\/vosgesinfo.fr\/epinalinfo\/#\/schema\/person\/6f9a650eeea99d969b6c4ab78fccbe81","name":"C.K.","image":{"@type":"ImageObject","inLanguage":"fr-FR","@id":"https:\/\/vosgesinfo.fr\/epinalinfo\/#\/schema\/person\/image\/","url":"https:\/\/secure.gravatar.com\/avatar\/48e3fc7f8421ba8942be6b74a2b7f014ca39bc00dece156b7a8e098ae7dc87bf?s=96&d=mm&r=g","contentUrl":"https:\/\/secure.gravatar.com\/avatar\/48e3fc7f8421ba8942be6b74a2b7f014ca39bc00dece156b7a8e098ae7dc87bf?s=96&d=mm&r=g","caption":"C.K."},"url":"https:\/\/vosgesinfo.fr\/epinalinfo\/author\/celia-k-n\/"}]}},"_links":{"self":[{"href":"https:\/\/vosgesinfo.fr\/epinalinfo\/wp-json\/wp\/v2\/posts\/1015","targetHints":{"allow":["GET"]}}],"collection":[{"href":"https:\/\/vosgesinfo.fr\/epinalinfo\/wp-json\/wp\/v2\/posts"}],"about":[{"href":"https:\/\/vosgesinfo.fr\/epinalinfo\/wp-json\/wp\/v2\/types\/post"}],"author":[{"embeddable":true,"href":"https:\/\/vosgesinfo.fr\/epinalinfo\/wp-json\/wp\/v2\/users\/52"}],"replies":[{"embeddable":true,"href":"https:\/\/vosgesinfo.fr\/epinalinfo\/wp-json\/wp\/v2\/comments?post=1015"}],"version-history":[{"count":1,"href":"https:\/\/vosgesinfo.fr\/epinalinfo\/wp-json\/wp\/v2\/posts\/1015\/revisions"}],"predecessor-version":[{"id":37493,"href":"https:\/\/vosgesinfo.fr\/epinalinfo\/wp-json\/wp\/v2\/posts\/1015\/revisions\/37493"}],"wp:featuredmedia":[{"embeddable":true,"href":"https:\/\/vosgesinfo.fr\/epinalinfo\/wp-json\/wp\/v2\/media\/1014"}],"wp:attachment":[{"href":"https:\/\/vosgesinfo.fr\/epinalinfo\/wp-json\/wp\/v2\/media?parent=1015"}],"wp:term":[{"taxonomy":"category","embeddable":true,"href":"https:\/\/vosgesinfo.fr\/epinalinfo\/wp-json\/wp\/v2\/categories?post=1015"},{"taxonomy":"post_tag","embeddable":true,"href":"https:\/\/vosgesinfo.fr\/epinalinfo\/wp-json\/wp\/v2\/tags?post=1015"}],"curies":[{"name":"wp","href":"https:\/\/api.w.org\/{rel}","templated":true}]}}