{"id":115628,"date":"2022-04-06T04:10:40","date_gmt":"2022-04-06T02:10:40","guid":{"rendered":"https:\/\/vosgesinfo.fr\/epinalinfo\/2022\/04\/rn66-travaux-de-refection-de-joints-de-chaussee-a-hauteur-pont-de-lepange-2-2\/"},"modified":"2022-04-06T04:10:40","modified_gmt":"2022-04-06T02:10:40","slug":"rn66-travaux-de-refection-de-joints-de-chaussee-a-hauteur-pont-de-lepange-2-2","status":"publish","type":"post","link":"https:\/\/vosgesinfo.fr\/epinalinfo\/2022\/04\/rn66-travaux-de-refection-de-joints-de-chaussee-a-hauteur-pont-de-lepange-2-2\/","title":{"rendered":"RN66 \u2013 Travaux de R\u00e9fection de joints de chauss\u00e9e \u00e0 hauteur du Pont de L\u00e9pange"},"content":{"rendered":"<p><a href=\"\/2017\/04\/dir-est-travaux.png\"><img decoding=\"async\" class=\"aligncenter size-medium wp-image-112451\" src=\"\/2017\/04\/dir-est-travaux-263x255.png\" alt=\"dir-est-travaux\" width=\"263\" height=\"255\" \/><\/a>Du lundi 11 avril au vendredi 22 avril 2022, la Direction Interd\u00e9partementale des Routes de l&rsquo;Est (DIR Est), pour le compte de l\u2019\u00c9tat, va proc\u00e9der \u00e0 des travaux de r\u00e9fection de joints de chauss\u00e9e, sur la RN66 au niveau du pont de L\u00e9pange (Commune de Rupt-sur-Moselle). Ces travaux entra\u00eeneront la fermeture de la RN66 :<\/p>\n<p>\u2022 Dans le sens Remiremont =&gt; Mulhouse du lundi 11 avril \u00e0 08h00 au vendredi 15 avril \u00e0 16h00<\/p>\n<p>\u2022 Dans le sens Mulhouse =&gt; Remiremont du mardi 19 avril \u00e0 08h00 au vendredi 22 avril \u00e0 16h00 Des d\u00e9viations seront mises en place.<\/p>\n","protected":false},"excerpt":{"rendered":"<p>Du lundi 11 avril au vendredi 22 avril 2022, la Direction Interd\u00e9partementale des Routes de l&rsquo;Est (DIR Est), pour le [&hellip;]<\/p>\n","protected":false},"author":52,"featured_media":371,"comment_status":"open","ping_status":"open","sticky":false,"template":"","format":"standard","meta":{"footnotes":""},"categories":[22,92,5],"tags":[],"class_list":["post-115628","post","type-post","status-publish","format-standard","has-post-thumbnail","hentry","category-a-la-une","category-securite","category-vosges"],"acf":[],"yoast_head":"<!-- This site is optimized with the Yoast SEO plugin v22.5 - https:\/\/yoast.com\/wordpress\/plugins\/seo\/ -->\n<title>RN66 \u2013 Travaux de R\u00e9fection de joints de chauss\u00e9e \u00e0 hauteur du Pont de L\u00e9pange - Epinal Info<\/title>\n<meta name=\"robots\" content=\"index, follow, max-snippet:-1, max-image-preview:large, max-video-preview:-1\" \/>\n<link rel=\"canonical\" href=\"https:\/\/vosgesinfo.fr\/epinalinfo\/2022\/04\/rn66-travaux-de-refection-de-joints-de-chaussee-a-hauteur-pont-de-lepange-2-2\/\" \/>\n<meta name=\"twitter:card\" content=\"summary_large_image\" \/>\n<meta name=\"twitter:title\" content=\"RN66 \u2013 Travaux de R\u00e9fection de joints de chauss\u00e9e \u00e0 hauteur du Pont de L\u00e9pange - Epinal Info\" \/>\n<meta name=\"twitter:description\" content=\"Du lundi 11 avril au vendredi 22 avril 2022, la Direction Interd\u00e9partementale des Routes de l&rsquo;Est (DIR Est), pour le [&hellip;]\" \/>\n<meta name=\"twitter:image\" content=\"https:\/\/vosgesinfo.fr\/app\/uploads\/sites\/3\/2022\/04\/dir-est-travaux.png\" \/>\n<meta name=\"twitter:creator\" content=\"@VosgesInfo88\" \/>\n<meta name=\"twitter:site\" content=\"@VosgesInfo88\" \/>\n<meta name=\"twitter:label1\" content=\"\u00c9crit par\" \/>\n\t<meta name=\"twitter:data1\" content=\"C.K.\" \/>\n<script type=\"application\/ld+json\" class=\"yoast-schema-graph\">{\"@context\":\"https:\/\/schema.org\",\"@graph\":[{\"@type\":\"Article\",\"@id\":\"https:\/\/vosgesinfo.fr\/epinalinfo\/2022\/04\/rn66-travaux-de-refection-de-joints-de-chaussee-a-hauteur-pont-de-lepange-2-2\/#article\",\"isPartOf\":{\"@id\":\"https:\/\/vosgesinfo.fr\/epinalinfo\/2022\/04\/rn66-travaux-de-refection-de-joints-de-chaussee-a-hauteur-pont-de-lepange-2-2\/\"},\"author\":{\"name\":\"C.K.\",\"@id\":\"https:\/\/vosgesinfo.fr\/epinalinfo\/#\/schema\/person\/6f9a650eeea99d969b6c4ab78fccbe81\"},\"headline\":\"RN66 \u2013 Travaux de R\u00e9fection de joints de chauss\u00e9e \u00e0 hauteur du Pont de L\u00e9pange\",\"datePublished\":\"2022-04-06T02:10:40+00:00\",\"dateModified\":\"2022-04-06T02:10:40+00:00\",\"mainEntityOfPage\":{\"@id\":\"https:\/\/vosgesinfo.fr\/epinalinfo\/2022\/04\/rn66-travaux-de-refection-de-joints-de-chaussee-a-hauteur-pont-de-lepange-2-2\/\"},\"wordCount\":109,\"commentCount\":0,\"publisher\":{\"@id\":\"https:\/\/vosgesinfo.fr\/epinalinfo\/#organization\"},\"image\":{\"@id\":\"https:\/\/vosgesinfo.fr\/epinalinfo\/2022\/04\/rn66-travaux-de-refection-de-joints-de-chaussee-a-hauteur-pont-de-lepange-2-2\/#primaryimage\"},\"thumbnailUrl\":\"https:\/\/vosgesinfo.fr\/app\/uploads\/sites\/3\/2022\/04\/dir-est-travaux.png\",\"articleSection\":[\"A la Une\",\"S\u00e9curit\u00e9\",\"Vosges\"],\"inLanguage\":\"fr-FR\",\"potentialAction\":[{\"@type\":\"CommentAction\",\"name\":\"Comment\",\"target\":[\"https:\/\/vosgesinfo.fr\/epinalinfo\/2022\/04\/rn66-travaux-de-refection-de-joints-de-chaussee-a-hauteur-pont-de-lepange-2-2\/#respond\"]}]},{\"@type\":\"WebPage\",\"@id\":\"https:\/\/vosgesinfo.fr\/epinalinfo\/2022\/04\/rn66-travaux-de-refection-de-joints-de-chaussee-a-hauteur-pont-de-lepange-2-2\/\",\"url\":\"https:\/\/vosgesinfo.fr\/epinalinfo\/2022\/04\/rn66-travaux-de-refection-de-joints-de-chaussee-a-hauteur-pont-de-lepange-2-2\/\",\"name\":\"RN66 \u2013 Travaux de R\u00e9fection de joints de chauss\u00e9e \u00e0 hauteur du Pont de L\u00e9pange - Epinal Info\",\"isPartOf\":{\"@id\":\"https:\/\/vosgesinfo.fr\/epinalinfo\/#website\"},\"primaryImageOfPage\":{\"@id\":\"https:\/\/vosgesinfo.fr\/epinalinfo\/2022\/04\/rn66-travaux-de-refection-de-joints-de-chaussee-a-hauteur-pont-de-lepange-2-2\/#primaryimage\"},\"image\":{\"@id\":\"https:\/\/vosgesinfo.fr\/epinalinfo\/2022\/04\/rn66-travaux-de-refection-de-joints-de-chaussee-a-hauteur-pont-de-lepange-2-2\/#primaryimage\"},\"thumbnailUrl\":\"https:\/\/vosgesinfo.fr\/app\/uploads\/sites\/3\/2022\/04\/dir-est-travaux.png\",\"datePublished\":\"2022-04-06T02:10:40+00:00\",\"dateModified\":\"2022-04-06T02:10:40+00:00\",\"breadcrumb\":{\"@id\":\"https:\/\/vosgesinfo.fr\/epinalinfo\/2022\/04\/rn66-travaux-de-refection-de-joints-de-chaussee-a-hauteur-pont-de-lepange-2-2\/#breadcrumb\"},\"inLanguage\":\"fr-FR\",\"potentialAction\":[{\"@type\":\"ReadAction\",\"target\":[\"https:\/\/vosgesinfo.fr\/epinalinfo\/2022\/04\/rn66-travaux-de-refection-de-joints-de-chaussee-a-hauteur-pont-de-lepange-2-2\/\"]}]},{\"@type\":\"ImageObject\",\"inLanguage\":\"fr-FR\",\"@id\":\"https:\/\/vosgesinfo.fr\/epinalinfo\/2022\/04\/rn66-travaux-de-refection-de-joints-de-chaussee-a-hauteur-pont-de-lepange-2-2\/#primaryimage\",\"url\":\"https:\/\/vosgesinfo.fr\/app\/uploads\/sites\/3\/2022\/04\/dir-est-travaux.png\",\"contentUrl\":\"https:\/\/vosgesinfo.fr\/app\/uploads\/sites\/3\/2022\/04\/dir-est-travaux.png\",\"width\":800,\"height\":775},{\"@type\":\"BreadcrumbList\",\"@id\":\"https:\/\/vosgesinfo.fr\/epinalinfo\/2022\/04\/rn66-travaux-de-refection-de-joints-de-chaussee-a-hauteur-pont-de-lepange-2-2\/#breadcrumb\",\"itemListElement\":[{\"@type\":\"ListItem\",\"position\":1,\"name\":\"Home\",\"item\":\"https:\/\/vosgesinfo.fr\/epinalinfo\/\"},{\"@type\":\"ListItem\",\"position\":2,\"name\":\"RN66 \u2013 Travaux de R\u00e9fection de joints de chauss\u00e9e \u00e0 hauteur du Pont de L\u00e9pange\"}]},{\"@type\":\"WebSite\",\"@id\":\"https:\/\/vosgesinfo.fr\/epinalinfo\/#website\",\"url\":\"https:\/\/vosgesinfo.fr\/epinalinfo\/\",\"name\":\"Epinal Info\",\"description\":\"Toute l&#039;actualit\u00e9 d&#039;\u00c9pinal\",\"publisher\":{\"@id\":\"https:\/\/vosgesinfo.fr\/epinalinfo\/#organization\"},\"alternateName\":\"Toute l'actualit\u00e9 d'\u00c9pinal\",\"potentialAction\":[{\"@type\":\"SearchAction\",\"target\":{\"@type\":\"EntryPoint\",\"urlTemplate\":\"https:\/\/vosgesinfo.fr\/epinalinfo\/?s={search_term_string}\"},\"query-input\":\"required name=search_term_string\"}],\"inLanguage\":\"fr-FR\"},{\"@type\":\"Organization\",\"@id\":\"https:\/\/vosgesinfo.fr\/epinalinfo\/#organization\",\"name\":\"Epinal Info\",\"url\":\"https:\/\/vosgesinfo.fr\/epinalinfo\/\",\"logo\":{\"@type\":\"ImageObject\",\"inLanguage\":\"fr-FR\",\"@id\":\"https:\/\/vosgesinfo.fr\/epinalinfo\/#\/schema\/logo\/image\/\",\"url\":\"https:\/\/vosgesinfo.fr\/app\/uploads\/sites\/3\/2023\/08\/logo-epinalinfos.svg\",\"contentUrl\":\"https:\/\/vosgesinfo.fr\/app\/uploads\/sites\/3\/2023\/08\/logo-epinalinfos.svg\",\"width\":1,\"height\":1,\"caption\":\"Epinal Info\"},\"image\":{\"@id\":\"https:\/\/vosgesinfo.fr\/epinalinfo\/#\/schema\/logo\/image\/\"},\"sameAs\":[\"https:\/\/www.facebook.com\/Epinalinfos\",\"https:\/\/x.com\/VosgesInfo88\",\"https:\/\/www.youtube.com\/@vosgesinfo\"]},{\"@type\":\"Person\",\"@id\":\"https:\/\/vosgesinfo.fr\/epinalinfo\/#\/schema\/person\/6f9a650eeea99d969b6c4ab78fccbe81\",\"name\":\"C.K.\",\"image\":{\"@type\":\"ImageObject\",\"inLanguage\":\"fr-FR\",\"@id\":\"https:\/\/vosgesinfo.fr\/epinalinfo\/#\/schema\/person\/image\/\",\"url\":\"https:\/\/secure.gravatar.com\/avatar\/48e3fc7f8421ba8942be6b74a2b7f014ca39bc00dece156b7a8e098ae7dc87bf?s=96&d=mm&r=g\",\"contentUrl\":\"https:\/\/secure.gravatar.com\/avatar\/48e3fc7f8421ba8942be6b74a2b7f014ca39bc00dece156b7a8e098ae7dc87bf?s=96&d=mm&r=g\",\"caption\":\"C.K.\"},\"url\":\"https:\/\/vosgesinfo.fr\/epinalinfo\/author\/celia-k-n\/\"}]}<\/script>\n<!-- \/ Yoast SEO plugin. -->","yoast_head_json":{"title":"RN66 \u2013 Travaux de R\u00e9fection de joints de chauss\u00e9e \u00e0 hauteur du Pont de L\u00e9pange - Epinal Info","robots":{"index":"index","follow":"follow","max-snippet":"max-snippet:-1","max-image-preview":"max-image-preview:large","max-video-preview":"max-video-preview:-1"},"canonical":"https:\/\/vosgesinfo.fr\/epinalinfo\/2022\/04\/rn66-travaux-de-refection-de-joints-de-chaussee-a-hauteur-pont-de-lepange-2-2\/","twitter_card":"summary_large_image","twitter_title":"RN66 \u2013 Travaux de R\u00e9fection de joints de chauss\u00e9e \u00e0 hauteur du Pont de L\u00e9pange - Epinal Info","twitter_description":"Du lundi 11 avril au vendredi 22 avril 2022, la Direction Interd\u00e9partementale des Routes de l&rsquo;Est (DIR Est), pour le [&hellip;]","twitter_image":"https:\/\/vosgesinfo.fr\/app\/uploads\/sites\/3\/2022\/04\/dir-est-travaux.png","twitter_creator":"@VosgesInfo88","twitter_site":"@VosgesInfo88","twitter_misc":{"\u00c9crit par":"C.K."},"schema":{"@context":"https:\/\/schema.org","@graph":[{"@type":"Article","@id":"https:\/\/vosgesinfo.fr\/epinalinfo\/2022\/04\/rn66-travaux-de-refection-de-joints-de-chaussee-a-hauteur-pont-de-lepange-2-2\/#article","isPartOf":{"@id":"https:\/\/vosgesinfo.fr\/epinalinfo\/2022\/04\/rn66-travaux-de-refection-de-joints-de-chaussee-a-hauteur-pont-de-lepange-2-2\/"},"author":{"name":"C.K.","@id":"https:\/\/vosgesinfo.fr\/epinalinfo\/#\/schema\/person\/6f9a650eeea99d969b6c4ab78fccbe81"},"headline":"RN66 \u2013 Travaux de R\u00e9fection de joints de chauss\u00e9e \u00e0 hauteur du Pont de L\u00e9pange","datePublished":"2022-04-06T02:10:40+00:00","dateModified":"2022-04-06T02:10:40+00:00","mainEntityOfPage":{"@id":"https:\/\/vosgesinfo.fr\/epinalinfo\/2022\/04\/rn66-travaux-de-refection-de-joints-de-chaussee-a-hauteur-pont-de-lepange-2-2\/"},"wordCount":109,"commentCount":0,"publisher":{"@id":"https:\/\/vosgesinfo.fr\/epinalinfo\/#organization"},"image":{"@id":"https:\/\/vosgesinfo.fr\/epinalinfo\/2022\/04\/rn66-travaux-de-refection-de-joints-de-chaussee-a-hauteur-pont-de-lepange-2-2\/#primaryimage"},"thumbnailUrl":"https:\/\/vosgesinfo.fr\/app\/uploads\/sites\/3\/2022\/04\/dir-est-travaux.png","articleSection":["A la Une","S\u00e9curit\u00e9","Vosges"],"inLanguage":"fr-FR","potentialAction":[{"@type":"CommentAction","name":"Comment","target":["https:\/\/vosgesinfo.fr\/epinalinfo\/2022\/04\/rn66-travaux-de-refection-de-joints-de-chaussee-a-hauteur-pont-de-lepange-2-2\/#respond"]}]},{"@type":"WebPage","@id":"https:\/\/vosgesinfo.fr\/epinalinfo\/2022\/04\/rn66-travaux-de-refection-de-joints-de-chaussee-a-hauteur-pont-de-lepange-2-2\/","url":"https:\/\/vosgesinfo.fr\/epinalinfo\/2022\/04\/rn66-travaux-de-refection-de-joints-de-chaussee-a-hauteur-pont-de-lepange-2-2\/","name":"RN66 \u2013 Travaux de R\u00e9fection de joints de chauss\u00e9e \u00e0 hauteur du Pont de L\u00e9pange - Epinal Info","isPartOf":{"@id":"https:\/\/vosgesinfo.fr\/epinalinfo\/#website"},"primaryImageOfPage":{"@id":"https:\/\/vosgesinfo.fr\/epinalinfo\/2022\/04\/rn66-travaux-de-refection-de-joints-de-chaussee-a-hauteur-pont-de-lepange-2-2\/#primaryimage"},"image":{"@id":"https:\/\/vosgesinfo.fr\/epinalinfo\/2022\/04\/rn66-travaux-de-refection-de-joints-de-chaussee-a-hauteur-pont-de-lepange-2-2\/#primaryimage"},"thumbnailUrl":"https:\/\/vosgesinfo.fr\/app\/uploads\/sites\/3\/2022\/04\/dir-est-travaux.png","datePublished":"2022-04-06T02:10:40+00:00","dateModified":"2022-04-06T02:10:40+00:00","breadcrumb":{"@id":"https:\/\/vosgesinfo.fr\/epinalinfo\/2022\/04\/rn66-travaux-de-refection-de-joints-de-chaussee-a-hauteur-pont-de-lepange-2-2\/#breadcrumb"},"inLanguage":"fr-FR","potentialAction":[{"@type":"ReadAction","target":["https:\/\/vosgesinfo.fr\/epinalinfo\/2022\/04\/rn66-travaux-de-refection-de-joints-de-chaussee-a-hauteur-pont-de-lepange-2-2\/"]}]},{"@type":"ImageObject","inLanguage":"fr-FR","@id":"https:\/\/vosgesinfo.fr\/epinalinfo\/2022\/04\/rn66-travaux-de-refection-de-joints-de-chaussee-a-hauteur-pont-de-lepange-2-2\/#primaryimage","url":"https:\/\/vosgesinfo.fr\/app\/uploads\/sites\/3\/2022\/04\/dir-est-travaux.png","contentUrl":"https:\/\/vosgesinfo.fr\/app\/uploads\/sites\/3\/2022\/04\/dir-est-travaux.png","width":800,"height":775},{"@type":"BreadcrumbList","@id":"https:\/\/vosgesinfo.fr\/epinalinfo\/2022\/04\/rn66-travaux-de-refection-de-joints-de-chaussee-a-hauteur-pont-de-lepange-2-2\/#breadcrumb","itemListElement":[{"@type":"ListItem","position":1,"name":"Home","item":"https:\/\/vosgesinfo.fr\/epinalinfo\/"},{"@type":"ListItem","position":2,"name":"RN66 \u2013 Travaux de R\u00e9fection de joints de chauss\u00e9e \u00e0 hauteur du Pont de L\u00e9pange"}]},{"@type":"WebSite","@id":"https:\/\/vosgesinfo.fr\/epinalinfo\/#website","url":"https:\/\/vosgesinfo.fr\/epinalinfo\/","name":"Epinal Info","description":"Toute l&#039;actualit\u00e9 d&#039;\u00c9pinal","publisher":{"@id":"https:\/\/vosgesinfo.fr\/epinalinfo\/#organization"},"alternateName":"Toute l'actualit\u00e9 d'\u00c9pinal","potentialAction":[{"@type":"SearchAction","target":{"@type":"EntryPoint","urlTemplate":"https:\/\/vosgesinfo.fr\/epinalinfo\/?s={search_term_string}"},"query-input":"required name=search_term_string"}],"inLanguage":"fr-FR"},{"@type":"Organization","@id":"https:\/\/vosgesinfo.fr\/epinalinfo\/#organization","name":"Epinal Info","url":"https:\/\/vosgesinfo.fr\/epinalinfo\/","logo":{"@type":"ImageObject","inLanguage":"fr-FR","@id":"https:\/\/vosgesinfo.fr\/epinalinfo\/#\/schema\/logo\/image\/","url":"https:\/\/vosgesinfo.fr\/app\/uploads\/sites\/3\/2023\/08\/logo-epinalinfos.svg","contentUrl":"https:\/\/vosgesinfo.fr\/app\/uploads\/sites\/3\/2023\/08\/logo-epinalinfos.svg","width":1,"height":1,"caption":"Epinal Info"},"image":{"@id":"https:\/\/vosgesinfo.fr\/epinalinfo\/#\/schema\/logo\/image\/"},"sameAs":["https:\/\/www.facebook.com\/Epinalinfos","https:\/\/x.com\/VosgesInfo88","https:\/\/www.youtube.com\/@vosgesinfo"]},{"@type":"Person","@id":"https:\/\/vosgesinfo.fr\/epinalinfo\/#\/schema\/person\/6f9a650eeea99d969b6c4ab78fccbe81","name":"C.K.","image":{"@type":"ImageObject","inLanguage":"fr-FR","@id":"https:\/\/vosgesinfo.fr\/epinalinfo\/#\/schema\/person\/image\/","url":"https:\/\/secure.gravatar.com\/avatar\/48e3fc7f8421ba8942be6b74a2b7f014ca39bc00dece156b7a8e098ae7dc87bf?s=96&d=mm&r=g","contentUrl":"https:\/\/secure.gravatar.com\/avatar\/48e3fc7f8421ba8942be6b74a2b7f014ca39bc00dece156b7a8e098ae7dc87bf?s=96&d=mm&r=g","caption":"C.K."},"url":"https:\/\/vosgesinfo.fr\/epinalinfo\/author\/celia-k-n\/"}]}},"_links":{"self":[{"href":"https:\/\/vosgesinfo.fr\/epinalinfo\/wp-json\/wp\/v2\/posts\/115628","targetHints":{"allow":["GET"]}}],"collection":[{"href":"https:\/\/vosgesinfo.fr\/epinalinfo\/wp-json\/wp\/v2\/posts"}],"about":[{"href":"https:\/\/vosgesinfo.fr\/epinalinfo\/wp-json\/wp\/v2\/types\/post"}],"author":[{"embeddable":true,"href":"https:\/\/vosgesinfo.fr\/epinalinfo\/wp-json\/wp\/v2\/users\/52"}],"replies":[{"embeddable":true,"href":"https:\/\/vosgesinfo.fr\/epinalinfo\/wp-json\/wp\/v2\/comments?post=115628"}],"version-history":[{"count":0,"href":"https:\/\/vosgesinfo.fr\/epinalinfo\/wp-json\/wp\/v2\/posts\/115628\/revisions"}],"wp:featuredmedia":[{"embeddable":true,"href":"https:\/\/vosgesinfo.fr\/epinalinfo\/wp-json\/wp\/v2\/media\/371"}],"wp:attachment":[{"href":"https:\/\/vosgesinfo.fr\/epinalinfo\/wp-json\/wp\/v2\/media?parent=115628"}],"wp:term":[{"taxonomy":"category","embeddable":true,"href":"https:\/\/vosgesinfo.fr\/epinalinfo\/wp-json\/wp\/v2\/categories?post=115628"},{"taxonomy":"post_tag","embeddable":true,"href":"https:\/\/vosgesinfo.fr\/epinalinfo\/wp-json\/wp\/v2\/tags?post=115628"}],"curies":[{"name":"wp","href":"https:\/\/api.w.org\/{rel}","templated":true}]}}