{"id":116124,"date":"2022-06-16T07:23:47","date_gmt":"2022-06-16T05:23:47","guid":{"rendered":"https:\/\/vosgesinfo.fr\/epinalinfo\/2022\/06\/association-familiale-tendon-faucompierre-panier-garni-fete-meres-randonnee-vtt-pedestre-2\/"},"modified":"2022-06-16T07:23:47","modified_gmt":"2022-06-16T05:23:47","slug":"association-familiale-tendon-faucompierre-panier-garni-fete-meres-randonnee-vtt-pedestre-2","status":"publish","type":"post","link":"https:\/\/vosgesinfo.fr\/epinalinfo\/2022\/06\/association-familiale-tendon-faucompierre-panier-garni-fete-meres-randonnee-vtt-pedestre-2\/","title":{"rendered":"Association familiale Tendon-Faucompierre \u2013 Panier garni pour la f\u00eate des m\u00e8res et randonn\u00e9e VTT et p\u00e9destre"},"content":{"rendered":"<div id=\"attachment_202995\" style=\"width: 810px\" class=\"wp-caption aligncenter\"><a href=\"\/2022\/06\/thumbnail_1655113450093.jpg\"><img decoding=\"async\" aria-describedby=\"caption-attachment-202995\" class=\"size-large wp-image-202995\" src=\"\/2022\/06\/thumbnail_1655113450093-800x368.jpg\" alt=\"PROCHAIN RENDEZ-VOUS. Le dimanche 21 ao\u00fbt sur la place du village de Tendon, l\u2019association familiale organisera son traditionnel vide-greniers.\" width=\"800\" height=\"368\" \/><\/a><p id=\"caption-attachment-202995\" class=\"wp-caption-text\">PROCHAIN RENDEZ-VOUS.<br \/>Le dimanche 21 ao\u00fbt sur la place du village de Tendon, l\u2019association familiale organisera son traditionnel vide-greniers.<\/p><\/div>\n<p data-adtags-visited=\"true\"><b>PANIER GARNI F\u00caTE DES M\u00c8RES.<\/b><\/p>\n<p data-adtags-visited=\"true\">Lors du week-end du 29 mai, \u00e0 l\u2019occasion de la f\u00eate des m\u00e8res, l\u2019association familiale de Tendon-Faucompierre proposait \u00e0 ses membres de venir retirer un cadeau aupr\u00e8s de Sabine Giovanelli, du Relais fermier de Tendon. Ils se sont ainsi, automatiquement inscrits pour le tirage au sort d\u2019un panier garni d\u2019une valeur de 40 euros offert par le Relais fermier. Samedi 11 juin, le panier a \u00e9t\u00e9 remis au gagnant : Micka\u00ebl Grzegorzyk.<\/p>\n<div id=\"attachment_202996\" style=\"width: 810px\" class=\"wp-caption aligncenter\"><a href=\"\/2022\/06\/t\u00e9l\u00e9chargement.png\"><img decoding=\"async\" aria-describedby=\"caption-attachment-202996\" class=\"size-large wp-image-202996\" src=\"\/2022\/06\/t\u00e9l\u00e9chargement-800x368.png\" alt=\"Les v\u00e9t\u00e9tistes.... \" width=\"800\" height=\"368\" \/><\/a><p id=\"caption-attachment-202996\" class=\"wp-caption-text\">Les v\u00e9t\u00e9tistes&#8230;.<\/p><\/div>\n<p data-adtags-visited=\"true\"><strong>RANDONNEE VTT et PEDESTRE.<\/strong><\/p>\n<p data-adtags-visited=\"true\">L\u2019association familiale de Tendon-Faucompierre avait donn\u00e9 rendez-vous \u00e0 ses adh\u00e9rents ce samedi apr\u00e8s-midi sur la place du village pour une randonn\u00e9e p\u00e9destre et \u00e0 v\u00e9lo.<\/p>\n<p data-adtags-visited=\"true\">A 16 heures 00, une quinzaine de cyclistes s\u2019est \u00e9lanc\u00e9e pour un circuit de 14 kilom\u00e8tres. Ponctu\u00e9e de deux ravitaillements, la randonn\u00e9e a men\u00e9 les v\u00e9t\u00e9tistes par les sentiers forestiers vers les hauteurs de Tendon jusqu\u2019aux balcons de Faucompierre, avant de longer le Gros Viramont pour un retour au centre bourg.<\/p>\n<p data-adtags-visited=\"true\">A 16 heures 15, une trentaine de randonneurs sont partis pour une boucle de 9 kilom\u00e8tres en direction des Cherri\u00e8res avant de se diriger vers les Ronds Champs o\u00f9 les attendaient des membres de l\u2019association pour un ravitaillement bienvenu. Les marcheurs ont poursuivi leur chemin jusqu\u2019au Haut de la Croix avant de redescendre ensuite vers la halle du village. et les randonneurs sur le d\u00e9part.<\/p>\n<p data-adtags-visited=\"true\">Au retour de tous les sportifs, les membres du bureau ont offert un ap\u00e9ritif bien m\u00e9rit\u00e9 ! Puis pour poursuivre cet apr\u00e8s-midi, l\u2019association a propos\u00e9 une soir\u00e9e conviviale en mettant \u00e0 la disposition de tous, des tables, un barbecue, ainsi qu\u2019une buvette. Chacun \u00e0 ainsi profit\u00e9 d\u2019un moment de d\u00e9tente et de partage.<\/p>\n<p data-adtags-visited=\"true\"><a href=\"\/2022\/06\/t\u00e9l\u00e9chargement-1.png\"><img decoding=\"async\" class=\"aligncenter size-large wp-image-202999\" src=\"\/2022\/06\/t\u00e9l\u00e9chargement-1-800x368.png\" alt=\"t\u00e9l\u00e9chargement (1)\" width=\"800\" height=\"368\" \/><\/a><\/p>\n<p data-adtags-visited=\"true\"><strong>PROCHAIN RENDEZ-VOUS.<\/strong><\/p>\n<p data-adtags-visited=\"true\">Le dimanche 21 ao\u00fbt sur la place du village de Tendon, l\u2019association familiale organisera son traditionnel vide-greniers.<\/p>\n","protected":false},"excerpt":{"rendered":"<p>PANIER GARNI F\u00caTE DES M\u00c8RES. Lors du week-end du 29 mai, \u00e0 l\u2019occasion de la f\u00eate des m\u00e8res, l\u2019association familiale [&hellip;]<\/p>\n","protected":false},"author":52,"featured_media":18086,"comment_status":"open","ping_status":"open","sticky":false,"template":"","format":"standard","meta":{"footnotes":""},"categories":[22,5],"tags":[3599],"class_list":["post-116124","post","type-post","status-publish","format-standard","has-post-thumbnail","hentry","category-a-la-une","category-vosges","tag-association-familiale-tendon-faucompierre"],"acf":[],"yoast_head":"<!-- This site is optimized with the Yoast SEO plugin v22.5 - https:\/\/yoast.com\/wordpress\/plugins\/seo\/ -->\n<title>Association familiale Tendon-Faucompierre \u2013 Panier garni pour la f\u00eate des m\u00e8res et randonn\u00e9e VTT et p\u00e9destre - Epinal Info<\/title>\n<meta name=\"robots\" content=\"index, follow, max-snippet:-1, max-image-preview:large, max-video-preview:-1\" \/>\n<link rel=\"canonical\" href=\"https:\/\/vosgesinfo.fr\/epinalinfo\/2022\/06\/association-familiale-tendon-faucompierre-panier-garni-fete-meres-randonnee-vtt-pedestre-2\/\" \/>\n<meta name=\"twitter:card\" content=\"summary_large_image\" \/>\n<meta name=\"twitter:title\" content=\"Association familiale Tendon-Faucompierre \u2013 Panier garni pour la f\u00eate des m\u00e8res et randonn\u00e9e VTT et p\u00e9destre - Epinal Info\" \/>\n<meta name=\"twitter:description\" content=\"PANIER GARNI F\u00caTE DES M\u00c8RES. Lors du week-end du 29 mai, \u00e0 l\u2019occasion de la f\u00eate des m\u00e8res, l\u2019association familiale [&hellip;]\" \/>\n<meta name=\"twitter:image\" content=\"https:\/\/vosgesinfo.fr\/app\/uploads\/sites\/3\/2022\/06\/thumbnail-1655113450093.jpg\" \/>\n<meta name=\"twitter:creator\" content=\"@VosgesInfo88\" \/>\n<meta name=\"twitter:site\" content=\"@VosgesInfo88\" \/>\n<meta name=\"twitter:label1\" content=\"\u00c9crit par\" \/>\n\t<meta name=\"twitter:data1\" content=\"C.K.\" \/>\n\t<meta name=\"twitter:label2\" content=\"Dur\u00e9e de lecture estim\u00e9e\" \/>\n\t<meta name=\"twitter:data2\" content=\"2 minutes\" \/>\n<script type=\"application\/ld+json\" class=\"yoast-schema-graph\">{\"@context\":\"https:\/\/schema.org\",\"@graph\":[{\"@type\":\"Article\",\"@id\":\"https:\/\/vosgesinfo.fr\/epinalinfo\/2022\/06\/association-familiale-tendon-faucompierre-panier-garni-fete-meres-randonnee-vtt-pedestre-2\/#article\",\"isPartOf\":{\"@id\":\"https:\/\/vosgesinfo.fr\/epinalinfo\/2022\/06\/association-familiale-tendon-faucompierre-panier-garni-fete-meres-randonnee-vtt-pedestre-2\/\"},\"author\":{\"name\":\"C.K.\",\"@id\":\"https:\/\/vosgesinfo.fr\/epinalinfo\/#\/schema\/person\/6f9a650eeea99d969b6c4ab78fccbe81\"},\"headline\":\"Association familiale Tendon-Faucompierre \u2013 Panier garni pour la f\u00eate des m\u00e8res et randonn\u00e9e VTT et p\u00e9destre\",\"datePublished\":\"2022-06-16T05:23:47+00:00\",\"dateModified\":\"2022-06-16T05:23:47+00:00\",\"mainEntityOfPage\":{\"@id\":\"https:\/\/vosgesinfo.fr\/epinalinfo\/2022\/06\/association-familiale-tendon-faucompierre-panier-garni-fete-meres-randonnee-vtt-pedestre-2\/\"},\"wordCount\":372,\"commentCount\":0,\"publisher\":{\"@id\":\"https:\/\/vosgesinfo.fr\/epinalinfo\/#organization\"},\"image\":{\"@id\":\"https:\/\/vosgesinfo.fr\/epinalinfo\/2022\/06\/association-familiale-tendon-faucompierre-panier-garni-fete-meres-randonnee-vtt-pedestre-2\/#primaryimage\"},\"thumbnailUrl\":\"https:\/\/vosgesinfo.fr\/app\/uploads\/sites\/3\/2022\/06\/thumbnail-1655113450093.jpg\",\"keywords\":[\"Association familiale Tendon-Faucompierre\"],\"articleSection\":[\"A la Une\",\"Vosges\"],\"inLanguage\":\"fr-FR\",\"potentialAction\":[{\"@type\":\"CommentAction\",\"name\":\"Comment\",\"target\":[\"https:\/\/vosgesinfo.fr\/epinalinfo\/2022\/06\/association-familiale-tendon-faucompierre-panier-garni-fete-meres-randonnee-vtt-pedestre-2\/#respond\"]}]},{\"@type\":\"WebPage\",\"@id\":\"https:\/\/vosgesinfo.fr\/epinalinfo\/2022\/06\/association-familiale-tendon-faucompierre-panier-garni-fete-meres-randonnee-vtt-pedestre-2\/\",\"url\":\"https:\/\/vosgesinfo.fr\/epinalinfo\/2022\/06\/association-familiale-tendon-faucompierre-panier-garni-fete-meres-randonnee-vtt-pedestre-2\/\",\"name\":\"Association familiale Tendon-Faucompierre \u2013 Panier garni pour la f\u00eate des m\u00e8res et randonn\u00e9e VTT et p\u00e9destre - Epinal Info\",\"isPartOf\":{\"@id\":\"https:\/\/vosgesinfo.fr\/epinalinfo\/#website\"},\"primaryImageOfPage\":{\"@id\":\"https:\/\/vosgesinfo.fr\/epinalinfo\/2022\/06\/association-familiale-tendon-faucompierre-panier-garni-fete-meres-randonnee-vtt-pedestre-2\/#primaryimage\"},\"image\":{\"@id\":\"https:\/\/vosgesinfo.fr\/epinalinfo\/2022\/06\/association-familiale-tendon-faucompierre-panier-garni-fete-meres-randonnee-vtt-pedestre-2\/#primaryimage\"},\"thumbnailUrl\":\"https:\/\/vosgesinfo.fr\/app\/uploads\/sites\/3\/2022\/06\/thumbnail-1655113450093.jpg\",\"datePublished\":\"2022-06-16T05:23:47+00:00\",\"dateModified\":\"2022-06-16T05:23:47+00:00\",\"breadcrumb\":{\"@id\":\"https:\/\/vosgesinfo.fr\/epinalinfo\/2022\/06\/association-familiale-tendon-faucompierre-panier-garni-fete-meres-randonnee-vtt-pedestre-2\/#breadcrumb\"},\"inLanguage\":\"fr-FR\",\"potentialAction\":[{\"@type\":\"ReadAction\",\"target\":[\"https:\/\/vosgesinfo.fr\/epinalinfo\/2022\/06\/association-familiale-tendon-faucompierre-panier-garni-fete-meres-randonnee-vtt-pedestre-2\/\"]}]},{\"@type\":\"ImageObject\",\"inLanguage\":\"fr-FR\",\"@id\":\"https:\/\/vosgesinfo.fr\/epinalinfo\/2022\/06\/association-familiale-tendon-faucompierre-panier-garni-fete-meres-randonnee-vtt-pedestre-2\/#primaryimage\",\"url\":\"https:\/\/vosgesinfo.fr\/app\/uploads\/sites\/3\/2022\/06\/thumbnail-1655113450093.jpg\",\"contentUrl\":\"https:\/\/vosgesinfo.fr\/app\/uploads\/sites\/3\/2022\/06\/thumbnail-1655113450093.jpg\"},{\"@type\":\"BreadcrumbList\",\"@id\":\"https:\/\/vosgesinfo.fr\/epinalinfo\/2022\/06\/association-familiale-tendon-faucompierre-panier-garni-fete-meres-randonnee-vtt-pedestre-2\/#breadcrumb\",\"itemListElement\":[{\"@type\":\"ListItem\",\"position\":1,\"name\":\"Home\",\"item\":\"https:\/\/vosgesinfo.fr\/epinalinfo\/\"},{\"@type\":\"ListItem\",\"position\":2,\"name\":\"Association familiale Tendon-Faucompierre \u2013 Panier garni pour la f\u00eate des m\u00e8res et randonn\u00e9e VTT et p\u00e9destre\"}]},{\"@type\":\"WebSite\",\"@id\":\"https:\/\/vosgesinfo.fr\/epinalinfo\/#website\",\"url\":\"https:\/\/vosgesinfo.fr\/epinalinfo\/\",\"name\":\"Epinal Info\",\"description\":\"Toute l&#039;actualit\u00e9 d&#039;\u00c9pinal\",\"publisher\":{\"@id\":\"https:\/\/vosgesinfo.fr\/epinalinfo\/#organization\"},\"alternateName\":\"Toute l'actualit\u00e9 d'\u00c9pinal\",\"potentialAction\":[{\"@type\":\"SearchAction\",\"target\":{\"@type\":\"EntryPoint\",\"urlTemplate\":\"https:\/\/vosgesinfo.fr\/epinalinfo\/?s={search_term_string}\"},\"query-input\":\"required name=search_term_string\"}],\"inLanguage\":\"fr-FR\"},{\"@type\":\"Organization\",\"@id\":\"https:\/\/vosgesinfo.fr\/epinalinfo\/#organization\",\"name\":\"Epinal Info\",\"url\":\"https:\/\/vosgesinfo.fr\/epinalinfo\/\",\"logo\":{\"@type\":\"ImageObject\",\"inLanguage\":\"fr-FR\",\"@id\":\"https:\/\/vosgesinfo.fr\/epinalinfo\/#\/schema\/logo\/image\/\",\"url\":\"https:\/\/vosgesinfo.fr\/app\/uploads\/sites\/3\/2023\/08\/logo-epinalinfos.svg\",\"contentUrl\":\"https:\/\/vosgesinfo.fr\/app\/uploads\/sites\/3\/2023\/08\/logo-epinalinfos.svg\",\"width\":1,\"height\":1,\"caption\":\"Epinal Info\"},\"image\":{\"@id\":\"https:\/\/vosgesinfo.fr\/epinalinfo\/#\/schema\/logo\/image\/\"},\"sameAs\":[\"https:\/\/www.facebook.com\/Epinalinfos\",\"https:\/\/x.com\/VosgesInfo88\",\"https:\/\/www.youtube.com\/@vosgesinfo\"]},{\"@type\":\"Person\",\"@id\":\"https:\/\/vosgesinfo.fr\/epinalinfo\/#\/schema\/person\/6f9a650eeea99d969b6c4ab78fccbe81\",\"name\":\"C.K.\",\"image\":{\"@type\":\"ImageObject\",\"inLanguage\":\"fr-FR\",\"@id\":\"https:\/\/vosgesinfo.fr\/epinalinfo\/#\/schema\/person\/image\/\",\"url\":\"https:\/\/secure.gravatar.com\/avatar\/48e3fc7f8421ba8942be6b74a2b7f014ca39bc00dece156b7a8e098ae7dc87bf?s=96&d=mm&r=g\",\"contentUrl\":\"https:\/\/secure.gravatar.com\/avatar\/48e3fc7f8421ba8942be6b74a2b7f014ca39bc00dece156b7a8e098ae7dc87bf?s=96&d=mm&r=g\",\"caption\":\"C.K.\"},\"url\":\"https:\/\/vosgesinfo.fr\/epinalinfo\/author\/celia-k-n\/\"}]}<\/script>\n<!-- \/ Yoast SEO plugin. -->","yoast_head_json":{"title":"Association familiale Tendon-Faucompierre \u2013 Panier garni pour la f\u00eate des m\u00e8res et randonn\u00e9e VTT et p\u00e9destre - Epinal Info","robots":{"index":"index","follow":"follow","max-snippet":"max-snippet:-1","max-image-preview":"max-image-preview:large","max-video-preview":"max-video-preview:-1"},"canonical":"https:\/\/vosgesinfo.fr\/epinalinfo\/2022\/06\/association-familiale-tendon-faucompierre-panier-garni-fete-meres-randonnee-vtt-pedestre-2\/","twitter_card":"summary_large_image","twitter_title":"Association familiale Tendon-Faucompierre \u2013 Panier garni pour la f\u00eate des m\u00e8res et randonn\u00e9e VTT et p\u00e9destre - Epinal Info","twitter_description":"PANIER GARNI F\u00caTE DES M\u00c8RES. Lors du week-end du 29 mai, \u00e0 l\u2019occasion de la f\u00eate des m\u00e8res, l\u2019association familiale [&hellip;]","twitter_image":"https:\/\/vosgesinfo.fr\/app\/uploads\/sites\/3\/2022\/06\/thumbnail-1655113450093.jpg","twitter_creator":"@VosgesInfo88","twitter_site":"@VosgesInfo88","twitter_misc":{"\u00c9crit par":"C.K.","Dur\u00e9e de lecture estim\u00e9e":"2 minutes"},"schema":{"@context":"https:\/\/schema.org","@graph":[{"@type":"Article","@id":"https:\/\/vosgesinfo.fr\/epinalinfo\/2022\/06\/association-familiale-tendon-faucompierre-panier-garni-fete-meres-randonnee-vtt-pedestre-2\/#article","isPartOf":{"@id":"https:\/\/vosgesinfo.fr\/epinalinfo\/2022\/06\/association-familiale-tendon-faucompierre-panier-garni-fete-meres-randonnee-vtt-pedestre-2\/"},"author":{"name":"C.K.","@id":"https:\/\/vosgesinfo.fr\/epinalinfo\/#\/schema\/person\/6f9a650eeea99d969b6c4ab78fccbe81"},"headline":"Association familiale Tendon-Faucompierre \u2013 Panier garni pour la f\u00eate des m\u00e8res et randonn\u00e9e VTT et p\u00e9destre","datePublished":"2022-06-16T05:23:47+00:00","dateModified":"2022-06-16T05:23:47+00:00","mainEntityOfPage":{"@id":"https:\/\/vosgesinfo.fr\/epinalinfo\/2022\/06\/association-familiale-tendon-faucompierre-panier-garni-fete-meres-randonnee-vtt-pedestre-2\/"},"wordCount":372,"commentCount":0,"publisher":{"@id":"https:\/\/vosgesinfo.fr\/epinalinfo\/#organization"},"image":{"@id":"https:\/\/vosgesinfo.fr\/epinalinfo\/2022\/06\/association-familiale-tendon-faucompierre-panier-garni-fete-meres-randonnee-vtt-pedestre-2\/#primaryimage"},"thumbnailUrl":"https:\/\/vosgesinfo.fr\/app\/uploads\/sites\/3\/2022\/06\/thumbnail-1655113450093.jpg","keywords":["Association familiale Tendon-Faucompierre"],"articleSection":["A la Une","Vosges"],"inLanguage":"fr-FR","potentialAction":[{"@type":"CommentAction","name":"Comment","target":["https:\/\/vosgesinfo.fr\/epinalinfo\/2022\/06\/association-familiale-tendon-faucompierre-panier-garni-fete-meres-randonnee-vtt-pedestre-2\/#respond"]}]},{"@type":"WebPage","@id":"https:\/\/vosgesinfo.fr\/epinalinfo\/2022\/06\/association-familiale-tendon-faucompierre-panier-garni-fete-meres-randonnee-vtt-pedestre-2\/","url":"https:\/\/vosgesinfo.fr\/epinalinfo\/2022\/06\/association-familiale-tendon-faucompierre-panier-garni-fete-meres-randonnee-vtt-pedestre-2\/","name":"Association familiale Tendon-Faucompierre \u2013 Panier garni pour la f\u00eate des m\u00e8res et randonn\u00e9e VTT et p\u00e9destre - Epinal Info","isPartOf":{"@id":"https:\/\/vosgesinfo.fr\/epinalinfo\/#website"},"primaryImageOfPage":{"@id":"https:\/\/vosgesinfo.fr\/epinalinfo\/2022\/06\/association-familiale-tendon-faucompierre-panier-garni-fete-meres-randonnee-vtt-pedestre-2\/#primaryimage"},"image":{"@id":"https:\/\/vosgesinfo.fr\/epinalinfo\/2022\/06\/association-familiale-tendon-faucompierre-panier-garni-fete-meres-randonnee-vtt-pedestre-2\/#primaryimage"},"thumbnailUrl":"https:\/\/vosgesinfo.fr\/app\/uploads\/sites\/3\/2022\/06\/thumbnail-1655113450093.jpg","datePublished":"2022-06-16T05:23:47+00:00","dateModified":"2022-06-16T05:23:47+00:00","breadcrumb":{"@id":"https:\/\/vosgesinfo.fr\/epinalinfo\/2022\/06\/association-familiale-tendon-faucompierre-panier-garni-fete-meres-randonnee-vtt-pedestre-2\/#breadcrumb"},"inLanguage":"fr-FR","potentialAction":[{"@type":"ReadAction","target":["https:\/\/vosgesinfo.fr\/epinalinfo\/2022\/06\/association-familiale-tendon-faucompierre-panier-garni-fete-meres-randonnee-vtt-pedestre-2\/"]}]},{"@type":"ImageObject","inLanguage":"fr-FR","@id":"https:\/\/vosgesinfo.fr\/epinalinfo\/2022\/06\/association-familiale-tendon-faucompierre-panier-garni-fete-meres-randonnee-vtt-pedestre-2\/#primaryimage","url":"https:\/\/vosgesinfo.fr\/app\/uploads\/sites\/3\/2022\/06\/thumbnail-1655113450093.jpg","contentUrl":"https:\/\/vosgesinfo.fr\/app\/uploads\/sites\/3\/2022\/06\/thumbnail-1655113450093.jpg"},{"@type":"BreadcrumbList","@id":"https:\/\/vosgesinfo.fr\/epinalinfo\/2022\/06\/association-familiale-tendon-faucompierre-panier-garni-fete-meres-randonnee-vtt-pedestre-2\/#breadcrumb","itemListElement":[{"@type":"ListItem","position":1,"name":"Home","item":"https:\/\/vosgesinfo.fr\/epinalinfo\/"},{"@type":"ListItem","position":2,"name":"Association familiale Tendon-Faucompierre \u2013 Panier garni pour la f\u00eate des m\u00e8res et randonn\u00e9e VTT et p\u00e9destre"}]},{"@type":"WebSite","@id":"https:\/\/vosgesinfo.fr\/epinalinfo\/#website","url":"https:\/\/vosgesinfo.fr\/epinalinfo\/","name":"Epinal Info","description":"Toute l&#039;actualit\u00e9 d&#039;\u00c9pinal","publisher":{"@id":"https:\/\/vosgesinfo.fr\/epinalinfo\/#organization"},"alternateName":"Toute l'actualit\u00e9 d'\u00c9pinal","potentialAction":[{"@type":"SearchAction","target":{"@type":"EntryPoint","urlTemplate":"https:\/\/vosgesinfo.fr\/epinalinfo\/?s={search_term_string}"},"query-input":"required name=search_term_string"}],"inLanguage":"fr-FR"},{"@type":"Organization","@id":"https:\/\/vosgesinfo.fr\/epinalinfo\/#organization","name":"Epinal Info","url":"https:\/\/vosgesinfo.fr\/epinalinfo\/","logo":{"@type":"ImageObject","inLanguage":"fr-FR","@id":"https:\/\/vosgesinfo.fr\/epinalinfo\/#\/schema\/logo\/image\/","url":"https:\/\/vosgesinfo.fr\/app\/uploads\/sites\/3\/2023\/08\/logo-epinalinfos.svg","contentUrl":"https:\/\/vosgesinfo.fr\/app\/uploads\/sites\/3\/2023\/08\/logo-epinalinfos.svg","width":1,"height":1,"caption":"Epinal Info"},"image":{"@id":"https:\/\/vosgesinfo.fr\/epinalinfo\/#\/schema\/logo\/image\/"},"sameAs":["https:\/\/www.facebook.com\/Epinalinfos","https:\/\/x.com\/VosgesInfo88","https:\/\/www.youtube.com\/@vosgesinfo"]},{"@type":"Person","@id":"https:\/\/vosgesinfo.fr\/epinalinfo\/#\/schema\/person\/6f9a650eeea99d969b6c4ab78fccbe81","name":"C.K.","image":{"@type":"ImageObject","inLanguage":"fr-FR","@id":"https:\/\/vosgesinfo.fr\/epinalinfo\/#\/schema\/person\/image\/","url":"https:\/\/secure.gravatar.com\/avatar\/48e3fc7f8421ba8942be6b74a2b7f014ca39bc00dece156b7a8e098ae7dc87bf?s=96&d=mm&r=g","contentUrl":"https:\/\/secure.gravatar.com\/avatar\/48e3fc7f8421ba8942be6b74a2b7f014ca39bc00dece156b7a8e098ae7dc87bf?s=96&d=mm&r=g","caption":"C.K."},"url":"https:\/\/vosgesinfo.fr\/epinalinfo\/author\/celia-k-n\/"}]}},"_links":{"self":[{"href":"https:\/\/vosgesinfo.fr\/epinalinfo\/wp-json\/wp\/v2\/posts\/116124","targetHints":{"allow":["GET"]}}],"collection":[{"href":"https:\/\/vosgesinfo.fr\/epinalinfo\/wp-json\/wp\/v2\/posts"}],"about":[{"href":"https:\/\/vosgesinfo.fr\/epinalinfo\/wp-json\/wp\/v2\/types\/post"}],"author":[{"embeddable":true,"href":"https:\/\/vosgesinfo.fr\/epinalinfo\/wp-json\/wp\/v2\/users\/52"}],"replies":[{"embeddable":true,"href":"https:\/\/vosgesinfo.fr\/epinalinfo\/wp-json\/wp\/v2\/comments?post=116124"}],"version-history":[{"count":0,"href":"https:\/\/vosgesinfo.fr\/epinalinfo\/wp-json\/wp\/v2\/posts\/116124\/revisions"}],"wp:featuredmedia":[{"embeddable":true,"href":"https:\/\/vosgesinfo.fr\/epinalinfo\/wp-json\/wp\/v2\/media\/18086"}],"wp:attachment":[{"href":"https:\/\/vosgesinfo.fr\/epinalinfo\/wp-json\/wp\/v2\/media?parent=116124"}],"wp:term":[{"taxonomy":"category","embeddable":true,"href":"https:\/\/vosgesinfo.fr\/epinalinfo\/wp-json\/wp\/v2\/categories?post=116124"},{"taxonomy":"post_tag","embeddable":true,"href":"https:\/\/vosgesinfo.fr\/epinalinfo\/wp-json\/wp\/v2\/tags?post=116124"}],"curies":[{"name":"wp","href":"https:\/\/api.w.org\/{rel}","templated":true}]}}