{"id":116186,"date":"2022-06-22T12:17:09","date_gmt":"2022-06-22T10:17:09","guid":{"rendered":"https:\/\/vosgesinfo.fr\/epinalinfo\/2022\/06\/covid-19-rebond-de-lepidemie-vosges-2\/"},"modified":"2022-06-22T12:17:09","modified_gmt":"2022-06-22T10:17:09","slug":"covid-19-rebond-de-lepidemie-vosges-2","status":"publish","type":"post","link":"https:\/\/vosgesinfo.fr\/epinalinfo\/2022\/06\/covid-19-rebond-de-lepidemie-vosges-2\/","title":{"rendered":"Covid-19 &#8211; Rebond de l&rsquo;\u00e9pid\u00e9mie dans les Vosges !"},"content":{"rendered":"<h2><span style=\"font-size: 14pt;\"><a href=\"\/2016\/03\/laboratoire.jpg\"><img decoding=\"async\" class=\"aligncenter size-full wp-image-87018\" src=\"\/2016\/03\/laboratoire.jpg\" alt=\"laboratoire\" width=\"960\" height=\"640\" \/><\/a>En une semaine, le nombre de nouveaux cas de Covid-19 en France a bondi, de pr\u00e8s de 50%, avec 50\u00a0000\u00a0nouvelles infections par jour en moyenne. Certains m\u00e9dias parlent m\u00eame d\u00e9j\u00e0 d&rsquo;une 7\u00e8 vague. Dans les Vosges, le taux d&rsquo;incidence est de 219,18 (cas par semaine pour 100 000 habitants). Il est en hausse de plus de 32% en une semaine.\u00a0<\/span><\/h2>\n<p>Depuis quelques jours, le nombre de cas de Covid-19 augmente dangereusement en France. Il y a 50 000\u00a0cas\u00a0test\u00e9s\u00a0positifs chaque jour\u00a0en France, soit une hausse de pr\u00e8s de 50% en seulement une semaine. Le d\u00e9partement des Vosges n&rsquo;est pas \u00e9pargn\u00e9, le virus continue de circuler, et il est m\u00eame de nouveau en progression. On parle d\u00e9j\u00e0 d&rsquo;une 7\u00e8 vague.<\/p>\n<h3>Vosges : 112 cas positifs par jour<\/h3>\n<p>Dans les Vosges, selon les chiffres publi\u00e9es par <a href=\"https:\/\/www.gouvernement.fr\/info-coronavirus\/carte-et-donnees\" target=\"_blank\" rel=\"noopener\">Sant\u00e9 Publique France<\/a>, on compte\u00a0112 cas positifs par jour, soit une hausse de plus de 33% en seulement une semaine. Le taux d&rsquo;incidence est de\u00a0219,18 cas par semaine pour 100 000 habitants.\u00a03 nouvelles personnes sont hospitalis\u00e9es dans les Vosges.<\/p>\n<h3>Vosges : 290\u202f467 personnes ont re\u00e7u au moins une dose de vaccin<\/h3>\n<p>Dans le d\u00e9partement des Vosges,\u00a0290\u202f467 personnes ont re\u00e7u au moins une dose de vaccin et\u00a0287\u202f714 personnes sont compl\u00e8tement vaccin\u00e9es.<\/p>\n<p>Les autorit\u00e9s lancent un appel aux personnes \u00e2g\u00e9es\u00a0pour les inciter \u00e0 faire le deuxi\u00e8me rappel. Ils n&rsquo;est pas n\u00e9cessaire d&rsquo;attendre\u00a0 les boosters pr\u00e9vus \u00e0 l&rsquo;automne.<\/p>\n<p>Renseignements :\u00a0<a href=\"https:\/\/www.gouvernement.fr\/info-coronavirus\/carte-et-donnees\" target=\"_blank\" rel=\"noopener\">https:\/\/www.gouvernement.fr\/info-coronavirus\/carte-et-donnees<\/a><\/p>\n<p>C.K.N.<\/p>\n","protected":false},"excerpt":{"rendered":"<p>En une semaine, le nombre de nouveaux cas de Covid-19 en France a bondi, de pr\u00e8s de 50%, avec 50\u00a0000\u00a0nouvelles [&hellip;]<\/p>\n","protected":false},"author":52,"featured_media":18366,"comment_status":"open","ping_status":"open","sticky":false,"template":"","format":"standard","meta":{"footnotes":""},"categories":[22,14,5],"tags":[3689,3690,2157,1052,85,75],"class_list":["post-116186","post","type-post","status-publish","format-standard","has-post-thumbnail","hentry","category-a-la-une","category-sante","category-vosges","tag-7e-vague","tag-covid-19j","tag-epidemie","tag-reprise","tag-sante","tag-vosges"],"acf":[],"yoast_head":"<!-- This site is optimized with the Yoast SEO plugin v22.5 - https:\/\/yoast.com\/wordpress\/plugins\/seo\/ -->\n<title>Covid-19 - Rebond de l&#039;\u00e9pid\u00e9mie dans les Vosges ! - Epinal Info<\/title>\n<meta name=\"robots\" content=\"index, follow, max-snippet:-1, max-image-preview:large, max-video-preview:-1\" \/>\n<link rel=\"canonical\" href=\"https:\/\/vosgesinfo.fr\/epinalinfo\/2022\/06\/covid-19-rebond-de-lepidemie-vosges-2\/\" \/>\n<meta name=\"twitter:card\" content=\"summary_large_image\" \/>\n<meta name=\"twitter:title\" content=\"Covid-19 - Rebond de l&#039;\u00e9pid\u00e9mie dans les Vosges ! - Epinal Info\" \/>\n<meta name=\"twitter:description\" content=\"En une semaine, le nombre de nouveaux cas de Covid-19 en France a bondi, de pr\u00e8s de 50%, avec 50\u00a0000\u00a0nouvelles [&hellip;]\" \/>\n<meta name=\"twitter:image\" content=\"https:\/\/vosgesinfo.fr\/app\/uploads\/sites\/3\/2016\/03\/laboratoire.jpg\" \/>\n<meta name=\"twitter:creator\" content=\"@VosgesInfo88\" \/>\n<meta name=\"twitter:site\" content=\"@VosgesInfo88\" \/>\n<meta name=\"twitter:label1\" content=\"\u00c9crit par\" \/>\n\t<meta name=\"twitter:data1\" content=\"C.K.\" \/>\n\t<meta name=\"twitter:label2\" content=\"Dur\u00e9e de lecture estim\u00e9e\" \/>\n\t<meta name=\"twitter:data2\" content=\"1 minute\" \/>\n<script type=\"application\/ld+json\" class=\"yoast-schema-graph\">{\"@context\":\"https:\/\/schema.org\",\"@graph\":[{\"@type\":\"Article\",\"@id\":\"https:\/\/vosgesinfo.fr\/epinalinfo\/2022\/06\/covid-19-rebond-de-lepidemie-vosges-2\/#article\",\"isPartOf\":{\"@id\":\"https:\/\/vosgesinfo.fr\/epinalinfo\/2022\/06\/covid-19-rebond-de-lepidemie-vosges-2\/\"},\"author\":{\"name\":\"C.K.\",\"@id\":\"https:\/\/vosgesinfo.fr\/epinalinfo\/#\/schema\/person\/6f9a650eeea99d969b6c4ab78fccbe81\"},\"headline\":\"Covid-19 &#8211; Rebond de l&rsquo;\u00e9pid\u00e9mie dans les Vosges !\",\"datePublished\":\"2022-06-22T10:17:09+00:00\",\"dateModified\":\"2022-06-22T10:17:09+00:00\",\"mainEntityOfPage\":{\"@id\":\"https:\/\/vosgesinfo.fr\/epinalinfo\/2022\/06\/covid-19-rebond-de-lepidemie-vosges-2\/\"},\"wordCount\":263,\"commentCount\":0,\"publisher\":{\"@id\":\"https:\/\/vosgesinfo.fr\/epinalinfo\/#organization\"},\"image\":{\"@id\":\"https:\/\/vosgesinfo.fr\/epinalinfo\/2022\/06\/covid-19-rebond-de-lepidemie-vosges-2\/#primaryimage\"},\"thumbnailUrl\":\"https:\/\/vosgesinfo.fr\/app\/uploads\/sites\/3\/2016\/03\/laboratoire.jpg\",\"keywords\":[\"7\u00e8 vague\",\"Covid-19j\",\"\u00e9pid\u00e9mie\",\"reprise\",\"sant\u00e9\",\"vosges\"],\"articleSection\":[\"A la Une\",\"Sant\u00e9\",\"Vosges\"],\"inLanguage\":\"fr-FR\",\"potentialAction\":[{\"@type\":\"CommentAction\",\"name\":\"Comment\",\"target\":[\"https:\/\/vosgesinfo.fr\/epinalinfo\/2022\/06\/covid-19-rebond-de-lepidemie-vosges-2\/#respond\"]}]},{\"@type\":\"WebPage\",\"@id\":\"https:\/\/vosgesinfo.fr\/epinalinfo\/2022\/06\/covid-19-rebond-de-lepidemie-vosges-2\/\",\"url\":\"https:\/\/vosgesinfo.fr\/epinalinfo\/2022\/06\/covid-19-rebond-de-lepidemie-vosges-2\/\",\"name\":\"Covid-19 - Rebond de l'\u00e9pid\u00e9mie dans les Vosges ! - Epinal Info\",\"isPartOf\":{\"@id\":\"https:\/\/vosgesinfo.fr\/epinalinfo\/#website\"},\"primaryImageOfPage\":{\"@id\":\"https:\/\/vosgesinfo.fr\/epinalinfo\/2022\/06\/covid-19-rebond-de-lepidemie-vosges-2\/#primaryimage\"},\"image\":{\"@id\":\"https:\/\/vosgesinfo.fr\/epinalinfo\/2022\/06\/covid-19-rebond-de-lepidemie-vosges-2\/#primaryimage\"},\"thumbnailUrl\":\"https:\/\/vosgesinfo.fr\/app\/uploads\/sites\/3\/2016\/03\/laboratoire.jpg\",\"datePublished\":\"2022-06-22T10:17:09+00:00\",\"dateModified\":\"2022-06-22T10:17:09+00:00\",\"breadcrumb\":{\"@id\":\"https:\/\/vosgesinfo.fr\/epinalinfo\/2022\/06\/covid-19-rebond-de-lepidemie-vosges-2\/#breadcrumb\"},\"inLanguage\":\"fr-FR\",\"potentialAction\":[{\"@type\":\"ReadAction\",\"target\":[\"https:\/\/vosgesinfo.fr\/epinalinfo\/2022\/06\/covid-19-rebond-de-lepidemie-vosges-2\/\"]}]},{\"@type\":\"ImageObject\",\"inLanguage\":\"fr-FR\",\"@id\":\"https:\/\/vosgesinfo.fr\/epinalinfo\/2022\/06\/covid-19-rebond-de-lepidemie-vosges-2\/#primaryimage\",\"url\":\"https:\/\/vosgesinfo.fr\/app\/uploads\/sites\/3\/2016\/03\/laboratoire.jpg\",\"contentUrl\":\"https:\/\/vosgesinfo.fr\/app\/uploads\/sites\/3\/2016\/03\/laboratoire.jpg\"},{\"@type\":\"BreadcrumbList\",\"@id\":\"https:\/\/vosgesinfo.fr\/epinalinfo\/2022\/06\/covid-19-rebond-de-lepidemie-vosges-2\/#breadcrumb\",\"itemListElement\":[{\"@type\":\"ListItem\",\"position\":1,\"name\":\"Home\",\"item\":\"https:\/\/vosgesinfo.fr\/epinalinfo\/\"},{\"@type\":\"ListItem\",\"position\":2,\"name\":\"Covid-19 &#8211; Rebond de l&rsquo;\u00e9pid\u00e9mie dans les Vosges !\"}]},{\"@type\":\"WebSite\",\"@id\":\"https:\/\/vosgesinfo.fr\/epinalinfo\/#website\",\"url\":\"https:\/\/vosgesinfo.fr\/epinalinfo\/\",\"name\":\"Epinal Info\",\"description\":\"Toute l&#039;actualit\u00e9 d&#039;\u00c9pinal\",\"publisher\":{\"@id\":\"https:\/\/vosgesinfo.fr\/epinalinfo\/#organization\"},\"alternateName\":\"Toute l'actualit\u00e9 d'\u00c9pinal\",\"potentialAction\":[{\"@type\":\"SearchAction\",\"target\":{\"@type\":\"EntryPoint\",\"urlTemplate\":\"https:\/\/vosgesinfo.fr\/epinalinfo\/?s={search_term_string}\"},\"query-input\":\"required name=search_term_string\"}],\"inLanguage\":\"fr-FR\"},{\"@type\":\"Organization\",\"@id\":\"https:\/\/vosgesinfo.fr\/epinalinfo\/#organization\",\"name\":\"Epinal Info\",\"url\":\"https:\/\/vosgesinfo.fr\/epinalinfo\/\",\"logo\":{\"@type\":\"ImageObject\",\"inLanguage\":\"fr-FR\",\"@id\":\"https:\/\/vosgesinfo.fr\/epinalinfo\/#\/schema\/logo\/image\/\",\"url\":\"https:\/\/vosgesinfo.fr\/app\/uploads\/sites\/3\/2023\/08\/logo-epinalinfos.svg\",\"contentUrl\":\"https:\/\/vosgesinfo.fr\/app\/uploads\/sites\/3\/2023\/08\/logo-epinalinfos.svg\",\"width\":1,\"height\":1,\"caption\":\"Epinal Info\"},\"image\":{\"@id\":\"https:\/\/vosgesinfo.fr\/epinalinfo\/#\/schema\/logo\/image\/\"},\"sameAs\":[\"https:\/\/www.facebook.com\/Epinalinfos\",\"https:\/\/x.com\/VosgesInfo88\",\"https:\/\/www.youtube.com\/@vosgesinfo\"]},{\"@type\":\"Person\",\"@id\":\"https:\/\/vosgesinfo.fr\/epinalinfo\/#\/schema\/person\/6f9a650eeea99d969b6c4ab78fccbe81\",\"name\":\"C.K.\",\"image\":{\"@type\":\"ImageObject\",\"inLanguage\":\"fr-FR\",\"@id\":\"https:\/\/vosgesinfo.fr\/epinalinfo\/#\/schema\/person\/image\/\",\"url\":\"https:\/\/secure.gravatar.com\/avatar\/48e3fc7f8421ba8942be6b74a2b7f014ca39bc00dece156b7a8e098ae7dc87bf?s=96&d=mm&r=g\",\"contentUrl\":\"https:\/\/secure.gravatar.com\/avatar\/48e3fc7f8421ba8942be6b74a2b7f014ca39bc00dece156b7a8e098ae7dc87bf?s=96&d=mm&r=g\",\"caption\":\"C.K.\"},\"url\":\"https:\/\/vosgesinfo.fr\/epinalinfo\/author\/celia-k-n\/\"}]}<\/script>\n<!-- \/ Yoast SEO plugin. -->","yoast_head_json":{"title":"Covid-19 - Rebond de l'\u00e9pid\u00e9mie dans les Vosges ! - Epinal Info","robots":{"index":"index","follow":"follow","max-snippet":"max-snippet:-1","max-image-preview":"max-image-preview:large","max-video-preview":"max-video-preview:-1"},"canonical":"https:\/\/vosgesinfo.fr\/epinalinfo\/2022\/06\/covid-19-rebond-de-lepidemie-vosges-2\/","twitter_card":"summary_large_image","twitter_title":"Covid-19 - Rebond de l'\u00e9pid\u00e9mie dans les Vosges ! - Epinal Info","twitter_description":"En une semaine, le nombre de nouveaux cas de Covid-19 en France a bondi, de pr\u00e8s de 50%, avec 50\u00a0000\u00a0nouvelles [&hellip;]","twitter_image":"https:\/\/vosgesinfo.fr\/app\/uploads\/sites\/3\/2016\/03\/laboratoire.jpg","twitter_creator":"@VosgesInfo88","twitter_site":"@VosgesInfo88","twitter_misc":{"\u00c9crit par":"C.K.","Dur\u00e9e de lecture estim\u00e9e":"1 minute"},"schema":{"@context":"https:\/\/schema.org","@graph":[{"@type":"Article","@id":"https:\/\/vosgesinfo.fr\/epinalinfo\/2022\/06\/covid-19-rebond-de-lepidemie-vosges-2\/#article","isPartOf":{"@id":"https:\/\/vosgesinfo.fr\/epinalinfo\/2022\/06\/covid-19-rebond-de-lepidemie-vosges-2\/"},"author":{"name":"C.K.","@id":"https:\/\/vosgesinfo.fr\/epinalinfo\/#\/schema\/person\/6f9a650eeea99d969b6c4ab78fccbe81"},"headline":"Covid-19 &#8211; Rebond de l&rsquo;\u00e9pid\u00e9mie dans les Vosges !","datePublished":"2022-06-22T10:17:09+00:00","dateModified":"2022-06-22T10:17:09+00:00","mainEntityOfPage":{"@id":"https:\/\/vosgesinfo.fr\/epinalinfo\/2022\/06\/covid-19-rebond-de-lepidemie-vosges-2\/"},"wordCount":263,"commentCount":0,"publisher":{"@id":"https:\/\/vosgesinfo.fr\/epinalinfo\/#organization"},"image":{"@id":"https:\/\/vosgesinfo.fr\/epinalinfo\/2022\/06\/covid-19-rebond-de-lepidemie-vosges-2\/#primaryimage"},"thumbnailUrl":"https:\/\/vosgesinfo.fr\/app\/uploads\/sites\/3\/2016\/03\/laboratoire.jpg","keywords":["7\u00e8 vague","Covid-19j","\u00e9pid\u00e9mie","reprise","sant\u00e9","vosges"],"articleSection":["A la Une","Sant\u00e9","Vosges"],"inLanguage":"fr-FR","potentialAction":[{"@type":"CommentAction","name":"Comment","target":["https:\/\/vosgesinfo.fr\/epinalinfo\/2022\/06\/covid-19-rebond-de-lepidemie-vosges-2\/#respond"]}]},{"@type":"WebPage","@id":"https:\/\/vosgesinfo.fr\/epinalinfo\/2022\/06\/covid-19-rebond-de-lepidemie-vosges-2\/","url":"https:\/\/vosgesinfo.fr\/epinalinfo\/2022\/06\/covid-19-rebond-de-lepidemie-vosges-2\/","name":"Covid-19 - Rebond de l'\u00e9pid\u00e9mie dans les Vosges ! - Epinal Info","isPartOf":{"@id":"https:\/\/vosgesinfo.fr\/epinalinfo\/#website"},"primaryImageOfPage":{"@id":"https:\/\/vosgesinfo.fr\/epinalinfo\/2022\/06\/covid-19-rebond-de-lepidemie-vosges-2\/#primaryimage"},"image":{"@id":"https:\/\/vosgesinfo.fr\/epinalinfo\/2022\/06\/covid-19-rebond-de-lepidemie-vosges-2\/#primaryimage"},"thumbnailUrl":"https:\/\/vosgesinfo.fr\/app\/uploads\/sites\/3\/2016\/03\/laboratoire.jpg","datePublished":"2022-06-22T10:17:09+00:00","dateModified":"2022-06-22T10:17:09+00:00","breadcrumb":{"@id":"https:\/\/vosgesinfo.fr\/epinalinfo\/2022\/06\/covid-19-rebond-de-lepidemie-vosges-2\/#breadcrumb"},"inLanguage":"fr-FR","potentialAction":[{"@type":"ReadAction","target":["https:\/\/vosgesinfo.fr\/epinalinfo\/2022\/06\/covid-19-rebond-de-lepidemie-vosges-2\/"]}]},{"@type":"ImageObject","inLanguage":"fr-FR","@id":"https:\/\/vosgesinfo.fr\/epinalinfo\/2022\/06\/covid-19-rebond-de-lepidemie-vosges-2\/#primaryimage","url":"https:\/\/vosgesinfo.fr\/app\/uploads\/sites\/3\/2016\/03\/laboratoire.jpg","contentUrl":"https:\/\/vosgesinfo.fr\/app\/uploads\/sites\/3\/2016\/03\/laboratoire.jpg"},{"@type":"BreadcrumbList","@id":"https:\/\/vosgesinfo.fr\/epinalinfo\/2022\/06\/covid-19-rebond-de-lepidemie-vosges-2\/#breadcrumb","itemListElement":[{"@type":"ListItem","position":1,"name":"Home","item":"https:\/\/vosgesinfo.fr\/epinalinfo\/"},{"@type":"ListItem","position":2,"name":"Covid-19 &#8211; Rebond de l&rsquo;\u00e9pid\u00e9mie dans les Vosges !"}]},{"@type":"WebSite","@id":"https:\/\/vosgesinfo.fr\/epinalinfo\/#website","url":"https:\/\/vosgesinfo.fr\/epinalinfo\/","name":"Epinal Info","description":"Toute l&#039;actualit\u00e9 d&#039;\u00c9pinal","publisher":{"@id":"https:\/\/vosgesinfo.fr\/epinalinfo\/#organization"},"alternateName":"Toute l'actualit\u00e9 d'\u00c9pinal","potentialAction":[{"@type":"SearchAction","target":{"@type":"EntryPoint","urlTemplate":"https:\/\/vosgesinfo.fr\/epinalinfo\/?s={search_term_string}"},"query-input":"required name=search_term_string"}],"inLanguage":"fr-FR"},{"@type":"Organization","@id":"https:\/\/vosgesinfo.fr\/epinalinfo\/#organization","name":"Epinal Info","url":"https:\/\/vosgesinfo.fr\/epinalinfo\/","logo":{"@type":"ImageObject","inLanguage":"fr-FR","@id":"https:\/\/vosgesinfo.fr\/epinalinfo\/#\/schema\/logo\/image\/","url":"https:\/\/vosgesinfo.fr\/app\/uploads\/sites\/3\/2023\/08\/logo-epinalinfos.svg","contentUrl":"https:\/\/vosgesinfo.fr\/app\/uploads\/sites\/3\/2023\/08\/logo-epinalinfos.svg","width":1,"height":1,"caption":"Epinal Info"},"image":{"@id":"https:\/\/vosgesinfo.fr\/epinalinfo\/#\/schema\/logo\/image\/"},"sameAs":["https:\/\/www.facebook.com\/Epinalinfos","https:\/\/x.com\/VosgesInfo88","https:\/\/www.youtube.com\/@vosgesinfo"]},{"@type":"Person","@id":"https:\/\/vosgesinfo.fr\/epinalinfo\/#\/schema\/person\/6f9a650eeea99d969b6c4ab78fccbe81","name":"C.K.","image":{"@type":"ImageObject","inLanguage":"fr-FR","@id":"https:\/\/vosgesinfo.fr\/epinalinfo\/#\/schema\/person\/image\/","url":"https:\/\/secure.gravatar.com\/avatar\/48e3fc7f8421ba8942be6b74a2b7f014ca39bc00dece156b7a8e098ae7dc87bf?s=96&d=mm&r=g","contentUrl":"https:\/\/secure.gravatar.com\/avatar\/48e3fc7f8421ba8942be6b74a2b7f014ca39bc00dece156b7a8e098ae7dc87bf?s=96&d=mm&r=g","caption":"C.K."},"url":"https:\/\/vosgesinfo.fr\/epinalinfo\/author\/celia-k-n\/"}]}},"_links":{"self":[{"href":"https:\/\/vosgesinfo.fr\/epinalinfo\/wp-json\/wp\/v2\/posts\/116186","targetHints":{"allow":["GET"]}}],"collection":[{"href":"https:\/\/vosgesinfo.fr\/epinalinfo\/wp-json\/wp\/v2\/posts"}],"about":[{"href":"https:\/\/vosgesinfo.fr\/epinalinfo\/wp-json\/wp\/v2\/types\/post"}],"author":[{"embeddable":true,"href":"https:\/\/vosgesinfo.fr\/epinalinfo\/wp-json\/wp\/v2\/users\/52"}],"replies":[{"embeddable":true,"href":"https:\/\/vosgesinfo.fr\/epinalinfo\/wp-json\/wp\/v2\/comments?post=116186"}],"version-history":[{"count":0,"href":"https:\/\/vosgesinfo.fr\/epinalinfo\/wp-json\/wp\/v2\/posts\/116186\/revisions"}],"wp:featuredmedia":[{"embeddable":true,"href":"https:\/\/vosgesinfo.fr\/epinalinfo\/wp-json\/wp\/v2\/media\/18366"}],"wp:attachment":[{"href":"https:\/\/vosgesinfo.fr\/epinalinfo\/wp-json\/wp\/v2\/media?parent=116186"}],"wp:term":[{"taxonomy":"category","embeddable":true,"href":"https:\/\/vosgesinfo.fr\/epinalinfo\/wp-json\/wp\/v2\/categories?post=116186"},{"taxonomy":"post_tag","embeddable":true,"href":"https:\/\/vosgesinfo.fr\/epinalinfo\/wp-json\/wp\/v2\/tags?post=116186"}],"curies":[{"name":"wp","href":"https:\/\/api.w.org\/{rel}","templated":true}]}}