{"id":116601,"date":"2022-08-17T08:52:27","date_gmt":"2022-08-17T06:52:27","guid":{"rendered":"https:\/\/vosgesinfo.fr\/epinalinfo\/2022\/08\/incendies-vosges-79-departs-de-feu-semaine-2\/"},"modified":"2022-08-17T08:52:27","modified_gmt":"2022-08-17T06:52:27","slug":"incendies-vosges-79-departs-de-feu-semaine-2","status":"publish","type":"post","link":"https:\/\/vosgesinfo.fr\/epinalinfo\/2022\/08\/incendies-vosges-79-departs-de-feu-semaine-2\/","title":{"rendered":"Incendies dans les Vosges : 79 d\u00e9parts de feu en une semaine"},"content":{"rendered":"<div id=\"attachment_206261\" style=\"width: 810px\" class=\"wp-caption aligncenter\"><a href=\"\/2022\/08\/incendie-le-menil.jpg\"><img decoding=\"async\" aria-describedby=\"caption-attachment-206261\" class=\"size-large wp-image-206261\" src=\"\/2022\/08\/incendie-le-menil-800x600.jpg\" alt=\"Incendie du M\u00e9nil, photo pr\u00e9fecture des Vosges\" width=\"800\" height=\"600\" \/><\/a><p id=\"caption-attachment-206261\" class=\"wp-caption-text\">Incendie du M\u00e9nil, photo pr\u00e9fecture des Vosges<\/p><\/div>\n<h2><span style=\"font-size: 14pt;\">Hier apr\u00e8s-midi, l&rsquo;heure \u00e9tait au bilan apr\u00e8s une semaine \u00e9prouvante pour les sapeurs-pompiers dans les Vosges. En une semaine, les sapeurs-pompiers ont du intervenir sur\u00a0 79 d\u00e9parts de feu de v\u00e9g\u00e9tation.<\/span><\/h2>\n<div id=\"attachment_206262\" style=\"width: 201px\" class=\"wp-caption alignleft\"><a href=\"\/2022\/08\/incendie-le-menil.2jpg.jpg\"><img decoding=\"async\" aria-describedby=\"caption-attachment-206262\" class=\"size-medium wp-image-206262\" src=\"\/2022\/08\/incendie-le-menil.2jpg-191x255.jpg\" alt=\"Incendie Le M\u00e9nil, photo pr\u00e9fecture des Vosges\" width=\"191\" height=\"255\" \/><\/a><p id=\"caption-attachment-206262\" class=\"wp-caption-text\">Incendie Le M\u00e9nil, photo pr\u00e9fecture des Vosges<\/p><\/div>\n<p>Semaine in\u00e9dite pour le d\u00e9partement des Vosges ! Ce mardi apr\u00e8s-midi,\u00a0David Percheron, secr\u00e9taire g\u00e9n\u00e9ral de la pr\u00e9fecture et le Colonel Larry Ouvrard, commandant du SDIS tenaient un point presse apr\u00e8s la semaine d&rsquo;incendies qu&rsquo;a connu le d\u00e9partement des Vosges. En une semaine, les pompiers vosgiens ont du intervenir sur 79 d\u00e9parts de feu de v\u00e9g\u00e9tation. En tout 1700 pompiers ont \u00e9t\u00e9 mobilis\u00e9s. 30 maisons \u00e9taient menac\u00e9es et 200 personnes ont \u00e9t\u00e9 \u00e9vacu\u00e9es.<\/p>\n<h3>Le M\u00e9nil : 79 hectares sont partis en fum\u00e9e<\/h3>\n<p>En ce qui concerne le feu le plus important, celui du M\u00e9nil, 79 hectares sont partis en fum\u00e9e et 165 personnes ont \u00e9t\u00e9 \u00e9vacu\u00e9es. 700 sapeurs-pompiers \u00e9taient engag\u00e9s. Des\u00a0 pompiers des d\u00e9partements voisins sont venus renforcer les effectifs afin de lutter plus efficacement contre ces multiples feux. Celui du M\u00e9nil a marqu\u00e9 les esprits, mais aussi celui de Biffontaine, Mortagne, ou encore l&rsquo;incendie d&rsquo;Epinal.<\/p>\n<h3>L&rsquo;aide des agriculteurs<\/h3>\n<p>Le Colonel Larry Ouvrard, commandant du SDIS a aussi tenu \u00e0 saluer le travail collectif et l&rsquo;aide des agriculteurs. Avec des citernes, ils ont rempli l&rsquo;\u00e9tang afin de permettre aux h\u00e9licopt\u00e8res bombardiers d&rsquo;eau de pomper l&rsquo;eau. Cela a permis 200 largages d&rsquo;eau, soit environ 9800 litres d&rsquo;eau avec les h\u00e9licopt\u00e8res.<\/p>\n<h3>Des incendies provoqu\u00e9s par une disqueuse, une pelleteuse&#8230;<\/h3>\n<p>A Rupt-sur-Moselle, l&rsquo;incendie a \u00e9t\u00e9 provoqu\u00e9 par une disqueuse. A G\u00e9rardmer, c&rsquo;est une pelleteuse qui a d\u00e9clench\u00e9 un incendie en g\u00e9n\u00e9rant une \u00e9tincelle. Concernant, l&rsquo;incendie du M\u00e9nil, l&rsquo;origine de l&rsquo;incendie n&rsquo;est toujours pas d\u00e9termin\u00e9e. Une enqu\u00eate est en cours.<\/p>\n<h3>Une nouvelle canicule d\u00e8s la semaine prochaine<\/h3>\n<p>La pluie est de retour dans les Vosges et offre un repos m\u00e9rit\u00e9 aux sapeurs-pompiers vosgiens, mais d\u00e8s la semaine prochaine M\u00e9t\u00e9o France annonce \u00e0 nouveau de fortes chaleurs. Les terres vosgiennes sont tr\u00e8s s\u00e8ches et donc fortement inflammables. L&rsquo;\u00e9t\u00e9 n&rsquo;est pas fini. La pr\u00e9fecture invite le public \u00e0 respecter les gestes de pr\u00e9vention afin d&rsquo;\u00e9viter tout nouveau d\u00e9part de feu.<\/p>\n<p>La pr\u00e9fecture des Vosges est entrain de r\u00e9fl\u00e9chir pour trouver des solutions pour l&rsquo;\u00e9t\u00e9 2023. Le SDIS 88 pense \u00e0 l&rsquo;acquisition d&rsquo;un h\u00e9licopt\u00e8re bombardier d&rsquo;eau.<\/p>\n<p>C.K.N.<\/p>\n","protected":false},"excerpt":{"rendered":"<p>Hier apr\u00e8s-midi, l&rsquo;heure \u00e9tait au bilan apr\u00e8s une semaine \u00e9prouvante pour les sapeurs-pompiers dans les Vosges. En une semaine, les [&hellip;]<\/p>\n","protected":false},"author":52,"featured_media":20380,"comment_status":"open","ping_status":"open","sticky":false,"template":"","format":"standard","meta":{"footnotes":""},"categories":[22,24,6,5],"tags":[4085,4086,75],"class_list":["post-116601","post","type-post","status-publish","format-standard","has-post-thumbnail","hentry","category-a-la-une","category-epinal","category-faits-divers","category-vosges","tag-feux","tag-incendies-dans-les-vosges","tag-vosges"],"acf":[],"yoast_head":"<!-- This site is optimized with the Yoast SEO plugin v22.5 - https:\/\/yoast.com\/wordpress\/plugins\/seo\/ -->\n<title>Incendies dans les Vosges : 79 d\u00e9parts de feu en une semaine - Epinal Info<\/title>\n<meta name=\"robots\" content=\"index, follow, max-snippet:-1, max-image-preview:large, max-video-preview:-1\" \/>\n<link rel=\"canonical\" href=\"https:\/\/vosgesinfo.fr\/epinalinfo\/2022\/08\/incendies-vosges-79-departs-de-feu-semaine-2\/\" \/>\n<meta name=\"twitter:card\" content=\"summary_large_image\" \/>\n<meta name=\"twitter:title\" content=\"Incendies dans les Vosges : 79 d\u00e9parts de feu en une semaine - Epinal Info\" \/>\n<meta name=\"twitter:description\" content=\"Hier apr\u00e8s-midi, l&rsquo;heure \u00e9tait au bilan apr\u00e8s une semaine \u00e9prouvante pour les sapeurs-pompiers dans les Vosges. En une semaine, les [&hellip;]\" \/>\n<meta name=\"twitter:image\" content=\"https:\/\/vosgesinfo.fr\/app\/uploads\/sites\/3\/2022\/08\/incendie-le-menil.png\" \/>\n<meta name=\"twitter:creator\" content=\"@VosgesInfo88\" \/>\n<meta name=\"twitter:site\" content=\"@VosgesInfo88\" \/>\n<meta name=\"twitter:label1\" content=\"\u00c9crit par\" \/>\n\t<meta name=\"twitter:data1\" content=\"C.K.\" \/>\n\t<meta name=\"twitter:label2\" content=\"Dur\u00e9e de lecture estim\u00e9e\" \/>\n\t<meta name=\"twitter:data2\" content=\"2 minutes\" \/>\n<script type=\"application\/ld+json\" class=\"yoast-schema-graph\">{\"@context\":\"https:\/\/schema.org\",\"@graph\":[{\"@type\":\"Article\",\"@id\":\"https:\/\/vosgesinfo.fr\/epinalinfo\/2022\/08\/incendies-vosges-79-departs-de-feu-semaine-2\/#article\",\"isPartOf\":{\"@id\":\"https:\/\/vosgesinfo.fr\/epinalinfo\/2022\/08\/incendies-vosges-79-departs-de-feu-semaine-2\/\"},\"author\":{\"name\":\"C.K.\",\"@id\":\"https:\/\/vosgesinfo.fr\/epinalinfo\/#\/schema\/person\/6f9a650eeea99d969b6c4ab78fccbe81\"},\"headline\":\"Incendies dans les Vosges : 79 d\u00e9parts de feu en une semaine\",\"datePublished\":\"2022-08-17T06:52:27+00:00\",\"dateModified\":\"2022-08-17T06:52:27+00:00\",\"mainEntityOfPage\":{\"@id\":\"https:\/\/vosgesinfo.fr\/epinalinfo\/2022\/08\/incendies-vosges-79-departs-de-feu-semaine-2\/\"},\"wordCount\":478,\"commentCount\":0,\"publisher\":{\"@id\":\"https:\/\/vosgesinfo.fr\/epinalinfo\/#organization\"},\"image\":{\"@id\":\"https:\/\/vosgesinfo.fr\/epinalinfo\/2022\/08\/incendies-vosges-79-departs-de-feu-semaine-2\/#primaryimage\"},\"thumbnailUrl\":\"https:\/\/vosgesinfo.fr\/app\/uploads\/sites\/3\/2022\/08\/incendie-le-menil.png\",\"keywords\":[\"feux\",\"incendies dans les Vosges\",\"vosges\"],\"articleSection\":[\"A la Une\",\"Epinal\",\"Faits-divers\",\"Vosges\"],\"inLanguage\":\"fr-FR\",\"potentialAction\":[{\"@type\":\"CommentAction\",\"name\":\"Comment\",\"target\":[\"https:\/\/vosgesinfo.fr\/epinalinfo\/2022\/08\/incendies-vosges-79-departs-de-feu-semaine-2\/#respond\"]}]},{\"@type\":\"WebPage\",\"@id\":\"https:\/\/vosgesinfo.fr\/epinalinfo\/2022\/08\/incendies-vosges-79-departs-de-feu-semaine-2\/\",\"url\":\"https:\/\/vosgesinfo.fr\/epinalinfo\/2022\/08\/incendies-vosges-79-departs-de-feu-semaine-2\/\",\"name\":\"Incendies dans les Vosges : 79 d\u00e9parts de feu en une semaine - Epinal Info\",\"isPartOf\":{\"@id\":\"https:\/\/vosgesinfo.fr\/epinalinfo\/#website\"},\"primaryImageOfPage\":{\"@id\":\"https:\/\/vosgesinfo.fr\/epinalinfo\/2022\/08\/incendies-vosges-79-departs-de-feu-semaine-2\/#primaryimage\"},\"image\":{\"@id\":\"https:\/\/vosgesinfo.fr\/epinalinfo\/2022\/08\/incendies-vosges-79-departs-de-feu-semaine-2\/#primaryimage\"},\"thumbnailUrl\":\"https:\/\/vosgesinfo.fr\/app\/uploads\/sites\/3\/2022\/08\/incendie-le-menil.png\",\"datePublished\":\"2022-08-17T06:52:27+00:00\",\"dateModified\":\"2022-08-17T06:52:27+00:00\",\"breadcrumb\":{\"@id\":\"https:\/\/vosgesinfo.fr\/epinalinfo\/2022\/08\/incendies-vosges-79-departs-de-feu-semaine-2\/#breadcrumb\"},\"inLanguage\":\"fr-FR\",\"potentialAction\":[{\"@type\":\"ReadAction\",\"target\":[\"https:\/\/vosgesinfo.fr\/epinalinfo\/2022\/08\/incendies-vosges-79-departs-de-feu-semaine-2\/\"]}]},{\"@type\":\"ImageObject\",\"inLanguage\":\"fr-FR\",\"@id\":\"https:\/\/vosgesinfo.fr\/epinalinfo\/2022\/08\/incendies-vosges-79-departs-de-feu-semaine-2\/#primaryimage\",\"url\":\"https:\/\/vosgesinfo.fr\/app\/uploads\/sites\/3\/2022\/08\/incendie-le-menil.png\",\"contentUrl\":\"https:\/\/vosgesinfo.fr\/app\/uploads\/sites\/3\/2022\/08\/incendie-le-menil.png\"},{\"@type\":\"BreadcrumbList\",\"@id\":\"https:\/\/vosgesinfo.fr\/epinalinfo\/2022\/08\/incendies-vosges-79-departs-de-feu-semaine-2\/#breadcrumb\",\"itemListElement\":[{\"@type\":\"ListItem\",\"position\":1,\"name\":\"Home\",\"item\":\"https:\/\/vosgesinfo.fr\/epinalinfo\/\"},{\"@type\":\"ListItem\",\"position\":2,\"name\":\"Incendies dans les Vosges : 79 d\u00e9parts de feu en une semaine\"}]},{\"@type\":\"WebSite\",\"@id\":\"https:\/\/vosgesinfo.fr\/epinalinfo\/#website\",\"url\":\"https:\/\/vosgesinfo.fr\/epinalinfo\/\",\"name\":\"Epinal Info\",\"description\":\"Toute l&#039;actualit\u00e9 d&#039;\u00c9pinal\",\"publisher\":{\"@id\":\"https:\/\/vosgesinfo.fr\/epinalinfo\/#organization\"},\"alternateName\":\"Toute l'actualit\u00e9 d'\u00c9pinal\",\"potentialAction\":[{\"@type\":\"SearchAction\",\"target\":{\"@type\":\"EntryPoint\",\"urlTemplate\":\"https:\/\/vosgesinfo.fr\/epinalinfo\/?s={search_term_string}\"},\"query-input\":\"required name=search_term_string\"}],\"inLanguage\":\"fr-FR\"},{\"@type\":\"Organization\",\"@id\":\"https:\/\/vosgesinfo.fr\/epinalinfo\/#organization\",\"name\":\"Epinal Info\",\"url\":\"https:\/\/vosgesinfo.fr\/epinalinfo\/\",\"logo\":{\"@type\":\"ImageObject\",\"inLanguage\":\"fr-FR\",\"@id\":\"https:\/\/vosgesinfo.fr\/epinalinfo\/#\/schema\/logo\/image\/\",\"url\":\"https:\/\/vosgesinfo.fr\/app\/uploads\/sites\/3\/2023\/08\/logo-epinalinfos.svg\",\"contentUrl\":\"https:\/\/vosgesinfo.fr\/app\/uploads\/sites\/3\/2023\/08\/logo-epinalinfos.svg\",\"width\":1,\"height\":1,\"caption\":\"Epinal Info\"},\"image\":{\"@id\":\"https:\/\/vosgesinfo.fr\/epinalinfo\/#\/schema\/logo\/image\/\"},\"sameAs\":[\"https:\/\/www.facebook.com\/Epinalinfos\",\"https:\/\/x.com\/VosgesInfo88\",\"https:\/\/www.youtube.com\/@vosgesinfo\"]},{\"@type\":\"Person\",\"@id\":\"https:\/\/vosgesinfo.fr\/epinalinfo\/#\/schema\/person\/6f9a650eeea99d969b6c4ab78fccbe81\",\"name\":\"C.K.\",\"image\":{\"@type\":\"ImageObject\",\"inLanguage\":\"fr-FR\",\"@id\":\"https:\/\/vosgesinfo.fr\/epinalinfo\/#\/schema\/person\/image\/\",\"url\":\"https:\/\/secure.gravatar.com\/avatar\/48e3fc7f8421ba8942be6b74a2b7f014ca39bc00dece156b7a8e098ae7dc87bf?s=96&d=mm&r=g\",\"contentUrl\":\"https:\/\/secure.gravatar.com\/avatar\/48e3fc7f8421ba8942be6b74a2b7f014ca39bc00dece156b7a8e098ae7dc87bf?s=96&d=mm&r=g\",\"caption\":\"C.K.\"},\"url\":\"https:\/\/vosgesinfo.fr\/epinalinfo\/author\/celia-k-n\/\"}]}<\/script>\n<!-- \/ Yoast SEO plugin. -->","yoast_head_json":{"title":"Incendies dans les Vosges : 79 d\u00e9parts de feu en une semaine - Epinal Info","robots":{"index":"index","follow":"follow","max-snippet":"max-snippet:-1","max-image-preview":"max-image-preview:large","max-video-preview":"max-video-preview:-1"},"canonical":"https:\/\/vosgesinfo.fr\/epinalinfo\/2022\/08\/incendies-vosges-79-departs-de-feu-semaine-2\/","twitter_card":"summary_large_image","twitter_title":"Incendies dans les Vosges : 79 d\u00e9parts de feu en une semaine - Epinal Info","twitter_description":"Hier apr\u00e8s-midi, l&rsquo;heure \u00e9tait au bilan apr\u00e8s une semaine \u00e9prouvante pour les sapeurs-pompiers dans les Vosges. En une semaine, les [&hellip;]","twitter_image":"https:\/\/vosgesinfo.fr\/app\/uploads\/sites\/3\/2022\/08\/incendie-le-menil.png","twitter_creator":"@VosgesInfo88","twitter_site":"@VosgesInfo88","twitter_misc":{"\u00c9crit par":"C.K.","Dur\u00e9e de lecture estim\u00e9e":"2 minutes"},"schema":{"@context":"https:\/\/schema.org","@graph":[{"@type":"Article","@id":"https:\/\/vosgesinfo.fr\/epinalinfo\/2022\/08\/incendies-vosges-79-departs-de-feu-semaine-2\/#article","isPartOf":{"@id":"https:\/\/vosgesinfo.fr\/epinalinfo\/2022\/08\/incendies-vosges-79-departs-de-feu-semaine-2\/"},"author":{"name":"C.K.","@id":"https:\/\/vosgesinfo.fr\/epinalinfo\/#\/schema\/person\/6f9a650eeea99d969b6c4ab78fccbe81"},"headline":"Incendies dans les Vosges : 79 d\u00e9parts de feu en une semaine","datePublished":"2022-08-17T06:52:27+00:00","dateModified":"2022-08-17T06:52:27+00:00","mainEntityOfPage":{"@id":"https:\/\/vosgesinfo.fr\/epinalinfo\/2022\/08\/incendies-vosges-79-departs-de-feu-semaine-2\/"},"wordCount":478,"commentCount":0,"publisher":{"@id":"https:\/\/vosgesinfo.fr\/epinalinfo\/#organization"},"image":{"@id":"https:\/\/vosgesinfo.fr\/epinalinfo\/2022\/08\/incendies-vosges-79-departs-de-feu-semaine-2\/#primaryimage"},"thumbnailUrl":"https:\/\/vosgesinfo.fr\/app\/uploads\/sites\/3\/2022\/08\/incendie-le-menil.png","keywords":["feux","incendies dans les Vosges","vosges"],"articleSection":["A la Une","Epinal","Faits-divers","Vosges"],"inLanguage":"fr-FR","potentialAction":[{"@type":"CommentAction","name":"Comment","target":["https:\/\/vosgesinfo.fr\/epinalinfo\/2022\/08\/incendies-vosges-79-departs-de-feu-semaine-2\/#respond"]}]},{"@type":"WebPage","@id":"https:\/\/vosgesinfo.fr\/epinalinfo\/2022\/08\/incendies-vosges-79-departs-de-feu-semaine-2\/","url":"https:\/\/vosgesinfo.fr\/epinalinfo\/2022\/08\/incendies-vosges-79-departs-de-feu-semaine-2\/","name":"Incendies dans les Vosges : 79 d\u00e9parts de feu en une semaine - Epinal Info","isPartOf":{"@id":"https:\/\/vosgesinfo.fr\/epinalinfo\/#website"},"primaryImageOfPage":{"@id":"https:\/\/vosgesinfo.fr\/epinalinfo\/2022\/08\/incendies-vosges-79-departs-de-feu-semaine-2\/#primaryimage"},"image":{"@id":"https:\/\/vosgesinfo.fr\/epinalinfo\/2022\/08\/incendies-vosges-79-departs-de-feu-semaine-2\/#primaryimage"},"thumbnailUrl":"https:\/\/vosgesinfo.fr\/app\/uploads\/sites\/3\/2022\/08\/incendie-le-menil.png","datePublished":"2022-08-17T06:52:27+00:00","dateModified":"2022-08-17T06:52:27+00:00","breadcrumb":{"@id":"https:\/\/vosgesinfo.fr\/epinalinfo\/2022\/08\/incendies-vosges-79-departs-de-feu-semaine-2\/#breadcrumb"},"inLanguage":"fr-FR","potentialAction":[{"@type":"ReadAction","target":["https:\/\/vosgesinfo.fr\/epinalinfo\/2022\/08\/incendies-vosges-79-departs-de-feu-semaine-2\/"]}]},{"@type":"ImageObject","inLanguage":"fr-FR","@id":"https:\/\/vosgesinfo.fr\/epinalinfo\/2022\/08\/incendies-vosges-79-departs-de-feu-semaine-2\/#primaryimage","url":"https:\/\/vosgesinfo.fr\/app\/uploads\/sites\/3\/2022\/08\/incendie-le-menil.png","contentUrl":"https:\/\/vosgesinfo.fr\/app\/uploads\/sites\/3\/2022\/08\/incendie-le-menil.png"},{"@type":"BreadcrumbList","@id":"https:\/\/vosgesinfo.fr\/epinalinfo\/2022\/08\/incendies-vosges-79-departs-de-feu-semaine-2\/#breadcrumb","itemListElement":[{"@type":"ListItem","position":1,"name":"Home","item":"https:\/\/vosgesinfo.fr\/epinalinfo\/"},{"@type":"ListItem","position":2,"name":"Incendies dans les Vosges : 79 d\u00e9parts de feu en une semaine"}]},{"@type":"WebSite","@id":"https:\/\/vosgesinfo.fr\/epinalinfo\/#website","url":"https:\/\/vosgesinfo.fr\/epinalinfo\/","name":"Epinal Info","description":"Toute l&#039;actualit\u00e9 d&#039;\u00c9pinal","publisher":{"@id":"https:\/\/vosgesinfo.fr\/epinalinfo\/#organization"},"alternateName":"Toute l'actualit\u00e9 d'\u00c9pinal","potentialAction":[{"@type":"SearchAction","target":{"@type":"EntryPoint","urlTemplate":"https:\/\/vosgesinfo.fr\/epinalinfo\/?s={search_term_string}"},"query-input":"required name=search_term_string"}],"inLanguage":"fr-FR"},{"@type":"Organization","@id":"https:\/\/vosgesinfo.fr\/epinalinfo\/#organization","name":"Epinal Info","url":"https:\/\/vosgesinfo.fr\/epinalinfo\/","logo":{"@type":"ImageObject","inLanguage":"fr-FR","@id":"https:\/\/vosgesinfo.fr\/epinalinfo\/#\/schema\/logo\/image\/","url":"https:\/\/vosgesinfo.fr\/app\/uploads\/sites\/3\/2023\/08\/logo-epinalinfos.svg","contentUrl":"https:\/\/vosgesinfo.fr\/app\/uploads\/sites\/3\/2023\/08\/logo-epinalinfos.svg","width":1,"height":1,"caption":"Epinal Info"},"image":{"@id":"https:\/\/vosgesinfo.fr\/epinalinfo\/#\/schema\/logo\/image\/"},"sameAs":["https:\/\/www.facebook.com\/Epinalinfos","https:\/\/x.com\/VosgesInfo88","https:\/\/www.youtube.com\/@vosgesinfo"]},{"@type":"Person","@id":"https:\/\/vosgesinfo.fr\/epinalinfo\/#\/schema\/person\/6f9a650eeea99d969b6c4ab78fccbe81","name":"C.K.","image":{"@type":"ImageObject","inLanguage":"fr-FR","@id":"https:\/\/vosgesinfo.fr\/epinalinfo\/#\/schema\/person\/image\/","url":"https:\/\/secure.gravatar.com\/avatar\/48e3fc7f8421ba8942be6b74a2b7f014ca39bc00dece156b7a8e098ae7dc87bf?s=96&d=mm&r=g","contentUrl":"https:\/\/secure.gravatar.com\/avatar\/48e3fc7f8421ba8942be6b74a2b7f014ca39bc00dece156b7a8e098ae7dc87bf?s=96&d=mm&r=g","caption":"C.K."},"url":"https:\/\/vosgesinfo.fr\/epinalinfo\/author\/celia-k-n\/"}]}},"_links":{"self":[{"href":"https:\/\/vosgesinfo.fr\/epinalinfo\/wp-json\/wp\/v2\/posts\/116601","targetHints":{"allow":["GET"]}}],"collection":[{"href":"https:\/\/vosgesinfo.fr\/epinalinfo\/wp-json\/wp\/v2\/posts"}],"about":[{"href":"https:\/\/vosgesinfo.fr\/epinalinfo\/wp-json\/wp\/v2\/types\/post"}],"author":[{"embeddable":true,"href":"https:\/\/vosgesinfo.fr\/epinalinfo\/wp-json\/wp\/v2\/users\/52"}],"replies":[{"embeddable":true,"href":"https:\/\/vosgesinfo.fr\/epinalinfo\/wp-json\/wp\/v2\/comments?post=116601"}],"version-history":[{"count":0,"href":"https:\/\/vosgesinfo.fr\/epinalinfo\/wp-json\/wp\/v2\/posts\/116601\/revisions"}],"wp:featuredmedia":[{"embeddable":true,"href":"https:\/\/vosgesinfo.fr\/epinalinfo\/wp-json\/wp\/v2\/media\/20380"}],"wp:attachment":[{"href":"https:\/\/vosgesinfo.fr\/epinalinfo\/wp-json\/wp\/v2\/media?parent=116601"}],"wp:term":[{"taxonomy":"category","embeddable":true,"href":"https:\/\/vosgesinfo.fr\/epinalinfo\/wp-json\/wp\/v2\/categories?post=116601"},{"taxonomy":"post_tag","embeddable":true,"href":"https:\/\/vosgesinfo.fr\/epinalinfo\/wp-json\/wp\/v2\/tags?post=116601"}],"curies":[{"name":"wp","href":"https:\/\/api.w.org\/{rel}","templated":true}]}}