{"id":116610,"date":"2022-08-17T14:48:28","date_gmt":"2022-08-17T12:48:28","guid":{"rendered":"https:\/\/vosgesinfo.fr\/epinalinfo\/2022\/08\/secheresse-ressources-eau-potable-de-lagglo-depinal-restent-suffisantes-2\/"},"modified":"2022-08-17T14:48:28","modified_gmt":"2022-08-17T12:48:28","slug":"secheresse-ressources-eau-potable-de-lagglo-depinal-restent-suffisantes-2","status":"publish","type":"post","link":"https:\/\/vosgesinfo.fr\/epinalinfo\/2022\/08\/secheresse-ressources-eau-potable-de-lagglo-depinal-restent-suffisantes-2\/","title":{"rendered":"S\u00e9cheresse &#8211; Les ressources en eau potable de l\u2019agglo d&rsquo;Epinal restent suffisantes"},"content":{"rendered":"<div id=\"attachment_206288\" style=\"width: 810px\" class=\"wp-caption aligncenter\"><a href=\"\/2022\/08\/eau-potable-harsault-vosges.jpg\"><img decoding=\"async\" aria-describedby=\"caption-attachment-206288\" class=\"size-large wp-image-206288\" src=\"\/2022\/08\/eau-potable-harsault-vosges-800x532.jpg\" alt=\"photo communaut\u00e9 d'agglom\u00e9ration d'Epinal\" width=\"800\" height=\"532\" \/><\/a><p id=\"caption-attachment-206288\" class=\"wp-caption-text\">photo communaut\u00e9 d&rsquo;agglom\u00e9ration d&rsquo;Epinal. Harsault, gestion de l&rsquo;eau potable<\/p><\/div>\n<h2><span style=\"font-size: 14pt;\">Dans le contexte actuel o\u00f9 depuis le 8 ao\u00fbt dernier, l\u2019ensemble des bassins versants du territoire de l\u2019agglom\u00e9ration d\u2019\u00c9pinal sont plac\u00e9s en niveau crise \u00ab s\u00e9cheresse \u00bb, l\u2019alimentation en eau potable du territoire de l\u2019agglom\u00e9ration d\u2019\u00c9pinal est toujours assur\u00e9e par les ressources habituelles. Une baisse g\u00e9n\u00e9rale des d\u00e9bits des sources et des niveaux de nappe pour les forages sont constat\u00e9s mais pour le moment, les ressources en eau potable de l\u2019agglom\u00e9ration restent suffisantes.\u00a0<\/span><\/h2>\n<p>L\u2019important travail de fond men\u00e9 par l\u2019agglom\u00e9ration d\u2019\u00c9pinal depuis la reprise de comp\u00e9tence eau potable en 2020, porte aujourd\u2019hui ses fruits. De nombreuses actions ont \u00e9t\u00e9 mises en place comme la supervision des installations d\u2019eau potable, permettant une meilleure r\u00e9activit\u00e9 en cas de fuite. Les d\u00e9bits d\u2019eau distribu\u00e9e sont suivis \u00e0 distance avec des alarmes en cas de d\u00e9bits anormaux.<\/p>\n<p>Autre action, la recherche de fuites p\u00e9riodiques et la r\u00e9paration imm\u00e9diate. L\u2019agglom\u00e9ration s\u2019est dot\u00e9e d\u2019\u00e9quipements mobiles performants de recherche de fuites.<\/p>\n<p>Autre point fort, l\u2019utilisation d\u2019interconnexions entre communes. En effet, les ressources sont in\u00e9galement r\u00e9parties sur le territoire en quantit\u00e9 et en qualit\u00e9. La gestion intercommunale a permis d\u2019avoir une approche plus globale de la distribution de l\u2019eau \u00e0 l\u2019\u00e9chelle du territoire et non plus \u00e0 l\u2019\u00e9chelle communale.<\/p>\n<p>La planification et mise en \u0153uvre de travaux de renouvellement de canalisations fuyardes permet aussi d&rsquo;\u00e9viter de manquer d&rsquo;eau potable. Le syst\u00e8me d\u2019information g\u00e9ographique d\u00e9ploy\u00e9 sur le territoire de l\u2019agglom\u00e9ration permet de recenser les interventions pour fuites afin de planifier et\u00a0de mettre en \u0153uvre des travaux de renouvellement des canalisations les plus fuyardes.<\/p>\n<p>Une r\u00e9flexion est en cours pour mettre en place un s\u00e9minaire sur les nouvelles pratiques et les nouvelles essences \u00e0 planter, moins consommatrices d\u2019eau pour le fleurissement des communes. Un travail sur la r\u00e9utilisation des eaux us\u00e9es trait\u00e9es pour l\u2019arrosage est \u00e9galement men\u00e9.<\/p>\n<p>Avant le transfert de comp\u00e9tence \u00ab Eau \u00bb, la commune d\u00e9l\u00e9gu\u00e9e de Harsault a eu plusieurs fois recours au citernage pour pallier un manque de ressources du captage et assurer son alimentation en eau potable en p\u00e9riode d\u2019\u00e9tiage. \u00c0 la suite du transfert de la comp\u00e9tence, la solidarit\u00e9 territoriale a permis d\u2019axer les efforts sur les communes vuln\u00e9rables, dont Harsault, pour assurer une continuit\u00e9 du service de distribution de l\u2019eau.<\/p>\n<p>Cette ann\u00e9e, des travaux de remplacement de la canalisation principale d\u2019adduction de l\u2019eau ont \u00e9t\u00e9 r\u00e9alis\u00e9s avec la pose de compteurs de sectorisation. Ces travaux de 92 000 \u20ac HT facilitent aujourd\u2019hui la localisation des fuites.<\/p>\n<p>La t\u00e9l\u00e9gestion et la supervision des ouvrages et \u00e9quipements d\u2019eau potable a \u00e9galement \u00e9t\u00e9 d\u00e9ploy\u00e9e en 2021 pour un montant de 12 000 \u20ac afin de faciliter le rep\u00e9rage des \u00e9ventuelles fuites ce qui optimise \u00e9galement le temps d\u2019intervention des \u00e9quipes. L\u2019ensemble de ces travaux ont fait l\u2019objet d\u2019une aide financi\u00e8re de l\u2019Agence de l\u2019eau et du Conseil D\u00e9partemental des Vosges.<\/p>\n<p>L\u2019interconnexion existante avec le village voisin de La Haye a \u00e9t\u00e9 remise en service et elle permet une solidarit\u00e9 territoriale. Cette interconnexion permet \u00e9galement d\u2019alimenter le village de Les Voivres lorsque les d\u00e9bits de la ressource sont suffisants.<\/p>\n<h3>Rappel des principales interdictions li\u00e9es \u00e0 la situation de crise s\u00e9cheresse<\/h3>\n<p>\u2022 l\u2019interdiction du remplissage des piscines et bains \u00e0 remous<\/p>\n<p>\u2022 l\u2019interdiction de laver les v\u00e9hicules, sauf imp\u00e9ratif sanitaire<\/p>\n<p>\u2022 l\u2019interdiction de laver les voiries et les trottoirs, de nettoyer les terrasses et fa\u00e7ades, sauf raison sanitaire ou s\u00e9curitaire<\/p>\n<p>\u2022 l\u2019interdiction d\u2019arroser les pelouses, massifs fleuris et les espaces verts publics ou priv\u00e9s ainsi 4 que les terrains de sport<\/p>\n<p>\u2022 l\u2019interdiction d\u2019arroser les jardins potagers entre 9h et 20h ; seul un arrosage manuel ou par r\u00e9cup\u00e9ration des eaux de toiture est autoris\u00e9<\/p>\n<p>Il est indispensable \u00e0 ce jour de restreindre la consommation d\u2019eau potable uniquement \u00e0 l\u2019essentiel. La mobilisation de chacun permettra de limiter l\u2019\u00e9volution de la baisse des d\u00e9bits et des niveaux de nos ressources pour relever le d\u00e9fi d\u2019assurer la continuit\u00e9 de la distribution en eau potable par les ressources habituelles, jusqu\u2019\u00e0 la fin de la p\u00e9riode de s\u00e9cheresse qui peut s\u2019\u00e9taler jusqu\u2019au d\u00e9but de l\u2019hiver.<\/p>\n<p>M\u00eame si des pluies sont constat\u00e9es ces prochains jours, la situation ne s\u2019am\u00e9liorera pas imm\u00e9diatement car la p\u00e9riode actuelle ne favorise pas le remplissage des nappes phr\u00e9atiques. Actuellement, on constate une stabilisation des consommations d\u2019eau potable voire une baisse dans certains cas traduisant la prise de conscience de la probl\u00e9matique par les populations. N\u2019oublions pas \u00e9galement que les \u00e9conomies d\u2019eau g\u00e9n\u00e8rent \u00e9galement des \u00e9conomies pour le porte-monnaie !<\/p>\n","protected":false},"excerpt":{"rendered":"<p>Dans le contexte actuel o\u00f9 depuis le 8 ao\u00fbt dernier, l\u2019ensemble des bassins versants du territoire de l\u2019agglom\u00e9ration d\u2019\u00c9pinal sont [&hellip;]<\/p>\n","protected":false},"author":52,"featured_media":20460,"comment_status":"open","ping_status":"open","sticky":false,"template":"","format":"standard","meta":{"footnotes":""},"categories":[22,16,5],"tags":[4089,4090,639],"class_list":["post-116610","post","type-post","status-publish","format-standard","has-post-thumbnail","hentry","category-a-la-une","category-environnement","category-vosges","tag-agglomeration-depinal","tag-eau-potable","tag-secheresse"],"acf":[],"yoast_head":"<!-- This site is optimized with the Yoast SEO plugin v22.5 - https:\/\/yoast.com\/wordpress\/plugins\/seo\/ -->\n<title>S\u00e9cheresse - Les ressources en eau potable de l\u2019agglo d&#039;Epinal restent suffisantes - Epinal Info<\/title>\n<meta name=\"robots\" content=\"index, follow, max-snippet:-1, max-image-preview:large, max-video-preview:-1\" \/>\n<link rel=\"canonical\" href=\"https:\/\/vosgesinfo.fr\/epinalinfo\/2022\/08\/secheresse-ressources-eau-potable-de-lagglo-depinal-restent-suffisantes-2\/\" \/>\n<meta name=\"twitter:card\" content=\"summary_large_image\" \/>\n<meta name=\"twitter:title\" content=\"S\u00e9cheresse - Les ressources en eau potable de l\u2019agglo d&#039;Epinal restent suffisantes - Epinal Info\" \/>\n<meta name=\"twitter:description\" content=\"Dans le contexte actuel o\u00f9 depuis le 8 ao\u00fbt dernier, l\u2019ensemble des bassins versants du territoire de l\u2019agglom\u00e9ration d\u2019\u00c9pinal sont [&hellip;]\" \/>\n<meta name=\"twitter:image\" content=\"https:\/\/vosgesinfo.fr\/app\/uploads\/sites\/3\/2022\/08\/eau-potable-harsault-vosges.jpg\" \/>\n<meta name=\"twitter:creator\" content=\"@VosgesInfo88\" \/>\n<meta name=\"twitter:site\" content=\"@VosgesInfo88\" \/>\n<meta name=\"twitter:label1\" content=\"\u00c9crit par\" \/>\n\t<meta name=\"twitter:data1\" content=\"C.K.\" \/>\n\t<meta name=\"twitter:label2\" content=\"Dur\u00e9e de lecture estim\u00e9e\" \/>\n\t<meta name=\"twitter:data2\" content=\"4 minutes\" \/>\n<script type=\"application\/ld+json\" class=\"yoast-schema-graph\">{\"@context\":\"https:\/\/schema.org\",\"@graph\":[{\"@type\":\"Article\",\"@id\":\"https:\/\/vosgesinfo.fr\/epinalinfo\/2022\/08\/secheresse-ressources-eau-potable-de-lagglo-depinal-restent-suffisantes-2\/#article\",\"isPartOf\":{\"@id\":\"https:\/\/vosgesinfo.fr\/epinalinfo\/2022\/08\/secheresse-ressources-eau-potable-de-lagglo-depinal-restent-suffisantes-2\/\"},\"author\":{\"name\":\"C.K.\",\"@id\":\"https:\/\/vosgesinfo.fr\/epinalinfo\/#\/schema\/person\/6f9a650eeea99d969b6c4ab78fccbe81\"},\"headline\":\"S\u00e9cheresse &#8211; Les ressources en eau potable de l\u2019agglo d&rsquo;Epinal restent suffisantes\",\"datePublished\":\"2022-08-17T12:48:28+00:00\",\"dateModified\":\"2022-08-17T12:48:28+00:00\",\"mainEntityOfPage\":{\"@id\":\"https:\/\/vosgesinfo.fr\/epinalinfo\/2022\/08\/secheresse-ressources-eau-potable-de-lagglo-depinal-restent-suffisantes-2\/\"},\"wordCount\":872,\"commentCount\":0,\"publisher\":{\"@id\":\"https:\/\/vosgesinfo.fr\/epinalinfo\/#organization\"},\"image\":{\"@id\":\"https:\/\/vosgesinfo.fr\/epinalinfo\/2022\/08\/secheresse-ressources-eau-potable-de-lagglo-depinal-restent-suffisantes-2\/#primaryimage\"},\"thumbnailUrl\":\"https:\/\/vosgesinfo.fr\/app\/uploads\/sites\/3\/2022\/08\/eau-potable-harsault-vosges.jpg\",\"keywords\":[\"agglom\u00e9ration d\u2019Epinal\",\"eau potable\",\"s\u00e9cheresse\"],\"articleSection\":[\"A la Une\",\"Environnement\",\"Vosges\"],\"inLanguage\":\"fr-FR\",\"potentialAction\":[{\"@type\":\"CommentAction\",\"name\":\"Comment\",\"target\":[\"https:\/\/vosgesinfo.fr\/epinalinfo\/2022\/08\/secheresse-ressources-eau-potable-de-lagglo-depinal-restent-suffisantes-2\/#respond\"]}]},{\"@type\":\"WebPage\",\"@id\":\"https:\/\/vosgesinfo.fr\/epinalinfo\/2022\/08\/secheresse-ressources-eau-potable-de-lagglo-depinal-restent-suffisantes-2\/\",\"url\":\"https:\/\/vosgesinfo.fr\/epinalinfo\/2022\/08\/secheresse-ressources-eau-potable-de-lagglo-depinal-restent-suffisantes-2\/\",\"name\":\"S\u00e9cheresse - Les ressources en eau potable de l\u2019agglo d'Epinal restent suffisantes - Epinal Info\",\"isPartOf\":{\"@id\":\"https:\/\/vosgesinfo.fr\/epinalinfo\/#website\"},\"primaryImageOfPage\":{\"@id\":\"https:\/\/vosgesinfo.fr\/epinalinfo\/2022\/08\/secheresse-ressources-eau-potable-de-lagglo-depinal-restent-suffisantes-2\/#primaryimage\"},\"image\":{\"@id\":\"https:\/\/vosgesinfo.fr\/epinalinfo\/2022\/08\/secheresse-ressources-eau-potable-de-lagglo-depinal-restent-suffisantes-2\/#primaryimage\"},\"thumbnailUrl\":\"https:\/\/vosgesinfo.fr\/app\/uploads\/sites\/3\/2022\/08\/eau-potable-harsault-vosges.jpg\",\"datePublished\":\"2022-08-17T12:48:28+00:00\",\"dateModified\":\"2022-08-17T12:48:28+00:00\",\"breadcrumb\":{\"@id\":\"https:\/\/vosgesinfo.fr\/epinalinfo\/2022\/08\/secheresse-ressources-eau-potable-de-lagglo-depinal-restent-suffisantes-2\/#breadcrumb\"},\"inLanguage\":\"fr-FR\",\"potentialAction\":[{\"@type\":\"ReadAction\",\"target\":[\"https:\/\/vosgesinfo.fr\/epinalinfo\/2022\/08\/secheresse-ressources-eau-potable-de-lagglo-depinal-restent-suffisantes-2\/\"]}]},{\"@type\":\"ImageObject\",\"inLanguage\":\"fr-FR\",\"@id\":\"https:\/\/vosgesinfo.fr\/epinalinfo\/2022\/08\/secheresse-ressources-eau-potable-de-lagglo-depinal-restent-suffisantes-2\/#primaryimage\",\"url\":\"https:\/\/vosgesinfo.fr\/app\/uploads\/sites\/3\/2022\/08\/eau-potable-harsault-vosges.jpg\",\"contentUrl\":\"https:\/\/vosgesinfo.fr\/app\/uploads\/sites\/3\/2022\/08\/eau-potable-harsault-vosges.jpg\"},{\"@type\":\"BreadcrumbList\",\"@id\":\"https:\/\/vosgesinfo.fr\/epinalinfo\/2022\/08\/secheresse-ressources-eau-potable-de-lagglo-depinal-restent-suffisantes-2\/#breadcrumb\",\"itemListElement\":[{\"@type\":\"ListItem\",\"position\":1,\"name\":\"Home\",\"item\":\"https:\/\/vosgesinfo.fr\/epinalinfo\/\"},{\"@type\":\"ListItem\",\"position\":2,\"name\":\"S\u00e9cheresse &#8211; Les ressources en eau potable de l\u2019agglo d&rsquo;Epinal restent suffisantes\"}]},{\"@type\":\"WebSite\",\"@id\":\"https:\/\/vosgesinfo.fr\/epinalinfo\/#website\",\"url\":\"https:\/\/vosgesinfo.fr\/epinalinfo\/\",\"name\":\"Epinal Info\",\"description\":\"Toute l&#039;actualit\u00e9 d&#039;\u00c9pinal\",\"publisher\":{\"@id\":\"https:\/\/vosgesinfo.fr\/epinalinfo\/#organization\"},\"alternateName\":\"Toute l'actualit\u00e9 d'\u00c9pinal\",\"potentialAction\":[{\"@type\":\"SearchAction\",\"target\":{\"@type\":\"EntryPoint\",\"urlTemplate\":\"https:\/\/vosgesinfo.fr\/epinalinfo\/?s={search_term_string}\"},\"query-input\":\"required name=search_term_string\"}],\"inLanguage\":\"fr-FR\"},{\"@type\":\"Organization\",\"@id\":\"https:\/\/vosgesinfo.fr\/epinalinfo\/#organization\",\"name\":\"Epinal Info\",\"url\":\"https:\/\/vosgesinfo.fr\/epinalinfo\/\",\"logo\":{\"@type\":\"ImageObject\",\"inLanguage\":\"fr-FR\",\"@id\":\"https:\/\/vosgesinfo.fr\/epinalinfo\/#\/schema\/logo\/image\/\",\"url\":\"https:\/\/vosgesinfo.fr\/app\/uploads\/sites\/3\/2023\/08\/logo-epinalinfos.svg\",\"contentUrl\":\"https:\/\/vosgesinfo.fr\/app\/uploads\/sites\/3\/2023\/08\/logo-epinalinfos.svg\",\"width\":1,\"height\":1,\"caption\":\"Epinal Info\"},\"image\":{\"@id\":\"https:\/\/vosgesinfo.fr\/epinalinfo\/#\/schema\/logo\/image\/\"},\"sameAs\":[\"https:\/\/www.facebook.com\/Epinalinfos\",\"https:\/\/x.com\/VosgesInfo88\",\"https:\/\/www.youtube.com\/@vosgesinfo\"]},{\"@type\":\"Person\",\"@id\":\"https:\/\/vosgesinfo.fr\/epinalinfo\/#\/schema\/person\/6f9a650eeea99d969b6c4ab78fccbe81\",\"name\":\"C.K.\",\"image\":{\"@type\":\"ImageObject\",\"inLanguage\":\"fr-FR\",\"@id\":\"https:\/\/vosgesinfo.fr\/epinalinfo\/#\/schema\/person\/image\/\",\"url\":\"https:\/\/secure.gravatar.com\/avatar\/48e3fc7f8421ba8942be6b74a2b7f014ca39bc00dece156b7a8e098ae7dc87bf?s=96&d=mm&r=g\",\"contentUrl\":\"https:\/\/secure.gravatar.com\/avatar\/48e3fc7f8421ba8942be6b74a2b7f014ca39bc00dece156b7a8e098ae7dc87bf?s=96&d=mm&r=g\",\"caption\":\"C.K.\"},\"url\":\"https:\/\/vosgesinfo.fr\/epinalinfo\/author\/celia-k-n\/\"}]}<\/script>\n<!-- \/ Yoast SEO plugin. -->","yoast_head_json":{"title":"S\u00e9cheresse - Les ressources en eau potable de l\u2019agglo d'Epinal restent suffisantes - Epinal Info","robots":{"index":"index","follow":"follow","max-snippet":"max-snippet:-1","max-image-preview":"max-image-preview:large","max-video-preview":"max-video-preview:-1"},"canonical":"https:\/\/vosgesinfo.fr\/epinalinfo\/2022\/08\/secheresse-ressources-eau-potable-de-lagglo-depinal-restent-suffisantes-2\/","twitter_card":"summary_large_image","twitter_title":"S\u00e9cheresse - Les ressources en eau potable de l\u2019agglo d'Epinal restent suffisantes - Epinal Info","twitter_description":"Dans le contexte actuel o\u00f9 depuis le 8 ao\u00fbt dernier, l\u2019ensemble des bassins versants du territoire de l\u2019agglom\u00e9ration d\u2019\u00c9pinal sont [&hellip;]","twitter_image":"https:\/\/vosgesinfo.fr\/app\/uploads\/sites\/3\/2022\/08\/eau-potable-harsault-vosges.jpg","twitter_creator":"@VosgesInfo88","twitter_site":"@VosgesInfo88","twitter_misc":{"\u00c9crit par":"C.K.","Dur\u00e9e de lecture estim\u00e9e":"4 minutes"},"schema":{"@context":"https:\/\/schema.org","@graph":[{"@type":"Article","@id":"https:\/\/vosgesinfo.fr\/epinalinfo\/2022\/08\/secheresse-ressources-eau-potable-de-lagglo-depinal-restent-suffisantes-2\/#article","isPartOf":{"@id":"https:\/\/vosgesinfo.fr\/epinalinfo\/2022\/08\/secheresse-ressources-eau-potable-de-lagglo-depinal-restent-suffisantes-2\/"},"author":{"name":"C.K.","@id":"https:\/\/vosgesinfo.fr\/epinalinfo\/#\/schema\/person\/6f9a650eeea99d969b6c4ab78fccbe81"},"headline":"S\u00e9cheresse &#8211; Les ressources en eau potable de l\u2019agglo d&rsquo;Epinal restent suffisantes","datePublished":"2022-08-17T12:48:28+00:00","dateModified":"2022-08-17T12:48:28+00:00","mainEntityOfPage":{"@id":"https:\/\/vosgesinfo.fr\/epinalinfo\/2022\/08\/secheresse-ressources-eau-potable-de-lagglo-depinal-restent-suffisantes-2\/"},"wordCount":872,"commentCount":0,"publisher":{"@id":"https:\/\/vosgesinfo.fr\/epinalinfo\/#organization"},"image":{"@id":"https:\/\/vosgesinfo.fr\/epinalinfo\/2022\/08\/secheresse-ressources-eau-potable-de-lagglo-depinal-restent-suffisantes-2\/#primaryimage"},"thumbnailUrl":"https:\/\/vosgesinfo.fr\/app\/uploads\/sites\/3\/2022\/08\/eau-potable-harsault-vosges.jpg","keywords":["agglom\u00e9ration d\u2019Epinal","eau potable","s\u00e9cheresse"],"articleSection":["A la Une","Environnement","Vosges"],"inLanguage":"fr-FR","potentialAction":[{"@type":"CommentAction","name":"Comment","target":["https:\/\/vosgesinfo.fr\/epinalinfo\/2022\/08\/secheresse-ressources-eau-potable-de-lagglo-depinal-restent-suffisantes-2\/#respond"]}]},{"@type":"WebPage","@id":"https:\/\/vosgesinfo.fr\/epinalinfo\/2022\/08\/secheresse-ressources-eau-potable-de-lagglo-depinal-restent-suffisantes-2\/","url":"https:\/\/vosgesinfo.fr\/epinalinfo\/2022\/08\/secheresse-ressources-eau-potable-de-lagglo-depinal-restent-suffisantes-2\/","name":"S\u00e9cheresse - Les ressources en eau potable de l\u2019agglo d'Epinal restent suffisantes - Epinal Info","isPartOf":{"@id":"https:\/\/vosgesinfo.fr\/epinalinfo\/#website"},"primaryImageOfPage":{"@id":"https:\/\/vosgesinfo.fr\/epinalinfo\/2022\/08\/secheresse-ressources-eau-potable-de-lagglo-depinal-restent-suffisantes-2\/#primaryimage"},"image":{"@id":"https:\/\/vosgesinfo.fr\/epinalinfo\/2022\/08\/secheresse-ressources-eau-potable-de-lagglo-depinal-restent-suffisantes-2\/#primaryimage"},"thumbnailUrl":"https:\/\/vosgesinfo.fr\/app\/uploads\/sites\/3\/2022\/08\/eau-potable-harsault-vosges.jpg","datePublished":"2022-08-17T12:48:28+00:00","dateModified":"2022-08-17T12:48:28+00:00","breadcrumb":{"@id":"https:\/\/vosgesinfo.fr\/epinalinfo\/2022\/08\/secheresse-ressources-eau-potable-de-lagglo-depinal-restent-suffisantes-2\/#breadcrumb"},"inLanguage":"fr-FR","potentialAction":[{"@type":"ReadAction","target":["https:\/\/vosgesinfo.fr\/epinalinfo\/2022\/08\/secheresse-ressources-eau-potable-de-lagglo-depinal-restent-suffisantes-2\/"]}]},{"@type":"ImageObject","inLanguage":"fr-FR","@id":"https:\/\/vosgesinfo.fr\/epinalinfo\/2022\/08\/secheresse-ressources-eau-potable-de-lagglo-depinal-restent-suffisantes-2\/#primaryimage","url":"https:\/\/vosgesinfo.fr\/app\/uploads\/sites\/3\/2022\/08\/eau-potable-harsault-vosges.jpg","contentUrl":"https:\/\/vosgesinfo.fr\/app\/uploads\/sites\/3\/2022\/08\/eau-potable-harsault-vosges.jpg"},{"@type":"BreadcrumbList","@id":"https:\/\/vosgesinfo.fr\/epinalinfo\/2022\/08\/secheresse-ressources-eau-potable-de-lagglo-depinal-restent-suffisantes-2\/#breadcrumb","itemListElement":[{"@type":"ListItem","position":1,"name":"Home","item":"https:\/\/vosgesinfo.fr\/epinalinfo\/"},{"@type":"ListItem","position":2,"name":"S\u00e9cheresse &#8211; Les ressources en eau potable de l\u2019agglo d&rsquo;Epinal restent suffisantes"}]},{"@type":"WebSite","@id":"https:\/\/vosgesinfo.fr\/epinalinfo\/#website","url":"https:\/\/vosgesinfo.fr\/epinalinfo\/","name":"Epinal Info","description":"Toute l&#039;actualit\u00e9 d&#039;\u00c9pinal","publisher":{"@id":"https:\/\/vosgesinfo.fr\/epinalinfo\/#organization"},"alternateName":"Toute l'actualit\u00e9 d'\u00c9pinal","potentialAction":[{"@type":"SearchAction","target":{"@type":"EntryPoint","urlTemplate":"https:\/\/vosgesinfo.fr\/epinalinfo\/?s={search_term_string}"},"query-input":"required name=search_term_string"}],"inLanguage":"fr-FR"},{"@type":"Organization","@id":"https:\/\/vosgesinfo.fr\/epinalinfo\/#organization","name":"Epinal Info","url":"https:\/\/vosgesinfo.fr\/epinalinfo\/","logo":{"@type":"ImageObject","inLanguage":"fr-FR","@id":"https:\/\/vosgesinfo.fr\/epinalinfo\/#\/schema\/logo\/image\/","url":"https:\/\/vosgesinfo.fr\/app\/uploads\/sites\/3\/2023\/08\/logo-epinalinfos.svg","contentUrl":"https:\/\/vosgesinfo.fr\/app\/uploads\/sites\/3\/2023\/08\/logo-epinalinfos.svg","width":1,"height":1,"caption":"Epinal Info"},"image":{"@id":"https:\/\/vosgesinfo.fr\/epinalinfo\/#\/schema\/logo\/image\/"},"sameAs":["https:\/\/www.facebook.com\/Epinalinfos","https:\/\/x.com\/VosgesInfo88","https:\/\/www.youtube.com\/@vosgesinfo"]},{"@type":"Person","@id":"https:\/\/vosgesinfo.fr\/epinalinfo\/#\/schema\/person\/6f9a650eeea99d969b6c4ab78fccbe81","name":"C.K.","image":{"@type":"ImageObject","inLanguage":"fr-FR","@id":"https:\/\/vosgesinfo.fr\/epinalinfo\/#\/schema\/person\/image\/","url":"https:\/\/secure.gravatar.com\/avatar\/48e3fc7f8421ba8942be6b74a2b7f014ca39bc00dece156b7a8e098ae7dc87bf?s=96&d=mm&r=g","contentUrl":"https:\/\/secure.gravatar.com\/avatar\/48e3fc7f8421ba8942be6b74a2b7f014ca39bc00dece156b7a8e098ae7dc87bf?s=96&d=mm&r=g","caption":"C.K."},"url":"https:\/\/vosgesinfo.fr\/epinalinfo\/author\/celia-k-n\/"}]}},"_links":{"self":[{"href":"https:\/\/vosgesinfo.fr\/epinalinfo\/wp-json\/wp\/v2\/posts\/116610","targetHints":{"allow":["GET"]}}],"collection":[{"href":"https:\/\/vosgesinfo.fr\/epinalinfo\/wp-json\/wp\/v2\/posts"}],"about":[{"href":"https:\/\/vosgesinfo.fr\/epinalinfo\/wp-json\/wp\/v2\/types\/post"}],"author":[{"embeddable":true,"href":"https:\/\/vosgesinfo.fr\/epinalinfo\/wp-json\/wp\/v2\/users\/52"}],"replies":[{"embeddable":true,"href":"https:\/\/vosgesinfo.fr\/epinalinfo\/wp-json\/wp\/v2\/comments?post=116610"}],"version-history":[{"count":0,"href":"https:\/\/vosgesinfo.fr\/epinalinfo\/wp-json\/wp\/v2\/posts\/116610\/revisions"}],"wp:featuredmedia":[{"embeddable":true,"href":"https:\/\/vosgesinfo.fr\/epinalinfo\/wp-json\/wp\/v2\/media\/20460"}],"wp:attachment":[{"href":"https:\/\/vosgesinfo.fr\/epinalinfo\/wp-json\/wp\/v2\/media?parent=116610"}],"wp:term":[{"taxonomy":"category","embeddable":true,"href":"https:\/\/vosgesinfo.fr\/epinalinfo\/wp-json\/wp\/v2\/categories?post=116610"},{"taxonomy":"post_tag","embeddable":true,"href":"https:\/\/vosgesinfo.fr\/epinalinfo\/wp-json\/wp\/v2\/tags?post=116610"}],"curies":[{"name":"wp","href":"https:\/\/api.w.org\/{rel}","templated":true}]}}