{"id":116692,"date":"2022-08-27T08:05:56","date_gmt":"2022-08-27T06:05:56","guid":{"rendered":"https:\/\/vosgesinfo.fr\/epinalinfo\/2022\/08\/76eme-saison-concerts-classiques-depinal-2\/"},"modified":"2022-08-27T08:05:56","modified_gmt":"2022-08-27T06:05:56","slug":"76eme-saison-concerts-classiques-depinal-2","status":"publish","type":"post","link":"https:\/\/vosgesinfo.fr\/epinalinfo\/2022\/08\/76eme-saison-concerts-classiques-depinal-2\/","title":{"rendered":"76\u00e8me saison des Concerts Classiques d&rsquo;Epinal"},"content":{"rendered":"<h2><span style=\"font-size: 14pt;\"><a href=\"\/2022\/08\/Sans-titre7.jpg\"><img decoding=\"async\" class=\"aligncenter size-full wp-image-206659\" src=\"\/2022\/08\/Sans-titre7.jpg\" alt=\"Sans titre\" width=\"692\" height=\"679\" \/><\/a>La 76\u00e8me saison des Concerts Classiques d&rsquo;Epinal d\u00e9butera le 22 octobre prochain \u00e0 l\u2019Auditorium de la Louvi\u00e8re avec l\u2019Orchestre national de Metz Grand Est et s&rsquo;ach\u00e8vera le 5 mars 2023 \u00e0 la basilique.\u00a0<\/span><\/h2>\n<p>Le programme :<\/p>\n<div dir=\"auto\">1&gt; ORCHESTRE NATIONAL DE METZ GRAND EST<\/div>\n<div dir=\"auto\">Sam. 22 octobre 2022 Auditorium de la Louvi\u00e8re \/ 20h00<\/div>\n<div dir=\"auto\">2&gt; TRIO TALWEG Rendez-vous romantique<\/div>\n<div dir=\"auto\">Mar. 8 novembre 2022 Auditorium de la Louvi\u00e8re \/ 20h00<\/div>\n<div dir=\"auto\">3&gt; LE CONCERT ID\u00c9AL \u201cVivaldi, l\u2019\u00e2ge d\u2019Or\u201d avec Marianne Piketty<\/div>\n<div dir=\"auto\">Dim. 20 Novembre 2022 Auditorium de la Louvi\u00e8re \/ 17h00<\/div>\n<div dir=\"auto\">4&gt; LE CONCERT DE L\u2019H\u00d4STEL DIEU Dolce Follia<\/div>\n<div dir=\"auto\">Ven.2 d\u00e9cembre 2022 Basilique \/ 20h00<\/div>\n<div dir=\"auto\">5&gt; ORCHESTRE PHILHARMONIQUE DE PRAGUE<\/div>\n<div dir=\"auto\">Dim. 8 janvier 2023 Th\u00e9\u00e2tre de la Rotonde \/ 16h00<\/div>\n<div dir=\"auto\">6&gt; CONSTANTIN SANDU R\u00e9cital de piano<\/div>\n<div dir=\"auto\">Dim. 29 Janvier 2023 Auditorium de la Louvi\u00e8re \/ 17h00<\/div>\n<div dir=\"auto\">7&gt; Caroline Montier chante\u2026 BARBARA AMOUREUSE<\/div>\n<div dir=\"auto\">Dim. 26 F\u00e9vrier 2023 Auditorium de la Louvi\u00e8re \/ 11h00<\/div>\n<div dir=\"auto\">8&gt; KAMMERCHOR STUTTGART &amp; HOFKAPELLE STUTTGART<\/div>\n<div dir=\"auto\">le 5 mars \u00e0 la basilique<\/div>\n<div dir=\"auto\">Programme sous r\u00e9serve de modifications :\u00a0<a href=\"https:\/\/www.facebook.com\/539734006234249\/videos\/1066682044055036\" target=\"_blank\" rel=\"noopener\">https:\/\/www.facebook.com\/539734006234249\/videos\/1066682044055036<\/a><\/div>\n<div dir=\"auto\"><a href=\"\/2022\/08\/concerts-classiques-Epinal.jpg\"><img decoding=\"async\" class=\"aligncenter size-full wp-image-206660\" src=\"\/2022\/08\/concerts-classiques-Epinal.jpg\" alt=\"concerts-classiques-Epinal\" width=\"697\" height=\"678\" \/><\/a><\/div>\n","protected":false},"excerpt":{"rendered":"<p>La 76\u00e8me saison des Concerts Classiques d&rsquo;Epinal d\u00e9butera le 22 octobre prochain \u00e0 l\u2019Auditorium de la Louvi\u00e8re avec l\u2019Orchestre national [&hellip;]<\/p>\n","protected":false},"author":52,"featured_media":1141,"comment_status":"open","ping_status":"open","sticky":false,"template":"","format":"standard","meta":{"footnotes":""},"categories":[22,12,24,28,5],"tags":[4168,70,664],"class_list":["post-116692","post","type-post","status-publish","format-standard","has-post-thumbnail","hentry","category-a-la-une","category-culture","category-epinal","category-musique","category-vosges","tag-76eme-saison-des-concerts-classiques-depinal","tag-epinal","tag-musique"],"acf":[],"yoast_head":"<!-- This site is optimized with the Yoast SEO plugin v22.5 - https:\/\/yoast.com\/wordpress\/plugins\/seo\/ -->\n<title>76\u00e8me saison des Concerts Classiques d&#039;Epinal - Epinal Info<\/title>\n<meta name=\"robots\" content=\"index, follow, max-snippet:-1, max-image-preview:large, max-video-preview:-1\" \/>\n<link rel=\"canonical\" href=\"https:\/\/vosgesinfo.fr\/epinalinfo\/2022\/08\/76eme-saison-concerts-classiques-depinal-2\/\" \/>\n<meta name=\"twitter:card\" content=\"summary_large_image\" \/>\n<meta name=\"twitter:title\" content=\"76\u00e8me saison des Concerts Classiques d&#039;Epinal - Epinal Info\" \/>\n<meta name=\"twitter:description\" content=\"La 76\u00e8me saison des Concerts Classiques d&rsquo;Epinal d\u00e9butera le 22 octobre prochain \u00e0 l\u2019Auditorium de la Louvi\u00e8re avec l\u2019Orchestre national [&hellip;]\" \/>\n<meta name=\"twitter:image\" content=\"https:\/\/vosgesinfo.fr\/app\/uploads\/sites\/3\/2023\/09\/sans-titre7.jpg\" \/>\n<meta name=\"twitter:creator\" content=\"@VosgesInfo88\" \/>\n<meta name=\"twitter:site\" content=\"@VosgesInfo88\" \/>\n<meta name=\"twitter:label1\" content=\"\u00c9crit par\" \/>\n\t<meta name=\"twitter:data1\" content=\"C.K.\" \/>\n\t<meta name=\"twitter:label2\" content=\"Dur\u00e9e de lecture estim\u00e9e\" \/>\n\t<meta name=\"twitter:data2\" content=\"1 minute\" \/>\n<script type=\"application\/ld+json\" class=\"yoast-schema-graph\">{\"@context\":\"https:\/\/schema.org\",\"@graph\":[{\"@type\":\"Article\",\"@id\":\"https:\/\/vosgesinfo.fr\/epinalinfo\/2022\/08\/76eme-saison-concerts-classiques-depinal-2\/#article\",\"isPartOf\":{\"@id\":\"https:\/\/vosgesinfo.fr\/epinalinfo\/2022\/08\/76eme-saison-concerts-classiques-depinal-2\/\"},\"author\":{\"name\":\"C.K.\",\"@id\":\"https:\/\/vosgesinfo.fr\/epinalinfo\/#\/schema\/person\/6f9a650eeea99d969b6c4ab78fccbe81\"},\"headline\":\"76\u00e8me saison des Concerts Classiques d&rsquo;Epinal\",\"datePublished\":\"2022-08-27T06:05:56+00:00\",\"dateModified\":\"2022-08-27T06:05:56+00:00\",\"mainEntityOfPage\":{\"@id\":\"https:\/\/vosgesinfo.fr\/epinalinfo\/2022\/08\/76eme-saison-concerts-classiques-depinal-2\/\"},\"wordCount\":172,\"commentCount\":0,\"publisher\":{\"@id\":\"https:\/\/vosgesinfo.fr\/epinalinfo\/#organization\"},\"image\":{\"@id\":\"https:\/\/vosgesinfo.fr\/epinalinfo\/2022\/08\/76eme-saison-concerts-classiques-depinal-2\/#primaryimage\"},\"thumbnailUrl\":\"https:\/\/vosgesinfo.fr\/app\/uploads\/sites\/3\/2023\/09\/sans-titre7.jpg\",\"keywords\":[\"76\u00e8me saison des Concerts Classiques d'Epinal\",\"Epinal\",\"musique\"],\"articleSection\":[\"A la Une\",\"Culture\",\"Epinal\",\"Musique\",\"Vosges\"],\"inLanguage\":\"fr-FR\",\"potentialAction\":[{\"@type\":\"CommentAction\",\"name\":\"Comment\",\"target\":[\"https:\/\/vosgesinfo.fr\/epinalinfo\/2022\/08\/76eme-saison-concerts-classiques-depinal-2\/#respond\"]}]},{\"@type\":\"WebPage\",\"@id\":\"https:\/\/vosgesinfo.fr\/epinalinfo\/2022\/08\/76eme-saison-concerts-classiques-depinal-2\/\",\"url\":\"https:\/\/vosgesinfo.fr\/epinalinfo\/2022\/08\/76eme-saison-concerts-classiques-depinal-2\/\",\"name\":\"76\u00e8me saison des Concerts Classiques d'Epinal - Epinal Info\",\"isPartOf\":{\"@id\":\"https:\/\/vosgesinfo.fr\/epinalinfo\/#website\"},\"primaryImageOfPage\":{\"@id\":\"https:\/\/vosgesinfo.fr\/epinalinfo\/2022\/08\/76eme-saison-concerts-classiques-depinal-2\/#primaryimage\"},\"image\":{\"@id\":\"https:\/\/vosgesinfo.fr\/epinalinfo\/2022\/08\/76eme-saison-concerts-classiques-depinal-2\/#primaryimage\"},\"thumbnailUrl\":\"https:\/\/vosgesinfo.fr\/app\/uploads\/sites\/3\/2023\/09\/sans-titre7.jpg\",\"datePublished\":\"2022-08-27T06:05:56+00:00\",\"dateModified\":\"2022-08-27T06:05:56+00:00\",\"breadcrumb\":{\"@id\":\"https:\/\/vosgesinfo.fr\/epinalinfo\/2022\/08\/76eme-saison-concerts-classiques-depinal-2\/#breadcrumb\"},\"inLanguage\":\"fr-FR\",\"potentialAction\":[{\"@type\":\"ReadAction\",\"target\":[\"https:\/\/vosgesinfo.fr\/epinalinfo\/2022\/08\/76eme-saison-concerts-classiques-depinal-2\/\"]}]},{\"@type\":\"ImageObject\",\"inLanguage\":\"fr-FR\",\"@id\":\"https:\/\/vosgesinfo.fr\/epinalinfo\/2022\/08\/76eme-saison-concerts-classiques-depinal-2\/#primaryimage\",\"url\":\"https:\/\/vosgesinfo.fr\/app\/uploads\/sites\/3\/2023\/09\/sans-titre7.jpg\",\"contentUrl\":\"https:\/\/vosgesinfo.fr\/app\/uploads\/sites\/3\/2023\/09\/sans-titre7.jpg\",\"width\":800,\"height\":221},{\"@type\":\"BreadcrumbList\",\"@id\":\"https:\/\/vosgesinfo.fr\/epinalinfo\/2022\/08\/76eme-saison-concerts-classiques-depinal-2\/#breadcrumb\",\"itemListElement\":[{\"@type\":\"ListItem\",\"position\":1,\"name\":\"Home\",\"item\":\"https:\/\/vosgesinfo.fr\/epinalinfo\/\"},{\"@type\":\"ListItem\",\"position\":2,\"name\":\"76\u00e8me saison des Concerts Classiques d&rsquo;Epinal\"}]},{\"@type\":\"WebSite\",\"@id\":\"https:\/\/vosgesinfo.fr\/epinalinfo\/#website\",\"url\":\"https:\/\/vosgesinfo.fr\/epinalinfo\/\",\"name\":\"Epinal Info\",\"description\":\"Toute l&#039;actualit\u00e9 d&#039;\u00c9pinal\",\"publisher\":{\"@id\":\"https:\/\/vosgesinfo.fr\/epinalinfo\/#organization\"},\"alternateName\":\"Toute l'actualit\u00e9 d'\u00c9pinal\",\"potentialAction\":[{\"@type\":\"SearchAction\",\"target\":{\"@type\":\"EntryPoint\",\"urlTemplate\":\"https:\/\/vosgesinfo.fr\/epinalinfo\/?s={search_term_string}\"},\"query-input\":\"required name=search_term_string\"}],\"inLanguage\":\"fr-FR\"},{\"@type\":\"Organization\",\"@id\":\"https:\/\/vosgesinfo.fr\/epinalinfo\/#organization\",\"name\":\"Epinal Info\",\"url\":\"https:\/\/vosgesinfo.fr\/epinalinfo\/\",\"logo\":{\"@type\":\"ImageObject\",\"inLanguage\":\"fr-FR\",\"@id\":\"https:\/\/vosgesinfo.fr\/epinalinfo\/#\/schema\/logo\/image\/\",\"url\":\"https:\/\/vosgesinfo.fr\/app\/uploads\/sites\/3\/2023\/08\/logo-epinalinfos.svg\",\"contentUrl\":\"https:\/\/vosgesinfo.fr\/app\/uploads\/sites\/3\/2023\/08\/logo-epinalinfos.svg\",\"width\":1,\"height\":1,\"caption\":\"Epinal Info\"},\"image\":{\"@id\":\"https:\/\/vosgesinfo.fr\/epinalinfo\/#\/schema\/logo\/image\/\"},\"sameAs\":[\"https:\/\/www.facebook.com\/Epinalinfos\",\"https:\/\/x.com\/VosgesInfo88\",\"https:\/\/www.youtube.com\/@vosgesinfo\"]},{\"@type\":\"Person\",\"@id\":\"https:\/\/vosgesinfo.fr\/epinalinfo\/#\/schema\/person\/6f9a650eeea99d969b6c4ab78fccbe81\",\"name\":\"C.K.\",\"image\":{\"@type\":\"ImageObject\",\"inLanguage\":\"fr-FR\",\"@id\":\"https:\/\/vosgesinfo.fr\/epinalinfo\/#\/schema\/person\/image\/\",\"url\":\"https:\/\/secure.gravatar.com\/avatar\/48e3fc7f8421ba8942be6b74a2b7f014ca39bc00dece156b7a8e098ae7dc87bf?s=96&d=mm&r=g\",\"contentUrl\":\"https:\/\/secure.gravatar.com\/avatar\/48e3fc7f8421ba8942be6b74a2b7f014ca39bc00dece156b7a8e098ae7dc87bf?s=96&d=mm&r=g\",\"caption\":\"C.K.\"},\"url\":\"https:\/\/vosgesinfo.fr\/epinalinfo\/author\/celia-k-n\/\"}]}<\/script>\n<!-- \/ Yoast SEO plugin. -->","yoast_head_json":{"title":"76\u00e8me saison des Concerts Classiques d'Epinal - Epinal Info","robots":{"index":"index","follow":"follow","max-snippet":"max-snippet:-1","max-image-preview":"max-image-preview:large","max-video-preview":"max-video-preview:-1"},"canonical":"https:\/\/vosgesinfo.fr\/epinalinfo\/2022\/08\/76eme-saison-concerts-classiques-depinal-2\/","twitter_card":"summary_large_image","twitter_title":"76\u00e8me saison des Concerts Classiques d'Epinal - Epinal Info","twitter_description":"La 76\u00e8me saison des Concerts Classiques d&rsquo;Epinal d\u00e9butera le 22 octobre prochain \u00e0 l\u2019Auditorium de la Louvi\u00e8re avec l\u2019Orchestre national [&hellip;]","twitter_image":"https:\/\/vosgesinfo.fr\/app\/uploads\/sites\/3\/2023\/09\/sans-titre7.jpg","twitter_creator":"@VosgesInfo88","twitter_site":"@VosgesInfo88","twitter_misc":{"\u00c9crit par":"C.K.","Dur\u00e9e de lecture estim\u00e9e":"1 minute"},"schema":{"@context":"https:\/\/schema.org","@graph":[{"@type":"Article","@id":"https:\/\/vosgesinfo.fr\/epinalinfo\/2022\/08\/76eme-saison-concerts-classiques-depinal-2\/#article","isPartOf":{"@id":"https:\/\/vosgesinfo.fr\/epinalinfo\/2022\/08\/76eme-saison-concerts-classiques-depinal-2\/"},"author":{"name":"C.K.","@id":"https:\/\/vosgesinfo.fr\/epinalinfo\/#\/schema\/person\/6f9a650eeea99d969b6c4ab78fccbe81"},"headline":"76\u00e8me saison des Concerts Classiques d&rsquo;Epinal","datePublished":"2022-08-27T06:05:56+00:00","dateModified":"2022-08-27T06:05:56+00:00","mainEntityOfPage":{"@id":"https:\/\/vosgesinfo.fr\/epinalinfo\/2022\/08\/76eme-saison-concerts-classiques-depinal-2\/"},"wordCount":172,"commentCount":0,"publisher":{"@id":"https:\/\/vosgesinfo.fr\/epinalinfo\/#organization"},"image":{"@id":"https:\/\/vosgesinfo.fr\/epinalinfo\/2022\/08\/76eme-saison-concerts-classiques-depinal-2\/#primaryimage"},"thumbnailUrl":"https:\/\/vosgesinfo.fr\/app\/uploads\/sites\/3\/2023\/09\/sans-titre7.jpg","keywords":["76\u00e8me saison des Concerts Classiques d'Epinal","Epinal","musique"],"articleSection":["A la Une","Culture","Epinal","Musique","Vosges"],"inLanguage":"fr-FR","potentialAction":[{"@type":"CommentAction","name":"Comment","target":["https:\/\/vosgesinfo.fr\/epinalinfo\/2022\/08\/76eme-saison-concerts-classiques-depinal-2\/#respond"]}]},{"@type":"WebPage","@id":"https:\/\/vosgesinfo.fr\/epinalinfo\/2022\/08\/76eme-saison-concerts-classiques-depinal-2\/","url":"https:\/\/vosgesinfo.fr\/epinalinfo\/2022\/08\/76eme-saison-concerts-classiques-depinal-2\/","name":"76\u00e8me saison des Concerts Classiques d'Epinal - Epinal Info","isPartOf":{"@id":"https:\/\/vosgesinfo.fr\/epinalinfo\/#website"},"primaryImageOfPage":{"@id":"https:\/\/vosgesinfo.fr\/epinalinfo\/2022\/08\/76eme-saison-concerts-classiques-depinal-2\/#primaryimage"},"image":{"@id":"https:\/\/vosgesinfo.fr\/epinalinfo\/2022\/08\/76eme-saison-concerts-classiques-depinal-2\/#primaryimage"},"thumbnailUrl":"https:\/\/vosgesinfo.fr\/app\/uploads\/sites\/3\/2023\/09\/sans-titre7.jpg","datePublished":"2022-08-27T06:05:56+00:00","dateModified":"2022-08-27T06:05:56+00:00","breadcrumb":{"@id":"https:\/\/vosgesinfo.fr\/epinalinfo\/2022\/08\/76eme-saison-concerts-classiques-depinal-2\/#breadcrumb"},"inLanguage":"fr-FR","potentialAction":[{"@type":"ReadAction","target":["https:\/\/vosgesinfo.fr\/epinalinfo\/2022\/08\/76eme-saison-concerts-classiques-depinal-2\/"]}]},{"@type":"ImageObject","inLanguage":"fr-FR","@id":"https:\/\/vosgesinfo.fr\/epinalinfo\/2022\/08\/76eme-saison-concerts-classiques-depinal-2\/#primaryimage","url":"https:\/\/vosgesinfo.fr\/app\/uploads\/sites\/3\/2023\/09\/sans-titre7.jpg","contentUrl":"https:\/\/vosgesinfo.fr\/app\/uploads\/sites\/3\/2023\/09\/sans-titre7.jpg","width":800,"height":221},{"@type":"BreadcrumbList","@id":"https:\/\/vosgesinfo.fr\/epinalinfo\/2022\/08\/76eme-saison-concerts-classiques-depinal-2\/#breadcrumb","itemListElement":[{"@type":"ListItem","position":1,"name":"Home","item":"https:\/\/vosgesinfo.fr\/epinalinfo\/"},{"@type":"ListItem","position":2,"name":"76\u00e8me saison des Concerts Classiques d&rsquo;Epinal"}]},{"@type":"WebSite","@id":"https:\/\/vosgesinfo.fr\/epinalinfo\/#website","url":"https:\/\/vosgesinfo.fr\/epinalinfo\/","name":"Epinal Info","description":"Toute l&#039;actualit\u00e9 d&#039;\u00c9pinal","publisher":{"@id":"https:\/\/vosgesinfo.fr\/epinalinfo\/#organization"},"alternateName":"Toute l'actualit\u00e9 d'\u00c9pinal","potentialAction":[{"@type":"SearchAction","target":{"@type":"EntryPoint","urlTemplate":"https:\/\/vosgesinfo.fr\/epinalinfo\/?s={search_term_string}"},"query-input":"required name=search_term_string"}],"inLanguage":"fr-FR"},{"@type":"Organization","@id":"https:\/\/vosgesinfo.fr\/epinalinfo\/#organization","name":"Epinal Info","url":"https:\/\/vosgesinfo.fr\/epinalinfo\/","logo":{"@type":"ImageObject","inLanguage":"fr-FR","@id":"https:\/\/vosgesinfo.fr\/epinalinfo\/#\/schema\/logo\/image\/","url":"https:\/\/vosgesinfo.fr\/app\/uploads\/sites\/3\/2023\/08\/logo-epinalinfos.svg","contentUrl":"https:\/\/vosgesinfo.fr\/app\/uploads\/sites\/3\/2023\/08\/logo-epinalinfos.svg","width":1,"height":1,"caption":"Epinal Info"},"image":{"@id":"https:\/\/vosgesinfo.fr\/epinalinfo\/#\/schema\/logo\/image\/"},"sameAs":["https:\/\/www.facebook.com\/Epinalinfos","https:\/\/x.com\/VosgesInfo88","https:\/\/www.youtube.com\/@vosgesinfo"]},{"@type":"Person","@id":"https:\/\/vosgesinfo.fr\/epinalinfo\/#\/schema\/person\/6f9a650eeea99d969b6c4ab78fccbe81","name":"C.K.","image":{"@type":"ImageObject","inLanguage":"fr-FR","@id":"https:\/\/vosgesinfo.fr\/epinalinfo\/#\/schema\/person\/image\/","url":"https:\/\/secure.gravatar.com\/avatar\/48e3fc7f8421ba8942be6b74a2b7f014ca39bc00dece156b7a8e098ae7dc87bf?s=96&d=mm&r=g","contentUrl":"https:\/\/secure.gravatar.com\/avatar\/48e3fc7f8421ba8942be6b74a2b7f014ca39bc00dece156b7a8e098ae7dc87bf?s=96&d=mm&r=g","caption":"C.K."},"url":"https:\/\/vosgesinfo.fr\/epinalinfo\/author\/celia-k-n\/"}]}},"_links":{"self":[{"href":"https:\/\/vosgesinfo.fr\/epinalinfo\/wp-json\/wp\/v2\/posts\/116692","targetHints":{"allow":["GET"]}}],"collection":[{"href":"https:\/\/vosgesinfo.fr\/epinalinfo\/wp-json\/wp\/v2\/posts"}],"about":[{"href":"https:\/\/vosgesinfo.fr\/epinalinfo\/wp-json\/wp\/v2\/types\/post"}],"author":[{"embeddable":true,"href":"https:\/\/vosgesinfo.fr\/epinalinfo\/wp-json\/wp\/v2\/users\/52"}],"replies":[{"embeddable":true,"href":"https:\/\/vosgesinfo.fr\/epinalinfo\/wp-json\/wp\/v2\/comments?post=116692"}],"version-history":[{"count":0,"href":"https:\/\/vosgesinfo.fr\/epinalinfo\/wp-json\/wp\/v2\/posts\/116692\/revisions"}],"wp:featuredmedia":[{"embeddable":true,"href":"https:\/\/vosgesinfo.fr\/epinalinfo\/wp-json\/wp\/v2\/media\/1141"}],"wp:attachment":[{"href":"https:\/\/vosgesinfo.fr\/epinalinfo\/wp-json\/wp\/v2\/media?parent=116692"}],"wp:term":[{"taxonomy":"category","embeddable":true,"href":"https:\/\/vosgesinfo.fr\/epinalinfo\/wp-json\/wp\/v2\/categories?post=116692"},{"taxonomy":"post_tag","embeddable":true,"href":"https:\/\/vosgesinfo.fr\/epinalinfo\/wp-json\/wp\/v2\/tags?post=116692"}],"curies":[{"name":"wp","href":"https:\/\/api.w.org\/{rel}","templated":true}]}}