{"id":116708,"date":"2022-08-30T06:44:15","date_gmt":"2022-08-30T04:44:15","guid":{"rendered":"https:\/\/vosgesinfo.fr\/epinalinfo\/2022\/08\/reorganisation-temps-scolaire-a-epinal-nouvelle-organisation-a-rentree-2023-2024-2\/"},"modified":"2022-08-30T06:44:15","modified_gmt":"2022-08-30T04:44:15","slug":"reorganisation-temps-scolaire-a-epinal-nouvelle-organisation-a-rentree-2023-2024-2","status":"publish","type":"post","link":"https:\/\/vosgesinfo.fr\/epinalinfo\/2022\/08\/reorganisation-temps-scolaire-a-epinal-nouvelle-organisation-a-rentree-2023-2024-2\/","title":{"rendered":"R\u00e9organisation du temps scolaire \u00e0 Epinal: une nouvelle organisation \u00e0 la rentr\u00e9e 2023-2024"},"content":{"rendered":"<h2><span style=\"font-size: 14pt;\"><a href=\"\/2022\/08\/P1630613.jpg\"><img decoding=\"async\" class=\"aligncenter size-large wp-image-206754\" src=\"\/2022\/08\/P1630613-800x600.jpg\" alt=\"P1630613\" width=\"800\" height=\"600\" \/><\/a>La ville d&rsquo;Epinal a lanc\u00e9 une r\u00e9flexion autour de l&rsquo;organisation du temps scolaire et l&rsquo;am\u00e9nagement du temps de l&rsquo;enfant avec l&rsquo;ambition d&rsquo;instaurer un nouveau dispositif qui donne la priorit\u00e9 \u00e0 l&rsquo;int\u00e9r\u00eat de l&rsquo;enfant d&rsquo;ici la rentr\u00e9e 2023.\u00a0<\/span><\/h2>\n<p>depuis la rentr\u00e9e 2021, deux \u00e9coles sont pass\u00e9es \u00e0 une organisation du temps scolaire sur 4 jours : l&rsquo;\u00e9cole maternelle Guilgot et l&rsquo;\u00e9cole \u00e9l\u00e9mentaire du Centre.<\/p>\n<p>Les autres \u00e9coles restent \u00e0 une organisation \u00e0 5 jours avec une apr\u00e8s-midi par semaine d&rsquo;ATE (Am\u00e9nagement du temps de l&rsquo;enfant) selon les formules horaires suivantes (Formule B : 8h30-12h \/ 14h-16h10 (sauf le jour d&rsquo;ATE : sortie 16h30) ou Formule C : 8h30-11h30 : 13h30 &#8211; 16h30)<\/p>\n<p>Apr\u00e8s le lancement d&rsquo;une \u00e9tude interne et la formation de groupes de travail et d&rsquo;un premier comit\u00e9 op\u00e9rationnel, la ville a invit\u00e9 les parents, enfants et enseignants \u00e0 remplir un questionnaire con\u00e7u sp\u00e9cialement pour eux sur le sujet.<\/p>\n<p>Forts des r\u00e9sultats des \u00e9tudes, des concertations et des travaux de recherche de Claire Leconte, chronobiologiste, le comit\u00e9 op\u00e9rationnel sera de nouveau r\u00e9uni en octobre afin de faire des propositions de formule au comit\u00e9 de pilotage de novembre.<\/p>\n<p>L&rsquo;organisation du temps scolaire et de l&rsquo;Am\u00e9nagement du temps de l&rsquo;enfant seront travaill\u00e9s sur le 1er trimestre de cette ann\u00e9e scolaire (septembre \u00e0 d\u00e9cembre 2022). Un sondage sera lanc\u00e9 par la ville d&rsquo;Epinal aupr\u00e8s des parents et enseignants afin de d\u00e9finir leur choix.<\/p>\n<p>Les conseils d&rsquo;\u00e9coles devront se positionner lors des conseils d&rsquo;\u00e9coles du 2\u00e8 trimestre au plus tard, afin de permettre aux diff\u00e9rentes instances de se prononcer sur la position globale de cette nouvelle organisation pour les \u00e9coles d&rsquo;Epinal.<\/p>\n<p>L&rsquo;exp\u00e9rimentation d&rsquo;un nouveau mod\u00e8le de l&rsquo;organisation du temps scolaire et de l&rsquo;am\u00e9nagement du temps de l&rsquo;enfant d\u00e9coulera de ces deux ann\u00e9es de travail en commun. D\u00e8s la rentr\u00e9e 2023-2024, une nouvelle organisation sera mise en place dans les \u00e9coles.<\/p>\n<p>C.K.N.<\/p>\n","protected":false},"excerpt":{"rendered":"<p>La ville d&rsquo;Epinal a lanc\u00e9 une r\u00e9flexion autour de l&rsquo;organisation du temps scolaire et l&rsquo;am\u00e9nagement du temps de l&rsquo;enfant avec [&hellip;]<\/p>\n","protected":false},"author":52,"featured_media":20803,"comment_status":"open","ping_status":"open","sticky":false,"template":"","format":"standard","meta":{"footnotes":""},"categories":[22,15,24],"tags":[739,333,70,4184,4185],"class_list":["post-116708","post","type-post","status-publish","format-standard","has-post-thumbnail","hentry","category-a-la-une","category-education","category-epinal","tag-ecoles","tag-education","tag-epinal","tag-rentree-scolaire-2022","tag-reorganisation-du-temps-scolaire-a-epinal"],"acf":[],"yoast_head":"<!-- This site is optimized with the Yoast SEO plugin v22.5 - https:\/\/yoast.com\/wordpress\/plugins\/seo\/ -->\n<title>R\u00e9organisation du temps scolaire \u00e0 Epinal: une nouvelle organisation \u00e0 la rentr\u00e9e 2023-2024 - Epinal Info<\/title>\n<meta name=\"robots\" content=\"index, follow, max-snippet:-1, max-image-preview:large, max-video-preview:-1\" \/>\n<link rel=\"canonical\" href=\"https:\/\/vosgesinfo.fr\/epinalinfo\/2022\/08\/reorganisation-temps-scolaire-a-epinal-nouvelle-organisation-a-rentree-2023-2024-2\/\" \/>\n<meta name=\"twitter:card\" content=\"summary_large_image\" \/>\n<meta name=\"twitter:title\" content=\"R\u00e9organisation du temps scolaire \u00e0 Epinal: une nouvelle organisation \u00e0 la rentr\u00e9e 2023-2024 - Epinal Info\" \/>\n<meta name=\"twitter:description\" content=\"La ville d&rsquo;Epinal a lanc\u00e9 une r\u00e9flexion autour de l&rsquo;organisation du temps scolaire et l&rsquo;am\u00e9nagement du temps de l&rsquo;enfant avec [&hellip;]\" \/>\n<meta name=\"twitter:image\" content=\"https:\/\/vosgesinfo.fr\/app\/uploads\/sites\/3\/2022\/08\/p1630613.jpg\" \/>\n<meta name=\"twitter:creator\" content=\"@VosgesInfo88\" \/>\n<meta name=\"twitter:site\" content=\"@VosgesInfo88\" \/>\n<meta name=\"twitter:label1\" content=\"\u00c9crit par\" \/>\n\t<meta name=\"twitter:data1\" content=\"C.K.\" \/>\n\t<meta name=\"twitter:label2\" content=\"Dur\u00e9e de lecture estim\u00e9e\" \/>\n\t<meta name=\"twitter:data2\" content=\"2 minutes\" \/>\n<script type=\"application\/ld+json\" class=\"yoast-schema-graph\">{\"@context\":\"https:\/\/schema.org\",\"@graph\":[{\"@type\":\"Article\",\"@id\":\"https:\/\/vosgesinfo.fr\/epinalinfo\/2022\/08\/reorganisation-temps-scolaire-a-epinal-nouvelle-organisation-a-rentree-2023-2024-2\/#article\",\"isPartOf\":{\"@id\":\"https:\/\/vosgesinfo.fr\/epinalinfo\/2022\/08\/reorganisation-temps-scolaire-a-epinal-nouvelle-organisation-a-rentree-2023-2024-2\/\"},\"author\":{\"name\":\"C.K.\",\"@id\":\"https:\/\/vosgesinfo.fr\/epinalinfo\/#\/schema\/person\/6f9a650eeea99d969b6c4ab78fccbe81\"},\"headline\":\"R\u00e9organisation du temps scolaire \u00e0 Epinal: une nouvelle organisation \u00e0 la rentr\u00e9e 2023-2024\",\"datePublished\":\"2022-08-30T04:44:15+00:00\",\"dateModified\":\"2022-08-30T04:44:15+00:00\",\"mainEntityOfPage\":{\"@id\":\"https:\/\/vosgesinfo.fr\/epinalinfo\/2022\/08\/reorganisation-temps-scolaire-a-epinal-nouvelle-organisation-a-rentree-2023-2024-2\/\"},\"wordCount\":368,\"commentCount\":0,\"publisher\":{\"@id\":\"https:\/\/vosgesinfo.fr\/epinalinfo\/#organization\"},\"image\":{\"@id\":\"https:\/\/vosgesinfo.fr\/epinalinfo\/2022\/08\/reorganisation-temps-scolaire-a-epinal-nouvelle-organisation-a-rentree-2023-2024-2\/#primaryimage\"},\"thumbnailUrl\":\"https:\/\/vosgesinfo.fr\/app\/uploads\/sites\/3\/2022\/08\/p1630613.jpg\",\"keywords\":[\"\u00e9coles\",\"\u00e9ducation\",\"Epinal\",\"rentr\u00e9e scolaire 2022\",\"R\u00e9organisation du temps scolaire \u00e0 Epinal\"],\"articleSection\":[\"A la Une\",\"\u00c9ducation\",\"Epinal\"],\"inLanguage\":\"fr-FR\",\"potentialAction\":[{\"@type\":\"CommentAction\",\"name\":\"Comment\",\"target\":[\"https:\/\/vosgesinfo.fr\/epinalinfo\/2022\/08\/reorganisation-temps-scolaire-a-epinal-nouvelle-organisation-a-rentree-2023-2024-2\/#respond\"]}]},{\"@type\":\"WebPage\",\"@id\":\"https:\/\/vosgesinfo.fr\/epinalinfo\/2022\/08\/reorganisation-temps-scolaire-a-epinal-nouvelle-organisation-a-rentree-2023-2024-2\/\",\"url\":\"https:\/\/vosgesinfo.fr\/epinalinfo\/2022\/08\/reorganisation-temps-scolaire-a-epinal-nouvelle-organisation-a-rentree-2023-2024-2\/\",\"name\":\"R\u00e9organisation du temps scolaire \u00e0 Epinal: une nouvelle organisation \u00e0 la rentr\u00e9e 2023-2024 - Epinal Info\",\"isPartOf\":{\"@id\":\"https:\/\/vosgesinfo.fr\/epinalinfo\/#website\"},\"primaryImageOfPage\":{\"@id\":\"https:\/\/vosgesinfo.fr\/epinalinfo\/2022\/08\/reorganisation-temps-scolaire-a-epinal-nouvelle-organisation-a-rentree-2023-2024-2\/#primaryimage\"},\"image\":{\"@id\":\"https:\/\/vosgesinfo.fr\/epinalinfo\/2022\/08\/reorganisation-temps-scolaire-a-epinal-nouvelle-organisation-a-rentree-2023-2024-2\/#primaryimage\"},\"thumbnailUrl\":\"https:\/\/vosgesinfo.fr\/app\/uploads\/sites\/3\/2022\/08\/p1630613.jpg\",\"datePublished\":\"2022-08-30T04:44:15+00:00\",\"dateModified\":\"2022-08-30T04:44:15+00:00\",\"breadcrumb\":{\"@id\":\"https:\/\/vosgesinfo.fr\/epinalinfo\/2022\/08\/reorganisation-temps-scolaire-a-epinal-nouvelle-organisation-a-rentree-2023-2024-2\/#breadcrumb\"},\"inLanguage\":\"fr-FR\",\"potentialAction\":[{\"@type\":\"ReadAction\",\"target\":[\"https:\/\/vosgesinfo.fr\/epinalinfo\/2022\/08\/reorganisation-temps-scolaire-a-epinal-nouvelle-organisation-a-rentree-2023-2024-2\/\"]}]},{\"@type\":\"ImageObject\",\"inLanguage\":\"fr-FR\",\"@id\":\"https:\/\/vosgesinfo.fr\/epinalinfo\/2022\/08\/reorganisation-temps-scolaire-a-epinal-nouvelle-organisation-a-rentree-2023-2024-2\/#primaryimage\",\"url\":\"https:\/\/vosgesinfo.fr\/app\/uploads\/sites\/3\/2022\/08\/p1630613.jpg\",\"contentUrl\":\"https:\/\/vosgesinfo.fr\/app\/uploads\/sites\/3\/2022\/08\/p1630613.jpg\"},{\"@type\":\"BreadcrumbList\",\"@id\":\"https:\/\/vosgesinfo.fr\/epinalinfo\/2022\/08\/reorganisation-temps-scolaire-a-epinal-nouvelle-organisation-a-rentree-2023-2024-2\/#breadcrumb\",\"itemListElement\":[{\"@type\":\"ListItem\",\"position\":1,\"name\":\"Home\",\"item\":\"https:\/\/vosgesinfo.fr\/epinalinfo\/\"},{\"@type\":\"ListItem\",\"position\":2,\"name\":\"R\u00e9organisation du temps scolaire \u00e0 Epinal: une nouvelle organisation \u00e0 la rentr\u00e9e 2023-2024\"}]},{\"@type\":\"WebSite\",\"@id\":\"https:\/\/vosgesinfo.fr\/epinalinfo\/#website\",\"url\":\"https:\/\/vosgesinfo.fr\/epinalinfo\/\",\"name\":\"Epinal Info\",\"description\":\"Toute l&#039;actualit\u00e9 d&#039;\u00c9pinal\",\"publisher\":{\"@id\":\"https:\/\/vosgesinfo.fr\/epinalinfo\/#organization\"},\"alternateName\":\"Toute l'actualit\u00e9 d'\u00c9pinal\",\"potentialAction\":[{\"@type\":\"SearchAction\",\"target\":{\"@type\":\"EntryPoint\",\"urlTemplate\":\"https:\/\/vosgesinfo.fr\/epinalinfo\/?s={search_term_string}\"},\"query-input\":\"required name=search_term_string\"}],\"inLanguage\":\"fr-FR\"},{\"@type\":\"Organization\",\"@id\":\"https:\/\/vosgesinfo.fr\/epinalinfo\/#organization\",\"name\":\"Epinal Info\",\"url\":\"https:\/\/vosgesinfo.fr\/epinalinfo\/\",\"logo\":{\"@type\":\"ImageObject\",\"inLanguage\":\"fr-FR\",\"@id\":\"https:\/\/vosgesinfo.fr\/epinalinfo\/#\/schema\/logo\/image\/\",\"url\":\"https:\/\/vosgesinfo.fr\/app\/uploads\/sites\/3\/2023\/08\/logo-epinalinfos.svg\",\"contentUrl\":\"https:\/\/vosgesinfo.fr\/app\/uploads\/sites\/3\/2023\/08\/logo-epinalinfos.svg\",\"width\":1,\"height\":1,\"caption\":\"Epinal Info\"},\"image\":{\"@id\":\"https:\/\/vosgesinfo.fr\/epinalinfo\/#\/schema\/logo\/image\/\"},\"sameAs\":[\"https:\/\/www.facebook.com\/Epinalinfos\",\"https:\/\/x.com\/VosgesInfo88\",\"https:\/\/www.youtube.com\/@vosgesinfo\"]},{\"@type\":\"Person\",\"@id\":\"https:\/\/vosgesinfo.fr\/epinalinfo\/#\/schema\/person\/6f9a650eeea99d969b6c4ab78fccbe81\",\"name\":\"C.K.\",\"image\":{\"@type\":\"ImageObject\",\"inLanguage\":\"fr-FR\",\"@id\":\"https:\/\/vosgesinfo.fr\/epinalinfo\/#\/schema\/person\/image\/\",\"url\":\"https:\/\/secure.gravatar.com\/avatar\/48e3fc7f8421ba8942be6b74a2b7f014ca39bc00dece156b7a8e098ae7dc87bf?s=96&d=mm&r=g\",\"contentUrl\":\"https:\/\/secure.gravatar.com\/avatar\/48e3fc7f8421ba8942be6b74a2b7f014ca39bc00dece156b7a8e098ae7dc87bf?s=96&d=mm&r=g\",\"caption\":\"C.K.\"},\"url\":\"https:\/\/vosgesinfo.fr\/epinalinfo\/author\/celia-k-n\/\"}]}<\/script>\n<!-- \/ Yoast SEO plugin. -->","yoast_head_json":{"title":"R\u00e9organisation du temps scolaire \u00e0 Epinal: une nouvelle organisation \u00e0 la rentr\u00e9e 2023-2024 - Epinal Info","robots":{"index":"index","follow":"follow","max-snippet":"max-snippet:-1","max-image-preview":"max-image-preview:large","max-video-preview":"max-video-preview:-1"},"canonical":"https:\/\/vosgesinfo.fr\/epinalinfo\/2022\/08\/reorganisation-temps-scolaire-a-epinal-nouvelle-organisation-a-rentree-2023-2024-2\/","twitter_card":"summary_large_image","twitter_title":"R\u00e9organisation du temps scolaire \u00e0 Epinal: une nouvelle organisation \u00e0 la rentr\u00e9e 2023-2024 - Epinal Info","twitter_description":"La ville d&rsquo;Epinal a lanc\u00e9 une r\u00e9flexion autour de l&rsquo;organisation du temps scolaire et l&rsquo;am\u00e9nagement du temps de l&rsquo;enfant avec [&hellip;]","twitter_image":"https:\/\/vosgesinfo.fr\/app\/uploads\/sites\/3\/2022\/08\/p1630613.jpg","twitter_creator":"@VosgesInfo88","twitter_site":"@VosgesInfo88","twitter_misc":{"\u00c9crit par":"C.K.","Dur\u00e9e de lecture estim\u00e9e":"2 minutes"},"schema":{"@context":"https:\/\/schema.org","@graph":[{"@type":"Article","@id":"https:\/\/vosgesinfo.fr\/epinalinfo\/2022\/08\/reorganisation-temps-scolaire-a-epinal-nouvelle-organisation-a-rentree-2023-2024-2\/#article","isPartOf":{"@id":"https:\/\/vosgesinfo.fr\/epinalinfo\/2022\/08\/reorganisation-temps-scolaire-a-epinal-nouvelle-organisation-a-rentree-2023-2024-2\/"},"author":{"name":"C.K.","@id":"https:\/\/vosgesinfo.fr\/epinalinfo\/#\/schema\/person\/6f9a650eeea99d969b6c4ab78fccbe81"},"headline":"R\u00e9organisation du temps scolaire \u00e0 Epinal: une nouvelle organisation \u00e0 la rentr\u00e9e 2023-2024","datePublished":"2022-08-30T04:44:15+00:00","dateModified":"2022-08-30T04:44:15+00:00","mainEntityOfPage":{"@id":"https:\/\/vosgesinfo.fr\/epinalinfo\/2022\/08\/reorganisation-temps-scolaire-a-epinal-nouvelle-organisation-a-rentree-2023-2024-2\/"},"wordCount":368,"commentCount":0,"publisher":{"@id":"https:\/\/vosgesinfo.fr\/epinalinfo\/#organization"},"image":{"@id":"https:\/\/vosgesinfo.fr\/epinalinfo\/2022\/08\/reorganisation-temps-scolaire-a-epinal-nouvelle-organisation-a-rentree-2023-2024-2\/#primaryimage"},"thumbnailUrl":"https:\/\/vosgesinfo.fr\/app\/uploads\/sites\/3\/2022\/08\/p1630613.jpg","keywords":["\u00e9coles","\u00e9ducation","Epinal","rentr\u00e9e scolaire 2022","R\u00e9organisation du temps scolaire \u00e0 Epinal"],"articleSection":["A la Une","\u00c9ducation","Epinal"],"inLanguage":"fr-FR","potentialAction":[{"@type":"CommentAction","name":"Comment","target":["https:\/\/vosgesinfo.fr\/epinalinfo\/2022\/08\/reorganisation-temps-scolaire-a-epinal-nouvelle-organisation-a-rentree-2023-2024-2\/#respond"]}]},{"@type":"WebPage","@id":"https:\/\/vosgesinfo.fr\/epinalinfo\/2022\/08\/reorganisation-temps-scolaire-a-epinal-nouvelle-organisation-a-rentree-2023-2024-2\/","url":"https:\/\/vosgesinfo.fr\/epinalinfo\/2022\/08\/reorganisation-temps-scolaire-a-epinal-nouvelle-organisation-a-rentree-2023-2024-2\/","name":"R\u00e9organisation du temps scolaire \u00e0 Epinal: une nouvelle organisation \u00e0 la rentr\u00e9e 2023-2024 - Epinal Info","isPartOf":{"@id":"https:\/\/vosgesinfo.fr\/epinalinfo\/#website"},"primaryImageOfPage":{"@id":"https:\/\/vosgesinfo.fr\/epinalinfo\/2022\/08\/reorganisation-temps-scolaire-a-epinal-nouvelle-organisation-a-rentree-2023-2024-2\/#primaryimage"},"image":{"@id":"https:\/\/vosgesinfo.fr\/epinalinfo\/2022\/08\/reorganisation-temps-scolaire-a-epinal-nouvelle-organisation-a-rentree-2023-2024-2\/#primaryimage"},"thumbnailUrl":"https:\/\/vosgesinfo.fr\/app\/uploads\/sites\/3\/2022\/08\/p1630613.jpg","datePublished":"2022-08-30T04:44:15+00:00","dateModified":"2022-08-30T04:44:15+00:00","breadcrumb":{"@id":"https:\/\/vosgesinfo.fr\/epinalinfo\/2022\/08\/reorganisation-temps-scolaire-a-epinal-nouvelle-organisation-a-rentree-2023-2024-2\/#breadcrumb"},"inLanguage":"fr-FR","potentialAction":[{"@type":"ReadAction","target":["https:\/\/vosgesinfo.fr\/epinalinfo\/2022\/08\/reorganisation-temps-scolaire-a-epinal-nouvelle-organisation-a-rentree-2023-2024-2\/"]}]},{"@type":"ImageObject","inLanguage":"fr-FR","@id":"https:\/\/vosgesinfo.fr\/epinalinfo\/2022\/08\/reorganisation-temps-scolaire-a-epinal-nouvelle-organisation-a-rentree-2023-2024-2\/#primaryimage","url":"https:\/\/vosgesinfo.fr\/app\/uploads\/sites\/3\/2022\/08\/p1630613.jpg","contentUrl":"https:\/\/vosgesinfo.fr\/app\/uploads\/sites\/3\/2022\/08\/p1630613.jpg"},{"@type":"BreadcrumbList","@id":"https:\/\/vosgesinfo.fr\/epinalinfo\/2022\/08\/reorganisation-temps-scolaire-a-epinal-nouvelle-organisation-a-rentree-2023-2024-2\/#breadcrumb","itemListElement":[{"@type":"ListItem","position":1,"name":"Home","item":"https:\/\/vosgesinfo.fr\/epinalinfo\/"},{"@type":"ListItem","position":2,"name":"R\u00e9organisation du temps scolaire \u00e0 Epinal: une nouvelle organisation \u00e0 la rentr\u00e9e 2023-2024"}]},{"@type":"WebSite","@id":"https:\/\/vosgesinfo.fr\/epinalinfo\/#website","url":"https:\/\/vosgesinfo.fr\/epinalinfo\/","name":"Epinal Info","description":"Toute l&#039;actualit\u00e9 d&#039;\u00c9pinal","publisher":{"@id":"https:\/\/vosgesinfo.fr\/epinalinfo\/#organization"},"alternateName":"Toute l'actualit\u00e9 d'\u00c9pinal","potentialAction":[{"@type":"SearchAction","target":{"@type":"EntryPoint","urlTemplate":"https:\/\/vosgesinfo.fr\/epinalinfo\/?s={search_term_string}"},"query-input":"required name=search_term_string"}],"inLanguage":"fr-FR"},{"@type":"Organization","@id":"https:\/\/vosgesinfo.fr\/epinalinfo\/#organization","name":"Epinal Info","url":"https:\/\/vosgesinfo.fr\/epinalinfo\/","logo":{"@type":"ImageObject","inLanguage":"fr-FR","@id":"https:\/\/vosgesinfo.fr\/epinalinfo\/#\/schema\/logo\/image\/","url":"https:\/\/vosgesinfo.fr\/app\/uploads\/sites\/3\/2023\/08\/logo-epinalinfos.svg","contentUrl":"https:\/\/vosgesinfo.fr\/app\/uploads\/sites\/3\/2023\/08\/logo-epinalinfos.svg","width":1,"height":1,"caption":"Epinal Info"},"image":{"@id":"https:\/\/vosgesinfo.fr\/epinalinfo\/#\/schema\/logo\/image\/"},"sameAs":["https:\/\/www.facebook.com\/Epinalinfos","https:\/\/x.com\/VosgesInfo88","https:\/\/www.youtube.com\/@vosgesinfo"]},{"@type":"Person","@id":"https:\/\/vosgesinfo.fr\/epinalinfo\/#\/schema\/person\/6f9a650eeea99d969b6c4ab78fccbe81","name":"C.K.","image":{"@type":"ImageObject","inLanguage":"fr-FR","@id":"https:\/\/vosgesinfo.fr\/epinalinfo\/#\/schema\/person\/image\/","url":"https:\/\/secure.gravatar.com\/avatar\/48e3fc7f8421ba8942be6b74a2b7f014ca39bc00dece156b7a8e098ae7dc87bf?s=96&d=mm&r=g","contentUrl":"https:\/\/secure.gravatar.com\/avatar\/48e3fc7f8421ba8942be6b74a2b7f014ca39bc00dece156b7a8e098ae7dc87bf?s=96&d=mm&r=g","caption":"C.K."},"url":"https:\/\/vosgesinfo.fr\/epinalinfo\/author\/celia-k-n\/"}]}},"_links":{"self":[{"href":"https:\/\/vosgesinfo.fr\/epinalinfo\/wp-json\/wp\/v2\/posts\/116708","targetHints":{"allow":["GET"]}}],"collection":[{"href":"https:\/\/vosgesinfo.fr\/epinalinfo\/wp-json\/wp\/v2\/posts"}],"about":[{"href":"https:\/\/vosgesinfo.fr\/epinalinfo\/wp-json\/wp\/v2\/types\/post"}],"author":[{"embeddable":true,"href":"https:\/\/vosgesinfo.fr\/epinalinfo\/wp-json\/wp\/v2\/users\/52"}],"replies":[{"embeddable":true,"href":"https:\/\/vosgesinfo.fr\/epinalinfo\/wp-json\/wp\/v2\/comments?post=116708"}],"version-history":[{"count":0,"href":"https:\/\/vosgesinfo.fr\/epinalinfo\/wp-json\/wp\/v2\/posts\/116708\/revisions"}],"wp:featuredmedia":[{"embeddable":true,"href":"https:\/\/vosgesinfo.fr\/epinalinfo\/wp-json\/wp\/v2\/media\/20803"}],"wp:attachment":[{"href":"https:\/\/vosgesinfo.fr\/epinalinfo\/wp-json\/wp\/v2\/media?parent=116708"}],"wp:term":[{"taxonomy":"category","embeddable":true,"href":"https:\/\/vosgesinfo.fr\/epinalinfo\/wp-json\/wp\/v2\/categories?post=116708"},{"taxonomy":"post_tag","embeddable":true,"href":"https:\/\/vosgesinfo.fr\/epinalinfo\/wp-json\/wp\/v2\/tags?post=116708"}],"curies":[{"name":"wp","href":"https:\/\/api.w.org\/{rel}","templated":true}]}}