{"id":116788,"date":"2022-09-08T12:04:47","date_gmt":"2022-09-08T10:04:47","guid":{"rendered":"https:\/\/vosgesinfo.fr\/epinalinfo\/2022\/09\/sirenes-declenchees-site-antargaz-de-golbey-2\/"},"modified":"2022-09-08T12:04:47","modified_gmt":"2022-09-08T10:04:47","slug":"sirenes-declenchees-site-antargaz-de-golbey-2","status":"publish","type":"post","link":"https:\/\/vosgesinfo.fr\/epinalinfo\/2022\/09\/sirenes-declenchees-site-antargaz-de-golbey-2\/","title":{"rendered":"Les sir\u00e8nes d\u00e9clench\u00e9es sur le site Antargaz de Golbey"},"content":{"rendered":"<h2><span style=\"font-size: 14pt;\"><a href=\"\/2022\/09\/P1630677.jpg\"><img decoding=\"async\" class=\"aligncenter size-large wp-image-207239\" src=\"\/2022\/09\/P1630677-800x600.jpg\" alt=\"P1630677\" width=\"800\" height=\"600\" \/><\/a>Ce jeudi 8 septembre la ville de Golbey vivait une situation de crise. Il s&rsquo;agissait d&rsquo;un exercice, obligatoire tous les trois ans, organis\u00e9 par la pr\u00e9fecture des Vosges. 90 personnes et 19 v\u00e9hicules \u00e9taient engag\u00e9s.\u00a0<\/span><\/h2>\n<p>Un exercice de terrain impliquant les diff\u00e9rents services d&rsquo;intervention de l&rsquo;Etat, la commune de Golbey, ainsi que les entreprises priv\u00e9es \u00e9tait organis\u00e9 ce jeudi 8 septembre sur le site Antargaz de Golbey, class\u00e9 SEVESO. Cet exercice est obligatoire, tous les trois ans. Il permet de mettre en situation les services de secours suite \u00e0 un incident qui pourrait toucher le site Antargaz de Golbey. <em>\u00ab\u00a0L&rsquo;objectif est de tester la r\u00e9ponse de s\u00e9curit\u00e9 civile dans les dispositions sp\u00e9cifiques concernant les plans particuliers d&rsquo;intervention.\u00a0\u00bb<\/em> explique le Pr\u00e9fet des Vosges.<\/p>\n<p>Le scenario pr\u00e9voyait qu&rsquo;apr\u00e8s une secousse sismique, une alarme signale la pr\u00e9sence de gaz \u00e0 l&rsquo;ext\u00e9rieur des cuves, qui s&rsquo;enflamme et provoque une exposition. 90 personnes et 19 v\u00e9hicules \u00e9taient engag\u00e9s. Cet exercice a demand\u00e9 6 mois de pr\u00e9paration pour trois heures d&rsquo;exercice.<\/p>\n<p>Chaque ann\u00e9e, une dizaine d&rsquo;exercices sont organis\u00e9s par la pr\u00e9fecture des Vosges, afin de s&rsquo;entra\u00eener \u00e0 la gestion des diff\u00e9rents risques pouvant survenir sur le d\u00e9partement (industriel, inondation, terrorisme, transport de mati\u00e8re dangereuses&#8230;).<\/p>\n<p>C.K.N.<\/p>\n\n","protected":false},"excerpt":{"rendered":"<p>Ce jeudi 8 septembre la ville de Golbey vivait une situation de crise. Il s&rsquo;agissait d&rsquo;un exercice, obligatoire tous les [&hellip;]<\/p>\n","protected":false},"author":52,"featured_media":21155,"comment_status":"open","ping_status":"open","sticky":false,"template":"","format":"standard","meta":{"footnotes":""},"categories":[22,148,92,5],"tags":[4261,4262,205,4191],"class_list":["post-116788","post","type-post","status-publish","format-standard","has-post-thumbnail","hentry","category-a-la-une","category-golbey","category-securite","category-vosges","tag-antargaz","tag-exercice","tag-golbey","tag-sirenes"],"acf":[],"yoast_head":"<!-- This site is optimized with the Yoast SEO plugin v22.5 - https:\/\/yoast.com\/wordpress\/plugins\/seo\/ -->\n<title>Les sir\u00e8nes d\u00e9clench\u00e9es sur le site Antargaz de Golbey - Epinal Info<\/title>\n<meta name=\"robots\" content=\"index, follow, max-snippet:-1, max-image-preview:large, max-video-preview:-1\" \/>\n<link rel=\"canonical\" href=\"https:\/\/vosgesinfo.fr\/epinalinfo\/2022\/09\/sirenes-declenchees-site-antargaz-de-golbey-2\/\" \/>\n<meta name=\"twitter:card\" content=\"summary_large_image\" \/>\n<meta name=\"twitter:title\" content=\"Les sir\u00e8nes d\u00e9clench\u00e9es sur le site Antargaz de Golbey - Epinal Info\" \/>\n<meta name=\"twitter:description\" content=\"Ce jeudi 8 septembre la ville de Golbey vivait une situation de crise. Il s&rsquo;agissait d&rsquo;un exercice, obligatoire tous les [&hellip;]\" \/>\n<meta name=\"twitter:image\" content=\"https:\/\/vosgesinfo.fr\/app\/uploads\/sites\/3\/2022\/09\/p1630677.jpg\" \/>\n<meta name=\"twitter:creator\" content=\"@VosgesInfo88\" \/>\n<meta name=\"twitter:site\" content=\"@VosgesInfo88\" \/>\n<meta name=\"twitter:label1\" content=\"\u00c9crit par\" \/>\n\t<meta name=\"twitter:data1\" content=\"C.K.\" \/>\n\t<meta name=\"twitter:label2\" content=\"Dur\u00e9e de lecture estim\u00e9e\" \/>\n\t<meta name=\"twitter:data2\" content=\"1 minute\" \/>\n<script type=\"application\/ld+json\" class=\"yoast-schema-graph\">{\"@context\":\"https:\/\/schema.org\",\"@graph\":[{\"@type\":\"Article\",\"@id\":\"https:\/\/vosgesinfo.fr\/epinalinfo\/2022\/09\/sirenes-declenchees-site-antargaz-de-golbey-2\/#article\",\"isPartOf\":{\"@id\":\"https:\/\/vosgesinfo.fr\/epinalinfo\/2022\/09\/sirenes-declenchees-site-antargaz-de-golbey-2\/\"},\"author\":{\"name\":\"C.K.\",\"@id\":\"https:\/\/vosgesinfo.fr\/epinalinfo\/#\/schema\/person\/6f9a650eeea99d969b6c4ab78fccbe81\"},\"headline\":\"Les sir\u00e8nes d\u00e9clench\u00e9es sur le site Antargaz de Golbey\",\"datePublished\":\"2022-09-08T10:04:47+00:00\",\"dateModified\":\"2022-09-08T10:04:47+00:00\",\"mainEntityOfPage\":{\"@id\":\"https:\/\/vosgesinfo.fr\/epinalinfo\/2022\/09\/sirenes-declenchees-site-antargaz-de-golbey-2\/\"},\"wordCount\":248,\"commentCount\":0,\"publisher\":{\"@id\":\"https:\/\/vosgesinfo.fr\/epinalinfo\/#organization\"},\"image\":{\"@id\":\"https:\/\/vosgesinfo.fr\/epinalinfo\/2022\/09\/sirenes-declenchees-site-antargaz-de-golbey-2\/#primaryimage\"},\"thumbnailUrl\":\"https:\/\/vosgesinfo.fr\/app\/uploads\/sites\/3\/2022\/09\/p1630677.jpg\",\"keywords\":[\"Antargaz\",\"exercice\",\"Golbey\",\"sir\u00e8nes\"],\"articleSection\":[\"A la Une\",\"Golbey\",\"S\u00e9curit\u00e9\",\"Vosges\"],\"inLanguage\":\"fr-FR\",\"potentialAction\":[{\"@type\":\"CommentAction\",\"name\":\"Comment\",\"target\":[\"https:\/\/vosgesinfo.fr\/epinalinfo\/2022\/09\/sirenes-declenchees-site-antargaz-de-golbey-2\/#respond\"]}]},{\"@type\":\"WebPage\",\"@id\":\"https:\/\/vosgesinfo.fr\/epinalinfo\/2022\/09\/sirenes-declenchees-site-antargaz-de-golbey-2\/\",\"url\":\"https:\/\/vosgesinfo.fr\/epinalinfo\/2022\/09\/sirenes-declenchees-site-antargaz-de-golbey-2\/\",\"name\":\"Les sir\u00e8nes d\u00e9clench\u00e9es sur le site Antargaz de Golbey - Epinal Info\",\"isPartOf\":{\"@id\":\"https:\/\/vosgesinfo.fr\/epinalinfo\/#website\"},\"primaryImageOfPage\":{\"@id\":\"https:\/\/vosgesinfo.fr\/epinalinfo\/2022\/09\/sirenes-declenchees-site-antargaz-de-golbey-2\/#primaryimage\"},\"image\":{\"@id\":\"https:\/\/vosgesinfo.fr\/epinalinfo\/2022\/09\/sirenes-declenchees-site-antargaz-de-golbey-2\/#primaryimage\"},\"thumbnailUrl\":\"https:\/\/vosgesinfo.fr\/app\/uploads\/sites\/3\/2022\/09\/p1630677.jpg\",\"datePublished\":\"2022-09-08T10:04:47+00:00\",\"dateModified\":\"2022-09-08T10:04:47+00:00\",\"breadcrumb\":{\"@id\":\"https:\/\/vosgesinfo.fr\/epinalinfo\/2022\/09\/sirenes-declenchees-site-antargaz-de-golbey-2\/#breadcrumb\"},\"inLanguage\":\"fr-FR\",\"potentialAction\":[{\"@type\":\"ReadAction\",\"target\":[\"https:\/\/vosgesinfo.fr\/epinalinfo\/2022\/09\/sirenes-declenchees-site-antargaz-de-golbey-2\/\"]}]},{\"@type\":\"ImageObject\",\"inLanguage\":\"fr-FR\",\"@id\":\"https:\/\/vosgesinfo.fr\/epinalinfo\/2022\/09\/sirenes-declenchees-site-antargaz-de-golbey-2\/#primaryimage\",\"url\":\"https:\/\/vosgesinfo.fr\/app\/uploads\/sites\/3\/2022\/09\/p1630677.jpg\",\"contentUrl\":\"https:\/\/vosgesinfo.fr\/app\/uploads\/sites\/3\/2022\/09\/p1630677.jpg\"},{\"@type\":\"BreadcrumbList\",\"@id\":\"https:\/\/vosgesinfo.fr\/epinalinfo\/2022\/09\/sirenes-declenchees-site-antargaz-de-golbey-2\/#breadcrumb\",\"itemListElement\":[{\"@type\":\"ListItem\",\"position\":1,\"name\":\"Home\",\"item\":\"https:\/\/vosgesinfo.fr\/epinalinfo\/\"},{\"@type\":\"ListItem\",\"position\":2,\"name\":\"Les sir\u00e8nes d\u00e9clench\u00e9es sur le site Antargaz de Golbey\"}]},{\"@type\":\"WebSite\",\"@id\":\"https:\/\/vosgesinfo.fr\/epinalinfo\/#website\",\"url\":\"https:\/\/vosgesinfo.fr\/epinalinfo\/\",\"name\":\"Epinal Info\",\"description\":\"Toute l&#039;actualit\u00e9 d&#039;\u00c9pinal\",\"publisher\":{\"@id\":\"https:\/\/vosgesinfo.fr\/epinalinfo\/#organization\"},\"alternateName\":\"Toute l'actualit\u00e9 d'\u00c9pinal\",\"potentialAction\":[{\"@type\":\"SearchAction\",\"target\":{\"@type\":\"EntryPoint\",\"urlTemplate\":\"https:\/\/vosgesinfo.fr\/epinalinfo\/?s={search_term_string}\"},\"query-input\":\"required name=search_term_string\"}],\"inLanguage\":\"fr-FR\"},{\"@type\":\"Organization\",\"@id\":\"https:\/\/vosgesinfo.fr\/epinalinfo\/#organization\",\"name\":\"Epinal Info\",\"url\":\"https:\/\/vosgesinfo.fr\/epinalinfo\/\",\"logo\":{\"@type\":\"ImageObject\",\"inLanguage\":\"fr-FR\",\"@id\":\"https:\/\/vosgesinfo.fr\/epinalinfo\/#\/schema\/logo\/image\/\",\"url\":\"https:\/\/vosgesinfo.fr\/app\/uploads\/sites\/3\/2023\/08\/logo-epinalinfos.svg\",\"contentUrl\":\"https:\/\/vosgesinfo.fr\/app\/uploads\/sites\/3\/2023\/08\/logo-epinalinfos.svg\",\"width\":1,\"height\":1,\"caption\":\"Epinal Info\"},\"image\":{\"@id\":\"https:\/\/vosgesinfo.fr\/epinalinfo\/#\/schema\/logo\/image\/\"},\"sameAs\":[\"https:\/\/www.facebook.com\/Epinalinfos\",\"https:\/\/x.com\/VosgesInfo88\",\"https:\/\/www.youtube.com\/@vosgesinfo\"]},{\"@type\":\"Person\",\"@id\":\"https:\/\/vosgesinfo.fr\/epinalinfo\/#\/schema\/person\/6f9a650eeea99d969b6c4ab78fccbe81\",\"name\":\"C.K.\",\"image\":{\"@type\":\"ImageObject\",\"inLanguage\":\"fr-FR\",\"@id\":\"https:\/\/vosgesinfo.fr\/epinalinfo\/#\/schema\/person\/image\/\",\"url\":\"https:\/\/secure.gravatar.com\/avatar\/48e3fc7f8421ba8942be6b74a2b7f014ca39bc00dece156b7a8e098ae7dc87bf?s=96&d=mm&r=g\",\"contentUrl\":\"https:\/\/secure.gravatar.com\/avatar\/48e3fc7f8421ba8942be6b74a2b7f014ca39bc00dece156b7a8e098ae7dc87bf?s=96&d=mm&r=g\",\"caption\":\"C.K.\"},\"url\":\"https:\/\/vosgesinfo.fr\/epinalinfo\/author\/celia-k-n\/\"}]}<\/script>\n<!-- \/ Yoast SEO plugin. -->","yoast_head_json":{"title":"Les sir\u00e8nes d\u00e9clench\u00e9es sur le site Antargaz de Golbey - Epinal Info","robots":{"index":"index","follow":"follow","max-snippet":"max-snippet:-1","max-image-preview":"max-image-preview:large","max-video-preview":"max-video-preview:-1"},"canonical":"https:\/\/vosgesinfo.fr\/epinalinfo\/2022\/09\/sirenes-declenchees-site-antargaz-de-golbey-2\/","twitter_card":"summary_large_image","twitter_title":"Les sir\u00e8nes d\u00e9clench\u00e9es sur le site Antargaz de Golbey - Epinal Info","twitter_description":"Ce jeudi 8 septembre la ville de Golbey vivait une situation de crise. Il s&rsquo;agissait d&rsquo;un exercice, obligatoire tous les [&hellip;]","twitter_image":"https:\/\/vosgesinfo.fr\/app\/uploads\/sites\/3\/2022\/09\/p1630677.jpg","twitter_creator":"@VosgesInfo88","twitter_site":"@VosgesInfo88","twitter_misc":{"\u00c9crit par":"C.K.","Dur\u00e9e de lecture estim\u00e9e":"1 minute"},"schema":{"@context":"https:\/\/schema.org","@graph":[{"@type":"Article","@id":"https:\/\/vosgesinfo.fr\/epinalinfo\/2022\/09\/sirenes-declenchees-site-antargaz-de-golbey-2\/#article","isPartOf":{"@id":"https:\/\/vosgesinfo.fr\/epinalinfo\/2022\/09\/sirenes-declenchees-site-antargaz-de-golbey-2\/"},"author":{"name":"C.K.","@id":"https:\/\/vosgesinfo.fr\/epinalinfo\/#\/schema\/person\/6f9a650eeea99d969b6c4ab78fccbe81"},"headline":"Les sir\u00e8nes d\u00e9clench\u00e9es sur le site Antargaz de Golbey","datePublished":"2022-09-08T10:04:47+00:00","dateModified":"2022-09-08T10:04:47+00:00","mainEntityOfPage":{"@id":"https:\/\/vosgesinfo.fr\/epinalinfo\/2022\/09\/sirenes-declenchees-site-antargaz-de-golbey-2\/"},"wordCount":248,"commentCount":0,"publisher":{"@id":"https:\/\/vosgesinfo.fr\/epinalinfo\/#organization"},"image":{"@id":"https:\/\/vosgesinfo.fr\/epinalinfo\/2022\/09\/sirenes-declenchees-site-antargaz-de-golbey-2\/#primaryimage"},"thumbnailUrl":"https:\/\/vosgesinfo.fr\/app\/uploads\/sites\/3\/2022\/09\/p1630677.jpg","keywords":["Antargaz","exercice","Golbey","sir\u00e8nes"],"articleSection":["A la Une","Golbey","S\u00e9curit\u00e9","Vosges"],"inLanguage":"fr-FR","potentialAction":[{"@type":"CommentAction","name":"Comment","target":["https:\/\/vosgesinfo.fr\/epinalinfo\/2022\/09\/sirenes-declenchees-site-antargaz-de-golbey-2\/#respond"]}]},{"@type":"WebPage","@id":"https:\/\/vosgesinfo.fr\/epinalinfo\/2022\/09\/sirenes-declenchees-site-antargaz-de-golbey-2\/","url":"https:\/\/vosgesinfo.fr\/epinalinfo\/2022\/09\/sirenes-declenchees-site-antargaz-de-golbey-2\/","name":"Les sir\u00e8nes d\u00e9clench\u00e9es sur le site Antargaz de Golbey - Epinal Info","isPartOf":{"@id":"https:\/\/vosgesinfo.fr\/epinalinfo\/#website"},"primaryImageOfPage":{"@id":"https:\/\/vosgesinfo.fr\/epinalinfo\/2022\/09\/sirenes-declenchees-site-antargaz-de-golbey-2\/#primaryimage"},"image":{"@id":"https:\/\/vosgesinfo.fr\/epinalinfo\/2022\/09\/sirenes-declenchees-site-antargaz-de-golbey-2\/#primaryimage"},"thumbnailUrl":"https:\/\/vosgesinfo.fr\/app\/uploads\/sites\/3\/2022\/09\/p1630677.jpg","datePublished":"2022-09-08T10:04:47+00:00","dateModified":"2022-09-08T10:04:47+00:00","breadcrumb":{"@id":"https:\/\/vosgesinfo.fr\/epinalinfo\/2022\/09\/sirenes-declenchees-site-antargaz-de-golbey-2\/#breadcrumb"},"inLanguage":"fr-FR","potentialAction":[{"@type":"ReadAction","target":["https:\/\/vosgesinfo.fr\/epinalinfo\/2022\/09\/sirenes-declenchees-site-antargaz-de-golbey-2\/"]}]},{"@type":"ImageObject","inLanguage":"fr-FR","@id":"https:\/\/vosgesinfo.fr\/epinalinfo\/2022\/09\/sirenes-declenchees-site-antargaz-de-golbey-2\/#primaryimage","url":"https:\/\/vosgesinfo.fr\/app\/uploads\/sites\/3\/2022\/09\/p1630677.jpg","contentUrl":"https:\/\/vosgesinfo.fr\/app\/uploads\/sites\/3\/2022\/09\/p1630677.jpg"},{"@type":"BreadcrumbList","@id":"https:\/\/vosgesinfo.fr\/epinalinfo\/2022\/09\/sirenes-declenchees-site-antargaz-de-golbey-2\/#breadcrumb","itemListElement":[{"@type":"ListItem","position":1,"name":"Home","item":"https:\/\/vosgesinfo.fr\/epinalinfo\/"},{"@type":"ListItem","position":2,"name":"Les sir\u00e8nes d\u00e9clench\u00e9es sur le site Antargaz de Golbey"}]},{"@type":"WebSite","@id":"https:\/\/vosgesinfo.fr\/epinalinfo\/#website","url":"https:\/\/vosgesinfo.fr\/epinalinfo\/","name":"Epinal Info","description":"Toute l&#039;actualit\u00e9 d&#039;\u00c9pinal","publisher":{"@id":"https:\/\/vosgesinfo.fr\/epinalinfo\/#organization"},"alternateName":"Toute l'actualit\u00e9 d'\u00c9pinal","potentialAction":[{"@type":"SearchAction","target":{"@type":"EntryPoint","urlTemplate":"https:\/\/vosgesinfo.fr\/epinalinfo\/?s={search_term_string}"},"query-input":"required name=search_term_string"}],"inLanguage":"fr-FR"},{"@type":"Organization","@id":"https:\/\/vosgesinfo.fr\/epinalinfo\/#organization","name":"Epinal Info","url":"https:\/\/vosgesinfo.fr\/epinalinfo\/","logo":{"@type":"ImageObject","inLanguage":"fr-FR","@id":"https:\/\/vosgesinfo.fr\/epinalinfo\/#\/schema\/logo\/image\/","url":"https:\/\/vosgesinfo.fr\/app\/uploads\/sites\/3\/2023\/08\/logo-epinalinfos.svg","contentUrl":"https:\/\/vosgesinfo.fr\/app\/uploads\/sites\/3\/2023\/08\/logo-epinalinfos.svg","width":1,"height":1,"caption":"Epinal Info"},"image":{"@id":"https:\/\/vosgesinfo.fr\/epinalinfo\/#\/schema\/logo\/image\/"},"sameAs":["https:\/\/www.facebook.com\/Epinalinfos","https:\/\/x.com\/VosgesInfo88","https:\/\/www.youtube.com\/@vosgesinfo"]},{"@type":"Person","@id":"https:\/\/vosgesinfo.fr\/epinalinfo\/#\/schema\/person\/6f9a650eeea99d969b6c4ab78fccbe81","name":"C.K.","image":{"@type":"ImageObject","inLanguage":"fr-FR","@id":"https:\/\/vosgesinfo.fr\/epinalinfo\/#\/schema\/person\/image\/","url":"https:\/\/secure.gravatar.com\/avatar\/48e3fc7f8421ba8942be6b74a2b7f014ca39bc00dece156b7a8e098ae7dc87bf?s=96&d=mm&r=g","contentUrl":"https:\/\/secure.gravatar.com\/avatar\/48e3fc7f8421ba8942be6b74a2b7f014ca39bc00dece156b7a8e098ae7dc87bf?s=96&d=mm&r=g","caption":"C.K."},"url":"https:\/\/vosgesinfo.fr\/epinalinfo\/author\/celia-k-n\/"}]}},"_links":{"self":[{"href":"https:\/\/vosgesinfo.fr\/epinalinfo\/wp-json\/wp\/v2\/posts\/116788","targetHints":{"allow":["GET"]}}],"collection":[{"href":"https:\/\/vosgesinfo.fr\/epinalinfo\/wp-json\/wp\/v2\/posts"}],"about":[{"href":"https:\/\/vosgesinfo.fr\/epinalinfo\/wp-json\/wp\/v2\/types\/post"}],"author":[{"embeddable":true,"href":"https:\/\/vosgesinfo.fr\/epinalinfo\/wp-json\/wp\/v2\/users\/52"}],"replies":[{"embeddable":true,"href":"https:\/\/vosgesinfo.fr\/epinalinfo\/wp-json\/wp\/v2\/comments?post=116788"}],"version-history":[{"count":0,"href":"https:\/\/vosgesinfo.fr\/epinalinfo\/wp-json\/wp\/v2\/posts\/116788\/revisions"}],"wp:featuredmedia":[{"embeddable":true,"href":"https:\/\/vosgesinfo.fr\/epinalinfo\/wp-json\/wp\/v2\/media\/21155"}],"wp:attachment":[{"href":"https:\/\/vosgesinfo.fr\/epinalinfo\/wp-json\/wp\/v2\/media?parent=116788"}],"wp:term":[{"taxonomy":"category","embeddable":true,"href":"https:\/\/vosgesinfo.fr\/epinalinfo\/wp-json\/wp\/v2\/categories?post=116788"},{"taxonomy":"post_tag","embeddable":true,"href":"https:\/\/vosgesinfo.fr\/epinalinfo\/wp-json\/wp\/v2\/tags?post=116788"}],"curies":[{"name":"wp","href":"https:\/\/api.w.org\/{rel}","templated":true}]}}