{"id":116825,"date":"2022-09-12T15:23:52","date_gmt":"2022-09-12T13:23:52","guid":{"rendered":"https:\/\/vosgesinfo.fr\/epinalinfo\/2022\/09\/operation-coup-de-poing-agriculteurs-supermarche-a-epinal-2\/"},"modified":"2022-09-12T15:23:52","modified_gmt":"2022-09-12T13:23:52","slug":"operation-coup-de-poing-agriculteurs-supermarche-a-epinal-2","status":"publish","type":"post","link":"https:\/\/vosgesinfo.fr\/epinalinfo\/2022\/09\/operation-coup-de-poing-agriculteurs-supermarche-a-epinal-2\/","title":{"rendered":"Op\u00e9ration coup de poing des agriculteurs dans un supermarch\u00e9 \u00e0 Epinal"},"content":{"rendered":"<h2><span style=\"font-size: 14pt;\"><a href=\"\/2022\/09\/P1630791.jpg\"><img decoding=\"async\" class=\"aligncenter size-large wp-image-207555\" src=\"\/2022\/09\/P1630791-800x600.jpg\" alt=\"P1630791\" width=\"800\" height=\"600\" \/><\/a>Les producteurs de lait des Vosges se sont donn\u00e9s rendez-vous ce lundi devant le supermarch\u00e9 Carrefour d&rsquo;Epinal-Jeuxey pour une action coup de poing. Ils demandent une hausse du prix du lait.<\/span><\/h2>\n<p><em>\u00ab\u00a0Notre lait \u00e0 des valeurs, mais aussi un prix.\u00a0\u00bb<\/em> tel est le slogan des producteurs de lait. Les producteurs de lait des Vosges sont en col\u00e8re. Ce lundi, ils avaient organis\u00e9\u00a0une action coup de poing au\u00a0\u00a0supermarch\u00e9 Carrefour d&rsquo;Epinal-Jeuxey. Ils ont retir\u00e9 des rayons les produits laitiers en vente en dessous ou aux alentours d&rsquo;1\u00a0<em>\u20ac.\u00a0<\/em><em>\u00ab\u00a0Le prix moyen UHT pay\u00e9 par le consommateur en Allemagne est \u00e0 0,99\u20ac\/litre ; en Belgique 1.05\u20ac\/litre, lorsqu\u2019il est \u00e0 0,78 \u20ac en France !\u00a0\u00bb<\/em> explique commente\u00a0Philippe Cl\u00e9ment, Pr\u00e9sident FDSEA des Vosges.\u00a0 \u00ab\u00a0<em>Moi sur mon exploitation, les charges ont flamb\u00e9, je ne m&rsquo;y retrouve plus<\/em>\u00a0\u00bb poursuit un agriculteur qui colle\u00a0ses stickers (\u00ab\u00a0tout lait m\u00e9rite salaire\u00a0\u00bb) sur un lot de briques de lait.<\/p>\n<h3>Un mouvement pour le respect de la loi Egalim<\/h3>\n<p>\u00ab\u00a0L<em>es producteurs de lait veulent simplement vivre dignement de leur m\u00e9tier. La Loi Egalim a \u00e9t\u00e9 vot\u00e9e par tous les partis, il ne s&rsquo;agit donc pas d&rsquo;un probl\u00e8me politique mais cette loi, qui doit permettre de mieux r\u00e9mun\u00e9rer les agriculteurs, n&rsquo;est pas respect\u00e9e.\u00a0\u00bb <\/em>commente\u00a0Philippe Cl\u00e9ment, Pr\u00e9sident FDSEA des Vosges.<\/p>\n<p><em>\u00ab\u00a0Depuis le d\u00e9but de l\u2019ann\u00e9e, on constate un d\u00e9crochage du prix du lait pay\u00e9 aux producteurs de lait alors que le respect de la loi EGalim n\u2019est toujours pas une r\u00e9alit\u00e9 et que l\u2019on constate que le prix pay\u00e9 par le consommateur fran\u00e7ais stagne voire conna\u00eet une d\u00e9flation en euros constants. Pire, certains ministres, en contradiction avec la loi qu\u2019ils ont pourtant fait voter, appellent \u00e0 des promotions ill\u00e9gales de 50% ou une remise en cause du SRP \u00e0 10% ! Ce bruit de fond est exploit\u00e9 par les GMS pour proposer de supprimer la loi EGalim ou de la mettre \u00e0 mal.\u00a0\u00bb<\/em> poursuivent-ils.<\/p>\n<p>C.K.N.<\/p>\n\n<p>&nbsp;<\/p>\n<p>&nbsp;<\/p>\n<div id=\"inread\" class=\"inread\" data-adunit=\"infos\/infos\/article\" data-keywords=\"sud-lorraine\" data-advertising=\"\" data-google-query-id=\"CJrg__ixj_oCFUJg0wodCPYMXg\"><\/div>\n","protected":false},"excerpt":{"rendered":"<p>Les producteurs de lait des Vosges se sont donn\u00e9s rendez-vous ce lundi devant le supermarch\u00e9 Carrefour d&rsquo;Epinal-Jeuxey pour une action [&hellip;]<\/p>\n","protected":false},"author":52,"featured_media":21376,"comment_status":"open","ping_status":"open","sticky":false,"template":"","format":"standard","meta":{"footnotes":""},"categories":[22,316,8,5],"tags":[849,4303,4304,4305,75],"class_list":["post-116825","post","type-post","status-publish","format-standard","has-post-thumbnail","hentry","category-a-la-une","category-agriculture","category-economie","category-vosges","tag-agriculteurs","tag-carrefour-depinal-jeuxey","tag-producteurs-de-lait","tag-une-action-coup-de-poing","tag-vosges"],"acf":[],"yoast_head":"<!-- This site is optimized with the Yoast SEO plugin v22.5 - https:\/\/yoast.com\/wordpress\/plugins\/seo\/ -->\n<title>Op\u00e9ration coup de poing des agriculteurs dans un supermarch\u00e9 \u00e0 Epinal - Epinal Info<\/title>\n<meta name=\"robots\" content=\"index, follow, max-snippet:-1, max-image-preview:large, max-video-preview:-1\" \/>\n<link rel=\"canonical\" href=\"https:\/\/vosgesinfo.fr\/epinalinfo\/2022\/09\/operation-coup-de-poing-agriculteurs-supermarche-a-epinal-2\/\" \/>\n<meta name=\"twitter:card\" content=\"summary_large_image\" \/>\n<meta name=\"twitter:title\" content=\"Op\u00e9ration coup de poing des agriculteurs dans un supermarch\u00e9 \u00e0 Epinal - Epinal Info\" \/>\n<meta name=\"twitter:description\" content=\"Les producteurs de lait des Vosges se sont donn\u00e9s rendez-vous ce lundi devant le supermarch\u00e9 Carrefour d&rsquo;Epinal-Jeuxey pour une action [&hellip;]\" \/>\n<meta name=\"twitter:image\" content=\"https:\/\/vosgesinfo.fr\/app\/uploads\/sites\/3\/2022\/09\/p1630815-copie.jpg\" \/>\n<meta name=\"twitter:creator\" content=\"@VosgesInfo88\" \/>\n<meta name=\"twitter:site\" content=\"@VosgesInfo88\" \/>\n<meta name=\"twitter:label1\" content=\"\u00c9crit par\" \/>\n\t<meta name=\"twitter:data1\" content=\"C.K.\" \/>\n\t<meta name=\"twitter:label2\" content=\"Dur\u00e9e de lecture estim\u00e9e\" \/>\n\t<meta name=\"twitter:data2\" content=\"2 minutes\" \/>\n<script type=\"application\/ld+json\" class=\"yoast-schema-graph\">{\"@context\":\"https:\/\/schema.org\",\"@graph\":[{\"@type\":\"Article\",\"@id\":\"https:\/\/vosgesinfo.fr\/epinalinfo\/2022\/09\/operation-coup-de-poing-agriculteurs-supermarche-a-epinal-2\/#article\",\"isPartOf\":{\"@id\":\"https:\/\/vosgesinfo.fr\/epinalinfo\/2022\/09\/operation-coup-de-poing-agriculteurs-supermarche-a-epinal-2\/\"},\"author\":{\"name\":\"C.K.\",\"@id\":\"https:\/\/vosgesinfo.fr\/epinalinfo\/#\/schema\/person\/6f9a650eeea99d969b6c4ab78fccbe81\"},\"headline\":\"Op\u00e9ration coup de poing des agriculteurs dans un supermarch\u00e9 \u00e0 Epinal\",\"datePublished\":\"2022-09-12T13:23:52+00:00\",\"dateModified\":\"2022-09-12T13:23:52+00:00\",\"mainEntityOfPage\":{\"@id\":\"https:\/\/vosgesinfo.fr\/epinalinfo\/2022\/09\/operation-coup-de-poing-agriculteurs-supermarche-a-epinal-2\/\"},\"wordCount\":359,\"commentCount\":0,\"publisher\":{\"@id\":\"https:\/\/vosgesinfo.fr\/epinalinfo\/#organization\"},\"image\":{\"@id\":\"https:\/\/vosgesinfo.fr\/epinalinfo\/2022\/09\/operation-coup-de-poing-agriculteurs-supermarche-a-epinal-2\/#primaryimage\"},\"thumbnailUrl\":\"https:\/\/vosgesinfo.fr\/app\/uploads\/sites\/3\/2022\/09\/p1630815-copie.jpg\",\"keywords\":[\"agriculteurs\",\"Carrefour d'Epinal-Jeuxey\",\"producteurs de lait\",\"une action coup de poing\",\"vosges\"],\"articleSection\":[\"A la Une\",\"Agriculture\",\"\u00c9conomie\",\"Vosges\"],\"inLanguage\":\"fr-FR\",\"potentialAction\":[{\"@type\":\"CommentAction\",\"name\":\"Comment\",\"target\":[\"https:\/\/vosgesinfo.fr\/epinalinfo\/2022\/09\/operation-coup-de-poing-agriculteurs-supermarche-a-epinal-2\/#respond\"]}]},{\"@type\":\"WebPage\",\"@id\":\"https:\/\/vosgesinfo.fr\/epinalinfo\/2022\/09\/operation-coup-de-poing-agriculteurs-supermarche-a-epinal-2\/\",\"url\":\"https:\/\/vosgesinfo.fr\/epinalinfo\/2022\/09\/operation-coup-de-poing-agriculteurs-supermarche-a-epinal-2\/\",\"name\":\"Op\u00e9ration coup de poing des agriculteurs dans un supermarch\u00e9 \u00e0 Epinal - Epinal Info\",\"isPartOf\":{\"@id\":\"https:\/\/vosgesinfo.fr\/epinalinfo\/#website\"},\"primaryImageOfPage\":{\"@id\":\"https:\/\/vosgesinfo.fr\/epinalinfo\/2022\/09\/operation-coup-de-poing-agriculteurs-supermarche-a-epinal-2\/#primaryimage\"},\"image\":{\"@id\":\"https:\/\/vosgesinfo.fr\/epinalinfo\/2022\/09\/operation-coup-de-poing-agriculteurs-supermarche-a-epinal-2\/#primaryimage\"},\"thumbnailUrl\":\"https:\/\/vosgesinfo.fr\/app\/uploads\/sites\/3\/2022\/09\/p1630815-copie.jpg\",\"datePublished\":\"2022-09-12T13:23:52+00:00\",\"dateModified\":\"2022-09-12T13:23:52+00:00\",\"breadcrumb\":{\"@id\":\"https:\/\/vosgesinfo.fr\/epinalinfo\/2022\/09\/operation-coup-de-poing-agriculteurs-supermarche-a-epinal-2\/#breadcrumb\"},\"inLanguage\":\"fr-FR\",\"potentialAction\":[{\"@type\":\"ReadAction\",\"target\":[\"https:\/\/vosgesinfo.fr\/epinalinfo\/2022\/09\/operation-coup-de-poing-agriculteurs-supermarche-a-epinal-2\/\"]}]},{\"@type\":\"ImageObject\",\"inLanguage\":\"fr-FR\",\"@id\":\"https:\/\/vosgesinfo.fr\/epinalinfo\/2022\/09\/operation-coup-de-poing-agriculteurs-supermarche-a-epinal-2\/#primaryimage\",\"url\":\"https:\/\/vosgesinfo.fr\/app\/uploads\/sites\/3\/2022\/09\/p1630815-copie.jpg\",\"contentUrl\":\"https:\/\/vosgesinfo.fr\/app\/uploads\/sites\/3\/2022\/09\/p1630815-copie.jpg\"},{\"@type\":\"BreadcrumbList\",\"@id\":\"https:\/\/vosgesinfo.fr\/epinalinfo\/2022\/09\/operation-coup-de-poing-agriculteurs-supermarche-a-epinal-2\/#breadcrumb\",\"itemListElement\":[{\"@type\":\"ListItem\",\"position\":1,\"name\":\"Home\",\"item\":\"https:\/\/vosgesinfo.fr\/epinalinfo\/\"},{\"@type\":\"ListItem\",\"position\":2,\"name\":\"Op\u00e9ration coup de poing des agriculteurs dans un supermarch\u00e9 \u00e0 Epinal\"}]},{\"@type\":\"WebSite\",\"@id\":\"https:\/\/vosgesinfo.fr\/epinalinfo\/#website\",\"url\":\"https:\/\/vosgesinfo.fr\/epinalinfo\/\",\"name\":\"Epinal Info\",\"description\":\"Toute l&#039;actualit\u00e9 d&#039;\u00c9pinal\",\"publisher\":{\"@id\":\"https:\/\/vosgesinfo.fr\/epinalinfo\/#organization\"},\"alternateName\":\"Toute l'actualit\u00e9 d'\u00c9pinal\",\"potentialAction\":[{\"@type\":\"SearchAction\",\"target\":{\"@type\":\"EntryPoint\",\"urlTemplate\":\"https:\/\/vosgesinfo.fr\/epinalinfo\/?s={search_term_string}\"},\"query-input\":\"required name=search_term_string\"}],\"inLanguage\":\"fr-FR\"},{\"@type\":\"Organization\",\"@id\":\"https:\/\/vosgesinfo.fr\/epinalinfo\/#organization\",\"name\":\"Epinal Info\",\"url\":\"https:\/\/vosgesinfo.fr\/epinalinfo\/\",\"logo\":{\"@type\":\"ImageObject\",\"inLanguage\":\"fr-FR\",\"@id\":\"https:\/\/vosgesinfo.fr\/epinalinfo\/#\/schema\/logo\/image\/\",\"url\":\"https:\/\/vosgesinfo.fr\/app\/uploads\/sites\/3\/2023\/08\/logo-epinalinfos.svg\",\"contentUrl\":\"https:\/\/vosgesinfo.fr\/app\/uploads\/sites\/3\/2023\/08\/logo-epinalinfos.svg\",\"width\":1,\"height\":1,\"caption\":\"Epinal Info\"},\"image\":{\"@id\":\"https:\/\/vosgesinfo.fr\/epinalinfo\/#\/schema\/logo\/image\/\"},\"sameAs\":[\"https:\/\/www.facebook.com\/Epinalinfos\",\"https:\/\/x.com\/VosgesInfo88\",\"https:\/\/www.youtube.com\/@vosgesinfo\"]},{\"@type\":\"Person\",\"@id\":\"https:\/\/vosgesinfo.fr\/epinalinfo\/#\/schema\/person\/6f9a650eeea99d969b6c4ab78fccbe81\",\"name\":\"C.K.\",\"image\":{\"@type\":\"ImageObject\",\"inLanguage\":\"fr-FR\",\"@id\":\"https:\/\/vosgesinfo.fr\/epinalinfo\/#\/schema\/person\/image\/\",\"url\":\"https:\/\/secure.gravatar.com\/avatar\/48e3fc7f8421ba8942be6b74a2b7f014ca39bc00dece156b7a8e098ae7dc87bf?s=96&d=mm&r=g\",\"contentUrl\":\"https:\/\/secure.gravatar.com\/avatar\/48e3fc7f8421ba8942be6b74a2b7f014ca39bc00dece156b7a8e098ae7dc87bf?s=96&d=mm&r=g\",\"caption\":\"C.K.\"},\"url\":\"https:\/\/vosgesinfo.fr\/epinalinfo\/author\/celia-k-n\/\"}]}<\/script>\n<!-- \/ Yoast SEO plugin. -->","yoast_head_json":{"title":"Op\u00e9ration coup de poing des agriculteurs dans un supermarch\u00e9 \u00e0 Epinal - Epinal Info","robots":{"index":"index","follow":"follow","max-snippet":"max-snippet:-1","max-image-preview":"max-image-preview:large","max-video-preview":"max-video-preview:-1"},"canonical":"https:\/\/vosgesinfo.fr\/epinalinfo\/2022\/09\/operation-coup-de-poing-agriculteurs-supermarche-a-epinal-2\/","twitter_card":"summary_large_image","twitter_title":"Op\u00e9ration coup de poing des agriculteurs dans un supermarch\u00e9 \u00e0 Epinal - Epinal Info","twitter_description":"Les producteurs de lait des Vosges se sont donn\u00e9s rendez-vous ce lundi devant le supermarch\u00e9 Carrefour d&rsquo;Epinal-Jeuxey pour une action [&hellip;]","twitter_image":"https:\/\/vosgesinfo.fr\/app\/uploads\/sites\/3\/2022\/09\/p1630815-copie.jpg","twitter_creator":"@VosgesInfo88","twitter_site":"@VosgesInfo88","twitter_misc":{"\u00c9crit par":"C.K.","Dur\u00e9e de lecture estim\u00e9e":"2 minutes"},"schema":{"@context":"https:\/\/schema.org","@graph":[{"@type":"Article","@id":"https:\/\/vosgesinfo.fr\/epinalinfo\/2022\/09\/operation-coup-de-poing-agriculteurs-supermarche-a-epinal-2\/#article","isPartOf":{"@id":"https:\/\/vosgesinfo.fr\/epinalinfo\/2022\/09\/operation-coup-de-poing-agriculteurs-supermarche-a-epinal-2\/"},"author":{"name":"C.K.","@id":"https:\/\/vosgesinfo.fr\/epinalinfo\/#\/schema\/person\/6f9a650eeea99d969b6c4ab78fccbe81"},"headline":"Op\u00e9ration coup de poing des agriculteurs dans un supermarch\u00e9 \u00e0 Epinal","datePublished":"2022-09-12T13:23:52+00:00","dateModified":"2022-09-12T13:23:52+00:00","mainEntityOfPage":{"@id":"https:\/\/vosgesinfo.fr\/epinalinfo\/2022\/09\/operation-coup-de-poing-agriculteurs-supermarche-a-epinal-2\/"},"wordCount":359,"commentCount":0,"publisher":{"@id":"https:\/\/vosgesinfo.fr\/epinalinfo\/#organization"},"image":{"@id":"https:\/\/vosgesinfo.fr\/epinalinfo\/2022\/09\/operation-coup-de-poing-agriculteurs-supermarche-a-epinal-2\/#primaryimage"},"thumbnailUrl":"https:\/\/vosgesinfo.fr\/app\/uploads\/sites\/3\/2022\/09\/p1630815-copie.jpg","keywords":["agriculteurs","Carrefour d'Epinal-Jeuxey","producteurs de lait","une action coup de poing","vosges"],"articleSection":["A la Une","Agriculture","\u00c9conomie","Vosges"],"inLanguage":"fr-FR","potentialAction":[{"@type":"CommentAction","name":"Comment","target":["https:\/\/vosgesinfo.fr\/epinalinfo\/2022\/09\/operation-coup-de-poing-agriculteurs-supermarche-a-epinal-2\/#respond"]}]},{"@type":"WebPage","@id":"https:\/\/vosgesinfo.fr\/epinalinfo\/2022\/09\/operation-coup-de-poing-agriculteurs-supermarche-a-epinal-2\/","url":"https:\/\/vosgesinfo.fr\/epinalinfo\/2022\/09\/operation-coup-de-poing-agriculteurs-supermarche-a-epinal-2\/","name":"Op\u00e9ration coup de poing des agriculteurs dans un supermarch\u00e9 \u00e0 Epinal - Epinal Info","isPartOf":{"@id":"https:\/\/vosgesinfo.fr\/epinalinfo\/#website"},"primaryImageOfPage":{"@id":"https:\/\/vosgesinfo.fr\/epinalinfo\/2022\/09\/operation-coup-de-poing-agriculteurs-supermarche-a-epinal-2\/#primaryimage"},"image":{"@id":"https:\/\/vosgesinfo.fr\/epinalinfo\/2022\/09\/operation-coup-de-poing-agriculteurs-supermarche-a-epinal-2\/#primaryimage"},"thumbnailUrl":"https:\/\/vosgesinfo.fr\/app\/uploads\/sites\/3\/2022\/09\/p1630815-copie.jpg","datePublished":"2022-09-12T13:23:52+00:00","dateModified":"2022-09-12T13:23:52+00:00","breadcrumb":{"@id":"https:\/\/vosgesinfo.fr\/epinalinfo\/2022\/09\/operation-coup-de-poing-agriculteurs-supermarche-a-epinal-2\/#breadcrumb"},"inLanguage":"fr-FR","potentialAction":[{"@type":"ReadAction","target":["https:\/\/vosgesinfo.fr\/epinalinfo\/2022\/09\/operation-coup-de-poing-agriculteurs-supermarche-a-epinal-2\/"]}]},{"@type":"ImageObject","inLanguage":"fr-FR","@id":"https:\/\/vosgesinfo.fr\/epinalinfo\/2022\/09\/operation-coup-de-poing-agriculteurs-supermarche-a-epinal-2\/#primaryimage","url":"https:\/\/vosgesinfo.fr\/app\/uploads\/sites\/3\/2022\/09\/p1630815-copie.jpg","contentUrl":"https:\/\/vosgesinfo.fr\/app\/uploads\/sites\/3\/2022\/09\/p1630815-copie.jpg"},{"@type":"BreadcrumbList","@id":"https:\/\/vosgesinfo.fr\/epinalinfo\/2022\/09\/operation-coup-de-poing-agriculteurs-supermarche-a-epinal-2\/#breadcrumb","itemListElement":[{"@type":"ListItem","position":1,"name":"Home","item":"https:\/\/vosgesinfo.fr\/epinalinfo\/"},{"@type":"ListItem","position":2,"name":"Op\u00e9ration coup de poing des agriculteurs dans un supermarch\u00e9 \u00e0 Epinal"}]},{"@type":"WebSite","@id":"https:\/\/vosgesinfo.fr\/epinalinfo\/#website","url":"https:\/\/vosgesinfo.fr\/epinalinfo\/","name":"Epinal Info","description":"Toute l&#039;actualit\u00e9 d&#039;\u00c9pinal","publisher":{"@id":"https:\/\/vosgesinfo.fr\/epinalinfo\/#organization"},"alternateName":"Toute l'actualit\u00e9 d'\u00c9pinal","potentialAction":[{"@type":"SearchAction","target":{"@type":"EntryPoint","urlTemplate":"https:\/\/vosgesinfo.fr\/epinalinfo\/?s={search_term_string}"},"query-input":"required name=search_term_string"}],"inLanguage":"fr-FR"},{"@type":"Organization","@id":"https:\/\/vosgesinfo.fr\/epinalinfo\/#organization","name":"Epinal Info","url":"https:\/\/vosgesinfo.fr\/epinalinfo\/","logo":{"@type":"ImageObject","inLanguage":"fr-FR","@id":"https:\/\/vosgesinfo.fr\/epinalinfo\/#\/schema\/logo\/image\/","url":"https:\/\/vosgesinfo.fr\/app\/uploads\/sites\/3\/2023\/08\/logo-epinalinfos.svg","contentUrl":"https:\/\/vosgesinfo.fr\/app\/uploads\/sites\/3\/2023\/08\/logo-epinalinfos.svg","width":1,"height":1,"caption":"Epinal Info"},"image":{"@id":"https:\/\/vosgesinfo.fr\/epinalinfo\/#\/schema\/logo\/image\/"},"sameAs":["https:\/\/www.facebook.com\/Epinalinfos","https:\/\/x.com\/VosgesInfo88","https:\/\/www.youtube.com\/@vosgesinfo"]},{"@type":"Person","@id":"https:\/\/vosgesinfo.fr\/epinalinfo\/#\/schema\/person\/6f9a650eeea99d969b6c4ab78fccbe81","name":"C.K.","image":{"@type":"ImageObject","inLanguage":"fr-FR","@id":"https:\/\/vosgesinfo.fr\/epinalinfo\/#\/schema\/person\/image\/","url":"https:\/\/secure.gravatar.com\/avatar\/48e3fc7f8421ba8942be6b74a2b7f014ca39bc00dece156b7a8e098ae7dc87bf?s=96&d=mm&r=g","contentUrl":"https:\/\/secure.gravatar.com\/avatar\/48e3fc7f8421ba8942be6b74a2b7f014ca39bc00dece156b7a8e098ae7dc87bf?s=96&d=mm&r=g","caption":"C.K."},"url":"https:\/\/vosgesinfo.fr\/epinalinfo\/author\/celia-k-n\/"}]}},"_links":{"self":[{"href":"https:\/\/vosgesinfo.fr\/epinalinfo\/wp-json\/wp\/v2\/posts\/116825","targetHints":{"allow":["GET"]}}],"collection":[{"href":"https:\/\/vosgesinfo.fr\/epinalinfo\/wp-json\/wp\/v2\/posts"}],"about":[{"href":"https:\/\/vosgesinfo.fr\/epinalinfo\/wp-json\/wp\/v2\/types\/post"}],"author":[{"embeddable":true,"href":"https:\/\/vosgesinfo.fr\/epinalinfo\/wp-json\/wp\/v2\/users\/52"}],"replies":[{"embeddable":true,"href":"https:\/\/vosgesinfo.fr\/epinalinfo\/wp-json\/wp\/v2\/comments?post=116825"}],"version-history":[{"count":0,"href":"https:\/\/vosgesinfo.fr\/epinalinfo\/wp-json\/wp\/v2\/posts\/116825\/revisions"}],"wp:featuredmedia":[{"embeddable":true,"href":"https:\/\/vosgesinfo.fr\/epinalinfo\/wp-json\/wp\/v2\/media\/21376"}],"wp:attachment":[{"href":"https:\/\/vosgesinfo.fr\/epinalinfo\/wp-json\/wp\/v2\/media?parent=116825"}],"wp:term":[{"taxonomy":"category","embeddable":true,"href":"https:\/\/vosgesinfo.fr\/epinalinfo\/wp-json\/wp\/v2\/categories?post=116825"},{"taxonomy":"post_tag","embeddable":true,"href":"https:\/\/vosgesinfo.fr\/epinalinfo\/wp-json\/wp\/v2\/tags?post=116825"}],"curies":[{"name":"wp","href":"https:\/\/api.w.org\/{rel}","templated":true}]}}