{"id":116826,"date":"2022-09-13T11:47:33","date_gmt":"2022-09-13T09:47:33","guid":{"rendered":"https:\/\/vosgesinfo.fr\/epinalinfo\/2022\/09\/crise-de-lenergie-marche-pellet-tendu-celui-fioul-bois-de-chauffage-relativement-stables-2\/"},"modified":"2022-09-13T11:47:33","modified_gmt":"2022-09-13T09:47:33","slug":"crise-de-lenergie-marche-pellet-tendu-celui-fioul-bois-de-chauffage-relativement-stables-2","status":"publish","type":"post","link":"https:\/\/vosgesinfo.fr\/epinalinfo\/2022\/09\/crise-de-lenergie-marche-pellet-tendu-celui-fioul-bois-de-chauffage-relativement-stables-2\/","title":{"rendered":"Crise de l&rsquo;\u00e9nergie &#8211; le march\u00e9 du pellet tendu mais celui fioul et du bois de chauffage relativement stables"},"content":{"rendered":"<div id=\"attachment_207607\" style=\"width: 778px\" class=\"wp-caption aligncenter\"><a href=\"\/2022\/09\/energie.jpg\"><img decoding=\"async\" aria-describedby=\"caption-attachment-207607\" class=\"size-full wp-image-207607\" src=\"\/2022\/09\/energie.jpg\" alt=\"Illustration\" width=\"768\" height=\"512\" \/><\/a><p id=\"caption-attachment-207607\" class=\"wp-caption-text\">Illustration<\/p><\/div>\n<p><strong>Alors que la \u00a0hausse du co\u00fbt de l\u2019\u00e9nergie touche les professionnels et les particuliers, les m\u00e9nages vosgiens se tournent vers d\u2019autres moyens de chauffage plus \u00e9conomiques. Si les distributeurs de pellets constatent une forte hausse des commandes, les revendeurs de bois de chauffage et de fioul conservent un march\u00e9 plus calme. Pour l\u2019instant.<\/strong><\/p>\n<p><strong>Le pellet victime de son succ\u00e8s<\/strong><\/p>\n<p>Apr\u00e8s un \u00e9t\u00e9 particuli\u00e8rement chaud, l\u2019automne ne va pas tarder \u00e0 revenir avec ses temp\u00e9ratures fraiches notamment la nuit. A l\u2019approche de l\u2019hiver et les possibles coupures, de nombreux m\u00e9nages ont install\u00e9s des chaudi\u00e8res \u00e0 pellet l\u2019hiver dernier. Cette fili\u00e8re encore jeune n\u2019a pas anticip\u00e9 ce succ\u00e8s et peine \u00e0 livrer ses fournisseurs pour r\u00e9pondre \u00e0 la demande.<\/p>\n<p>Les revendeurs de pellet constatent tous cette forte hausse des commandes. Un ph\u00e9nom\u00e8ne qui a d\u00e9but\u00e9 d\u00e8s le d\u00e9but de l\u2019\u00e9t\u00e9. \u00a0L\u2019hiver va \u00eatre tendu. Les d\u00e9lais de livraison sont pass\u00e9s de 2 \u00e0 6 semaines. Cependant les revendeurs appellent leurs clients \u00e0 jouer le jeu en commandant seulement ce dont ils ont besoin pour \u00e9viter des ruptures de stock. Certains qui ont d\u00e9j\u00e0 pass\u00e9 leurs commandes pour cet hiver veulent d\u00e9j\u00e0 acheter pour l\u2019ann\u00e9e prochaine. \u00a0Les prix ont doubl\u00e9 en quelques semaines et les clients font des r\u00e9serves pour anticiper une nouvelle hausse\u00a0. ce qui tend encore plus le march\u00e9 qui s&rsquo;\u00e9quilibre suivant l&rsquo;offre et la demande.<\/p>\n<p><strong>Les revendeurs de bois ont du stock<\/strong><\/p>\n<p>Pas plus de commandes chez les revendeurs de bois que l\u2019ann\u00e9e derni\u00e8re. Les stocks sont pleins et aucune p\u00e9nurie n\u2019est \u00e0 craindre pour aucun client. La hausse de 10% cette ann\u00e9e s\u2019applique sur des tarifs bas l\u2019an pass\u00e9. Pour l\u2019instant les clients ne se bousculent pas plus que les autres ann\u00e9es. Plusieurs explications \u00e0 cela. Tout d\u2019abord les clients, avec la douceur actuelle, ne se pr\u00e9cipitent pas, ensuite c\u2019est la rentr\u00e9s scolaire et la taxe d\u2019habitation qui g\u00e9n\u00e8rent des frais, et enfin il faut stocker les st\u00e8res. Le march\u00e9 devrait reprendre fin octobre, au moins pour le chauffage d\u2019appoint.<\/p>\n<p><strong>Le prix du fioul a doubl\u00e9 en quelques mois<\/strong><\/p>\n<p>Depuis le d\u00e9but de la guerre en Ukraine, le prix du fioul a doubl\u00e9. Il atteint \u00e0 environ 1\u20ac50 alors qu\u2019il \u00e9tait aux alentours de 70 cts l\u2019an dernier. \u00a0Des prix qui changent et \u00e9voluent au jour le jour et qui \u00e9taient au plus haut cet \u00e9t\u00e9. Ce qui a contraint les gens \u00e0 reporter leurs habitudes d\u2019achat. Ceux qui ont encore des r\u00e9serves reportent au maximum le remplissage de la cuve en esp\u00e9rant une baisse. Des nouvelles habitudes sont aussi apparues. Les acheteurs ne remplissent plus qu\u2019\u00e0 moiti\u00e9 et il n\u2019est pas rare qu\u2019ils demandent un \u00e9chelonnement de paiement. Les distributeurs sont rassurants, il n\u2019y aura pas de p\u00e9nurie cet hiver.<\/p>\n","protected":false},"excerpt":{"rendered":"<p>Alors que la \u00a0hausse du co\u00fbt de l\u2019\u00e9nergie touche les professionnels et les particuliers, les m\u00e9nages vosgiens se tournent vers [&hellip;]<\/p>\n","protected":false},"author":44,"featured_media":21413,"comment_status":"open","ping_status":"open","sticky":false,"template":"","format":"standard","meta":{"footnotes":""},"categories":[22,5],"tags":[],"class_list":["post-116826","post","type-post","status-publish","format-standard","has-post-thumbnail","hentry","category-a-la-une","category-vosges"],"acf":[],"yoast_head":"<!-- This site is optimized with the Yoast SEO plugin v22.5 - https:\/\/yoast.com\/wordpress\/plugins\/seo\/ -->\n<title>Crise de l&#039;\u00e9nergie - le march\u00e9 du pellet tendu mais celui fioul et du bois de chauffage relativement stables - Epinal Info<\/title>\n<meta name=\"robots\" content=\"index, follow, max-snippet:-1, max-image-preview:large, max-video-preview:-1\" \/>\n<link rel=\"canonical\" href=\"https:\/\/vosgesinfo.fr\/epinalinfo\/2022\/09\/crise-de-lenergie-marche-pellet-tendu-celui-fioul-bois-de-chauffage-relativement-stables-2\/\" \/>\n<meta name=\"twitter:card\" content=\"summary_large_image\" \/>\n<meta name=\"twitter:title\" content=\"Crise de l&#039;\u00e9nergie - le march\u00e9 du pellet tendu mais celui fioul et du bois de chauffage relativement stables - Epinal Info\" \/>\n<meta name=\"twitter:description\" content=\"Alors que la \u00a0hausse du co\u00fbt de l\u2019\u00e9nergie touche les professionnels et les particuliers, les m\u00e9nages vosgiens se tournent vers [&hellip;]\" \/>\n<meta name=\"twitter:image\" content=\"https:\/\/vosgesinfo.fr\/app\/uploads\/sites\/3\/2022\/09\/energie.jpg\" \/>\n<meta name=\"twitter:creator\" content=\"@VosgesInfo88\" \/>\n<meta name=\"twitter:site\" content=\"@VosgesInfo88\" \/>\n<meta name=\"twitter:label1\" content=\"\u00c9crit par\" \/>\n\t<meta name=\"twitter:data1\" content=\"la r\u00e9daction\" \/>\n\t<meta name=\"twitter:label2\" content=\"Dur\u00e9e de lecture estim\u00e9e\" \/>\n\t<meta name=\"twitter:data2\" content=\"3 minutes\" \/>\n<script type=\"application\/ld+json\" class=\"yoast-schema-graph\">{\"@context\":\"https:\/\/schema.org\",\"@graph\":[{\"@type\":\"Article\",\"@id\":\"https:\/\/vosgesinfo.fr\/epinalinfo\/2022\/09\/crise-de-lenergie-marche-pellet-tendu-celui-fioul-bois-de-chauffage-relativement-stables-2\/#article\",\"isPartOf\":{\"@id\":\"https:\/\/vosgesinfo.fr\/epinalinfo\/2022\/09\/crise-de-lenergie-marche-pellet-tendu-celui-fioul-bois-de-chauffage-relativement-stables-2\/\"},\"author\":{\"name\":\"la r\u00e9daction\",\"@id\":\"https:\/\/vosgesinfo.fr\/epinalinfo\/#\/schema\/person\/faee6704a21f3977511db84bd1cd450f\"},\"headline\":\"Crise de l&rsquo;\u00e9nergie &#8211; le march\u00e9 du pellet tendu mais celui fioul et du bois de chauffage relativement stables\",\"datePublished\":\"2022-09-13T09:47:33+00:00\",\"dateModified\":\"2022-09-13T09:47:33+00:00\",\"mainEntityOfPage\":{\"@id\":\"https:\/\/vosgesinfo.fr\/epinalinfo\/2022\/09\/crise-de-lenergie-marche-pellet-tendu-celui-fioul-bois-de-chauffage-relativement-stables-2\/\"},\"wordCount\":530,\"commentCount\":0,\"publisher\":{\"@id\":\"https:\/\/vosgesinfo.fr\/epinalinfo\/#organization\"},\"image\":{\"@id\":\"https:\/\/vosgesinfo.fr\/epinalinfo\/2022\/09\/crise-de-lenergie-marche-pellet-tendu-celui-fioul-bois-de-chauffage-relativement-stables-2\/#primaryimage\"},\"thumbnailUrl\":\"https:\/\/vosgesinfo.fr\/app\/uploads\/sites\/3\/2022\/09\/energie.jpg\",\"articleSection\":[\"A la Une\",\"Vosges\"],\"inLanguage\":\"fr-FR\",\"potentialAction\":[{\"@type\":\"CommentAction\",\"name\":\"Comment\",\"target\":[\"https:\/\/vosgesinfo.fr\/epinalinfo\/2022\/09\/crise-de-lenergie-marche-pellet-tendu-celui-fioul-bois-de-chauffage-relativement-stables-2\/#respond\"]}]},{\"@type\":\"WebPage\",\"@id\":\"https:\/\/vosgesinfo.fr\/epinalinfo\/2022\/09\/crise-de-lenergie-marche-pellet-tendu-celui-fioul-bois-de-chauffage-relativement-stables-2\/\",\"url\":\"https:\/\/vosgesinfo.fr\/epinalinfo\/2022\/09\/crise-de-lenergie-marche-pellet-tendu-celui-fioul-bois-de-chauffage-relativement-stables-2\/\",\"name\":\"Crise de l'\u00e9nergie - le march\u00e9 du pellet tendu mais celui fioul et du bois de chauffage relativement stables - Epinal Info\",\"isPartOf\":{\"@id\":\"https:\/\/vosgesinfo.fr\/epinalinfo\/#website\"},\"primaryImageOfPage\":{\"@id\":\"https:\/\/vosgesinfo.fr\/epinalinfo\/2022\/09\/crise-de-lenergie-marche-pellet-tendu-celui-fioul-bois-de-chauffage-relativement-stables-2\/#primaryimage\"},\"image\":{\"@id\":\"https:\/\/vosgesinfo.fr\/epinalinfo\/2022\/09\/crise-de-lenergie-marche-pellet-tendu-celui-fioul-bois-de-chauffage-relativement-stables-2\/#primaryimage\"},\"thumbnailUrl\":\"https:\/\/vosgesinfo.fr\/app\/uploads\/sites\/3\/2022\/09\/energie.jpg\",\"datePublished\":\"2022-09-13T09:47:33+00:00\",\"dateModified\":\"2022-09-13T09:47:33+00:00\",\"breadcrumb\":{\"@id\":\"https:\/\/vosgesinfo.fr\/epinalinfo\/2022\/09\/crise-de-lenergie-marche-pellet-tendu-celui-fioul-bois-de-chauffage-relativement-stables-2\/#breadcrumb\"},\"inLanguage\":\"fr-FR\",\"potentialAction\":[{\"@type\":\"ReadAction\",\"target\":[\"https:\/\/vosgesinfo.fr\/epinalinfo\/2022\/09\/crise-de-lenergie-marche-pellet-tendu-celui-fioul-bois-de-chauffage-relativement-stables-2\/\"]}]},{\"@type\":\"ImageObject\",\"inLanguage\":\"fr-FR\",\"@id\":\"https:\/\/vosgesinfo.fr\/epinalinfo\/2022\/09\/crise-de-lenergie-marche-pellet-tendu-celui-fioul-bois-de-chauffage-relativement-stables-2\/#primaryimage\",\"url\":\"https:\/\/vosgesinfo.fr\/app\/uploads\/sites\/3\/2022\/09\/energie.jpg\",\"contentUrl\":\"https:\/\/vosgesinfo.fr\/app\/uploads\/sites\/3\/2022\/09\/energie.jpg\"},{\"@type\":\"BreadcrumbList\",\"@id\":\"https:\/\/vosgesinfo.fr\/epinalinfo\/2022\/09\/crise-de-lenergie-marche-pellet-tendu-celui-fioul-bois-de-chauffage-relativement-stables-2\/#breadcrumb\",\"itemListElement\":[{\"@type\":\"ListItem\",\"position\":1,\"name\":\"Home\",\"item\":\"https:\/\/vosgesinfo.fr\/epinalinfo\/\"},{\"@type\":\"ListItem\",\"position\":2,\"name\":\"Crise de l&rsquo;\u00e9nergie &#8211; le march\u00e9 du pellet tendu mais celui fioul et du bois de chauffage relativement stables\"}]},{\"@type\":\"WebSite\",\"@id\":\"https:\/\/vosgesinfo.fr\/epinalinfo\/#website\",\"url\":\"https:\/\/vosgesinfo.fr\/epinalinfo\/\",\"name\":\"Epinal Info\",\"description\":\"Toute l&#039;actualit\u00e9 d&#039;\u00c9pinal\",\"publisher\":{\"@id\":\"https:\/\/vosgesinfo.fr\/epinalinfo\/#organization\"},\"alternateName\":\"Toute l'actualit\u00e9 d'\u00c9pinal\",\"potentialAction\":[{\"@type\":\"SearchAction\",\"target\":{\"@type\":\"EntryPoint\",\"urlTemplate\":\"https:\/\/vosgesinfo.fr\/epinalinfo\/?s={search_term_string}\"},\"query-input\":\"required name=search_term_string\"}],\"inLanguage\":\"fr-FR\"},{\"@type\":\"Organization\",\"@id\":\"https:\/\/vosgesinfo.fr\/epinalinfo\/#organization\",\"name\":\"Epinal Info\",\"url\":\"https:\/\/vosgesinfo.fr\/epinalinfo\/\",\"logo\":{\"@type\":\"ImageObject\",\"inLanguage\":\"fr-FR\",\"@id\":\"https:\/\/vosgesinfo.fr\/epinalinfo\/#\/schema\/logo\/image\/\",\"url\":\"https:\/\/vosgesinfo.fr\/app\/uploads\/sites\/3\/2023\/08\/logo-epinalinfos.svg\",\"contentUrl\":\"https:\/\/vosgesinfo.fr\/app\/uploads\/sites\/3\/2023\/08\/logo-epinalinfos.svg\",\"width\":1,\"height\":1,\"caption\":\"Epinal Info\"},\"image\":{\"@id\":\"https:\/\/vosgesinfo.fr\/epinalinfo\/#\/schema\/logo\/image\/\"},\"sameAs\":[\"https:\/\/www.facebook.com\/Epinalinfos\",\"https:\/\/x.com\/VosgesInfo88\",\"https:\/\/www.youtube.com\/@vosgesinfo\"]},{\"@type\":\"Person\",\"@id\":\"https:\/\/vosgesinfo.fr\/epinalinfo\/#\/schema\/person\/faee6704a21f3977511db84bd1cd450f\",\"name\":\"la r\u00e9daction\",\"image\":{\"@type\":\"ImageObject\",\"inLanguage\":\"fr-FR\",\"@id\":\"https:\/\/vosgesinfo.fr\/epinalinfo\/#\/schema\/person\/image\/\",\"url\":\"https:\/\/secure.gravatar.com\/avatar\/6673d8bc6a9c17fa9a453eaa3448de834fa308c2ec9635b7aa99441a7c8d2cf6?s=96&d=mm&r=g\",\"contentUrl\":\"https:\/\/secure.gravatar.com\/avatar\/6673d8bc6a9c17fa9a453eaa3448de834fa308c2ec9635b7aa99441a7c8d2cf6?s=96&d=mm&r=g\",\"caption\":\"la r\u00e9daction\"},\"url\":\"https:\/\/vosgesinfo.fr\/epinalinfo\/author\/redac\/\"}]}<\/script>\n<!-- \/ Yoast SEO plugin. -->","yoast_head_json":{"title":"Crise de l'\u00e9nergie - le march\u00e9 du pellet tendu mais celui fioul et du bois de chauffage relativement stables - Epinal Info","robots":{"index":"index","follow":"follow","max-snippet":"max-snippet:-1","max-image-preview":"max-image-preview:large","max-video-preview":"max-video-preview:-1"},"canonical":"https:\/\/vosgesinfo.fr\/epinalinfo\/2022\/09\/crise-de-lenergie-marche-pellet-tendu-celui-fioul-bois-de-chauffage-relativement-stables-2\/","twitter_card":"summary_large_image","twitter_title":"Crise de l'\u00e9nergie - le march\u00e9 du pellet tendu mais celui fioul et du bois de chauffage relativement stables - Epinal Info","twitter_description":"Alors que la \u00a0hausse du co\u00fbt de l\u2019\u00e9nergie touche les professionnels et les particuliers, les m\u00e9nages vosgiens se tournent vers [&hellip;]","twitter_image":"https:\/\/vosgesinfo.fr\/app\/uploads\/sites\/3\/2022\/09\/energie.jpg","twitter_creator":"@VosgesInfo88","twitter_site":"@VosgesInfo88","twitter_misc":{"\u00c9crit par":"la r\u00e9daction","Dur\u00e9e de lecture estim\u00e9e":"3 minutes"},"schema":{"@context":"https:\/\/schema.org","@graph":[{"@type":"Article","@id":"https:\/\/vosgesinfo.fr\/epinalinfo\/2022\/09\/crise-de-lenergie-marche-pellet-tendu-celui-fioul-bois-de-chauffage-relativement-stables-2\/#article","isPartOf":{"@id":"https:\/\/vosgesinfo.fr\/epinalinfo\/2022\/09\/crise-de-lenergie-marche-pellet-tendu-celui-fioul-bois-de-chauffage-relativement-stables-2\/"},"author":{"name":"la r\u00e9daction","@id":"https:\/\/vosgesinfo.fr\/epinalinfo\/#\/schema\/person\/faee6704a21f3977511db84bd1cd450f"},"headline":"Crise de l&rsquo;\u00e9nergie &#8211; le march\u00e9 du pellet tendu mais celui fioul et du bois de chauffage relativement stables","datePublished":"2022-09-13T09:47:33+00:00","dateModified":"2022-09-13T09:47:33+00:00","mainEntityOfPage":{"@id":"https:\/\/vosgesinfo.fr\/epinalinfo\/2022\/09\/crise-de-lenergie-marche-pellet-tendu-celui-fioul-bois-de-chauffage-relativement-stables-2\/"},"wordCount":530,"commentCount":0,"publisher":{"@id":"https:\/\/vosgesinfo.fr\/epinalinfo\/#organization"},"image":{"@id":"https:\/\/vosgesinfo.fr\/epinalinfo\/2022\/09\/crise-de-lenergie-marche-pellet-tendu-celui-fioul-bois-de-chauffage-relativement-stables-2\/#primaryimage"},"thumbnailUrl":"https:\/\/vosgesinfo.fr\/app\/uploads\/sites\/3\/2022\/09\/energie.jpg","articleSection":["A la Une","Vosges"],"inLanguage":"fr-FR","potentialAction":[{"@type":"CommentAction","name":"Comment","target":["https:\/\/vosgesinfo.fr\/epinalinfo\/2022\/09\/crise-de-lenergie-marche-pellet-tendu-celui-fioul-bois-de-chauffage-relativement-stables-2\/#respond"]}]},{"@type":"WebPage","@id":"https:\/\/vosgesinfo.fr\/epinalinfo\/2022\/09\/crise-de-lenergie-marche-pellet-tendu-celui-fioul-bois-de-chauffage-relativement-stables-2\/","url":"https:\/\/vosgesinfo.fr\/epinalinfo\/2022\/09\/crise-de-lenergie-marche-pellet-tendu-celui-fioul-bois-de-chauffage-relativement-stables-2\/","name":"Crise de l'\u00e9nergie - le march\u00e9 du pellet tendu mais celui fioul et du bois de chauffage relativement stables - Epinal Info","isPartOf":{"@id":"https:\/\/vosgesinfo.fr\/epinalinfo\/#website"},"primaryImageOfPage":{"@id":"https:\/\/vosgesinfo.fr\/epinalinfo\/2022\/09\/crise-de-lenergie-marche-pellet-tendu-celui-fioul-bois-de-chauffage-relativement-stables-2\/#primaryimage"},"image":{"@id":"https:\/\/vosgesinfo.fr\/epinalinfo\/2022\/09\/crise-de-lenergie-marche-pellet-tendu-celui-fioul-bois-de-chauffage-relativement-stables-2\/#primaryimage"},"thumbnailUrl":"https:\/\/vosgesinfo.fr\/app\/uploads\/sites\/3\/2022\/09\/energie.jpg","datePublished":"2022-09-13T09:47:33+00:00","dateModified":"2022-09-13T09:47:33+00:00","breadcrumb":{"@id":"https:\/\/vosgesinfo.fr\/epinalinfo\/2022\/09\/crise-de-lenergie-marche-pellet-tendu-celui-fioul-bois-de-chauffage-relativement-stables-2\/#breadcrumb"},"inLanguage":"fr-FR","potentialAction":[{"@type":"ReadAction","target":["https:\/\/vosgesinfo.fr\/epinalinfo\/2022\/09\/crise-de-lenergie-marche-pellet-tendu-celui-fioul-bois-de-chauffage-relativement-stables-2\/"]}]},{"@type":"ImageObject","inLanguage":"fr-FR","@id":"https:\/\/vosgesinfo.fr\/epinalinfo\/2022\/09\/crise-de-lenergie-marche-pellet-tendu-celui-fioul-bois-de-chauffage-relativement-stables-2\/#primaryimage","url":"https:\/\/vosgesinfo.fr\/app\/uploads\/sites\/3\/2022\/09\/energie.jpg","contentUrl":"https:\/\/vosgesinfo.fr\/app\/uploads\/sites\/3\/2022\/09\/energie.jpg"},{"@type":"BreadcrumbList","@id":"https:\/\/vosgesinfo.fr\/epinalinfo\/2022\/09\/crise-de-lenergie-marche-pellet-tendu-celui-fioul-bois-de-chauffage-relativement-stables-2\/#breadcrumb","itemListElement":[{"@type":"ListItem","position":1,"name":"Home","item":"https:\/\/vosgesinfo.fr\/epinalinfo\/"},{"@type":"ListItem","position":2,"name":"Crise de l&rsquo;\u00e9nergie &#8211; le march\u00e9 du pellet tendu mais celui fioul et du bois de chauffage relativement stables"}]},{"@type":"WebSite","@id":"https:\/\/vosgesinfo.fr\/epinalinfo\/#website","url":"https:\/\/vosgesinfo.fr\/epinalinfo\/","name":"Epinal Info","description":"Toute l&#039;actualit\u00e9 d&#039;\u00c9pinal","publisher":{"@id":"https:\/\/vosgesinfo.fr\/epinalinfo\/#organization"},"alternateName":"Toute l'actualit\u00e9 d'\u00c9pinal","potentialAction":[{"@type":"SearchAction","target":{"@type":"EntryPoint","urlTemplate":"https:\/\/vosgesinfo.fr\/epinalinfo\/?s={search_term_string}"},"query-input":"required name=search_term_string"}],"inLanguage":"fr-FR"},{"@type":"Organization","@id":"https:\/\/vosgesinfo.fr\/epinalinfo\/#organization","name":"Epinal Info","url":"https:\/\/vosgesinfo.fr\/epinalinfo\/","logo":{"@type":"ImageObject","inLanguage":"fr-FR","@id":"https:\/\/vosgesinfo.fr\/epinalinfo\/#\/schema\/logo\/image\/","url":"https:\/\/vosgesinfo.fr\/app\/uploads\/sites\/3\/2023\/08\/logo-epinalinfos.svg","contentUrl":"https:\/\/vosgesinfo.fr\/app\/uploads\/sites\/3\/2023\/08\/logo-epinalinfos.svg","width":1,"height":1,"caption":"Epinal Info"},"image":{"@id":"https:\/\/vosgesinfo.fr\/epinalinfo\/#\/schema\/logo\/image\/"},"sameAs":["https:\/\/www.facebook.com\/Epinalinfos","https:\/\/x.com\/VosgesInfo88","https:\/\/www.youtube.com\/@vosgesinfo"]},{"@type":"Person","@id":"https:\/\/vosgesinfo.fr\/epinalinfo\/#\/schema\/person\/faee6704a21f3977511db84bd1cd450f","name":"la r\u00e9daction","image":{"@type":"ImageObject","inLanguage":"fr-FR","@id":"https:\/\/vosgesinfo.fr\/epinalinfo\/#\/schema\/person\/image\/","url":"https:\/\/secure.gravatar.com\/avatar\/6673d8bc6a9c17fa9a453eaa3448de834fa308c2ec9635b7aa99441a7c8d2cf6?s=96&d=mm&r=g","contentUrl":"https:\/\/secure.gravatar.com\/avatar\/6673d8bc6a9c17fa9a453eaa3448de834fa308c2ec9635b7aa99441a7c8d2cf6?s=96&d=mm&r=g","caption":"la r\u00e9daction"},"url":"https:\/\/vosgesinfo.fr\/epinalinfo\/author\/redac\/"}]}},"_links":{"self":[{"href":"https:\/\/vosgesinfo.fr\/epinalinfo\/wp-json\/wp\/v2\/posts\/116826","targetHints":{"allow":["GET"]}}],"collection":[{"href":"https:\/\/vosgesinfo.fr\/epinalinfo\/wp-json\/wp\/v2\/posts"}],"about":[{"href":"https:\/\/vosgesinfo.fr\/epinalinfo\/wp-json\/wp\/v2\/types\/post"}],"author":[{"embeddable":true,"href":"https:\/\/vosgesinfo.fr\/epinalinfo\/wp-json\/wp\/v2\/users\/44"}],"replies":[{"embeddable":true,"href":"https:\/\/vosgesinfo.fr\/epinalinfo\/wp-json\/wp\/v2\/comments?post=116826"}],"version-history":[{"count":0,"href":"https:\/\/vosgesinfo.fr\/epinalinfo\/wp-json\/wp\/v2\/posts\/116826\/revisions"}],"wp:featuredmedia":[{"embeddable":true,"href":"https:\/\/vosgesinfo.fr\/epinalinfo\/wp-json\/wp\/v2\/media\/21413"}],"wp:attachment":[{"href":"https:\/\/vosgesinfo.fr\/epinalinfo\/wp-json\/wp\/v2\/media?parent=116826"}],"wp:term":[{"taxonomy":"category","embeddable":true,"href":"https:\/\/vosgesinfo.fr\/epinalinfo\/wp-json\/wp\/v2\/categories?post=116826"},{"taxonomy":"post_tag","embeddable":true,"href":"https:\/\/vosgesinfo.fr\/epinalinfo\/wp-json\/wp\/v2\/tags?post=116826"}],"curies":[{"name":"wp","href":"https:\/\/api.w.org\/{rel}","templated":true}]}}