{"id":117774,"date":"2023-01-08T11:51:51","date_gmt":"2023-01-08T10:51:51","guid":{"rendered":"https:\/\/vosgesinfo.fr\/epinalinfo\/2023\/01\/voeux-daniel-midon-maire-de-forges-presente-projets-2023-2\/"},"modified":"2023-01-08T11:51:51","modified_gmt":"2023-01-08T10:51:51","slug":"voeux-daniel-midon-maire-de-forges-presente-projets-2023-2","status":"publish","type":"post","link":"https:\/\/vosgesinfo.fr\/epinalinfo\/2023\/01\/voeux-daniel-midon-maire-de-forges-presente-projets-2023-2\/","title":{"rendered":"V\u0153ux &#8211; Daniel Midon, Maire de Les Forges, pr\u00e9sente les projets pour 2023"},"content":{"rendered":"<p><a href=\"\/2023\/01\/DSC_0021.jpg\"><img decoding=\"async\" class=\"aligncenter wp-image-213303 size-large\" src=\"\/2023\/01\/DSC_0021-531x800.jpg\" alt=\"DSC_0021\" width=\"531\" height=\"800\" \/><\/a><\/p>\n<p>Apr\u00e8s une br\u00e8ve introduction de <strong>Paul Vilco<\/strong>, Conseiller d\u00e9l\u00e9gu\u00e9 qui rappelle l\u2019annulation de la c\u00e9r\u00e9monie des v\u0153ux deux ann\u00e9es de suite, <strong>Daniel Midon<\/strong>, Maire de la commune depuis 2014, prend la parole et pr\u00e9sente le bilan des actions mises en \u0153uvre en 2022, par exemple, l\u2019acquisition d\u2019une balayeuse municipale, la r\u00e9duction des horaires de l\u2019\u00e9clairage public, la r\u00e9novation de la voirie ou d\u2019une partie de l\u2019\u00e9cole.<\/p>\n<p>Il embraye ensuite sur les projets 2023 et insiste particuli\u00e8rement sur la construction de l\u2019\u00e9coquartier. Enfin, il remercie ceux qui \u0153uvrent au bon fonctionnement de la commune aussi bien son personnel, les b\u00e9n\u00e9voles des associations, les enseignants ou les membre du CCAS&#8230;<\/p>\n<p>Trois autres personnalit\u00e9s du milieu politique spinalien se succ\u00e8dent ensuite. <strong>Elisabeth Del Genini<\/strong>\u00a0 explique le r\u00f4le de la r\u00e9gion <em>\u00ab elle accompagne les projets, agit pour r\u00e9pondre au besoin et au bien-\u00eatre de chacun, elle appartient \u00e0 tous, elle a du sens de par sa proximit\u00e9\u00a0\u00bb<\/em><\/p>\n<p>Ensuite, <strong>Yannick Villemin,<\/strong> Vice-Pr\u00e9sident de la CAE et Conseiller d\u00e9partemental encha\u00eene sur les missions de l\u2019Agglom\u00e9ration d&rsquo;Epinal et pr\u00e9cise<em> \u00ab\u00a0qu\u2019elle est un outil pour les territoires\u00a0\u00bb<\/em>. Il signale cependant que toute demande de service\u00a0 doit \u00eatre suivie d\u2019effet et lance un appel aux Forgerons pour utiliser les bus et navettes.<\/p>\n<p>Il d\u00e9taille \u00e9galement les priorit\u00e9s du conseil d\u00e9partemental : <em>\u00ab\u00a0la jeunesse, la solidarit\u00e9 et la transition \u00e9cologique\u00a0\u00bb<\/em> en donnant l\u2019exemple\u00a0concret de la construction du coll\u00e8ge de Vagney qui s\u2019inscrit dans une d\u00e9marche de d\u00e9veloppement durable.<\/p>\n<p>Enfin, <strong>St\u00e9phane Viry<\/strong>, D\u00e9put\u00e9 de la 1<sup>e<\/sup> circonscription des Vosges donne son sentiment sur le contexte incertain de notre pays tout en positivant <em>\u00ab\u00a0il faut aller de l\u2019avant\u00a0 en respectant les institutions mais\u00a0 avec le souci de la stabilit\u00e9 et de la v\u00e9rit\u00e9\u00a0\u00bb<\/em><\/p>\n<p>Un moment convivial cl\u00f4ture cette manifestation citoyenne et p\u00e9dagogique.<\/p>\n<p><a href=\"\/2023\/01\/DSC_0013.jpg\"><img decoding=\"async\" class=\"alignnone size-medium wp-image-213306\" src=\"\/2023\/01\/DSC_0013-384x255.jpg\" alt=\"DSC_0013\" width=\"384\" height=\"255\" \/><\/a><a href=\"\/2023\/01\/DSC_0007-ME-LAURENT.jpg\"><img decoding=\"async\" class=\"size-medium wp-image-213304 alignright\" src=\"\/2023\/01\/DSC_0007-ME-LAURENT-400x227.jpg\" alt=\"DSC_0007 ME LAURENT\" width=\"400\" height=\"227\" \/><\/a><a href=\"\/2023\/01\/DSC_0060.jpg\"><img decoding=\"async\" class=\"wp-image-213305 alignnone\" src=\"\/2023\/01\/DSC_0060-384x255.jpg\" alt=\"DSC_0060\" width=\"361\" height=\"240\" \/><\/a><\/p>\n","protected":false},"excerpt":{"rendered":"<p>Apr\u00e8s une br\u00e8ve introduction de Paul Vilco, Conseiller d\u00e9l\u00e9gu\u00e9 qui rappelle l\u2019annulation de la c\u00e9r\u00e9monie des v\u0153ux deux ann\u00e9es de [&hellip;]<\/p>\n","protected":false},"author":70,"featured_media":25684,"comment_status":"open","ping_status":"open","sticky":false,"template":"","format":"standard","meta":{"footnotes":""},"categories":[22,361,468,5],"tags":[444,5136],"class_list":["post-117774","post","type-post","status-publish","format-standard","has-post-thumbnail","hentry","category-a-la-une","category-les-forges","category-voeux","category-vosges","tag-les-forges","tag-voeux-2023"],"acf":[],"yoast_head":"<!-- This site is optimized with the Yoast SEO plugin v22.5 - https:\/\/yoast.com\/wordpress\/plugins\/seo\/ -->\n<title>V\u0153ux - Daniel Midon, Maire de Les Forges, pr\u00e9sente les projets pour 2023 - Epinal Info<\/title>\n<meta name=\"robots\" content=\"index, follow, max-snippet:-1, max-image-preview:large, max-video-preview:-1\" \/>\n<link rel=\"canonical\" href=\"https:\/\/vosgesinfo.fr\/epinalinfo\/2023\/01\/voeux-daniel-midon-maire-de-forges-presente-projets-2023-2\/\" \/>\n<meta name=\"twitter:card\" content=\"summary_large_image\" \/>\n<meta name=\"twitter:title\" content=\"V\u0153ux - Daniel Midon, Maire de Les Forges, pr\u00e9sente les projets pour 2023 - Epinal Info\" \/>\n<meta name=\"twitter:description\" content=\"Apr\u00e8s une br\u00e8ve introduction de Paul Vilco, Conseiller d\u00e9l\u00e9gu\u00e9 qui rappelle l\u2019annulation de la c\u00e9r\u00e9monie des v\u0153ux deux ann\u00e9es de [&hellip;]\" \/>\n<meta name=\"twitter:image\" content=\"https:\/\/vosgesinfo.fr\/app\/uploads\/sites\/3\/2023\/01\/dsc-0021.jpg\" \/>\n<meta name=\"twitter:creator\" content=\"@VosgesInfo88\" \/>\n<meta name=\"twitter:site\" content=\"@VosgesInfo88\" \/>\n<meta name=\"twitter:label1\" content=\"\u00c9crit par\" \/>\n\t<meta name=\"twitter:data1\" content=\"Myriam Laurent\" \/>\n\t<meta name=\"twitter:label2\" content=\"Dur\u00e9e de lecture estim\u00e9e\" \/>\n\t<meta name=\"twitter:data2\" content=\"2 minutes\" \/>\n<script type=\"application\/ld+json\" class=\"yoast-schema-graph\">{\"@context\":\"https:\/\/schema.org\",\"@graph\":[{\"@type\":\"Article\",\"@id\":\"https:\/\/vosgesinfo.fr\/epinalinfo\/2023\/01\/voeux-daniel-midon-maire-de-forges-presente-projets-2023-2\/#article\",\"isPartOf\":{\"@id\":\"https:\/\/vosgesinfo.fr\/epinalinfo\/2023\/01\/voeux-daniel-midon-maire-de-forges-presente-projets-2023-2\/\"},\"author\":{\"name\":\"Myriam Laurent\",\"@id\":\"https:\/\/vosgesinfo.fr\/epinalinfo\/#\/schema\/person\/2b386e085a82c0016b256393b2189ae4\"},\"headline\":\"V\u0153ux &#8211; Daniel Midon, Maire de Les Forges, pr\u00e9sente les projets pour 2023\",\"datePublished\":\"2023-01-08T10:51:51+00:00\",\"dateModified\":\"2023-01-08T10:51:51+00:00\",\"mainEntityOfPage\":{\"@id\":\"https:\/\/vosgesinfo.fr\/epinalinfo\/2023\/01\/voeux-daniel-midon-maire-de-forges-presente-projets-2023-2\/\"},\"wordCount\":350,\"commentCount\":0,\"publisher\":{\"@id\":\"https:\/\/vosgesinfo.fr\/epinalinfo\/#organization\"},\"image\":{\"@id\":\"https:\/\/vosgesinfo.fr\/epinalinfo\/2023\/01\/voeux-daniel-midon-maire-de-forges-presente-projets-2023-2\/#primaryimage\"},\"thumbnailUrl\":\"https:\/\/vosgesinfo.fr\/app\/uploads\/sites\/3\/2023\/01\/dsc-0021.jpg\",\"keywords\":[\"Les Forges\",\"Voeux 2023\"],\"articleSection\":[\"A la Une\",\"Les Forges\",\"Voeux\",\"Vosges\"],\"inLanguage\":\"fr-FR\",\"potentialAction\":[{\"@type\":\"CommentAction\",\"name\":\"Comment\",\"target\":[\"https:\/\/vosgesinfo.fr\/epinalinfo\/2023\/01\/voeux-daniel-midon-maire-de-forges-presente-projets-2023-2\/#respond\"]}]},{\"@type\":\"WebPage\",\"@id\":\"https:\/\/vosgesinfo.fr\/epinalinfo\/2023\/01\/voeux-daniel-midon-maire-de-forges-presente-projets-2023-2\/\",\"url\":\"https:\/\/vosgesinfo.fr\/epinalinfo\/2023\/01\/voeux-daniel-midon-maire-de-forges-presente-projets-2023-2\/\",\"name\":\"V\u0153ux - Daniel Midon, Maire de Les Forges, pr\u00e9sente les projets pour 2023 - Epinal Info\",\"isPartOf\":{\"@id\":\"https:\/\/vosgesinfo.fr\/epinalinfo\/#website\"},\"primaryImageOfPage\":{\"@id\":\"https:\/\/vosgesinfo.fr\/epinalinfo\/2023\/01\/voeux-daniel-midon-maire-de-forges-presente-projets-2023-2\/#primaryimage\"},\"image\":{\"@id\":\"https:\/\/vosgesinfo.fr\/epinalinfo\/2023\/01\/voeux-daniel-midon-maire-de-forges-presente-projets-2023-2\/#primaryimage\"},\"thumbnailUrl\":\"https:\/\/vosgesinfo.fr\/app\/uploads\/sites\/3\/2023\/01\/dsc-0021.jpg\",\"datePublished\":\"2023-01-08T10:51:51+00:00\",\"dateModified\":\"2023-01-08T10:51:51+00:00\",\"breadcrumb\":{\"@id\":\"https:\/\/vosgesinfo.fr\/epinalinfo\/2023\/01\/voeux-daniel-midon-maire-de-forges-presente-projets-2023-2\/#breadcrumb\"},\"inLanguage\":\"fr-FR\",\"potentialAction\":[{\"@type\":\"ReadAction\",\"target\":[\"https:\/\/vosgesinfo.fr\/epinalinfo\/2023\/01\/voeux-daniel-midon-maire-de-forges-presente-projets-2023-2\/\"]}]},{\"@type\":\"ImageObject\",\"inLanguage\":\"fr-FR\",\"@id\":\"https:\/\/vosgesinfo.fr\/epinalinfo\/2023\/01\/voeux-daniel-midon-maire-de-forges-presente-projets-2023-2\/#primaryimage\",\"url\":\"https:\/\/vosgesinfo.fr\/app\/uploads\/sites\/3\/2023\/01\/dsc-0021.jpg\",\"contentUrl\":\"https:\/\/vosgesinfo.fr\/app\/uploads\/sites\/3\/2023\/01\/dsc-0021.jpg\"},{\"@type\":\"BreadcrumbList\",\"@id\":\"https:\/\/vosgesinfo.fr\/epinalinfo\/2023\/01\/voeux-daniel-midon-maire-de-forges-presente-projets-2023-2\/#breadcrumb\",\"itemListElement\":[{\"@type\":\"ListItem\",\"position\":1,\"name\":\"Home\",\"item\":\"https:\/\/vosgesinfo.fr\/epinalinfo\/\"},{\"@type\":\"ListItem\",\"position\":2,\"name\":\"V\u0153ux &#8211; Daniel Midon, Maire de Les Forges, pr\u00e9sente les projets pour 2023\"}]},{\"@type\":\"WebSite\",\"@id\":\"https:\/\/vosgesinfo.fr\/epinalinfo\/#website\",\"url\":\"https:\/\/vosgesinfo.fr\/epinalinfo\/\",\"name\":\"Epinal Info\",\"description\":\"Toute l&#039;actualit\u00e9 d&#039;\u00c9pinal\",\"publisher\":{\"@id\":\"https:\/\/vosgesinfo.fr\/epinalinfo\/#organization\"},\"alternateName\":\"Toute l'actualit\u00e9 d'\u00c9pinal\",\"potentialAction\":[{\"@type\":\"SearchAction\",\"target\":{\"@type\":\"EntryPoint\",\"urlTemplate\":\"https:\/\/vosgesinfo.fr\/epinalinfo\/?s={search_term_string}\"},\"query-input\":\"required name=search_term_string\"}],\"inLanguage\":\"fr-FR\"},{\"@type\":\"Organization\",\"@id\":\"https:\/\/vosgesinfo.fr\/epinalinfo\/#organization\",\"name\":\"Epinal Info\",\"url\":\"https:\/\/vosgesinfo.fr\/epinalinfo\/\",\"logo\":{\"@type\":\"ImageObject\",\"inLanguage\":\"fr-FR\",\"@id\":\"https:\/\/vosgesinfo.fr\/epinalinfo\/#\/schema\/logo\/image\/\",\"url\":\"https:\/\/vosgesinfo.fr\/app\/uploads\/sites\/3\/2023\/08\/logo-epinalinfos.svg\",\"contentUrl\":\"https:\/\/vosgesinfo.fr\/app\/uploads\/sites\/3\/2023\/08\/logo-epinalinfos.svg\",\"width\":1,\"height\":1,\"caption\":\"Epinal Info\"},\"image\":{\"@id\":\"https:\/\/vosgesinfo.fr\/epinalinfo\/#\/schema\/logo\/image\/\"},\"sameAs\":[\"https:\/\/www.facebook.com\/Epinalinfos\",\"https:\/\/x.com\/VosgesInfo88\",\"https:\/\/www.youtube.com\/@vosgesinfo\"]},{\"@type\":\"Person\",\"@id\":\"https:\/\/vosgesinfo.fr\/epinalinfo\/#\/schema\/person\/2b386e085a82c0016b256393b2189ae4\",\"name\":\"Myriam Laurent\",\"image\":{\"@type\":\"ImageObject\",\"inLanguage\":\"fr-FR\",\"@id\":\"https:\/\/vosgesinfo.fr\/epinalinfo\/#\/schema\/person\/image\/\",\"url\":\"https:\/\/secure.gravatar.com\/avatar\/a409932072e5edc53edb5721b96f447ffe159ad4db11e70fcf913dff1c01503f?s=96&d=mm&r=g\",\"contentUrl\":\"https:\/\/secure.gravatar.com\/avatar\/a409932072e5edc53edb5721b96f447ffe159ad4db11e70fcf913dff1c01503f?s=96&d=mm&r=g\",\"caption\":\"Myriam Laurent\"},\"url\":\"https:\/\/vosgesinfo.fr\/epinalinfo\/author\/myriam-laurent\/\"}]}<\/script>\n<!-- \/ Yoast SEO plugin. -->","yoast_head_json":{"title":"V\u0153ux - Daniel Midon, Maire de Les Forges, pr\u00e9sente les projets pour 2023 - Epinal Info","robots":{"index":"index","follow":"follow","max-snippet":"max-snippet:-1","max-image-preview":"max-image-preview:large","max-video-preview":"max-video-preview:-1"},"canonical":"https:\/\/vosgesinfo.fr\/epinalinfo\/2023\/01\/voeux-daniel-midon-maire-de-forges-presente-projets-2023-2\/","twitter_card":"summary_large_image","twitter_title":"V\u0153ux - Daniel Midon, Maire de Les Forges, pr\u00e9sente les projets pour 2023 - Epinal Info","twitter_description":"Apr\u00e8s une br\u00e8ve introduction de Paul Vilco, Conseiller d\u00e9l\u00e9gu\u00e9 qui rappelle l\u2019annulation de la c\u00e9r\u00e9monie des v\u0153ux deux ann\u00e9es de [&hellip;]","twitter_image":"https:\/\/vosgesinfo.fr\/app\/uploads\/sites\/3\/2023\/01\/dsc-0021.jpg","twitter_creator":"@VosgesInfo88","twitter_site":"@VosgesInfo88","twitter_misc":{"\u00c9crit par":"Myriam Laurent","Dur\u00e9e de lecture estim\u00e9e":"2 minutes"},"schema":{"@context":"https:\/\/schema.org","@graph":[{"@type":"Article","@id":"https:\/\/vosgesinfo.fr\/epinalinfo\/2023\/01\/voeux-daniel-midon-maire-de-forges-presente-projets-2023-2\/#article","isPartOf":{"@id":"https:\/\/vosgesinfo.fr\/epinalinfo\/2023\/01\/voeux-daniel-midon-maire-de-forges-presente-projets-2023-2\/"},"author":{"name":"Myriam Laurent","@id":"https:\/\/vosgesinfo.fr\/epinalinfo\/#\/schema\/person\/2b386e085a82c0016b256393b2189ae4"},"headline":"V\u0153ux &#8211; Daniel Midon, Maire de Les Forges, pr\u00e9sente les projets pour 2023","datePublished":"2023-01-08T10:51:51+00:00","dateModified":"2023-01-08T10:51:51+00:00","mainEntityOfPage":{"@id":"https:\/\/vosgesinfo.fr\/epinalinfo\/2023\/01\/voeux-daniel-midon-maire-de-forges-presente-projets-2023-2\/"},"wordCount":350,"commentCount":0,"publisher":{"@id":"https:\/\/vosgesinfo.fr\/epinalinfo\/#organization"},"image":{"@id":"https:\/\/vosgesinfo.fr\/epinalinfo\/2023\/01\/voeux-daniel-midon-maire-de-forges-presente-projets-2023-2\/#primaryimage"},"thumbnailUrl":"https:\/\/vosgesinfo.fr\/app\/uploads\/sites\/3\/2023\/01\/dsc-0021.jpg","keywords":["Les Forges","Voeux 2023"],"articleSection":["A la Une","Les Forges","Voeux","Vosges"],"inLanguage":"fr-FR","potentialAction":[{"@type":"CommentAction","name":"Comment","target":["https:\/\/vosgesinfo.fr\/epinalinfo\/2023\/01\/voeux-daniel-midon-maire-de-forges-presente-projets-2023-2\/#respond"]}]},{"@type":"WebPage","@id":"https:\/\/vosgesinfo.fr\/epinalinfo\/2023\/01\/voeux-daniel-midon-maire-de-forges-presente-projets-2023-2\/","url":"https:\/\/vosgesinfo.fr\/epinalinfo\/2023\/01\/voeux-daniel-midon-maire-de-forges-presente-projets-2023-2\/","name":"V\u0153ux - Daniel Midon, Maire de Les Forges, pr\u00e9sente les projets pour 2023 - Epinal Info","isPartOf":{"@id":"https:\/\/vosgesinfo.fr\/epinalinfo\/#website"},"primaryImageOfPage":{"@id":"https:\/\/vosgesinfo.fr\/epinalinfo\/2023\/01\/voeux-daniel-midon-maire-de-forges-presente-projets-2023-2\/#primaryimage"},"image":{"@id":"https:\/\/vosgesinfo.fr\/epinalinfo\/2023\/01\/voeux-daniel-midon-maire-de-forges-presente-projets-2023-2\/#primaryimage"},"thumbnailUrl":"https:\/\/vosgesinfo.fr\/app\/uploads\/sites\/3\/2023\/01\/dsc-0021.jpg","datePublished":"2023-01-08T10:51:51+00:00","dateModified":"2023-01-08T10:51:51+00:00","breadcrumb":{"@id":"https:\/\/vosgesinfo.fr\/epinalinfo\/2023\/01\/voeux-daniel-midon-maire-de-forges-presente-projets-2023-2\/#breadcrumb"},"inLanguage":"fr-FR","potentialAction":[{"@type":"ReadAction","target":["https:\/\/vosgesinfo.fr\/epinalinfo\/2023\/01\/voeux-daniel-midon-maire-de-forges-presente-projets-2023-2\/"]}]},{"@type":"ImageObject","inLanguage":"fr-FR","@id":"https:\/\/vosgesinfo.fr\/epinalinfo\/2023\/01\/voeux-daniel-midon-maire-de-forges-presente-projets-2023-2\/#primaryimage","url":"https:\/\/vosgesinfo.fr\/app\/uploads\/sites\/3\/2023\/01\/dsc-0021.jpg","contentUrl":"https:\/\/vosgesinfo.fr\/app\/uploads\/sites\/3\/2023\/01\/dsc-0021.jpg"},{"@type":"BreadcrumbList","@id":"https:\/\/vosgesinfo.fr\/epinalinfo\/2023\/01\/voeux-daniel-midon-maire-de-forges-presente-projets-2023-2\/#breadcrumb","itemListElement":[{"@type":"ListItem","position":1,"name":"Home","item":"https:\/\/vosgesinfo.fr\/epinalinfo\/"},{"@type":"ListItem","position":2,"name":"V\u0153ux &#8211; Daniel Midon, Maire de Les Forges, pr\u00e9sente les projets pour 2023"}]},{"@type":"WebSite","@id":"https:\/\/vosgesinfo.fr\/epinalinfo\/#website","url":"https:\/\/vosgesinfo.fr\/epinalinfo\/","name":"Epinal Info","description":"Toute l&#039;actualit\u00e9 d&#039;\u00c9pinal","publisher":{"@id":"https:\/\/vosgesinfo.fr\/epinalinfo\/#organization"},"alternateName":"Toute l'actualit\u00e9 d'\u00c9pinal","potentialAction":[{"@type":"SearchAction","target":{"@type":"EntryPoint","urlTemplate":"https:\/\/vosgesinfo.fr\/epinalinfo\/?s={search_term_string}"},"query-input":"required name=search_term_string"}],"inLanguage":"fr-FR"},{"@type":"Organization","@id":"https:\/\/vosgesinfo.fr\/epinalinfo\/#organization","name":"Epinal Info","url":"https:\/\/vosgesinfo.fr\/epinalinfo\/","logo":{"@type":"ImageObject","inLanguage":"fr-FR","@id":"https:\/\/vosgesinfo.fr\/epinalinfo\/#\/schema\/logo\/image\/","url":"https:\/\/vosgesinfo.fr\/app\/uploads\/sites\/3\/2023\/08\/logo-epinalinfos.svg","contentUrl":"https:\/\/vosgesinfo.fr\/app\/uploads\/sites\/3\/2023\/08\/logo-epinalinfos.svg","width":1,"height":1,"caption":"Epinal Info"},"image":{"@id":"https:\/\/vosgesinfo.fr\/epinalinfo\/#\/schema\/logo\/image\/"},"sameAs":["https:\/\/www.facebook.com\/Epinalinfos","https:\/\/x.com\/VosgesInfo88","https:\/\/www.youtube.com\/@vosgesinfo"]},{"@type":"Person","@id":"https:\/\/vosgesinfo.fr\/epinalinfo\/#\/schema\/person\/2b386e085a82c0016b256393b2189ae4","name":"Myriam Laurent","image":{"@type":"ImageObject","inLanguage":"fr-FR","@id":"https:\/\/vosgesinfo.fr\/epinalinfo\/#\/schema\/person\/image\/","url":"https:\/\/secure.gravatar.com\/avatar\/a409932072e5edc53edb5721b96f447ffe159ad4db11e70fcf913dff1c01503f?s=96&d=mm&r=g","contentUrl":"https:\/\/secure.gravatar.com\/avatar\/a409932072e5edc53edb5721b96f447ffe159ad4db11e70fcf913dff1c01503f?s=96&d=mm&r=g","caption":"Myriam Laurent"},"url":"https:\/\/vosgesinfo.fr\/epinalinfo\/author\/myriam-laurent\/"}]}},"_links":{"self":[{"href":"https:\/\/vosgesinfo.fr\/epinalinfo\/wp-json\/wp\/v2\/posts\/117774","targetHints":{"allow":["GET"]}}],"collection":[{"href":"https:\/\/vosgesinfo.fr\/epinalinfo\/wp-json\/wp\/v2\/posts"}],"about":[{"href":"https:\/\/vosgesinfo.fr\/epinalinfo\/wp-json\/wp\/v2\/types\/post"}],"author":[{"embeddable":true,"href":"https:\/\/vosgesinfo.fr\/epinalinfo\/wp-json\/wp\/v2\/users\/70"}],"replies":[{"embeddable":true,"href":"https:\/\/vosgesinfo.fr\/epinalinfo\/wp-json\/wp\/v2\/comments?post=117774"}],"version-history":[{"count":0,"href":"https:\/\/vosgesinfo.fr\/epinalinfo\/wp-json\/wp\/v2\/posts\/117774\/revisions"}],"wp:featuredmedia":[{"embeddable":true,"href":"https:\/\/vosgesinfo.fr\/epinalinfo\/wp-json\/wp\/v2\/media\/25684"}],"wp:attachment":[{"href":"https:\/\/vosgesinfo.fr\/epinalinfo\/wp-json\/wp\/v2\/media?parent=117774"}],"wp:term":[{"taxonomy":"category","embeddable":true,"href":"https:\/\/vosgesinfo.fr\/epinalinfo\/wp-json\/wp\/v2\/categories?post=117774"},{"taxonomy":"post_tag","embeddable":true,"href":"https:\/\/vosgesinfo.fr\/epinalinfo\/wp-json\/wp\/v2\/tags?post=117774"}],"curies":[{"name":"wp","href":"https:\/\/api.w.org\/{rel}","templated":true}]}}