{"id":118084,"date":"2023-02-16T15:36:49","date_gmt":"2023-02-16T14:36:49","guid":{"rendered":"https:\/\/vosgesinfo.fr\/epinalinfo\/2023\/02\/ceremonie-dhommage-aux-heros-de-gendarmerie-a-epinal-2\/"},"modified":"2023-02-16T15:36:49","modified_gmt":"2023-02-16T14:36:49","slug":"ceremonie-dhommage-aux-heros-de-gendarmerie-a-epinal-2","status":"publish","type":"post","link":"https:\/\/vosgesinfo.fr\/epinalinfo\/2023\/02\/ceremonie-dhommage-aux-heros-de-gendarmerie-a-epinal-2\/","title":{"rendered":"Une c\u00e9r\u00e9monie d&rsquo;hommage aux h\u00e9ros de la gendarmerie, \u00e0 Epinal"},"content":{"rendered":"<h2><span style=\"font-size: 14pt;\"><strong><a href=\"\/2023\/02\/ceremonie-hommage-heros-de-la-gendarmerie-epinal-16-f\u00e9vrier-8.jpg\"><img decoding=\"async\" class=\"aligncenter size-large wp-image-215200\" src=\"\/2023\/02\/ceremonie-hommage-heros-de-la-gendarmerie-epinal-16-f\u00e9vrier-8-800x600.jpg\" alt=\"ceremonie-hommage-heros-de-la-gendarmerie-epinal-16-f\u00e9vrier (8)\" width=\"800\" height=\"600\" \/><\/a>Ce jeudi 16 f\u00e9vrier, une c\u00e9r\u00e9monie d\u2019hommage aux morts de la gendarmerie \u00e9tait organis\u00e9e \u00e0 la caserne Courcy, \u00e0 Epinal. Neuf militaires de la Gendarmerie ont, au cours de ces 12 derniers mois, donn\u00e9 leur vie en remplissant leur mission<\/strong><\/span><\/h2>\n<p><a href=\"\/2023\/02\/ceremonie-hommage-heros-de-la-gendarmerie-epinal-16-f\u00e9vrier-17.jpg\"><img decoding=\"async\" class=\"alignright size-medium wp-image-215201\" src=\"\/2023\/02\/ceremonie-hommage-heros-de-la-gendarmerie-epinal-16-f\u00e9vrier-17-340x255.jpg\" alt=\"ceremonie-hommage-heros-de-la-gendarmerie-epinal-16-f\u00e9vrier (17)\" width=\"340\" height=\"255\" \/><\/a>Le 16 f\u00e9vrier est une date importante dans l\u2019histoire de la gendarmerie. En effet, le ministre de la D\u00e9fense a d\u00e9cid\u00e9 en 1993 que chaque 16 f\u00e9vrier, un hommage solennel sera rendu aux personnels de la gendarmerie tomb\u00e9s dans l\u2019accomplissement de leur devoir au cours de l\u2019ann\u00e9e pr\u00e9c\u00e9dente.<\/p>\n<p>Une c\u00e9r\u00e9monie plac\u00e9e sous le signe du recueillement et du souvenir avait lieu ce jeudi 16 f\u00e9vrier, \u00e0 la caserne Courcy \u00e0 Epinal. L\u2019occasion de rassembler autour des militaires, les familles et les autorit\u00e9s avec lesquelles la gendarmerie est en relation au quotidien.<\/p>\n<p><a href=\"\/2023\/02\/ceremonie-hommage-heros-de-la-gendarmerie-epinal-16-f\u00e9vrier-20.jpg\"><img decoding=\"async\" class=\"alignright size-medium wp-image-215202\" src=\"\/2023\/02\/ceremonie-hommage-heros-de-la-gendarmerie-epinal-16-f\u00e9vrier-20-340x255.jpg\" alt=\"ceremonie-hommage-heros-de-la-gendarmerie-epinal-16-f\u00e9vrier (20)\" width=\"340\" height=\"255\" \/><\/a>Neuf militaires de la Gendarmerie ont, au cours de ces 12 derniers mois, donn\u00e9 leur vie en remplissant leur mission\u00a0:<\/p>\n<p><img decoding=\"async\" class=\"puce\" src=\"https:\/\/www.drome.gouv.fr\/plugins-dist\/cisquel\/puce.gif\" alt=\"-\" width=\"8\" height=\"11\" \/>\u00a0Major Jean-Jacques BLOY de la brigade motoris\u00e9e de Saint-Girons (09) d\u00e9c\u00e9d\u00e9 le 13 mai 2022 \u00e0 l\u2019\u00e2ge de 37 ans\u00a0;<br \/>\n<img decoding=\"async\" class=\"puce\" src=\"https:\/\/www.drome.gouv.fr\/plugins-dist\/cisquel\/puce.gif\" alt=\"-\" width=\"8\" height=\"11\" \/>\u00a0Adjudant-chef Jean-Fran\u00e7ois JACQUEMARD de la compagnie de r\u00e9serve territoriale 25\/4 de Besan\u00e7on (25) d\u00e9c\u00e9d\u00e9 le 16 juin 2022 \u00e0 l\u2019\u00e2ge de 60 ans\u00a0;<br \/>\n<img decoding=\"async\" class=\"puce\" src=\"https:\/\/www.drome.gouv.fr\/plugins-dist\/cisquel\/puce.gif\" alt=\"-\" width=\"8\" height=\"11\" \/>\u00a0Adjudant-chef Micka\u00ebl DESBOIS de l\u2019escadron de gendarmerie mobile 32\/3 de Lu\u00e7on (85) d\u00e9c\u00e9d\u00e9 le 19 juin 2022 \u00e0 l\u2019\u00e2ge de 50 ans\u00a0;<br \/>\n<img decoding=\"async\" class=\"puce\" src=\"https:\/\/www.drome.gouv.fr\/plugins-dist\/cisquel\/puce.gif\" alt=\"-\" width=\"8\" height=\"11\" \/>\u00a0Capitaine J\u00e9r\u00f4me FAVIER du groupe d\u2019intervention de la gendarmerie nationale (78) d\u00e9c\u00e9d\u00e9 le 1er juillet 2022 \u00e0 l\u2019\u00e2ge de 33 ans\u00a0;<br \/>\n<a href=\"\/2023\/02\/ceremonie-hommage-heros-de-la-gendarmerie-epinal-16-f\u00e9vrier-2.jpg\"><img decoding=\"async\" class=\"alignleft size-medium wp-image-215203\" src=\"\/2023\/02\/ceremonie-hommage-heros-de-la-gendarmerie-epinal-16-f\u00e9vrier-2-340x255.jpg\" alt=\"ceremonie-hommage-heros-de-la-gendarmerie-epinal-16-f\u00e9vrier (2)\" width=\"340\" height=\"255\" \/><\/a><img decoding=\"async\" class=\"puce\" src=\"https:\/\/www.drome.gouv.fr\/plugins-dist\/cisquel\/puce.gif\" alt=\"-\" width=\"8\" height=\"11\" \/>\u00a0Gendarme Nicolas FALLOT du groupe local de contr\u00f4le des flux de Ligny-en-Barrois (55) d\u00e9c\u00e9d\u00e9 le 29 septembre 2022 \u00e0 l\u2019\u00e2ge de 34 ans\u00a0;<br \/>\n<img decoding=\"async\" class=\"puce\" src=\"https:\/\/www.drome.gouv.fr\/plugins-dist\/cisquel\/puce.gif\" alt=\"-\" width=\"8\" height=\"11\" \/>\u00a0Major Thomas CAVAILLON-PINOD de la brigade motoris\u00e9e de Biarritz (64) d\u00e9c\u00e9d\u00e9 le 13 octobre 2022 \u00e0 l\u2019\u00e2ge de 29 ans\u00a0;<br \/>\n<img decoding=\"async\" class=\"puce\" src=\"https:\/\/www.drome.gouv.fr\/plugins-dist\/cisquel\/puce.gif\" alt=\"-\" width=\"8\" height=\"11\" \/>\u00a0Major Jean-Christophe BOLLOCH de la section de recherches de Rennes (35) d\u00e9c\u00e9d\u00e9 le 25 octobre 2022 \u00e0 l\u2019\u00e2ge de 47 ans\u00a0;<br \/>\n<img decoding=\"async\" class=\"puce\" src=\"https:\/\/www.drome.gouv.fr\/plugins-dist\/cisquel\/puce.gif\" alt=\"-\" width=\"8\" height=\"11\" \/>\u00a0Mar\u00e9chal des logis-chef Christophe GEORGET de la compagnie de r\u00e9serve territoriale 41\/1 de Blois (41) d\u00e9c\u00e9d\u00e9 le 15 novembre 2022 \u00e0 l\u2019\u00e2ge de 41 ans\u00a0;<br \/>\n<img decoding=\"async\" class=\"puce\" src=\"https:\/\/www.drome.gouv.fr\/plugins-dist\/cisquel\/puce.gif\" alt=\"-\" width=\"8\" height=\"11\" \/>\u00a0Major Maximilien MAES de la brigade motoris\u00e9e d\u2019Aubenas (07) d\u00e9c\u00e9d\u00e9 le 20 janvier 2023 \u00e0 l\u2019\u00e2ge de 32 ans.<\/p>\n\n","protected":false},"excerpt":{"rendered":"<p>Ce jeudi 16 f\u00e9vrier, une c\u00e9r\u00e9monie d\u2019hommage aux morts de la gendarmerie \u00e9tait organis\u00e9e \u00e0 la caserne Courcy, \u00e0 Epinal. [&hellip;]<\/p>\n","protected":false},"author":52,"featured_media":26943,"comment_status":"open","ping_status":"open","sticky":false,"template":"","format":"standard","meta":{"footnotes":""},"categories":[22,24,92],"tags":[2138,5337],"class_list":["post-118084","post","type-post","status-publish","format-standard","has-post-thumbnail","hentry","category-a-la-une","category-epinal","category-securite","tag-16-fevrier","tag-ceremonie-dhommage-aux-morts-de-la-gendarmerie"],"acf":[],"yoast_head":"<!-- This site is optimized with the Yoast SEO plugin v22.5 - https:\/\/yoast.com\/wordpress\/plugins\/seo\/ -->\n<title>Une c\u00e9r\u00e9monie d&#039;hommage aux h\u00e9ros de la gendarmerie, \u00e0 Epinal - Epinal Info<\/title>\n<meta name=\"robots\" content=\"index, follow, max-snippet:-1, max-image-preview:large, max-video-preview:-1\" \/>\n<link rel=\"canonical\" href=\"https:\/\/vosgesinfo.fr\/epinalinfo\/2023\/02\/ceremonie-dhommage-aux-heros-de-gendarmerie-a-epinal-2\/\" \/>\n<meta name=\"twitter:card\" content=\"summary_large_image\" \/>\n<meta name=\"twitter:title\" content=\"Une c\u00e9r\u00e9monie d&#039;hommage aux h\u00e9ros de la gendarmerie, \u00e0 Epinal - Epinal Info\" \/>\n<meta name=\"twitter:description\" content=\"Ce jeudi 16 f\u00e9vrier, une c\u00e9r\u00e9monie d\u2019hommage aux morts de la gendarmerie \u00e9tait organis\u00e9e \u00e0 la caserne Courcy, \u00e0 Epinal. [&hellip;]\" \/>\n<meta name=\"twitter:image\" content=\"https:\/\/vosgesinfo.fr\/app\/uploads\/sites\/3\/2023\/02\/ceremonie-hommage-heros-de-la-gendarmerie-epinal-16-fevrier-8.jpg\" \/>\n<meta name=\"twitter:creator\" content=\"@VosgesInfo88\" \/>\n<meta name=\"twitter:site\" content=\"@VosgesInfo88\" \/>\n<meta name=\"twitter:label1\" content=\"\u00c9crit par\" \/>\n\t<meta name=\"twitter:data1\" content=\"C.K.\" \/>\n\t<meta name=\"twitter:label2\" content=\"Dur\u00e9e de lecture estim\u00e9e\" \/>\n\t<meta name=\"twitter:data2\" content=\"2 minutes\" \/>\n<script type=\"application\/ld+json\" class=\"yoast-schema-graph\">{\"@context\":\"https:\/\/schema.org\",\"@graph\":[{\"@type\":\"Article\",\"@id\":\"https:\/\/vosgesinfo.fr\/epinalinfo\/2023\/02\/ceremonie-dhommage-aux-heros-de-gendarmerie-a-epinal-2\/#article\",\"isPartOf\":{\"@id\":\"https:\/\/vosgesinfo.fr\/epinalinfo\/2023\/02\/ceremonie-dhommage-aux-heros-de-gendarmerie-a-epinal-2\/\"},\"author\":{\"name\":\"C.K.\",\"@id\":\"https:\/\/vosgesinfo.fr\/epinalinfo\/#\/schema\/person\/6f9a650eeea99d969b6c4ab78fccbe81\"},\"headline\":\"Une c\u00e9r\u00e9monie d&rsquo;hommage aux h\u00e9ros de la gendarmerie, \u00e0 Epinal\",\"datePublished\":\"2023-02-16T14:36:49+00:00\",\"dateModified\":\"2023-02-16T14:36:49+00:00\",\"mainEntityOfPage\":{\"@id\":\"https:\/\/vosgesinfo.fr\/epinalinfo\/2023\/02\/ceremonie-dhommage-aux-heros-de-gendarmerie-a-epinal-2\/\"},\"wordCount\":375,\"commentCount\":0,\"publisher\":{\"@id\":\"https:\/\/vosgesinfo.fr\/epinalinfo\/#organization\"},\"image\":{\"@id\":\"https:\/\/vosgesinfo.fr\/epinalinfo\/2023\/02\/ceremonie-dhommage-aux-heros-de-gendarmerie-a-epinal-2\/#primaryimage\"},\"thumbnailUrl\":\"https:\/\/vosgesinfo.fr\/app\/uploads\/sites\/3\/2023\/02\/ceremonie-hommage-heros-de-la-gendarmerie-epinal-16-fevrier-8.jpg\",\"keywords\":[\"16 f\u00e9vrier\",\"c\u00e9r\u00e9monie d\u2019hommage aux morts de la gendarmerie\"],\"articleSection\":[\"A la Une\",\"Epinal\",\"S\u00e9curit\u00e9\"],\"inLanguage\":\"fr-FR\",\"potentialAction\":[{\"@type\":\"CommentAction\",\"name\":\"Comment\",\"target\":[\"https:\/\/vosgesinfo.fr\/epinalinfo\/2023\/02\/ceremonie-dhommage-aux-heros-de-gendarmerie-a-epinal-2\/#respond\"]}]},{\"@type\":\"WebPage\",\"@id\":\"https:\/\/vosgesinfo.fr\/epinalinfo\/2023\/02\/ceremonie-dhommage-aux-heros-de-gendarmerie-a-epinal-2\/\",\"url\":\"https:\/\/vosgesinfo.fr\/epinalinfo\/2023\/02\/ceremonie-dhommage-aux-heros-de-gendarmerie-a-epinal-2\/\",\"name\":\"Une c\u00e9r\u00e9monie d'hommage aux h\u00e9ros de la gendarmerie, \u00e0 Epinal - Epinal Info\",\"isPartOf\":{\"@id\":\"https:\/\/vosgesinfo.fr\/epinalinfo\/#website\"},\"primaryImageOfPage\":{\"@id\":\"https:\/\/vosgesinfo.fr\/epinalinfo\/2023\/02\/ceremonie-dhommage-aux-heros-de-gendarmerie-a-epinal-2\/#primaryimage\"},\"image\":{\"@id\":\"https:\/\/vosgesinfo.fr\/epinalinfo\/2023\/02\/ceremonie-dhommage-aux-heros-de-gendarmerie-a-epinal-2\/#primaryimage\"},\"thumbnailUrl\":\"https:\/\/vosgesinfo.fr\/app\/uploads\/sites\/3\/2023\/02\/ceremonie-hommage-heros-de-la-gendarmerie-epinal-16-fevrier-8.jpg\",\"datePublished\":\"2023-02-16T14:36:49+00:00\",\"dateModified\":\"2023-02-16T14:36:49+00:00\",\"breadcrumb\":{\"@id\":\"https:\/\/vosgesinfo.fr\/epinalinfo\/2023\/02\/ceremonie-dhommage-aux-heros-de-gendarmerie-a-epinal-2\/#breadcrumb\"},\"inLanguage\":\"fr-FR\",\"potentialAction\":[{\"@type\":\"ReadAction\",\"target\":[\"https:\/\/vosgesinfo.fr\/epinalinfo\/2023\/02\/ceremonie-dhommage-aux-heros-de-gendarmerie-a-epinal-2\/\"]}]},{\"@type\":\"ImageObject\",\"inLanguage\":\"fr-FR\",\"@id\":\"https:\/\/vosgesinfo.fr\/epinalinfo\/2023\/02\/ceremonie-dhommage-aux-heros-de-gendarmerie-a-epinal-2\/#primaryimage\",\"url\":\"https:\/\/vosgesinfo.fr\/app\/uploads\/sites\/3\/2023\/02\/ceremonie-hommage-heros-de-la-gendarmerie-epinal-16-fevrier-8.jpg\",\"contentUrl\":\"https:\/\/vosgesinfo.fr\/app\/uploads\/sites\/3\/2023\/02\/ceremonie-hommage-heros-de-la-gendarmerie-epinal-16-fevrier-8.jpg\"},{\"@type\":\"BreadcrumbList\",\"@id\":\"https:\/\/vosgesinfo.fr\/epinalinfo\/2023\/02\/ceremonie-dhommage-aux-heros-de-gendarmerie-a-epinal-2\/#breadcrumb\",\"itemListElement\":[{\"@type\":\"ListItem\",\"position\":1,\"name\":\"Home\",\"item\":\"https:\/\/vosgesinfo.fr\/epinalinfo\/\"},{\"@type\":\"ListItem\",\"position\":2,\"name\":\"Une c\u00e9r\u00e9monie d&rsquo;hommage aux h\u00e9ros de la gendarmerie, \u00e0 Epinal\"}]},{\"@type\":\"WebSite\",\"@id\":\"https:\/\/vosgesinfo.fr\/epinalinfo\/#website\",\"url\":\"https:\/\/vosgesinfo.fr\/epinalinfo\/\",\"name\":\"Epinal Info\",\"description\":\"Toute l&#039;actualit\u00e9 d&#039;\u00c9pinal\",\"publisher\":{\"@id\":\"https:\/\/vosgesinfo.fr\/epinalinfo\/#organization\"},\"alternateName\":\"Toute l'actualit\u00e9 d'\u00c9pinal\",\"potentialAction\":[{\"@type\":\"SearchAction\",\"target\":{\"@type\":\"EntryPoint\",\"urlTemplate\":\"https:\/\/vosgesinfo.fr\/epinalinfo\/?s={search_term_string}\"},\"query-input\":\"required name=search_term_string\"}],\"inLanguage\":\"fr-FR\"},{\"@type\":\"Organization\",\"@id\":\"https:\/\/vosgesinfo.fr\/epinalinfo\/#organization\",\"name\":\"Epinal Info\",\"url\":\"https:\/\/vosgesinfo.fr\/epinalinfo\/\",\"logo\":{\"@type\":\"ImageObject\",\"inLanguage\":\"fr-FR\",\"@id\":\"https:\/\/vosgesinfo.fr\/epinalinfo\/#\/schema\/logo\/image\/\",\"url\":\"https:\/\/vosgesinfo.fr\/app\/uploads\/sites\/3\/2023\/08\/logo-epinalinfos.svg\",\"contentUrl\":\"https:\/\/vosgesinfo.fr\/app\/uploads\/sites\/3\/2023\/08\/logo-epinalinfos.svg\",\"width\":1,\"height\":1,\"caption\":\"Epinal Info\"},\"image\":{\"@id\":\"https:\/\/vosgesinfo.fr\/epinalinfo\/#\/schema\/logo\/image\/\"},\"sameAs\":[\"https:\/\/www.facebook.com\/Epinalinfos\",\"https:\/\/x.com\/VosgesInfo88\",\"https:\/\/www.youtube.com\/@vosgesinfo\"]},{\"@type\":\"Person\",\"@id\":\"https:\/\/vosgesinfo.fr\/epinalinfo\/#\/schema\/person\/6f9a650eeea99d969b6c4ab78fccbe81\",\"name\":\"C.K.\",\"image\":{\"@type\":\"ImageObject\",\"inLanguage\":\"fr-FR\",\"@id\":\"https:\/\/vosgesinfo.fr\/epinalinfo\/#\/schema\/person\/image\/\",\"url\":\"https:\/\/secure.gravatar.com\/avatar\/48e3fc7f8421ba8942be6b74a2b7f014ca39bc00dece156b7a8e098ae7dc87bf?s=96&d=mm&r=g\",\"contentUrl\":\"https:\/\/secure.gravatar.com\/avatar\/48e3fc7f8421ba8942be6b74a2b7f014ca39bc00dece156b7a8e098ae7dc87bf?s=96&d=mm&r=g\",\"caption\":\"C.K.\"},\"url\":\"https:\/\/vosgesinfo.fr\/epinalinfo\/author\/celia-k-n\/\"}]}<\/script>\n<!-- \/ Yoast SEO plugin. -->","yoast_head_json":{"title":"Une c\u00e9r\u00e9monie d'hommage aux h\u00e9ros de la gendarmerie, \u00e0 Epinal - Epinal Info","robots":{"index":"index","follow":"follow","max-snippet":"max-snippet:-1","max-image-preview":"max-image-preview:large","max-video-preview":"max-video-preview:-1"},"canonical":"https:\/\/vosgesinfo.fr\/epinalinfo\/2023\/02\/ceremonie-dhommage-aux-heros-de-gendarmerie-a-epinal-2\/","twitter_card":"summary_large_image","twitter_title":"Une c\u00e9r\u00e9monie d'hommage aux h\u00e9ros de la gendarmerie, \u00e0 Epinal - Epinal Info","twitter_description":"Ce jeudi 16 f\u00e9vrier, une c\u00e9r\u00e9monie d\u2019hommage aux morts de la gendarmerie \u00e9tait organis\u00e9e \u00e0 la caserne Courcy, \u00e0 Epinal. [&hellip;]","twitter_image":"https:\/\/vosgesinfo.fr\/app\/uploads\/sites\/3\/2023\/02\/ceremonie-hommage-heros-de-la-gendarmerie-epinal-16-fevrier-8.jpg","twitter_creator":"@VosgesInfo88","twitter_site":"@VosgesInfo88","twitter_misc":{"\u00c9crit par":"C.K.","Dur\u00e9e de lecture estim\u00e9e":"2 minutes"},"schema":{"@context":"https:\/\/schema.org","@graph":[{"@type":"Article","@id":"https:\/\/vosgesinfo.fr\/epinalinfo\/2023\/02\/ceremonie-dhommage-aux-heros-de-gendarmerie-a-epinal-2\/#article","isPartOf":{"@id":"https:\/\/vosgesinfo.fr\/epinalinfo\/2023\/02\/ceremonie-dhommage-aux-heros-de-gendarmerie-a-epinal-2\/"},"author":{"name":"C.K.","@id":"https:\/\/vosgesinfo.fr\/epinalinfo\/#\/schema\/person\/6f9a650eeea99d969b6c4ab78fccbe81"},"headline":"Une c\u00e9r\u00e9monie d&rsquo;hommage aux h\u00e9ros de la gendarmerie, \u00e0 Epinal","datePublished":"2023-02-16T14:36:49+00:00","dateModified":"2023-02-16T14:36:49+00:00","mainEntityOfPage":{"@id":"https:\/\/vosgesinfo.fr\/epinalinfo\/2023\/02\/ceremonie-dhommage-aux-heros-de-gendarmerie-a-epinal-2\/"},"wordCount":375,"commentCount":0,"publisher":{"@id":"https:\/\/vosgesinfo.fr\/epinalinfo\/#organization"},"image":{"@id":"https:\/\/vosgesinfo.fr\/epinalinfo\/2023\/02\/ceremonie-dhommage-aux-heros-de-gendarmerie-a-epinal-2\/#primaryimage"},"thumbnailUrl":"https:\/\/vosgesinfo.fr\/app\/uploads\/sites\/3\/2023\/02\/ceremonie-hommage-heros-de-la-gendarmerie-epinal-16-fevrier-8.jpg","keywords":["16 f\u00e9vrier","c\u00e9r\u00e9monie d\u2019hommage aux morts de la gendarmerie"],"articleSection":["A la Une","Epinal","S\u00e9curit\u00e9"],"inLanguage":"fr-FR","potentialAction":[{"@type":"CommentAction","name":"Comment","target":["https:\/\/vosgesinfo.fr\/epinalinfo\/2023\/02\/ceremonie-dhommage-aux-heros-de-gendarmerie-a-epinal-2\/#respond"]}]},{"@type":"WebPage","@id":"https:\/\/vosgesinfo.fr\/epinalinfo\/2023\/02\/ceremonie-dhommage-aux-heros-de-gendarmerie-a-epinal-2\/","url":"https:\/\/vosgesinfo.fr\/epinalinfo\/2023\/02\/ceremonie-dhommage-aux-heros-de-gendarmerie-a-epinal-2\/","name":"Une c\u00e9r\u00e9monie d'hommage aux h\u00e9ros de la gendarmerie, \u00e0 Epinal - Epinal Info","isPartOf":{"@id":"https:\/\/vosgesinfo.fr\/epinalinfo\/#website"},"primaryImageOfPage":{"@id":"https:\/\/vosgesinfo.fr\/epinalinfo\/2023\/02\/ceremonie-dhommage-aux-heros-de-gendarmerie-a-epinal-2\/#primaryimage"},"image":{"@id":"https:\/\/vosgesinfo.fr\/epinalinfo\/2023\/02\/ceremonie-dhommage-aux-heros-de-gendarmerie-a-epinal-2\/#primaryimage"},"thumbnailUrl":"https:\/\/vosgesinfo.fr\/app\/uploads\/sites\/3\/2023\/02\/ceremonie-hommage-heros-de-la-gendarmerie-epinal-16-fevrier-8.jpg","datePublished":"2023-02-16T14:36:49+00:00","dateModified":"2023-02-16T14:36:49+00:00","breadcrumb":{"@id":"https:\/\/vosgesinfo.fr\/epinalinfo\/2023\/02\/ceremonie-dhommage-aux-heros-de-gendarmerie-a-epinal-2\/#breadcrumb"},"inLanguage":"fr-FR","potentialAction":[{"@type":"ReadAction","target":["https:\/\/vosgesinfo.fr\/epinalinfo\/2023\/02\/ceremonie-dhommage-aux-heros-de-gendarmerie-a-epinal-2\/"]}]},{"@type":"ImageObject","inLanguage":"fr-FR","@id":"https:\/\/vosgesinfo.fr\/epinalinfo\/2023\/02\/ceremonie-dhommage-aux-heros-de-gendarmerie-a-epinal-2\/#primaryimage","url":"https:\/\/vosgesinfo.fr\/app\/uploads\/sites\/3\/2023\/02\/ceremonie-hommage-heros-de-la-gendarmerie-epinal-16-fevrier-8.jpg","contentUrl":"https:\/\/vosgesinfo.fr\/app\/uploads\/sites\/3\/2023\/02\/ceremonie-hommage-heros-de-la-gendarmerie-epinal-16-fevrier-8.jpg"},{"@type":"BreadcrumbList","@id":"https:\/\/vosgesinfo.fr\/epinalinfo\/2023\/02\/ceremonie-dhommage-aux-heros-de-gendarmerie-a-epinal-2\/#breadcrumb","itemListElement":[{"@type":"ListItem","position":1,"name":"Home","item":"https:\/\/vosgesinfo.fr\/epinalinfo\/"},{"@type":"ListItem","position":2,"name":"Une c\u00e9r\u00e9monie d&rsquo;hommage aux h\u00e9ros de la gendarmerie, \u00e0 Epinal"}]},{"@type":"WebSite","@id":"https:\/\/vosgesinfo.fr\/epinalinfo\/#website","url":"https:\/\/vosgesinfo.fr\/epinalinfo\/","name":"Epinal Info","description":"Toute l&#039;actualit\u00e9 d&#039;\u00c9pinal","publisher":{"@id":"https:\/\/vosgesinfo.fr\/epinalinfo\/#organization"},"alternateName":"Toute l'actualit\u00e9 d'\u00c9pinal","potentialAction":[{"@type":"SearchAction","target":{"@type":"EntryPoint","urlTemplate":"https:\/\/vosgesinfo.fr\/epinalinfo\/?s={search_term_string}"},"query-input":"required name=search_term_string"}],"inLanguage":"fr-FR"},{"@type":"Organization","@id":"https:\/\/vosgesinfo.fr\/epinalinfo\/#organization","name":"Epinal Info","url":"https:\/\/vosgesinfo.fr\/epinalinfo\/","logo":{"@type":"ImageObject","inLanguage":"fr-FR","@id":"https:\/\/vosgesinfo.fr\/epinalinfo\/#\/schema\/logo\/image\/","url":"https:\/\/vosgesinfo.fr\/app\/uploads\/sites\/3\/2023\/08\/logo-epinalinfos.svg","contentUrl":"https:\/\/vosgesinfo.fr\/app\/uploads\/sites\/3\/2023\/08\/logo-epinalinfos.svg","width":1,"height":1,"caption":"Epinal Info"},"image":{"@id":"https:\/\/vosgesinfo.fr\/epinalinfo\/#\/schema\/logo\/image\/"},"sameAs":["https:\/\/www.facebook.com\/Epinalinfos","https:\/\/x.com\/VosgesInfo88","https:\/\/www.youtube.com\/@vosgesinfo"]},{"@type":"Person","@id":"https:\/\/vosgesinfo.fr\/epinalinfo\/#\/schema\/person\/6f9a650eeea99d969b6c4ab78fccbe81","name":"C.K.","image":{"@type":"ImageObject","inLanguage":"fr-FR","@id":"https:\/\/vosgesinfo.fr\/epinalinfo\/#\/schema\/person\/image\/","url":"https:\/\/secure.gravatar.com\/avatar\/48e3fc7f8421ba8942be6b74a2b7f014ca39bc00dece156b7a8e098ae7dc87bf?s=96&d=mm&r=g","contentUrl":"https:\/\/secure.gravatar.com\/avatar\/48e3fc7f8421ba8942be6b74a2b7f014ca39bc00dece156b7a8e098ae7dc87bf?s=96&d=mm&r=g","caption":"C.K."},"url":"https:\/\/vosgesinfo.fr\/epinalinfo\/author\/celia-k-n\/"}]}},"_links":{"self":[{"href":"https:\/\/vosgesinfo.fr\/epinalinfo\/wp-json\/wp\/v2\/posts\/118084","targetHints":{"allow":["GET"]}}],"collection":[{"href":"https:\/\/vosgesinfo.fr\/epinalinfo\/wp-json\/wp\/v2\/posts"}],"about":[{"href":"https:\/\/vosgesinfo.fr\/epinalinfo\/wp-json\/wp\/v2\/types\/post"}],"author":[{"embeddable":true,"href":"https:\/\/vosgesinfo.fr\/epinalinfo\/wp-json\/wp\/v2\/users\/52"}],"replies":[{"embeddable":true,"href":"https:\/\/vosgesinfo.fr\/epinalinfo\/wp-json\/wp\/v2\/comments?post=118084"}],"version-history":[{"count":0,"href":"https:\/\/vosgesinfo.fr\/epinalinfo\/wp-json\/wp\/v2\/posts\/118084\/revisions"}],"wp:featuredmedia":[{"embeddable":true,"href":"https:\/\/vosgesinfo.fr\/epinalinfo\/wp-json\/wp\/v2\/media\/26943"}],"wp:attachment":[{"href":"https:\/\/vosgesinfo.fr\/epinalinfo\/wp-json\/wp\/v2\/media?parent=118084"}],"wp:term":[{"taxonomy":"category","embeddable":true,"href":"https:\/\/vosgesinfo.fr\/epinalinfo\/wp-json\/wp\/v2\/categories?post=118084"},{"taxonomy":"post_tag","embeddable":true,"href":"https:\/\/vosgesinfo.fr\/epinalinfo\/wp-json\/wp\/v2\/tags?post=118084"}],"curies":[{"name":"wp","href":"https:\/\/api.w.org\/{rel}","templated":true}]}}