{"id":118420,"date":"2023-03-31T11:56:09","date_gmt":"2023-03-31T09:56:09","guid":{"rendered":"https:\/\/vosgesinfo.fr\/epinalinfo\/2023\/03\/forges-amis-de-l-ecole-organise-vide-greniers-14-mai-de-7-h-a-17-h-2\/"},"modified":"2023-03-31T11:56:09","modified_gmt":"2023-03-31T09:56:09","slug":"forges-amis-de-l-ecole-organise-vide-greniers-14-mai-de-7-h-a-17-h-2","status":"publish","type":"post","link":"https:\/\/vosgesinfo.fr\/epinalinfo\/2023\/03\/forges-amis-de-l-ecole-organise-vide-greniers-14-mai-de-7-h-a-17-h-2\/","title":{"rendered":"Les Forges : Les Amis de l\u2019 \u00c9cole organisent un vide-greniers le 14 mai de 7 h \u00e0 17 h"},"content":{"rendered":"<div id=\"attachment_217105\" style=\"width: 605px\" class=\"wp-caption aligncenter\"><a href=\"\/2023\/03\/Les-Amis-de-l\u00e9cole.jpg\"><img decoding=\"async\" aria-describedby=\"caption-attachment-217105\" class=\"wp-image-217105 size-full\" src=\"\/2023\/03\/Les-Amis-de-l\u00e9cole.jpg\" alt=\"Les Amis de l'\u00e9cole\" width=\"595\" height=\"350\" \/><\/a><p id=\"caption-attachment-217105\" class=\"wp-caption-text\">Les Amis de l&rsquo;\u00c9cole<\/p><\/div>\n<h2>Si un vide-greniers permet de renflouer un peu son porte-monnaie, celui de l\u2019association Les Amis de l\u2019\u00c9cole sera d\u00e9di\u00e9 \u00e0 une noble cause, participer au financement de la sortie scolaire de \u00a0fin d\u2019ann\u00e9e des \u00e9l\u00e8ves de l\u2019\u00e9cole primaire de Les Forges.<\/h2>\n<p>L\u2019objectif de cette association, \u00a0pr\u00e9sid\u00e9e par Mathias Humblot, a pour\u00a0objet principal d\u2019aider et de soutenir la r\u00e9alisation d\u2019activit\u00e9s scolaires et extra-scolaires pour les enfants de la commune. Pour r\u00e9colter des fonds, les Amis de l\u2019\u00c9cole se retroussent r\u00e9guli\u00e8rement les manches et proposent diverses ventes en fonction de\u00a0 l\u2019actualit\u00e9 : \u00a0chocolats \u00e0 P\u00e2ques, bi\u00e8res pour la f\u00eate des p\u00e8res\u2026 \u00a0Les b\u00e9n\u00e9fices permettent la r\u00e9alisation d\u2019animations ludiques \u00a0: carnaval, chasse aux \u0153ufs et pour cette fin d\u2019ann\u00e9e scolaire, une \u00a0randonn\u00e9e pour les \u00e9l\u00e8ves de l&rsquo;\u00e9cole\u00a0 au Plateau des Mille \u00c9tangs, un site naturel remarquable.<\/p>\n<p>Les bulletins d&rsquo;inscription sont disponibles en mairie, sur simple demande \u00e0 l&rsquo;association via l&rsquo;adresse mail \u00a0<a href=\"mailto:lesamisdelecole88390@hotmail.com\">lesamisdelecole88390@hotmail.com<\/a> ou \u00a0sur la page Facebook de l&rsquo;association\u00a0<a href=\"https:\/\/www.facebook.com\/adle88390lesforges\">https:\/\/www.facebook.com\/adle88390lesforges<\/a><\/p>\n<p><a href=\"\/2023\/03\/photo_21.jpeg\"><img decoding=\"async\" class=\"aligncenter size-medium wp-image-217106\" src=\"\/2023\/03\/photo_21-341x255.jpeg\" alt=\"photo_2\" width=\"341\" height=\"255\" \/><\/a><\/p>\n<p>&nbsp;<\/p>\n","protected":false},"excerpt":{"rendered":"<p>Si un vide-greniers permet de renflouer un peu son porte-monnaie, celui de l\u2019association Les Amis de l\u2019\u00c9cole sera d\u00e9di\u00e9 \u00e0 [&hellip;]<\/p>\n","protected":false},"author":70,"featured_media":28303,"comment_status":"open","ping_status":"open","sticky":false,"template":"","format":"standard","meta":{"footnotes":""},"categories":[22,285,20,361],"tags":[444],"class_list":["post-118420","post","type-post","status-publish","format-standard","has-post-thumbnail","hentry","category-a-la-une","category-associations","category-divertissement","category-les-forges","tag-les-forges"],"acf":[],"yoast_head":"<!-- This site is optimized with the Yoast SEO plugin v22.5 - https:\/\/yoast.com\/wordpress\/plugins\/seo\/ -->\n<title>Les Forges : Les Amis de l\u2019 \u00c9cole organisent un vide-greniers le 14 mai de 7 h \u00e0 17 h - Epinal Info<\/title>\n<meta name=\"robots\" content=\"index, follow, max-snippet:-1, max-image-preview:large, max-video-preview:-1\" \/>\n<link rel=\"canonical\" href=\"https:\/\/vosgesinfo.fr\/epinalinfo\/2023\/03\/forges-amis-de-l-ecole-organise-vide-greniers-14-mai-de-7-h-a-17-h-2\/\" \/>\n<meta name=\"twitter:card\" content=\"summary_large_image\" \/>\n<meta name=\"twitter:title\" content=\"Les Forges : Les Amis de l\u2019 \u00c9cole organisent un vide-greniers le 14 mai de 7 h \u00e0 17 h - Epinal Info\" \/>\n<meta name=\"twitter:description\" content=\"Si un vide-greniers permet de renflouer un peu son porte-monnaie, celui de l\u2019association Les Amis de l\u2019\u00c9cole sera d\u00e9di\u00e9 \u00e0 [&hellip;]\" \/>\n<meta name=\"twitter:image\" content=\"https:\/\/vosgesinfo.fr\/app\/uploads\/sites\/3\/2023\/03\/les-amis-de-lecole.jpg\" \/>\n<meta name=\"twitter:creator\" content=\"@VosgesInfo88\" \/>\n<meta name=\"twitter:site\" content=\"@VosgesInfo88\" \/>\n<meta name=\"twitter:label1\" content=\"\u00c9crit par\" \/>\n\t<meta name=\"twitter:data1\" content=\"Myriam Laurent\" \/>\n\t<meta name=\"twitter:label2\" content=\"Dur\u00e9e de lecture estim\u00e9e\" \/>\n\t<meta name=\"twitter:data2\" content=\"1 minute\" \/>\n<script type=\"application\/ld+json\" class=\"yoast-schema-graph\">{\"@context\":\"https:\/\/schema.org\",\"@graph\":[{\"@type\":\"Article\",\"@id\":\"https:\/\/vosgesinfo.fr\/epinalinfo\/2023\/03\/forges-amis-de-l-ecole-organise-vide-greniers-14-mai-de-7-h-a-17-h-2\/#article\",\"isPartOf\":{\"@id\":\"https:\/\/vosgesinfo.fr\/epinalinfo\/2023\/03\/forges-amis-de-l-ecole-organise-vide-greniers-14-mai-de-7-h-a-17-h-2\/\"},\"author\":{\"name\":\"Myriam Laurent\",\"@id\":\"https:\/\/vosgesinfo.fr\/epinalinfo\/#\/schema\/person\/2b386e085a82c0016b256393b2189ae4\"},\"headline\":\"Les Forges : Les Amis de l\u2019 \u00c9cole organisent un vide-greniers le 14 mai de 7 h \u00e0 17 h\",\"datePublished\":\"2023-03-31T09:56:09+00:00\",\"dateModified\":\"2023-03-31T09:56:09+00:00\",\"mainEntityOfPage\":{\"@id\":\"https:\/\/vosgesinfo.fr\/epinalinfo\/2023\/03\/forges-amis-de-l-ecole-organise-vide-greniers-14-mai-de-7-h-a-17-h-2\/\"},\"wordCount\":224,\"commentCount\":0,\"publisher\":{\"@id\":\"https:\/\/vosgesinfo.fr\/epinalinfo\/#organization\"},\"image\":{\"@id\":\"https:\/\/vosgesinfo.fr\/epinalinfo\/2023\/03\/forges-amis-de-l-ecole-organise-vide-greniers-14-mai-de-7-h-a-17-h-2\/#primaryimage\"},\"thumbnailUrl\":\"https:\/\/vosgesinfo.fr\/app\/uploads\/sites\/3\/2023\/03\/les-amis-de-lecole.jpg\",\"keywords\":[\"Les Forges\"],\"articleSection\":[\"A la Une\",\"Associations\",\"Divertissement\",\"Les Forges\"],\"inLanguage\":\"fr-FR\",\"potentialAction\":[{\"@type\":\"CommentAction\",\"name\":\"Comment\",\"target\":[\"https:\/\/vosgesinfo.fr\/epinalinfo\/2023\/03\/forges-amis-de-l-ecole-organise-vide-greniers-14-mai-de-7-h-a-17-h-2\/#respond\"]}]},{\"@type\":\"WebPage\",\"@id\":\"https:\/\/vosgesinfo.fr\/epinalinfo\/2023\/03\/forges-amis-de-l-ecole-organise-vide-greniers-14-mai-de-7-h-a-17-h-2\/\",\"url\":\"https:\/\/vosgesinfo.fr\/epinalinfo\/2023\/03\/forges-amis-de-l-ecole-organise-vide-greniers-14-mai-de-7-h-a-17-h-2\/\",\"name\":\"Les Forges : Les Amis de l\u2019 \u00c9cole organisent un vide-greniers le 14 mai de 7 h \u00e0 17 h - Epinal Info\",\"isPartOf\":{\"@id\":\"https:\/\/vosgesinfo.fr\/epinalinfo\/#website\"},\"primaryImageOfPage\":{\"@id\":\"https:\/\/vosgesinfo.fr\/epinalinfo\/2023\/03\/forges-amis-de-l-ecole-organise-vide-greniers-14-mai-de-7-h-a-17-h-2\/#primaryimage\"},\"image\":{\"@id\":\"https:\/\/vosgesinfo.fr\/epinalinfo\/2023\/03\/forges-amis-de-l-ecole-organise-vide-greniers-14-mai-de-7-h-a-17-h-2\/#primaryimage\"},\"thumbnailUrl\":\"https:\/\/vosgesinfo.fr\/app\/uploads\/sites\/3\/2023\/03\/les-amis-de-lecole.jpg\",\"datePublished\":\"2023-03-31T09:56:09+00:00\",\"dateModified\":\"2023-03-31T09:56:09+00:00\",\"breadcrumb\":{\"@id\":\"https:\/\/vosgesinfo.fr\/epinalinfo\/2023\/03\/forges-amis-de-l-ecole-organise-vide-greniers-14-mai-de-7-h-a-17-h-2\/#breadcrumb\"},\"inLanguage\":\"fr-FR\",\"potentialAction\":[{\"@type\":\"ReadAction\",\"target\":[\"https:\/\/vosgesinfo.fr\/epinalinfo\/2023\/03\/forges-amis-de-l-ecole-organise-vide-greniers-14-mai-de-7-h-a-17-h-2\/\"]}]},{\"@type\":\"ImageObject\",\"inLanguage\":\"fr-FR\",\"@id\":\"https:\/\/vosgesinfo.fr\/epinalinfo\/2023\/03\/forges-amis-de-l-ecole-organise-vide-greniers-14-mai-de-7-h-a-17-h-2\/#primaryimage\",\"url\":\"https:\/\/vosgesinfo.fr\/app\/uploads\/sites\/3\/2023\/03\/les-amis-de-lecole.jpg\",\"contentUrl\":\"https:\/\/vosgesinfo.fr\/app\/uploads\/sites\/3\/2023\/03\/les-amis-de-lecole.jpg\"},{\"@type\":\"BreadcrumbList\",\"@id\":\"https:\/\/vosgesinfo.fr\/epinalinfo\/2023\/03\/forges-amis-de-l-ecole-organise-vide-greniers-14-mai-de-7-h-a-17-h-2\/#breadcrumb\",\"itemListElement\":[{\"@type\":\"ListItem\",\"position\":1,\"name\":\"Home\",\"item\":\"https:\/\/vosgesinfo.fr\/epinalinfo\/\"},{\"@type\":\"ListItem\",\"position\":2,\"name\":\"Les Forges : Les Amis de l\u2019 \u00c9cole organisent un vide-greniers le 14 mai de 7 h \u00e0 17 h\"}]},{\"@type\":\"WebSite\",\"@id\":\"https:\/\/vosgesinfo.fr\/epinalinfo\/#website\",\"url\":\"https:\/\/vosgesinfo.fr\/epinalinfo\/\",\"name\":\"Epinal Info\",\"description\":\"Toute l&#039;actualit\u00e9 d&#039;\u00c9pinal\",\"publisher\":{\"@id\":\"https:\/\/vosgesinfo.fr\/epinalinfo\/#organization\"},\"alternateName\":\"Toute l'actualit\u00e9 d'\u00c9pinal\",\"potentialAction\":[{\"@type\":\"SearchAction\",\"target\":{\"@type\":\"EntryPoint\",\"urlTemplate\":\"https:\/\/vosgesinfo.fr\/epinalinfo\/?s={search_term_string}\"},\"query-input\":\"required name=search_term_string\"}],\"inLanguage\":\"fr-FR\"},{\"@type\":\"Organization\",\"@id\":\"https:\/\/vosgesinfo.fr\/epinalinfo\/#organization\",\"name\":\"Epinal Info\",\"url\":\"https:\/\/vosgesinfo.fr\/epinalinfo\/\",\"logo\":{\"@type\":\"ImageObject\",\"inLanguage\":\"fr-FR\",\"@id\":\"https:\/\/vosgesinfo.fr\/epinalinfo\/#\/schema\/logo\/image\/\",\"url\":\"https:\/\/vosgesinfo.fr\/app\/uploads\/sites\/3\/2023\/08\/logo-epinalinfos.svg\",\"contentUrl\":\"https:\/\/vosgesinfo.fr\/app\/uploads\/sites\/3\/2023\/08\/logo-epinalinfos.svg\",\"width\":1,\"height\":1,\"caption\":\"Epinal Info\"},\"image\":{\"@id\":\"https:\/\/vosgesinfo.fr\/epinalinfo\/#\/schema\/logo\/image\/\"},\"sameAs\":[\"https:\/\/www.facebook.com\/Epinalinfos\",\"https:\/\/x.com\/VosgesInfo88\",\"https:\/\/www.youtube.com\/@vosgesinfo\"]},{\"@type\":\"Person\",\"@id\":\"https:\/\/vosgesinfo.fr\/epinalinfo\/#\/schema\/person\/2b386e085a82c0016b256393b2189ae4\",\"name\":\"Myriam Laurent\",\"image\":{\"@type\":\"ImageObject\",\"inLanguage\":\"fr-FR\",\"@id\":\"https:\/\/vosgesinfo.fr\/epinalinfo\/#\/schema\/person\/image\/\",\"url\":\"https:\/\/secure.gravatar.com\/avatar\/a409932072e5edc53edb5721b96f447ffe159ad4db11e70fcf913dff1c01503f?s=96&d=mm&r=g\",\"contentUrl\":\"https:\/\/secure.gravatar.com\/avatar\/a409932072e5edc53edb5721b96f447ffe159ad4db11e70fcf913dff1c01503f?s=96&d=mm&r=g\",\"caption\":\"Myriam Laurent\"},\"url\":\"https:\/\/vosgesinfo.fr\/epinalinfo\/author\/myriam-laurent\/\"}]}<\/script>\n<!-- \/ Yoast SEO plugin. -->","yoast_head_json":{"title":"Les Forges : Les Amis de l\u2019 \u00c9cole organisent un vide-greniers le 14 mai de 7 h \u00e0 17 h - Epinal Info","robots":{"index":"index","follow":"follow","max-snippet":"max-snippet:-1","max-image-preview":"max-image-preview:large","max-video-preview":"max-video-preview:-1"},"canonical":"https:\/\/vosgesinfo.fr\/epinalinfo\/2023\/03\/forges-amis-de-l-ecole-organise-vide-greniers-14-mai-de-7-h-a-17-h-2\/","twitter_card":"summary_large_image","twitter_title":"Les Forges : Les Amis de l\u2019 \u00c9cole organisent un vide-greniers le 14 mai de 7 h \u00e0 17 h - Epinal Info","twitter_description":"Si un vide-greniers permet de renflouer un peu son porte-monnaie, celui de l\u2019association Les Amis de l\u2019\u00c9cole sera d\u00e9di\u00e9 \u00e0 [&hellip;]","twitter_image":"https:\/\/vosgesinfo.fr\/app\/uploads\/sites\/3\/2023\/03\/les-amis-de-lecole.jpg","twitter_creator":"@VosgesInfo88","twitter_site":"@VosgesInfo88","twitter_misc":{"\u00c9crit par":"Myriam Laurent","Dur\u00e9e de lecture estim\u00e9e":"1 minute"},"schema":{"@context":"https:\/\/schema.org","@graph":[{"@type":"Article","@id":"https:\/\/vosgesinfo.fr\/epinalinfo\/2023\/03\/forges-amis-de-l-ecole-organise-vide-greniers-14-mai-de-7-h-a-17-h-2\/#article","isPartOf":{"@id":"https:\/\/vosgesinfo.fr\/epinalinfo\/2023\/03\/forges-amis-de-l-ecole-organise-vide-greniers-14-mai-de-7-h-a-17-h-2\/"},"author":{"name":"Myriam Laurent","@id":"https:\/\/vosgesinfo.fr\/epinalinfo\/#\/schema\/person\/2b386e085a82c0016b256393b2189ae4"},"headline":"Les Forges : Les Amis de l\u2019 \u00c9cole organisent un vide-greniers le 14 mai de 7 h \u00e0 17 h","datePublished":"2023-03-31T09:56:09+00:00","dateModified":"2023-03-31T09:56:09+00:00","mainEntityOfPage":{"@id":"https:\/\/vosgesinfo.fr\/epinalinfo\/2023\/03\/forges-amis-de-l-ecole-organise-vide-greniers-14-mai-de-7-h-a-17-h-2\/"},"wordCount":224,"commentCount":0,"publisher":{"@id":"https:\/\/vosgesinfo.fr\/epinalinfo\/#organization"},"image":{"@id":"https:\/\/vosgesinfo.fr\/epinalinfo\/2023\/03\/forges-amis-de-l-ecole-organise-vide-greniers-14-mai-de-7-h-a-17-h-2\/#primaryimage"},"thumbnailUrl":"https:\/\/vosgesinfo.fr\/app\/uploads\/sites\/3\/2023\/03\/les-amis-de-lecole.jpg","keywords":["Les Forges"],"articleSection":["A la Une","Associations","Divertissement","Les Forges"],"inLanguage":"fr-FR","potentialAction":[{"@type":"CommentAction","name":"Comment","target":["https:\/\/vosgesinfo.fr\/epinalinfo\/2023\/03\/forges-amis-de-l-ecole-organise-vide-greniers-14-mai-de-7-h-a-17-h-2\/#respond"]}]},{"@type":"WebPage","@id":"https:\/\/vosgesinfo.fr\/epinalinfo\/2023\/03\/forges-amis-de-l-ecole-organise-vide-greniers-14-mai-de-7-h-a-17-h-2\/","url":"https:\/\/vosgesinfo.fr\/epinalinfo\/2023\/03\/forges-amis-de-l-ecole-organise-vide-greniers-14-mai-de-7-h-a-17-h-2\/","name":"Les Forges : Les Amis de l\u2019 \u00c9cole organisent un vide-greniers le 14 mai de 7 h \u00e0 17 h - Epinal Info","isPartOf":{"@id":"https:\/\/vosgesinfo.fr\/epinalinfo\/#website"},"primaryImageOfPage":{"@id":"https:\/\/vosgesinfo.fr\/epinalinfo\/2023\/03\/forges-amis-de-l-ecole-organise-vide-greniers-14-mai-de-7-h-a-17-h-2\/#primaryimage"},"image":{"@id":"https:\/\/vosgesinfo.fr\/epinalinfo\/2023\/03\/forges-amis-de-l-ecole-organise-vide-greniers-14-mai-de-7-h-a-17-h-2\/#primaryimage"},"thumbnailUrl":"https:\/\/vosgesinfo.fr\/app\/uploads\/sites\/3\/2023\/03\/les-amis-de-lecole.jpg","datePublished":"2023-03-31T09:56:09+00:00","dateModified":"2023-03-31T09:56:09+00:00","breadcrumb":{"@id":"https:\/\/vosgesinfo.fr\/epinalinfo\/2023\/03\/forges-amis-de-l-ecole-organise-vide-greniers-14-mai-de-7-h-a-17-h-2\/#breadcrumb"},"inLanguage":"fr-FR","potentialAction":[{"@type":"ReadAction","target":["https:\/\/vosgesinfo.fr\/epinalinfo\/2023\/03\/forges-amis-de-l-ecole-organise-vide-greniers-14-mai-de-7-h-a-17-h-2\/"]}]},{"@type":"ImageObject","inLanguage":"fr-FR","@id":"https:\/\/vosgesinfo.fr\/epinalinfo\/2023\/03\/forges-amis-de-l-ecole-organise-vide-greniers-14-mai-de-7-h-a-17-h-2\/#primaryimage","url":"https:\/\/vosgesinfo.fr\/app\/uploads\/sites\/3\/2023\/03\/les-amis-de-lecole.jpg","contentUrl":"https:\/\/vosgesinfo.fr\/app\/uploads\/sites\/3\/2023\/03\/les-amis-de-lecole.jpg"},{"@type":"BreadcrumbList","@id":"https:\/\/vosgesinfo.fr\/epinalinfo\/2023\/03\/forges-amis-de-l-ecole-organise-vide-greniers-14-mai-de-7-h-a-17-h-2\/#breadcrumb","itemListElement":[{"@type":"ListItem","position":1,"name":"Home","item":"https:\/\/vosgesinfo.fr\/epinalinfo\/"},{"@type":"ListItem","position":2,"name":"Les Forges : Les Amis de l\u2019 \u00c9cole organisent un vide-greniers le 14 mai de 7 h \u00e0 17 h"}]},{"@type":"WebSite","@id":"https:\/\/vosgesinfo.fr\/epinalinfo\/#website","url":"https:\/\/vosgesinfo.fr\/epinalinfo\/","name":"Epinal Info","description":"Toute l&#039;actualit\u00e9 d&#039;\u00c9pinal","publisher":{"@id":"https:\/\/vosgesinfo.fr\/epinalinfo\/#organization"},"alternateName":"Toute l'actualit\u00e9 d'\u00c9pinal","potentialAction":[{"@type":"SearchAction","target":{"@type":"EntryPoint","urlTemplate":"https:\/\/vosgesinfo.fr\/epinalinfo\/?s={search_term_string}"},"query-input":"required name=search_term_string"}],"inLanguage":"fr-FR"},{"@type":"Organization","@id":"https:\/\/vosgesinfo.fr\/epinalinfo\/#organization","name":"Epinal Info","url":"https:\/\/vosgesinfo.fr\/epinalinfo\/","logo":{"@type":"ImageObject","inLanguage":"fr-FR","@id":"https:\/\/vosgesinfo.fr\/epinalinfo\/#\/schema\/logo\/image\/","url":"https:\/\/vosgesinfo.fr\/app\/uploads\/sites\/3\/2023\/08\/logo-epinalinfos.svg","contentUrl":"https:\/\/vosgesinfo.fr\/app\/uploads\/sites\/3\/2023\/08\/logo-epinalinfos.svg","width":1,"height":1,"caption":"Epinal Info"},"image":{"@id":"https:\/\/vosgesinfo.fr\/epinalinfo\/#\/schema\/logo\/image\/"},"sameAs":["https:\/\/www.facebook.com\/Epinalinfos","https:\/\/x.com\/VosgesInfo88","https:\/\/www.youtube.com\/@vosgesinfo"]},{"@type":"Person","@id":"https:\/\/vosgesinfo.fr\/epinalinfo\/#\/schema\/person\/2b386e085a82c0016b256393b2189ae4","name":"Myriam Laurent","image":{"@type":"ImageObject","inLanguage":"fr-FR","@id":"https:\/\/vosgesinfo.fr\/epinalinfo\/#\/schema\/person\/image\/","url":"https:\/\/secure.gravatar.com\/avatar\/a409932072e5edc53edb5721b96f447ffe159ad4db11e70fcf913dff1c01503f?s=96&d=mm&r=g","contentUrl":"https:\/\/secure.gravatar.com\/avatar\/a409932072e5edc53edb5721b96f447ffe159ad4db11e70fcf913dff1c01503f?s=96&d=mm&r=g","caption":"Myriam Laurent"},"url":"https:\/\/vosgesinfo.fr\/epinalinfo\/author\/myriam-laurent\/"}]}},"_links":{"self":[{"href":"https:\/\/vosgesinfo.fr\/epinalinfo\/wp-json\/wp\/v2\/posts\/118420","targetHints":{"allow":["GET"]}}],"collection":[{"href":"https:\/\/vosgesinfo.fr\/epinalinfo\/wp-json\/wp\/v2\/posts"}],"about":[{"href":"https:\/\/vosgesinfo.fr\/epinalinfo\/wp-json\/wp\/v2\/types\/post"}],"author":[{"embeddable":true,"href":"https:\/\/vosgesinfo.fr\/epinalinfo\/wp-json\/wp\/v2\/users\/70"}],"replies":[{"embeddable":true,"href":"https:\/\/vosgesinfo.fr\/epinalinfo\/wp-json\/wp\/v2\/comments?post=118420"}],"version-history":[{"count":0,"href":"https:\/\/vosgesinfo.fr\/epinalinfo\/wp-json\/wp\/v2\/posts\/118420\/revisions"}],"wp:featuredmedia":[{"embeddable":true,"href":"https:\/\/vosgesinfo.fr\/epinalinfo\/wp-json\/wp\/v2\/media\/28303"}],"wp:attachment":[{"href":"https:\/\/vosgesinfo.fr\/epinalinfo\/wp-json\/wp\/v2\/media?parent=118420"}],"wp:term":[{"taxonomy":"category","embeddable":true,"href":"https:\/\/vosgesinfo.fr\/epinalinfo\/wp-json\/wp\/v2\/categories?post=118420"},{"taxonomy":"post_tag","embeddable":true,"href":"https:\/\/vosgesinfo.fr\/epinalinfo\/wp-json\/wp\/v2\/tags?post=118420"}],"curies":[{"name":"wp","href":"https:\/\/api.w.org\/{rel}","templated":true}]}}