{"id":118446,"date":"2023-04-04T12:12:52","date_gmt":"2023-04-04T10:12:52","guid":{"rendered":"https:\/\/vosgesinfo.fr\/epinalinfo\/2023\/04\/2eme-competition-equipes-de-tempsdanses-2\/"},"modified":"2023-04-04T12:12:52","modified_gmt":"2023-04-04T10:12:52","slug":"2eme-competition-equipes-de-tempsdanses-2","status":"publish","type":"post","link":"https:\/\/vosgesinfo.fr\/epinalinfo\/2023\/04\/2eme-competition-equipes-de-tempsdanses-2\/","title":{"rendered":"2\u00e8me comp\u00e9tition pour les \u00e9quipes de TEMPSDANSES"},"content":{"rendered":"<div id=\"attachment_217221\" style=\"width: 810px\" class=\"wp-caption aligncenter\"><a href=\"\/2023\/04\/the-mask-l-2.jpg\"><img decoding=\"async\" aria-describedby=\"caption-attachment-217221\" class=\"size-full wp-image-217221\" src=\"\/2023\/04\/the-mask-l-2.jpg\" alt=\"photos tempsdanses\" width=\"800\" height=\"509\" \/><\/a><p id=\"caption-attachment-217221\" class=\"wp-caption-text\">photos tempsdanses<\/p><\/div>\n<p>La 2\u00e8me comp\u00e9tition pour les \u00e9quipes de TEMPSDANSES s&rsquo;est d\u00e9roul\u00e9e ce samedi 1er avril \u00e0 Saint Romain en Gal.<\/p>\n<p>Si M\u00e9lodie Goll\u00e9 et Pierre Jacquot n&rsquo;ont pu y prendre part, cela n&rsquo;aura pas emp\u00each\u00e9 les comp\u00e9titeurs de conforter leurs r\u00e9sultats et de confirmer leur retour dans le cercle.<\/p>\n<p>Les groupes Enfants montent sur le podium en 1\u00e8re et 2 \u00e8me places dans chacune de leur 2 cat\u00e9gories Hip-Hop et Dance Show avec un nette am\u00e9lioration de leurs prestations.<\/p>\n<p>Les groupes Adultes performent aussi\u00a0 dans leurs cat\u00e9gories, grimpant sur la pr\u00e9cieuse plate-forme. Ils ont d\u00fb, en peu de temps, remplacer la danseuse bless\u00e9e lors de la 1\u00e8re \u00e9ch\u00e9ance et adapter les programmes.<\/p>\n<p>Pour cette journ\u00e9e, 4 Juniors ont d\u00e9cid\u00e9 de se lancer dans l&rsquo;aventure. Si leur travail fut intense sur un d\u00e9lai tr\u00e8s court, elles n&rsquo;ont pas d\u00e9m\u00e9rit\u00e9 et ont r\u00e9ussi \u00e0 proposer 2 chor\u00e9graphies Hip-Hop et Dance Show.<\/p>\n<p>Une belle entr\u00e9e en mati\u00e8re pour le duo Aude George et Pauline Bischoff qui<br \/>\ns&rsquo;impose dans la cat\u00e9gorie Cara\u00efbes Show et remporte la 1\u00e8re place !<\/p>\n<p>Ma\u00eblys Patural et L\u00e9ane Moulin confirment leur complicit\u00e9 en prenant la 2\u00e8me place du Dance Show et montent \u00e9galement sur le podium avec leur nouveau duo Hip-Hop.<\/p>\n<p>L&rsquo;ultime \u00e9tape de la saison pour ces \u00e9quipes aura lieu le 10 juin avec la Coupe de France.<\/p>\n<p>Mais en attendant, TEMPSDANSES organise, avec la F\u00e9d\u00e9ration Fran\u00e7aise de Danse, le CHAMPIONNAT REGIONAL de Breaking.<br \/>\nLe dimanche 16 avril, tous les BGirl et Bboy de la R\u00e9gion Grand Est viendront concourir sur le sol du Gymnase Louis Lapicque pour gagner leur place aux CHAMPIONNATS DE FRANCE.<\/p>\n\n","protected":false},"excerpt":{"rendered":"<p>La 2\u00e8me comp\u00e9tition pour les \u00e9quipes de TEMPSDANSES s&rsquo;est d\u00e9roul\u00e9e ce samedi 1er avril \u00e0 Saint Romain en Gal. Si [&hellip;]<\/p>\n","protected":false},"author":52,"featured_media":28372,"comment_status":"open","ping_status":"open","sticky":false,"template":"","format":"standard","meta":{"footnotes":""},"categories":[22,24,7],"tags":[],"class_list":["post-118446","post","type-post","status-publish","format-standard","has-post-thumbnail","hentry","category-a-la-une","category-epinal","category-sport"],"acf":[],"yoast_head":"<!-- This site is optimized with the Yoast SEO plugin v22.5 - https:\/\/yoast.com\/wordpress\/plugins\/seo\/ -->\n<title>2\u00e8me comp\u00e9tition pour les \u00e9quipes de TEMPSDANSES - Epinal Info<\/title>\n<meta name=\"robots\" content=\"index, follow, max-snippet:-1, max-image-preview:large, max-video-preview:-1\" \/>\n<link rel=\"canonical\" href=\"https:\/\/vosgesinfo.fr\/epinalinfo\/2023\/04\/2eme-competition-equipes-de-tempsdanses-2\/\" \/>\n<meta name=\"twitter:card\" content=\"summary_large_image\" \/>\n<meta name=\"twitter:title\" content=\"2\u00e8me comp\u00e9tition pour les \u00e9quipes de TEMPSDANSES - Epinal Info\" \/>\n<meta name=\"twitter:description\" content=\"La 2\u00e8me comp\u00e9tition pour les \u00e9quipes de TEMPSDANSES s&rsquo;est d\u00e9roul\u00e9e ce samedi 1er avril \u00e0 Saint Romain en Gal. Si [&hellip;]\" \/>\n<meta name=\"twitter:image\" content=\"https:\/\/vosgesinfo.fr\/app\/uploads\/sites\/3\/2023\/04\/the-mask-l-2.jpg\" \/>\n<meta name=\"twitter:creator\" content=\"@VosgesInfo88\" \/>\n<meta name=\"twitter:site\" content=\"@VosgesInfo88\" \/>\n<meta name=\"twitter:label1\" content=\"\u00c9crit par\" \/>\n\t<meta name=\"twitter:data1\" content=\"C.K.\" \/>\n\t<meta name=\"twitter:label2\" content=\"Dur\u00e9e de lecture estim\u00e9e\" \/>\n\t<meta name=\"twitter:data2\" content=\"2 minutes\" \/>\n<script type=\"application\/ld+json\" class=\"yoast-schema-graph\">{\"@context\":\"https:\/\/schema.org\",\"@graph\":[{\"@type\":\"Article\",\"@id\":\"https:\/\/vosgesinfo.fr\/epinalinfo\/2023\/04\/2eme-competition-equipes-de-tempsdanses-2\/#article\",\"isPartOf\":{\"@id\":\"https:\/\/vosgesinfo.fr\/epinalinfo\/2023\/04\/2eme-competition-equipes-de-tempsdanses-2\/\"},\"author\":{\"name\":\"C.K.\",\"@id\":\"https:\/\/vosgesinfo.fr\/epinalinfo\/#\/schema\/person\/6f9a650eeea99d969b6c4ab78fccbe81\"},\"headline\":\"2\u00e8me comp\u00e9tition pour les \u00e9quipes de TEMPSDANSES\",\"datePublished\":\"2023-04-04T10:12:52+00:00\",\"dateModified\":\"2023-04-04T10:12:52+00:00\",\"mainEntityOfPage\":{\"@id\":\"https:\/\/vosgesinfo.fr\/epinalinfo\/2023\/04\/2eme-competition-equipes-de-tempsdanses-2\/\"},\"wordCount\":322,\"commentCount\":0,\"publisher\":{\"@id\":\"https:\/\/vosgesinfo.fr\/epinalinfo\/#organization\"},\"image\":{\"@id\":\"https:\/\/vosgesinfo.fr\/epinalinfo\/2023\/04\/2eme-competition-equipes-de-tempsdanses-2\/#primaryimage\"},\"thumbnailUrl\":\"https:\/\/vosgesinfo.fr\/app\/uploads\/sites\/3\/2023\/04\/the-mask-l-2.jpg\",\"articleSection\":[\"A la Une\",\"Epinal\",\"Sport\"],\"inLanguage\":\"fr-FR\",\"potentialAction\":[{\"@type\":\"CommentAction\",\"name\":\"Comment\",\"target\":[\"https:\/\/vosgesinfo.fr\/epinalinfo\/2023\/04\/2eme-competition-equipes-de-tempsdanses-2\/#respond\"]}]},{\"@type\":\"WebPage\",\"@id\":\"https:\/\/vosgesinfo.fr\/epinalinfo\/2023\/04\/2eme-competition-equipes-de-tempsdanses-2\/\",\"url\":\"https:\/\/vosgesinfo.fr\/epinalinfo\/2023\/04\/2eme-competition-equipes-de-tempsdanses-2\/\",\"name\":\"2\u00e8me comp\u00e9tition pour les \u00e9quipes de TEMPSDANSES - Epinal Info\",\"isPartOf\":{\"@id\":\"https:\/\/vosgesinfo.fr\/epinalinfo\/#website\"},\"primaryImageOfPage\":{\"@id\":\"https:\/\/vosgesinfo.fr\/epinalinfo\/2023\/04\/2eme-competition-equipes-de-tempsdanses-2\/#primaryimage\"},\"image\":{\"@id\":\"https:\/\/vosgesinfo.fr\/epinalinfo\/2023\/04\/2eme-competition-equipes-de-tempsdanses-2\/#primaryimage\"},\"thumbnailUrl\":\"https:\/\/vosgesinfo.fr\/app\/uploads\/sites\/3\/2023\/04\/the-mask-l-2.jpg\",\"datePublished\":\"2023-04-04T10:12:52+00:00\",\"dateModified\":\"2023-04-04T10:12:52+00:00\",\"breadcrumb\":{\"@id\":\"https:\/\/vosgesinfo.fr\/epinalinfo\/2023\/04\/2eme-competition-equipes-de-tempsdanses-2\/#breadcrumb\"},\"inLanguage\":\"fr-FR\",\"potentialAction\":[{\"@type\":\"ReadAction\",\"target\":[\"https:\/\/vosgesinfo.fr\/epinalinfo\/2023\/04\/2eme-competition-equipes-de-tempsdanses-2\/\"]}]},{\"@type\":\"ImageObject\",\"inLanguage\":\"fr-FR\",\"@id\":\"https:\/\/vosgesinfo.fr\/epinalinfo\/2023\/04\/2eme-competition-equipes-de-tempsdanses-2\/#primaryimage\",\"url\":\"https:\/\/vosgesinfo.fr\/app\/uploads\/sites\/3\/2023\/04\/the-mask-l-2.jpg\",\"contentUrl\":\"https:\/\/vosgesinfo.fr\/app\/uploads\/sites\/3\/2023\/04\/the-mask-l-2.jpg\"},{\"@type\":\"BreadcrumbList\",\"@id\":\"https:\/\/vosgesinfo.fr\/epinalinfo\/2023\/04\/2eme-competition-equipes-de-tempsdanses-2\/#breadcrumb\",\"itemListElement\":[{\"@type\":\"ListItem\",\"position\":1,\"name\":\"Home\",\"item\":\"https:\/\/vosgesinfo.fr\/epinalinfo\/\"},{\"@type\":\"ListItem\",\"position\":2,\"name\":\"2\u00e8me comp\u00e9tition pour les \u00e9quipes de TEMPSDANSES\"}]},{\"@type\":\"WebSite\",\"@id\":\"https:\/\/vosgesinfo.fr\/epinalinfo\/#website\",\"url\":\"https:\/\/vosgesinfo.fr\/epinalinfo\/\",\"name\":\"Epinal Info\",\"description\":\"Toute l&#039;actualit\u00e9 d&#039;\u00c9pinal\",\"publisher\":{\"@id\":\"https:\/\/vosgesinfo.fr\/epinalinfo\/#organization\"},\"alternateName\":\"Toute l'actualit\u00e9 d'\u00c9pinal\",\"potentialAction\":[{\"@type\":\"SearchAction\",\"target\":{\"@type\":\"EntryPoint\",\"urlTemplate\":\"https:\/\/vosgesinfo.fr\/epinalinfo\/?s={search_term_string}\"},\"query-input\":\"required name=search_term_string\"}],\"inLanguage\":\"fr-FR\"},{\"@type\":\"Organization\",\"@id\":\"https:\/\/vosgesinfo.fr\/epinalinfo\/#organization\",\"name\":\"Epinal Info\",\"url\":\"https:\/\/vosgesinfo.fr\/epinalinfo\/\",\"logo\":{\"@type\":\"ImageObject\",\"inLanguage\":\"fr-FR\",\"@id\":\"https:\/\/vosgesinfo.fr\/epinalinfo\/#\/schema\/logo\/image\/\",\"url\":\"https:\/\/vosgesinfo.fr\/app\/uploads\/sites\/3\/2023\/08\/logo-epinalinfos.svg\",\"contentUrl\":\"https:\/\/vosgesinfo.fr\/app\/uploads\/sites\/3\/2023\/08\/logo-epinalinfos.svg\",\"width\":1,\"height\":1,\"caption\":\"Epinal Info\"},\"image\":{\"@id\":\"https:\/\/vosgesinfo.fr\/epinalinfo\/#\/schema\/logo\/image\/\"},\"sameAs\":[\"https:\/\/www.facebook.com\/Epinalinfos\",\"https:\/\/x.com\/VosgesInfo88\",\"https:\/\/www.youtube.com\/@vosgesinfo\"]},{\"@type\":\"Person\",\"@id\":\"https:\/\/vosgesinfo.fr\/epinalinfo\/#\/schema\/person\/6f9a650eeea99d969b6c4ab78fccbe81\",\"name\":\"C.K.\",\"image\":{\"@type\":\"ImageObject\",\"inLanguage\":\"fr-FR\",\"@id\":\"https:\/\/vosgesinfo.fr\/epinalinfo\/#\/schema\/person\/image\/\",\"url\":\"https:\/\/secure.gravatar.com\/avatar\/48e3fc7f8421ba8942be6b74a2b7f014ca39bc00dece156b7a8e098ae7dc87bf?s=96&d=mm&r=g\",\"contentUrl\":\"https:\/\/secure.gravatar.com\/avatar\/48e3fc7f8421ba8942be6b74a2b7f014ca39bc00dece156b7a8e098ae7dc87bf?s=96&d=mm&r=g\",\"caption\":\"C.K.\"},\"url\":\"https:\/\/vosgesinfo.fr\/epinalinfo\/author\/celia-k-n\/\"}]}<\/script>\n<!-- \/ Yoast SEO plugin. -->","yoast_head_json":{"title":"2\u00e8me comp\u00e9tition pour les \u00e9quipes de TEMPSDANSES - Epinal Info","robots":{"index":"index","follow":"follow","max-snippet":"max-snippet:-1","max-image-preview":"max-image-preview:large","max-video-preview":"max-video-preview:-1"},"canonical":"https:\/\/vosgesinfo.fr\/epinalinfo\/2023\/04\/2eme-competition-equipes-de-tempsdanses-2\/","twitter_card":"summary_large_image","twitter_title":"2\u00e8me comp\u00e9tition pour les \u00e9quipes de TEMPSDANSES - Epinal Info","twitter_description":"La 2\u00e8me comp\u00e9tition pour les \u00e9quipes de TEMPSDANSES s&rsquo;est d\u00e9roul\u00e9e ce samedi 1er avril \u00e0 Saint Romain en Gal. Si [&hellip;]","twitter_image":"https:\/\/vosgesinfo.fr\/app\/uploads\/sites\/3\/2023\/04\/the-mask-l-2.jpg","twitter_creator":"@VosgesInfo88","twitter_site":"@VosgesInfo88","twitter_misc":{"\u00c9crit par":"C.K.","Dur\u00e9e de lecture estim\u00e9e":"2 minutes"},"schema":{"@context":"https:\/\/schema.org","@graph":[{"@type":"Article","@id":"https:\/\/vosgesinfo.fr\/epinalinfo\/2023\/04\/2eme-competition-equipes-de-tempsdanses-2\/#article","isPartOf":{"@id":"https:\/\/vosgesinfo.fr\/epinalinfo\/2023\/04\/2eme-competition-equipes-de-tempsdanses-2\/"},"author":{"name":"C.K.","@id":"https:\/\/vosgesinfo.fr\/epinalinfo\/#\/schema\/person\/6f9a650eeea99d969b6c4ab78fccbe81"},"headline":"2\u00e8me comp\u00e9tition pour les \u00e9quipes de TEMPSDANSES","datePublished":"2023-04-04T10:12:52+00:00","dateModified":"2023-04-04T10:12:52+00:00","mainEntityOfPage":{"@id":"https:\/\/vosgesinfo.fr\/epinalinfo\/2023\/04\/2eme-competition-equipes-de-tempsdanses-2\/"},"wordCount":322,"commentCount":0,"publisher":{"@id":"https:\/\/vosgesinfo.fr\/epinalinfo\/#organization"},"image":{"@id":"https:\/\/vosgesinfo.fr\/epinalinfo\/2023\/04\/2eme-competition-equipes-de-tempsdanses-2\/#primaryimage"},"thumbnailUrl":"https:\/\/vosgesinfo.fr\/app\/uploads\/sites\/3\/2023\/04\/the-mask-l-2.jpg","articleSection":["A la Une","Epinal","Sport"],"inLanguage":"fr-FR","potentialAction":[{"@type":"CommentAction","name":"Comment","target":["https:\/\/vosgesinfo.fr\/epinalinfo\/2023\/04\/2eme-competition-equipes-de-tempsdanses-2\/#respond"]}]},{"@type":"WebPage","@id":"https:\/\/vosgesinfo.fr\/epinalinfo\/2023\/04\/2eme-competition-equipes-de-tempsdanses-2\/","url":"https:\/\/vosgesinfo.fr\/epinalinfo\/2023\/04\/2eme-competition-equipes-de-tempsdanses-2\/","name":"2\u00e8me comp\u00e9tition pour les \u00e9quipes de TEMPSDANSES - Epinal Info","isPartOf":{"@id":"https:\/\/vosgesinfo.fr\/epinalinfo\/#website"},"primaryImageOfPage":{"@id":"https:\/\/vosgesinfo.fr\/epinalinfo\/2023\/04\/2eme-competition-equipes-de-tempsdanses-2\/#primaryimage"},"image":{"@id":"https:\/\/vosgesinfo.fr\/epinalinfo\/2023\/04\/2eme-competition-equipes-de-tempsdanses-2\/#primaryimage"},"thumbnailUrl":"https:\/\/vosgesinfo.fr\/app\/uploads\/sites\/3\/2023\/04\/the-mask-l-2.jpg","datePublished":"2023-04-04T10:12:52+00:00","dateModified":"2023-04-04T10:12:52+00:00","breadcrumb":{"@id":"https:\/\/vosgesinfo.fr\/epinalinfo\/2023\/04\/2eme-competition-equipes-de-tempsdanses-2\/#breadcrumb"},"inLanguage":"fr-FR","potentialAction":[{"@type":"ReadAction","target":["https:\/\/vosgesinfo.fr\/epinalinfo\/2023\/04\/2eme-competition-equipes-de-tempsdanses-2\/"]}]},{"@type":"ImageObject","inLanguage":"fr-FR","@id":"https:\/\/vosgesinfo.fr\/epinalinfo\/2023\/04\/2eme-competition-equipes-de-tempsdanses-2\/#primaryimage","url":"https:\/\/vosgesinfo.fr\/app\/uploads\/sites\/3\/2023\/04\/the-mask-l-2.jpg","contentUrl":"https:\/\/vosgesinfo.fr\/app\/uploads\/sites\/3\/2023\/04\/the-mask-l-2.jpg"},{"@type":"BreadcrumbList","@id":"https:\/\/vosgesinfo.fr\/epinalinfo\/2023\/04\/2eme-competition-equipes-de-tempsdanses-2\/#breadcrumb","itemListElement":[{"@type":"ListItem","position":1,"name":"Home","item":"https:\/\/vosgesinfo.fr\/epinalinfo\/"},{"@type":"ListItem","position":2,"name":"2\u00e8me comp\u00e9tition pour les \u00e9quipes de TEMPSDANSES"}]},{"@type":"WebSite","@id":"https:\/\/vosgesinfo.fr\/epinalinfo\/#website","url":"https:\/\/vosgesinfo.fr\/epinalinfo\/","name":"Epinal Info","description":"Toute l&#039;actualit\u00e9 d&#039;\u00c9pinal","publisher":{"@id":"https:\/\/vosgesinfo.fr\/epinalinfo\/#organization"},"alternateName":"Toute l'actualit\u00e9 d'\u00c9pinal","potentialAction":[{"@type":"SearchAction","target":{"@type":"EntryPoint","urlTemplate":"https:\/\/vosgesinfo.fr\/epinalinfo\/?s={search_term_string}"},"query-input":"required name=search_term_string"}],"inLanguage":"fr-FR"},{"@type":"Organization","@id":"https:\/\/vosgesinfo.fr\/epinalinfo\/#organization","name":"Epinal Info","url":"https:\/\/vosgesinfo.fr\/epinalinfo\/","logo":{"@type":"ImageObject","inLanguage":"fr-FR","@id":"https:\/\/vosgesinfo.fr\/epinalinfo\/#\/schema\/logo\/image\/","url":"https:\/\/vosgesinfo.fr\/app\/uploads\/sites\/3\/2023\/08\/logo-epinalinfos.svg","contentUrl":"https:\/\/vosgesinfo.fr\/app\/uploads\/sites\/3\/2023\/08\/logo-epinalinfos.svg","width":1,"height":1,"caption":"Epinal Info"},"image":{"@id":"https:\/\/vosgesinfo.fr\/epinalinfo\/#\/schema\/logo\/image\/"},"sameAs":["https:\/\/www.facebook.com\/Epinalinfos","https:\/\/x.com\/VosgesInfo88","https:\/\/www.youtube.com\/@vosgesinfo"]},{"@type":"Person","@id":"https:\/\/vosgesinfo.fr\/epinalinfo\/#\/schema\/person\/6f9a650eeea99d969b6c4ab78fccbe81","name":"C.K.","image":{"@type":"ImageObject","inLanguage":"fr-FR","@id":"https:\/\/vosgesinfo.fr\/epinalinfo\/#\/schema\/person\/image\/","url":"https:\/\/secure.gravatar.com\/avatar\/48e3fc7f8421ba8942be6b74a2b7f014ca39bc00dece156b7a8e098ae7dc87bf?s=96&d=mm&r=g","contentUrl":"https:\/\/secure.gravatar.com\/avatar\/48e3fc7f8421ba8942be6b74a2b7f014ca39bc00dece156b7a8e098ae7dc87bf?s=96&d=mm&r=g","caption":"C.K."},"url":"https:\/\/vosgesinfo.fr\/epinalinfo\/author\/celia-k-n\/"}]}},"_links":{"self":[{"href":"https:\/\/vosgesinfo.fr\/epinalinfo\/wp-json\/wp\/v2\/posts\/118446","targetHints":{"allow":["GET"]}}],"collection":[{"href":"https:\/\/vosgesinfo.fr\/epinalinfo\/wp-json\/wp\/v2\/posts"}],"about":[{"href":"https:\/\/vosgesinfo.fr\/epinalinfo\/wp-json\/wp\/v2\/types\/post"}],"author":[{"embeddable":true,"href":"https:\/\/vosgesinfo.fr\/epinalinfo\/wp-json\/wp\/v2\/users\/52"}],"replies":[{"embeddable":true,"href":"https:\/\/vosgesinfo.fr\/epinalinfo\/wp-json\/wp\/v2\/comments?post=118446"}],"version-history":[{"count":0,"href":"https:\/\/vosgesinfo.fr\/epinalinfo\/wp-json\/wp\/v2\/posts\/118446\/revisions"}],"wp:featuredmedia":[{"embeddable":true,"href":"https:\/\/vosgesinfo.fr\/epinalinfo\/wp-json\/wp\/v2\/media\/28372"}],"wp:attachment":[{"href":"https:\/\/vosgesinfo.fr\/epinalinfo\/wp-json\/wp\/v2\/media?parent=118446"}],"wp:term":[{"taxonomy":"category","embeddable":true,"href":"https:\/\/vosgesinfo.fr\/epinalinfo\/wp-json\/wp\/v2\/categories?post=118446"},{"taxonomy":"post_tag","embeddable":true,"href":"https:\/\/vosgesinfo.fr\/epinalinfo\/wp-json\/wp\/v2\/tags?post=118446"}],"curies":[{"name":"wp","href":"https:\/\/api.w.org\/{rel}","templated":true}]}}