{"id":118448,"date":"2023-04-04T13:47:33","date_gmt":"2023-04-04T11:47:33","guid":{"rendered":"https:\/\/vosgesinfo.fr\/epinalinfo\/2023\/04\/bourse-aux-jobs-dete-a-epinal-plus-de-1000-offres-proposees-aux-candidats-2\/"},"modified":"2023-04-04T13:47:33","modified_gmt":"2023-04-04T11:47:33","slug":"bourse-aux-jobs-dete-a-epinal-plus-de-1000-offres-proposees-aux-candidats-2","status":"publish","type":"post","link":"https:\/\/vosgesinfo.fr\/epinalinfo\/2023\/04\/bourse-aux-jobs-dete-a-epinal-plus-de-1000-offres-proposees-aux-candidats-2\/","title":{"rendered":"Bourse aux jobs d&rsquo;\u00e9t\u00e9 \u00e0 \u00c9pinal : plus de 1000 offres propos\u00e9es aux candidats"},"content":{"rendered":"<div id=\"attachment_110926\" style=\"width: 810px\" class=\"wp-caption aligncenter\"><a href=\"\/2017\/03\/bourse-au-job-d-ete.jpg\"><img decoding=\"async\" aria-describedby=\"caption-attachment-110926\" class=\"size-full wp-image-110926\" src=\"\/2017\/03\/bourse-au-job-d-ete.jpg\" alt=\"(photographie d'archives)\" width=\"800\" height=\"600\" \/><\/a><p id=\"caption-attachment-110926\" class=\"wp-caption-text\">(photographie d&rsquo;archives)<\/p><\/div>\n<h2><span style=\"font-size: 14pt;\">La 26\u00e8 \u00e9dition de la Bourse aux jobs d&rsquo;\u00e9t\u00e9 se tiendra le mercredi 19 avril 2023 de 13h \u00e0 17h30 au centre des congr\u00e8s d&rsquo;Epinal, salle Tambour Major et salle du Chat Bott\u00e9. Cette ann\u00e9e, le salon accueillera deux fois plus de stands : 90 contre 45 l&rsquo;an pass\u00e9. Plus de 1000 offres seront propos\u00e9es aux jeunes candidats.<\/span><\/h2>\n<p>La Bourse aux jobs est propos\u00e9e par la ville d&rsquo;Epinal et P\u00f4le emploi Vosges. Chaque ann\u00e9e, elle permet aux jeunes de plus de 17 ans \u00e0 la recherche d&rsquo;un emploi pour la p\u00e9riode estivale, d&rsquo;acc\u00e9der \u00e0 des centaines d&rsquo;offres. Tous les domaines sont concern\u00e9s : BTP, loisirs, sport, tourisme, industrie, animation, commerce, h\u00f4tellerie et restauration.<\/p>\n<p>Cette ann\u00e9e, le salon accueillera deux fois plus de stands. Ils seront 90 contre 45 l&rsquo;an pass\u00e9. La bourse proposera plus de 1000 offres dont 74\u00a0 jobs d&rsquo;\u00e9t\u00e9 propos\u00e9s par la ville d&rsquo;Epinal. L&rsquo;an pass\u00e9, le salon proposait 950 jobs d&rsquo;\u00e9t\u00e9. 500 candidats ont \u00e9t\u00e9 re\u00e7us sur les stands par les entreprises et 116 recrutements ont pu \u00eatre finalis\u00e9s le jour-m\u00eame.<\/p>\n<h3>Un premier contact avec le monde du travail<\/h3>\n<p>La Bourse aux jobs d&rsquo;\u00e9t\u00e9 est aussi l&rsquo;occasion pour les jeunes \u00e0 la recherche d&rsquo;un emploi saisonnier de prendre la mesure des exigences professionnelles auxquelles ils seront confront\u00e9s plus tard.<\/p>\n<h3>Des ateliers CV et simulation d&rsquo;entretien d&#8217;embauche<\/h3>\n<p>Les jeunes candidats \u00e0 un emploi pour l&rsquo;\u00e9t\u00e9 2023 peuvent venir s&rsquo;entra\u00eener et se faire conseiller en amont de la manifestation. Le Bureau Information jeunesse (BIJ) de la ville d&rsquo;Epinal organise deux ateliers d&rsquo;aide \u00e0 la r\u00e9daction de CV et \u00e0 la bonne conduite d&rsquo;entretien d&#8217;embauche, le mercredi 5 avril de 14h \u00e0 16h et le mercredi 12 avril de 14h \u00e0 16h. Les ateliers se d\u00e9rouleront dans les locaux du BIJ, situ\u00e9s face \u00e0 l&rsquo;H\u00f4tel de ville.<\/p>\n<p>&nbsp;<\/p>\n","protected":false},"excerpt":{"rendered":"<p>La 26\u00e8 \u00e9dition de la Bourse aux jobs d&rsquo;\u00e9t\u00e9 se tiendra le mercredi 19 avril 2023 de 13h \u00e0 17h30 [&hellip;]<\/p>\n","protected":false},"author":52,"featured_media":28391,"comment_status":"open","ping_status":"open","sticky":false,"template":"","format":"standard","meta":{"footnotes":""},"categories":[22,8,24],"tags":[2614,70,335],"class_list":["post-118448","post","type-post","status-publish","format-standard","has-post-thumbnail","hentry","category-a-la-une","category-economie","category-epinal","tag-bourse-aux-jobs-dete","tag-epinal","tag-ville-depinal"],"acf":[],"yoast_head":"<!-- This site is optimized with the Yoast SEO plugin v22.5 - https:\/\/yoast.com\/wordpress\/plugins\/seo\/ -->\n<title>Bourse aux jobs d&#039;\u00e9t\u00e9 \u00e0 \u00c9pinal : plus de 1000 offres propos\u00e9es aux candidats - Epinal Info<\/title>\n<meta name=\"robots\" content=\"index, follow, max-snippet:-1, max-image-preview:large, max-video-preview:-1\" \/>\n<link rel=\"canonical\" href=\"https:\/\/vosgesinfo.fr\/epinalinfo\/2023\/04\/bourse-aux-jobs-dete-a-epinal-plus-de-1000-offres-proposees-aux-candidats-2\/\" \/>\n<meta name=\"twitter:card\" content=\"summary_large_image\" \/>\n<meta name=\"twitter:title\" content=\"Bourse aux jobs d&#039;\u00e9t\u00e9 \u00e0 \u00c9pinal : plus de 1000 offres propos\u00e9es aux candidats - Epinal Info\" \/>\n<meta name=\"twitter:description\" content=\"La 26\u00e8 \u00e9dition de la Bourse aux jobs d&rsquo;\u00e9t\u00e9 se tiendra le mercredi 19 avril 2023 de 13h \u00e0 17h30 [&hellip;]\" \/>\n<meta name=\"twitter:image\" content=\"https:\/\/vosgesinfo.fr\/app\/uploads\/sites\/3\/2017\/03\/bourse-au-job-d-ete.jpg\" \/>\n<meta name=\"twitter:creator\" content=\"@VosgesInfo88\" \/>\n<meta name=\"twitter:site\" content=\"@VosgesInfo88\" \/>\n<meta name=\"twitter:label1\" content=\"\u00c9crit par\" \/>\n\t<meta name=\"twitter:data1\" content=\"C.K.\" \/>\n\t<meta name=\"twitter:label2\" content=\"Dur\u00e9e de lecture estim\u00e9e\" \/>\n\t<meta name=\"twitter:data2\" content=\"2 minutes\" \/>\n<script type=\"application\/ld+json\" class=\"yoast-schema-graph\">{\"@context\":\"https:\/\/schema.org\",\"@graph\":[{\"@type\":\"Article\",\"@id\":\"https:\/\/vosgesinfo.fr\/epinalinfo\/2023\/04\/bourse-aux-jobs-dete-a-epinal-plus-de-1000-offres-proposees-aux-candidats-2\/#article\",\"isPartOf\":{\"@id\":\"https:\/\/vosgesinfo.fr\/epinalinfo\/2023\/04\/bourse-aux-jobs-dete-a-epinal-plus-de-1000-offres-proposees-aux-candidats-2\/\"},\"author\":{\"name\":\"C.K.\",\"@id\":\"https:\/\/vosgesinfo.fr\/epinalinfo\/#\/schema\/person\/6f9a650eeea99d969b6c4ab78fccbe81\"},\"headline\":\"Bourse aux jobs d&rsquo;\u00e9t\u00e9 \u00e0 \u00c9pinal : plus de 1000 offres propos\u00e9es aux candidats\",\"datePublished\":\"2023-04-04T11:47:33+00:00\",\"dateModified\":\"2023-04-04T11:47:33+00:00\",\"mainEntityOfPage\":{\"@id\":\"https:\/\/vosgesinfo.fr\/epinalinfo\/2023\/04\/bourse-aux-jobs-dete-a-epinal-plus-de-1000-offres-proposees-aux-candidats-2\/\"},\"wordCount\":337,\"commentCount\":0,\"publisher\":{\"@id\":\"https:\/\/vosgesinfo.fr\/epinalinfo\/#organization\"},\"image\":{\"@id\":\"https:\/\/vosgesinfo.fr\/epinalinfo\/2023\/04\/bourse-aux-jobs-dete-a-epinal-plus-de-1000-offres-proposees-aux-candidats-2\/#primaryimage\"},\"thumbnailUrl\":\"https:\/\/vosgesinfo.fr\/app\/uploads\/sites\/3\/2017\/03\/bourse-au-job-d-ete.jpg\",\"keywords\":[\"Bourse aux jobs d'\u00e9t\u00e9\",\"Epinal\",\"ville d\u2019Epinal\"],\"articleSection\":[\"A la Une\",\"\u00c9conomie\",\"Epinal\"],\"inLanguage\":\"fr-FR\",\"potentialAction\":[{\"@type\":\"CommentAction\",\"name\":\"Comment\",\"target\":[\"https:\/\/vosgesinfo.fr\/epinalinfo\/2023\/04\/bourse-aux-jobs-dete-a-epinal-plus-de-1000-offres-proposees-aux-candidats-2\/#respond\"]}]},{\"@type\":\"WebPage\",\"@id\":\"https:\/\/vosgesinfo.fr\/epinalinfo\/2023\/04\/bourse-aux-jobs-dete-a-epinal-plus-de-1000-offres-proposees-aux-candidats-2\/\",\"url\":\"https:\/\/vosgesinfo.fr\/epinalinfo\/2023\/04\/bourse-aux-jobs-dete-a-epinal-plus-de-1000-offres-proposees-aux-candidats-2\/\",\"name\":\"Bourse aux jobs d'\u00e9t\u00e9 \u00e0 \u00c9pinal : plus de 1000 offres propos\u00e9es aux candidats - Epinal Info\",\"isPartOf\":{\"@id\":\"https:\/\/vosgesinfo.fr\/epinalinfo\/#website\"},\"primaryImageOfPage\":{\"@id\":\"https:\/\/vosgesinfo.fr\/epinalinfo\/2023\/04\/bourse-aux-jobs-dete-a-epinal-plus-de-1000-offres-proposees-aux-candidats-2\/#primaryimage\"},\"image\":{\"@id\":\"https:\/\/vosgesinfo.fr\/epinalinfo\/2023\/04\/bourse-aux-jobs-dete-a-epinal-plus-de-1000-offres-proposees-aux-candidats-2\/#primaryimage\"},\"thumbnailUrl\":\"https:\/\/vosgesinfo.fr\/app\/uploads\/sites\/3\/2017\/03\/bourse-au-job-d-ete.jpg\",\"datePublished\":\"2023-04-04T11:47:33+00:00\",\"dateModified\":\"2023-04-04T11:47:33+00:00\",\"breadcrumb\":{\"@id\":\"https:\/\/vosgesinfo.fr\/epinalinfo\/2023\/04\/bourse-aux-jobs-dete-a-epinal-plus-de-1000-offres-proposees-aux-candidats-2\/#breadcrumb\"},\"inLanguage\":\"fr-FR\",\"potentialAction\":[{\"@type\":\"ReadAction\",\"target\":[\"https:\/\/vosgesinfo.fr\/epinalinfo\/2023\/04\/bourse-aux-jobs-dete-a-epinal-plus-de-1000-offres-proposees-aux-candidats-2\/\"]}]},{\"@type\":\"ImageObject\",\"inLanguage\":\"fr-FR\",\"@id\":\"https:\/\/vosgesinfo.fr\/epinalinfo\/2023\/04\/bourse-aux-jobs-dete-a-epinal-plus-de-1000-offres-proposees-aux-candidats-2\/#primaryimage\",\"url\":\"https:\/\/vosgesinfo.fr\/app\/uploads\/sites\/3\/2017\/03\/bourse-au-job-d-ete.jpg\",\"contentUrl\":\"https:\/\/vosgesinfo.fr\/app\/uploads\/sites\/3\/2017\/03\/bourse-au-job-d-ete.jpg\"},{\"@type\":\"BreadcrumbList\",\"@id\":\"https:\/\/vosgesinfo.fr\/epinalinfo\/2023\/04\/bourse-aux-jobs-dete-a-epinal-plus-de-1000-offres-proposees-aux-candidats-2\/#breadcrumb\",\"itemListElement\":[{\"@type\":\"ListItem\",\"position\":1,\"name\":\"Home\",\"item\":\"https:\/\/vosgesinfo.fr\/epinalinfo\/\"},{\"@type\":\"ListItem\",\"position\":2,\"name\":\"Bourse aux jobs d&rsquo;\u00e9t\u00e9 \u00e0 \u00c9pinal : plus de 1000 offres propos\u00e9es aux candidats\"}]},{\"@type\":\"WebSite\",\"@id\":\"https:\/\/vosgesinfo.fr\/epinalinfo\/#website\",\"url\":\"https:\/\/vosgesinfo.fr\/epinalinfo\/\",\"name\":\"Epinal Info\",\"description\":\"Toute l&#039;actualit\u00e9 d&#039;\u00c9pinal\",\"publisher\":{\"@id\":\"https:\/\/vosgesinfo.fr\/epinalinfo\/#organization\"},\"alternateName\":\"Toute l'actualit\u00e9 d'\u00c9pinal\",\"potentialAction\":[{\"@type\":\"SearchAction\",\"target\":{\"@type\":\"EntryPoint\",\"urlTemplate\":\"https:\/\/vosgesinfo.fr\/epinalinfo\/?s={search_term_string}\"},\"query-input\":\"required name=search_term_string\"}],\"inLanguage\":\"fr-FR\"},{\"@type\":\"Organization\",\"@id\":\"https:\/\/vosgesinfo.fr\/epinalinfo\/#organization\",\"name\":\"Epinal Info\",\"url\":\"https:\/\/vosgesinfo.fr\/epinalinfo\/\",\"logo\":{\"@type\":\"ImageObject\",\"inLanguage\":\"fr-FR\",\"@id\":\"https:\/\/vosgesinfo.fr\/epinalinfo\/#\/schema\/logo\/image\/\",\"url\":\"https:\/\/vosgesinfo.fr\/app\/uploads\/sites\/3\/2023\/08\/logo-epinalinfos.svg\",\"contentUrl\":\"https:\/\/vosgesinfo.fr\/app\/uploads\/sites\/3\/2023\/08\/logo-epinalinfos.svg\",\"width\":1,\"height\":1,\"caption\":\"Epinal Info\"},\"image\":{\"@id\":\"https:\/\/vosgesinfo.fr\/epinalinfo\/#\/schema\/logo\/image\/\"},\"sameAs\":[\"https:\/\/www.facebook.com\/Epinalinfos\",\"https:\/\/x.com\/VosgesInfo88\",\"https:\/\/www.youtube.com\/@vosgesinfo\"]},{\"@type\":\"Person\",\"@id\":\"https:\/\/vosgesinfo.fr\/epinalinfo\/#\/schema\/person\/6f9a650eeea99d969b6c4ab78fccbe81\",\"name\":\"C.K.\",\"image\":{\"@type\":\"ImageObject\",\"inLanguage\":\"fr-FR\",\"@id\":\"https:\/\/vosgesinfo.fr\/epinalinfo\/#\/schema\/person\/image\/\",\"url\":\"https:\/\/secure.gravatar.com\/avatar\/48e3fc7f8421ba8942be6b74a2b7f014ca39bc00dece156b7a8e098ae7dc87bf?s=96&d=mm&r=g\",\"contentUrl\":\"https:\/\/secure.gravatar.com\/avatar\/48e3fc7f8421ba8942be6b74a2b7f014ca39bc00dece156b7a8e098ae7dc87bf?s=96&d=mm&r=g\",\"caption\":\"C.K.\"},\"url\":\"https:\/\/vosgesinfo.fr\/epinalinfo\/author\/celia-k-n\/\"}]}<\/script>\n<!-- \/ Yoast SEO plugin. -->","yoast_head_json":{"title":"Bourse aux jobs d'\u00e9t\u00e9 \u00e0 \u00c9pinal : plus de 1000 offres propos\u00e9es aux candidats - Epinal Info","robots":{"index":"index","follow":"follow","max-snippet":"max-snippet:-1","max-image-preview":"max-image-preview:large","max-video-preview":"max-video-preview:-1"},"canonical":"https:\/\/vosgesinfo.fr\/epinalinfo\/2023\/04\/bourse-aux-jobs-dete-a-epinal-plus-de-1000-offres-proposees-aux-candidats-2\/","twitter_card":"summary_large_image","twitter_title":"Bourse aux jobs d'\u00e9t\u00e9 \u00e0 \u00c9pinal : plus de 1000 offres propos\u00e9es aux candidats - Epinal Info","twitter_description":"La 26\u00e8 \u00e9dition de la Bourse aux jobs d&rsquo;\u00e9t\u00e9 se tiendra le mercredi 19 avril 2023 de 13h \u00e0 17h30 [&hellip;]","twitter_image":"https:\/\/vosgesinfo.fr\/app\/uploads\/sites\/3\/2017\/03\/bourse-au-job-d-ete.jpg","twitter_creator":"@VosgesInfo88","twitter_site":"@VosgesInfo88","twitter_misc":{"\u00c9crit par":"C.K.","Dur\u00e9e de lecture estim\u00e9e":"2 minutes"},"schema":{"@context":"https:\/\/schema.org","@graph":[{"@type":"Article","@id":"https:\/\/vosgesinfo.fr\/epinalinfo\/2023\/04\/bourse-aux-jobs-dete-a-epinal-plus-de-1000-offres-proposees-aux-candidats-2\/#article","isPartOf":{"@id":"https:\/\/vosgesinfo.fr\/epinalinfo\/2023\/04\/bourse-aux-jobs-dete-a-epinal-plus-de-1000-offres-proposees-aux-candidats-2\/"},"author":{"name":"C.K.","@id":"https:\/\/vosgesinfo.fr\/epinalinfo\/#\/schema\/person\/6f9a650eeea99d969b6c4ab78fccbe81"},"headline":"Bourse aux jobs d&rsquo;\u00e9t\u00e9 \u00e0 \u00c9pinal : plus de 1000 offres propos\u00e9es aux candidats","datePublished":"2023-04-04T11:47:33+00:00","dateModified":"2023-04-04T11:47:33+00:00","mainEntityOfPage":{"@id":"https:\/\/vosgesinfo.fr\/epinalinfo\/2023\/04\/bourse-aux-jobs-dete-a-epinal-plus-de-1000-offres-proposees-aux-candidats-2\/"},"wordCount":337,"commentCount":0,"publisher":{"@id":"https:\/\/vosgesinfo.fr\/epinalinfo\/#organization"},"image":{"@id":"https:\/\/vosgesinfo.fr\/epinalinfo\/2023\/04\/bourse-aux-jobs-dete-a-epinal-plus-de-1000-offres-proposees-aux-candidats-2\/#primaryimage"},"thumbnailUrl":"https:\/\/vosgesinfo.fr\/app\/uploads\/sites\/3\/2017\/03\/bourse-au-job-d-ete.jpg","keywords":["Bourse aux jobs d'\u00e9t\u00e9","Epinal","ville d\u2019Epinal"],"articleSection":["A la Une","\u00c9conomie","Epinal"],"inLanguage":"fr-FR","potentialAction":[{"@type":"CommentAction","name":"Comment","target":["https:\/\/vosgesinfo.fr\/epinalinfo\/2023\/04\/bourse-aux-jobs-dete-a-epinal-plus-de-1000-offres-proposees-aux-candidats-2\/#respond"]}]},{"@type":"WebPage","@id":"https:\/\/vosgesinfo.fr\/epinalinfo\/2023\/04\/bourse-aux-jobs-dete-a-epinal-plus-de-1000-offres-proposees-aux-candidats-2\/","url":"https:\/\/vosgesinfo.fr\/epinalinfo\/2023\/04\/bourse-aux-jobs-dete-a-epinal-plus-de-1000-offres-proposees-aux-candidats-2\/","name":"Bourse aux jobs d'\u00e9t\u00e9 \u00e0 \u00c9pinal : plus de 1000 offres propos\u00e9es aux candidats - Epinal Info","isPartOf":{"@id":"https:\/\/vosgesinfo.fr\/epinalinfo\/#website"},"primaryImageOfPage":{"@id":"https:\/\/vosgesinfo.fr\/epinalinfo\/2023\/04\/bourse-aux-jobs-dete-a-epinal-plus-de-1000-offres-proposees-aux-candidats-2\/#primaryimage"},"image":{"@id":"https:\/\/vosgesinfo.fr\/epinalinfo\/2023\/04\/bourse-aux-jobs-dete-a-epinal-plus-de-1000-offres-proposees-aux-candidats-2\/#primaryimage"},"thumbnailUrl":"https:\/\/vosgesinfo.fr\/app\/uploads\/sites\/3\/2017\/03\/bourse-au-job-d-ete.jpg","datePublished":"2023-04-04T11:47:33+00:00","dateModified":"2023-04-04T11:47:33+00:00","breadcrumb":{"@id":"https:\/\/vosgesinfo.fr\/epinalinfo\/2023\/04\/bourse-aux-jobs-dete-a-epinal-plus-de-1000-offres-proposees-aux-candidats-2\/#breadcrumb"},"inLanguage":"fr-FR","potentialAction":[{"@type":"ReadAction","target":["https:\/\/vosgesinfo.fr\/epinalinfo\/2023\/04\/bourse-aux-jobs-dete-a-epinal-plus-de-1000-offres-proposees-aux-candidats-2\/"]}]},{"@type":"ImageObject","inLanguage":"fr-FR","@id":"https:\/\/vosgesinfo.fr\/epinalinfo\/2023\/04\/bourse-aux-jobs-dete-a-epinal-plus-de-1000-offres-proposees-aux-candidats-2\/#primaryimage","url":"https:\/\/vosgesinfo.fr\/app\/uploads\/sites\/3\/2017\/03\/bourse-au-job-d-ete.jpg","contentUrl":"https:\/\/vosgesinfo.fr\/app\/uploads\/sites\/3\/2017\/03\/bourse-au-job-d-ete.jpg"},{"@type":"BreadcrumbList","@id":"https:\/\/vosgesinfo.fr\/epinalinfo\/2023\/04\/bourse-aux-jobs-dete-a-epinal-plus-de-1000-offres-proposees-aux-candidats-2\/#breadcrumb","itemListElement":[{"@type":"ListItem","position":1,"name":"Home","item":"https:\/\/vosgesinfo.fr\/epinalinfo\/"},{"@type":"ListItem","position":2,"name":"Bourse aux jobs d&rsquo;\u00e9t\u00e9 \u00e0 \u00c9pinal : plus de 1000 offres propos\u00e9es aux candidats"}]},{"@type":"WebSite","@id":"https:\/\/vosgesinfo.fr\/epinalinfo\/#website","url":"https:\/\/vosgesinfo.fr\/epinalinfo\/","name":"Epinal Info","description":"Toute l&#039;actualit\u00e9 d&#039;\u00c9pinal","publisher":{"@id":"https:\/\/vosgesinfo.fr\/epinalinfo\/#organization"},"alternateName":"Toute l'actualit\u00e9 d'\u00c9pinal","potentialAction":[{"@type":"SearchAction","target":{"@type":"EntryPoint","urlTemplate":"https:\/\/vosgesinfo.fr\/epinalinfo\/?s={search_term_string}"},"query-input":"required name=search_term_string"}],"inLanguage":"fr-FR"},{"@type":"Organization","@id":"https:\/\/vosgesinfo.fr\/epinalinfo\/#organization","name":"Epinal Info","url":"https:\/\/vosgesinfo.fr\/epinalinfo\/","logo":{"@type":"ImageObject","inLanguage":"fr-FR","@id":"https:\/\/vosgesinfo.fr\/epinalinfo\/#\/schema\/logo\/image\/","url":"https:\/\/vosgesinfo.fr\/app\/uploads\/sites\/3\/2023\/08\/logo-epinalinfos.svg","contentUrl":"https:\/\/vosgesinfo.fr\/app\/uploads\/sites\/3\/2023\/08\/logo-epinalinfos.svg","width":1,"height":1,"caption":"Epinal Info"},"image":{"@id":"https:\/\/vosgesinfo.fr\/epinalinfo\/#\/schema\/logo\/image\/"},"sameAs":["https:\/\/www.facebook.com\/Epinalinfos","https:\/\/x.com\/VosgesInfo88","https:\/\/www.youtube.com\/@vosgesinfo"]},{"@type":"Person","@id":"https:\/\/vosgesinfo.fr\/epinalinfo\/#\/schema\/person\/6f9a650eeea99d969b6c4ab78fccbe81","name":"C.K.","image":{"@type":"ImageObject","inLanguage":"fr-FR","@id":"https:\/\/vosgesinfo.fr\/epinalinfo\/#\/schema\/person\/image\/","url":"https:\/\/secure.gravatar.com\/avatar\/48e3fc7f8421ba8942be6b74a2b7f014ca39bc00dece156b7a8e098ae7dc87bf?s=96&d=mm&r=g","contentUrl":"https:\/\/secure.gravatar.com\/avatar\/48e3fc7f8421ba8942be6b74a2b7f014ca39bc00dece156b7a8e098ae7dc87bf?s=96&d=mm&r=g","caption":"C.K."},"url":"https:\/\/vosgesinfo.fr\/epinalinfo\/author\/celia-k-n\/"}]}},"_links":{"self":[{"href":"https:\/\/vosgesinfo.fr\/epinalinfo\/wp-json\/wp\/v2\/posts\/118448","targetHints":{"allow":["GET"]}}],"collection":[{"href":"https:\/\/vosgesinfo.fr\/epinalinfo\/wp-json\/wp\/v2\/posts"}],"about":[{"href":"https:\/\/vosgesinfo.fr\/epinalinfo\/wp-json\/wp\/v2\/types\/post"}],"author":[{"embeddable":true,"href":"https:\/\/vosgesinfo.fr\/epinalinfo\/wp-json\/wp\/v2\/users\/52"}],"replies":[{"embeddable":true,"href":"https:\/\/vosgesinfo.fr\/epinalinfo\/wp-json\/wp\/v2\/comments?post=118448"}],"version-history":[{"count":0,"href":"https:\/\/vosgesinfo.fr\/epinalinfo\/wp-json\/wp\/v2\/posts\/118448\/revisions"}],"wp:featuredmedia":[{"embeddable":true,"href":"https:\/\/vosgesinfo.fr\/epinalinfo\/wp-json\/wp\/v2\/media\/28391"}],"wp:attachment":[{"href":"https:\/\/vosgesinfo.fr\/epinalinfo\/wp-json\/wp\/v2\/media?parent=118448"}],"wp:term":[{"taxonomy":"category","embeddable":true,"href":"https:\/\/vosgesinfo.fr\/epinalinfo\/wp-json\/wp\/v2\/categories?post=118448"},{"taxonomy":"post_tag","embeddable":true,"href":"https:\/\/vosgesinfo.fr\/epinalinfo\/wp-json\/wp\/v2\/tags?post=118448"}],"curies":[{"name":"wp","href":"https:\/\/api.w.org\/{rel}","templated":true}]}}