{"id":118626,"date":"2023-04-28T10:10:30","date_gmt":"2023-04-28T08:10:30","guid":{"rendered":"https:\/\/vosgesinfo.fr\/epinalinfo\/2023\/04\/apres-decouverte-dexplosifs-fermeture-temporaire-de-decheterie-de-bruyeres-2\/"},"modified":"2023-04-28T10:10:30","modified_gmt":"2023-04-28T08:10:30","slug":"apres-decouverte-dexplosifs-fermeture-temporaire-de-decheterie-de-bruyeres-2","status":"publish","type":"post","link":"https:\/\/vosgesinfo.fr\/epinalinfo\/2023\/04\/apres-decouverte-dexplosifs-fermeture-temporaire-de-decheterie-de-bruyeres-2\/","title":{"rendered":"Apr\u00e8s la d\u00e9couverte d&rsquo;explosifs, fermeture temporaire de la d\u00e9ch\u00e8terie de Bruy\u00e8res"},"content":{"rendered":"<div id=\"attachment_218315\" style=\"width: 810px\" class=\"wp-caption aligncenter\"><a href=\"\/2023\/04\/decheterie-bruyeres.jpg\"><img decoding=\"async\" aria-describedby=\"caption-attachment-218315\" class=\"size-large wp-image-218315\" src=\"\/2023\/04\/decheterie-bruyeres-800x386.jpg\" alt=\"image google map\" width=\"800\" height=\"386\" \/><\/a><p id=\"caption-attachment-218315\" class=\"wp-caption-text\">image google map<\/p><\/div>\n<h2 class=\"p1\"><span style=\"font-size: 14pt;\"><strong><span class=\"s1\">Suite \u00e0 u<\/span><span class=\"s1\">n d\u00e9p\u00f4t anonyme de munitions et de substances potentiellement explosives \u00e0 la d\u00e9ch\u00e8terie de Bruy\u00e8res, Philippe Claudon, pr\u00e9sident du SICOVAD, et Denis Masi, maire de Bruy\u00e8res, ont d\u00e9cid\u00e9, d\u2019un commun accord, de bloquer totalement l\u2019acc\u00e8s au site, et ce jusqu\u2019\u00e0 nouvel ordre.<\/span><\/strong><\/span><\/h2>\n<p class=\"p1\"><span class=\"s1\">Un d\u00e9p\u00f4t anonyme de munitions et de substances potentiellement explosives a \u00e9t\u00e9 r\u00e9alis\u00e9 \u00e0 la d\u00e9cheterie de Bruy\u00e8res, \u00e0 l&rsquo;insu du gardien du site. <\/span><\/p>\n<p class=\"p1\"><span class=\"s1\">La gendarmerie a imm\u00e9diatement \u00e9t\u00e9 pr\u00e9venue, d\u00e8s le d\u00e9p\u00f4t rep\u00e9r\u00e9. Le SICOVAD est actuellement en attente de l\u2019intervention de sp\u00e9cialistes, qui lui ont n\u00e9anmoins assur\u00e9 qu\u2019il n\u2019y avait pas de risque majeur.<\/span><\/p>\n<p class=\"p1\"><span class=\"s1\">La d\u00e9ch\u00e8terie de Bruy\u00e8res rouvrira ses portes au public d\u00e8s que le mat\u00e9riel aura pu \u00eatre enti\u00e8rement \u00e9vacu\u00e9 et que les conditions de s\u00e9curit\u00e9 seront de nouveau parfaitement assur\u00e9es.<\/span><\/p>\n<p class=\"p1\"><span class=\"s1\">Les usagers peuvent s\u2019orienter sur les autres d\u00e9ch\u00e8teries g\u00e9r\u00e9es par le SICOVAD, qui, restent toutes accessibles dans les conditions habituelles. <\/span><\/p>\n<p class=\"p1\"><span class=\"s1\">La localisation et les horaires d\u2019ouverture de chaque site sont disponibles sur https:\/\/www.sicovad.fr\/Sicovad\/Decheteries.html<\/span><\/p>\n<p class=\"p1\"><span class=\"s1\">Le SICOVAD rappelle que les armes, munitions et mati\u00e8res potentiellement explosives doivent faire l\u2019objet de pr\u00e9cautions particuli\u00e8res. Leur d\u00e9p\u00f4t est ainsi strictement interdit en d\u00e9ch\u00e8terie.<\/span><\/p>\n<p class=\"p1\"><span class=\"s1\">Toute personne en possession de tels objets ou substances doit imp\u00e9rativement se faire conna\u00eetre aupr\u00e8s des autorit\u00e9s comp\u00e9tentes.<\/span><\/p>\n","protected":false},"excerpt":{"rendered":"<p>Suite \u00e0 un d\u00e9p\u00f4t anonyme de munitions et de substances potentiellement explosives \u00e0 la d\u00e9ch\u00e8terie de Bruy\u00e8res, Philippe Claudon, pr\u00e9sident [&hellip;]<\/p>\n","protected":false},"author":52,"featured_media":29122,"comment_status":"open","ping_status":"open","sticky":false,"template":"","format":"standard","meta":{"footnotes":""},"categories":[22,60,16,6],"tags":[],"class_list":["post-118626","post","type-post","status-publish","format-standard","has-post-thumbnail","hentry","category-a-la-une","category-bruyeres","category-environnement","category-faits-divers"],"acf":[],"yoast_head":"<!-- This site is optimized with the Yoast SEO plugin v22.5 - https:\/\/yoast.com\/wordpress\/plugins\/seo\/ -->\n<title>Apr\u00e8s la d\u00e9couverte d&#039;explosifs, fermeture temporaire de la d\u00e9ch\u00e8terie de Bruy\u00e8res - Epinal Info<\/title>\n<meta name=\"robots\" content=\"index, follow, max-snippet:-1, max-image-preview:large, max-video-preview:-1\" \/>\n<link rel=\"canonical\" href=\"https:\/\/vosgesinfo.fr\/epinalinfo\/2023\/04\/apres-decouverte-dexplosifs-fermeture-temporaire-de-decheterie-de-bruyeres-2\/\" \/>\n<meta name=\"twitter:card\" content=\"summary_large_image\" \/>\n<meta name=\"twitter:title\" content=\"Apr\u00e8s la d\u00e9couverte d&#039;explosifs, fermeture temporaire de la d\u00e9ch\u00e8terie de Bruy\u00e8res - Epinal Info\" \/>\n<meta name=\"twitter:description\" content=\"Suite \u00e0 un d\u00e9p\u00f4t anonyme de munitions et de substances potentiellement explosives \u00e0 la d\u00e9ch\u00e8terie de Bruy\u00e8res, Philippe Claudon, pr\u00e9sident [&hellip;]\" \/>\n<meta name=\"twitter:image\" content=\"https:\/\/vosgesinfo.fr\/app\/uploads\/sites\/3\/2023\/04\/decheterie-bruyeres.jpg\" \/>\n<meta name=\"twitter:creator\" content=\"@VosgesInfo88\" \/>\n<meta name=\"twitter:site\" content=\"@VosgesInfo88\" \/>\n<meta name=\"twitter:label1\" content=\"\u00c9crit par\" \/>\n\t<meta name=\"twitter:data1\" content=\"C.K.\" \/>\n\t<meta name=\"twitter:label2\" content=\"Dur\u00e9e de lecture estim\u00e9e\" \/>\n\t<meta name=\"twitter:data2\" content=\"1 minute\" \/>\n<script type=\"application\/ld+json\" class=\"yoast-schema-graph\">{\"@context\":\"https:\/\/schema.org\",\"@graph\":[{\"@type\":\"Article\",\"@id\":\"https:\/\/vosgesinfo.fr\/epinalinfo\/2023\/04\/apres-decouverte-dexplosifs-fermeture-temporaire-de-decheterie-de-bruyeres-2\/#article\",\"isPartOf\":{\"@id\":\"https:\/\/vosgesinfo.fr\/epinalinfo\/2023\/04\/apres-decouverte-dexplosifs-fermeture-temporaire-de-decheterie-de-bruyeres-2\/\"},\"author\":{\"name\":\"C.K.\",\"@id\":\"https:\/\/vosgesinfo.fr\/epinalinfo\/#\/schema\/person\/6f9a650eeea99d969b6c4ab78fccbe81\"},\"headline\":\"Apr\u00e8s la d\u00e9couverte d&rsquo;explosifs, fermeture temporaire de la d\u00e9ch\u00e8terie de Bruy\u00e8res\",\"datePublished\":\"2023-04-28T08:10:30+00:00\",\"dateModified\":\"2023-04-28T08:10:30+00:00\",\"mainEntityOfPage\":{\"@id\":\"https:\/\/vosgesinfo.fr\/epinalinfo\/2023\/04\/apres-decouverte-dexplosifs-fermeture-temporaire-de-decheterie-de-bruyeres-2\/\"},\"wordCount\":290,\"commentCount\":0,\"publisher\":{\"@id\":\"https:\/\/vosgesinfo.fr\/epinalinfo\/#organization\"},\"image\":{\"@id\":\"https:\/\/vosgesinfo.fr\/epinalinfo\/2023\/04\/apres-decouverte-dexplosifs-fermeture-temporaire-de-decheterie-de-bruyeres-2\/#primaryimage\"},\"thumbnailUrl\":\"https:\/\/vosgesinfo.fr\/app\/uploads\/sites\/3\/2023\/04\/decheterie-bruyeres.jpg\",\"articleSection\":[\"A la Une\",\"Bruy\u00e8res\",\"Environnement\",\"Faits-divers\"],\"inLanguage\":\"fr-FR\",\"potentialAction\":[{\"@type\":\"CommentAction\",\"name\":\"Comment\",\"target\":[\"https:\/\/vosgesinfo.fr\/epinalinfo\/2023\/04\/apres-decouverte-dexplosifs-fermeture-temporaire-de-decheterie-de-bruyeres-2\/#respond\"]}]},{\"@type\":\"WebPage\",\"@id\":\"https:\/\/vosgesinfo.fr\/epinalinfo\/2023\/04\/apres-decouverte-dexplosifs-fermeture-temporaire-de-decheterie-de-bruyeres-2\/\",\"url\":\"https:\/\/vosgesinfo.fr\/epinalinfo\/2023\/04\/apres-decouverte-dexplosifs-fermeture-temporaire-de-decheterie-de-bruyeres-2\/\",\"name\":\"Apr\u00e8s la d\u00e9couverte d'explosifs, fermeture temporaire de la d\u00e9ch\u00e8terie de Bruy\u00e8res - Epinal Info\",\"isPartOf\":{\"@id\":\"https:\/\/vosgesinfo.fr\/epinalinfo\/#website\"},\"primaryImageOfPage\":{\"@id\":\"https:\/\/vosgesinfo.fr\/epinalinfo\/2023\/04\/apres-decouverte-dexplosifs-fermeture-temporaire-de-decheterie-de-bruyeres-2\/#primaryimage\"},\"image\":{\"@id\":\"https:\/\/vosgesinfo.fr\/epinalinfo\/2023\/04\/apres-decouverte-dexplosifs-fermeture-temporaire-de-decheterie-de-bruyeres-2\/#primaryimage\"},\"thumbnailUrl\":\"https:\/\/vosgesinfo.fr\/app\/uploads\/sites\/3\/2023\/04\/decheterie-bruyeres.jpg\",\"datePublished\":\"2023-04-28T08:10:30+00:00\",\"dateModified\":\"2023-04-28T08:10:30+00:00\",\"breadcrumb\":{\"@id\":\"https:\/\/vosgesinfo.fr\/epinalinfo\/2023\/04\/apres-decouverte-dexplosifs-fermeture-temporaire-de-decheterie-de-bruyeres-2\/#breadcrumb\"},\"inLanguage\":\"fr-FR\",\"potentialAction\":[{\"@type\":\"ReadAction\",\"target\":[\"https:\/\/vosgesinfo.fr\/epinalinfo\/2023\/04\/apres-decouverte-dexplosifs-fermeture-temporaire-de-decheterie-de-bruyeres-2\/\"]}]},{\"@type\":\"ImageObject\",\"inLanguage\":\"fr-FR\",\"@id\":\"https:\/\/vosgesinfo.fr\/epinalinfo\/2023\/04\/apres-decouverte-dexplosifs-fermeture-temporaire-de-decheterie-de-bruyeres-2\/#primaryimage\",\"url\":\"https:\/\/vosgesinfo.fr\/app\/uploads\/sites\/3\/2023\/04\/decheterie-bruyeres.jpg\",\"contentUrl\":\"https:\/\/vosgesinfo.fr\/app\/uploads\/sites\/3\/2023\/04\/decheterie-bruyeres.jpg\"},{\"@type\":\"BreadcrumbList\",\"@id\":\"https:\/\/vosgesinfo.fr\/epinalinfo\/2023\/04\/apres-decouverte-dexplosifs-fermeture-temporaire-de-decheterie-de-bruyeres-2\/#breadcrumb\",\"itemListElement\":[{\"@type\":\"ListItem\",\"position\":1,\"name\":\"Home\",\"item\":\"https:\/\/vosgesinfo.fr\/epinalinfo\/\"},{\"@type\":\"ListItem\",\"position\":2,\"name\":\"Apr\u00e8s la d\u00e9couverte d&rsquo;explosifs, fermeture temporaire de la d\u00e9ch\u00e8terie de Bruy\u00e8res\"}]},{\"@type\":\"WebSite\",\"@id\":\"https:\/\/vosgesinfo.fr\/epinalinfo\/#website\",\"url\":\"https:\/\/vosgesinfo.fr\/epinalinfo\/\",\"name\":\"Epinal Info\",\"description\":\"Toute l&#039;actualit\u00e9 d&#039;\u00c9pinal\",\"publisher\":{\"@id\":\"https:\/\/vosgesinfo.fr\/epinalinfo\/#organization\"},\"alternateName\":\"Toute l'actualit\u00e9 d'\u00c9pinal\",\"potentialAction\":[{\"@type\":\"SearchAction\",\"target\":{\"@type\":\"EntryPoint\",\"urlTemplate\":\"https:\/\/vosgesinfo.fr\/epinalinfo\/?s={search_term_string}\"},\"query-input\":\"required name=search_term_string\"}],\"inLanguage\":\"fr-FR\"},{\"@type\":\"Organization\",\"@id\":\"https:\/\/vosgesinfo.fr\/epinalinfo\/#organization\",\"name\":\"Epinal Info\",\"url\":\"https:\/\/vosgesinfo.fr\/epinalinfo\/\",\"logo\":{\"@type\":\"ImageObject\",\"inLanguage\":\"fr-FR\",\"@id\":\"https:\/\/vosgesinfo.fr\/epinalinfo\/#\/schema\/logo\/image\/\",\"url\":\"https:\/\/vosgesinfo.fr\/app\/uploads\/sites\/3\/2023\/08\/logo-epinalinfos.svg\",\"contentUrl\":\"https:\/\/vosgesinfo.fr\/app\/uploads\/sites\/3\/2023\/08\/logo-epinalinfos.svg\",\"width\":1,\"height\":1,\"caption\":\"Epinal Info\"},\"image\":{\"@id\":\"https:\/\/vosgesinfo.fr\/epinalinfo\/#\/schema\/logo\/image\/\"},\"sameAs\":[\"https:\/\/www.facebook.com\/Epinalinfos\",\"https:\/\/x.com\/VosgesInfo88\",\"https:\/\/www.youtube.com\/@vosgesinfo\"]},{\"@type\":\"Person\",\"@id\":\"https:\/\/vosgesinfo.fr\/epinalinfo\/#\/schema\/person\/6f9a650eeea99d969b6c4ab78fccbe81\",\"name\":\"C.K.\",\"image\":{\"@type\":\"ImageObject\",\"inLanguage\":\"fr-FR\",\"@id\":\"https:\/\/vosgesinfo.fr\/epinalinfo\/#\/schema\/person\/image\/\",\"url\":\"https:\/\/secure.gravatar.com\/avatar\/48e3fc7f8421ba8942be6b74a2b7f014ca39bc00dece156b7a8e098ae7dc87bf?s=96&d=mm&r=g\",\"contentUrl\":\"https:\/\/secure.gravatar.com\/avatar\/48e3fc7f8421ba8942be6b74a2b7f014ca39bc00dece156b7a8e098ae7dc87bf?s=96&d=mm&r=g\",\"caption\":\"C.K.\"},\"url\":\"https:\/\/vosgesinfo.fr\/epinalinfo\/author\/celia-k-n\/\"}]}<\/script>\n<!-- \/ Yoast SEO plugin. -->","yoast_head_json":{"title":"Apr\u00e8s la d\u00e9couverte d'explosifs, fermeture temporaire de la d\u00e9ch\u00e8terie de Bruy\u00e8res - Epinal Info","robots":{"index":"index","follow":"follow","max-snippet":"max-snippet:-1","max-image-preview":"max-image-preview:large","max-video-preview":"max-video-preview:-1"},"canonical":"https:\/\/vosgesinfo.fr\/epinalinfo\/2023\/04\/apres-decouverte-dexplosifs-fermeture-temporaire-de-decheterie-de-bruyeres-2\/","twitter_card":"summary_large_image","twitter_title":"Apr\u00e8s la d\u00e9couverte d'explosifs, fermeture temporaire de la d\u00e9ch\u00e8terie de Bruy\u00e8res - Epinal Info","twitter_description":"Suite \u00e0 un d\u00e9p\u00f4t anonyme de munitions et de substances potentiellement explosives \u00e0 la d\u00e9ch\u00e8terie de Bruy\u00e8res, Philippe Claudon, pr\u00e9sident [&hellip;]","twitter_image":"https:\/\/vosgesinfo.fr\/app\/uploads\/sites\/3\/2023\/04\/decheterie-bruyeres.jpg","twitter_creator":"@VosgesInfo88","twitter_site":"@VosgesInfo88","twitter_misc":{"\u00c9crit par":"C.K.","Dur\u00e9e de lecture estim\u00e9e":"1 minute"},"schema":{"@context":"https:\/\/schema.org","@graph":[{"@type":"Article","@id":"https:\/\/vosgesinfo.fr\/epinalinfo\/2023\/04\/apres-decouverte-dexplosifs-fermeture-temporaire-de-decheterie-de-bruyeres-2\/#article","isPartOf":{"@id":"https:\/\/vosgesinfo.fr\/epinalinfo\/2023\/04\/apres-decouverte-dexplosifs-fermeture-temporaire-de-decheterie-de-bruyeres-2\/"},"author":{"name":"C.K.","@id":"https:\/\/vosgesinfo.fr\/epinalinfo\/#\/schema\/person\/6f9a650eeea99d969b6c4ab78fccbe81"},"headline":"Apr\u00e8s la d\u00e9couverte d&rsquo;explosifs, fermeture temporaire de la d\u00e9ch\u00e8terie de Bruy\u00e8res","datePublished":"2023-04-28T08:10:30+00:00","dateModified":"2023-04-28T08:10:30+00:00","mainEntityOfPage":{"@id":"https:\/\/vosgesinfo.fr\/epinalinfo\/2023\/04\/apres-decouverte-dexplosifs-fermeture-temporaire-de-decheterie-de-bruyeres-2\/"},"wordCount":290,"commentCount":0,"publisher":{"@id":"https:\/\/vosgesinfo.fr\/epinalinfo\/#organization"},"image":{"@id":"https:\/\/vosgesinfo.fr\/epinalinfo\/2023\/04\/apres-decouverte-dexplosifs-fermeture-temporaire-de-decheterie-de-bruyeres-2\/#primaryimage"},"thumbnailUrl":"https:\/\/vosgesinfo.fr\/app\/uploads\/sites\/3\/2023\/04\/decheterie-bruyeres.jpg","articleSection":["A la Une","Bruy\u00e8res","Environnement","Faits-divers"],"inLanguage":"fr-FR","potentialAction":[{"@type":"CommentAction","name":"Comment","target":["https:\/\/vosgesinfo.fr\/epinalinfo\/2023\/04\/apres-decouverte-dexplosifs-fermeture-temporaire-de-decheterie-de-bruyeres-2\/#respond"]}]},{"@type":"WebPage","@id":"https:\/\/vosgesinfo.fr\/epinalinfo\/2023\/04\/apres-decouverte-dexplosifs-fermeture-temporaire-de-decheterie-de-bruyeres-2\/","url":"https:\/\/vosgesinfo.fr\/epinalinfo\/2023\/04\/apres-decouverte-dexplosifs-fermeture-temporaire-de-decheterie-de-bruyeres-2\/","name":"Apr\u00e8s la d\u00e9couverte d'explosifs, fermeture temporaire de la d\u00e9ch\u00e8terie de Bruy\u00e8res - Epinal Info","isPartOf":{"@id":"https:\/\/vosgesinfo.fr\/epinalinfo\/#website"},"primaryImageOfPage":{"@id":"https:\/\/vosgesinfo.fr\/epinalinfo\/2023\/04\/apres-decouverte-dexplosifs-fermeture-temporaire-de-decheterie-de-bruyeres-2\/#primaryimage"},"image":{"@id":"https:\/\/vosgesinfo.fr\/epinalinfo\/2023\/04\/apres-decouverte-dexplosifs-fermeture-temporaire-de-decheterie-de-bruyeres-2\/#primaryimage"},"thumbnailUrl":"https:\/\/vosgesinfo.fr\/app\/uploads\/sites\/3\/2023\/04\/decheterie-bruyeres.jpg","datePublished":"2023-04-28T08:10:30+00:00","dateModified":"2023-04-28T08:10:30+00:00","breadcrumb":{"@id":"https:\/\/vosgesinfo.fr\/epinalinfo\/2023\/04\/apres-decouverte-dexplosifs-fermeture-temporaire-de-decheterie-de-bruyeres-2\/#breadcrumb"},"inLanguage":"fr-FR","potentialAction":[{"@type":"ReadAction","target":["https:\/\/vosgesinfo.fr\/epinalinfo\/2023\/04\/apres-decouverte-dexplosifs-fermeture-temporaire-de-decheterie-de-bruyeres-2\/"]}]},{"@type":"ImageObject","inLanguage":"fr-FR","@id":"https:\/\/vosgesinfo.fr\/epinalinfo\/2023\/04\/apres-decouverte-dexplosifs-fermeture-temporaire-de-decheterie-de-bruyeres-2\/#primaryimage","url":"https:\/\/vosgesinfo.fr\/app\/uploads\/sites\/3\/2023\/04\/decheterie-bruyeres.jpg","contentUrl":"https:\/\/vosgesinfo.fr\/app\/uploads\/sites\/3\/2023\/04\/decheterie-bruyeres.jpg"},{"@type":"BreadcrumbList","@id":"https:\/\/vosgesinfo.fr\/epinalinfo\/2023\/04\/apres-decouverte-dexplosifs-fermeture-temporaire-de-decheterie-de-bruyeres-2\/#breadcrumb","itemListElement":[{"@type":"ListItem","position":1,"name":"Home","item":"https:\/\/vosgesinfo.fr\/epinalinfo\/"},{"@type":"ListItem","position":2,"name":"Apr\u00e8s la d\u00e9couverte d&rsquo;explosifs, fermeture temporaire de la d\u00e9ch\u00e8terie de Bruy\u00e8res"}]},{"@type":"WebSite","@id":"https:\/\/vosgesinfo.fr\/epinalinfo\/#website","url":"https:\/\/vosgesinfo.fr\/epinalinfo\/","name":"Epinal Info","description":"Toute l&#039;actualit\u00e9 d&#039;\u00c9pinal","publisher":{"@id":"https:\/\/vosgesinfo.fr\/epinalinfo\/#organization"},"alternateName":"Toute l'actualit\u00e9 d'\u00c9pinal","potentialAction":[{"@type":"SearchAction","target":{"@type":"EntryPoint","urlTemplate":"https:\/\/vosgesinfo.fr\/epinalinfo\/?s={search_term_string}"},"query-input":"required name=search_term_string"}],"inLanguage":"fr-FR"},{"@type":"Organization","@id":"https:\/\/vosgesinfo.fr\/epinalinfo\/#organization","name":"Epinal Info","url":"https:\/\/vosgesinfo.fr\/epinalinfo\/","logo":{"@type":"ImageObject","inLanguage":"fr-FR","@id":"https:\/\/vosgesinfo.fr\/epinalinfo\/#\/schema\/logo\/image\/","url":"https:\/\/vosgesinfo.fr\/app\/uploads\/sites\/3\/2023\/08\/logo-epinalinfos.svg","contentUrl":"https:\/\/vosgesinfo.fr\/app\/uploads\/sites\/3\/2023\/08\/logo-epinalinfos.svg","width":1,"height":1,"caption":"Epinal Info"},"image":{"@id":"https:\/\/vosgesinfo.fr\/epinalinfo\/#\/schema\/logo\/image\/"},"sameAs":["https:\/\/www.facebook.com\/Epinalinfos","https:\/\/x.com\/VosgesInfo88","https:\/\/www.youtube.com\/@vosgesinfo"]},{"@type":"Person","@id":"https:\/\/vosgesinfo.fr\/epinalinfo\/#\/schema\/person\/6f9a650eeea99d969b6c4ab78fccbe81","name":"C.K.","image":{"@type":"ImageObject","inLanguage":"fr-FR","@id":"https:\/\/vosgesinfo.fr\/epinalinfo\/#\/schema\/person\/image\/","url":"https:\/\/secure.gravatar.com\/avatar\/48e3fc7f8421ba8942be6b74a2b7f014ca39bc00dece156b7a8e098ae7dc87bf?s=96&d=mm&r=g","contentUrl":"https:\/\/secure.gravatar.com\/avatar\/48e3fc7f8421ba8942be6b74a2b7f014ca39bc00dece156b7a8e098ae7dc87bf?s=96&d=mm&r=g","caption":"C.K."},"url":"https:\/\/vosgesinfo.fr\/epinalinfo\/author\/celia-k-n\/"}]}},"_links":{"self":[{"href":"https:\/\/vosgesinfo.fr\/epinalinfo\/wp-json\/wp\/v2\/posts\/118626","targetHints":{"allow":["GET"]}}],"collection":[{"href":"https:\/\/vosgesinfo.fr\/epinalinfo\/wp-json\/wp\/v2\/posts"}],"about":[{"href":"https:\/\/vosgesinfo.fr\/epinalinfo\/wp-json\/wp\/v2\/types\/post"}],"author":[{"embeddable":true,"href":"https:\/\/vosgesinfo.fr\/epinalinfo\/wp-json\/wp\/v2\/users\/52"}],"replies":[{"embeddable":true,"href":"https:\/\/vosgesinfo.fr\/epinalinfo\/wp-json\/wp\/v2\/comments?post=118626"}],"version-history":[{"count":0,"href":"https:\/\/vosgesinfo.fr\/epinalinfo\/wp-json\/wp\/v2\/posts\/118626\/revisions"}],"wp:featuredmedia":[{"embeddable":true,"href":"https:\/\/vosgesinfo.fr\/epinalinfo\/wp-json\/wp\/v2\/media\/29122"}],"wp:attachment":[{"href":"https:\/\/vosgesinfo.fr\/epinalinfo\/wp-json\/wp\/v2\/media?parent=118626"}],"wp:term":[{"taxonomy":"category","embeddable":true,"href":"https:\/\/vosgesinfo.fr\/epinalinfo\/wp-json\/wp\/v2\/categories?post=118626"},{"taxonomy":"post_tag","embeddable":true,"href":"https:\/\/vosgesinfo.fr\/epinalinfo\/wp-json\/wp\/v2\/tags?post=118626"}],"curies":[{"name":"wp","href":"https:\/\/api.w.org\/{rel}","templated":true}]}}