{"id":118736,"date":"2023-05-20T07:19:20","date_gmt":"2023-05-20T05:19:20","guid":{"rendered":"https:\/\/vosgesinfo.fr\/epinalinfo\/2023\/05\/ecoutez-toutes-nos-voix-droit-femmes-2\/"},"modified":"2023-05-20T07:19:20","modified_gmt":"2023-05-20T05:19:20","slug":"ecoutez-toutes-nos-voix-droit-femmes-2","status":"publish","type":"post","link":"https:\/\/vosgesinfo.fr\/epinalinfo\/2023\/05\/ecoutez-toutes-nos-voix-droit-femmes-2\/","title":{"rendered":"\u00c9coutez \u00ab\u00a0toutes nos voix\u00a0\u00bb pour le droit des femmes"},"content":{"rendered":"<h2 class=\"ox-9439092769-x_x_x_elementToProof\"><span class=\"ox-9439092769-x_x_x_x_elementToProof ox-9439092769-x_x_x_x_ContentPasted0 ox-9439092769-x_x_x_ContentPasted0 ox-9439092769-x_x_ContentPasted0 ox-9439092769-x_ContentPasted0\"><a href=\"\/2023\/05\/348218419_2254248631428560_8331033921280022274_n.jpg\"><img decoding=\"async\" class=\"aligncenter size-full wp-image-219045\" src=\"\/2023\/05\/348218419_2254248631428560_8331033921280022274_n.jpg\" alt=\"Festival toutes nos voix\" width=\"417\" height=\"587\" \/><\/a>Du 22 au 27 mai, Thaon-les-Vosges est l&rsquo;une des trois villes vosgiennes qui accueillera la 1\u00e8re<b class=\"ox-9439092769-x_x_x_ContentPasted0 ox-9439092769-x_x_ContentPasted0 ox-9439092769-x_ContentPasted0\">\u00a0\u00e9dition du festival citoyen et culturel qui s\u2019engage pour les<span class=\"ox-9439092769-x_x_x_ContentPasted0 ox-9439092769-x_x_ContentPasted0 ox-9439092769-x_ContentPasted0\">\u00a0<\/span><b class=\"ox-9439092769-x_x_x_ContentPasted0 ox-9439092769-x_x_ContentPasted0 ox-9439092769-x_ContentPasted0\">droits des femmes et l\u2019\u00e9galit\u00e9<\/b>.\u00a0\u00a0 \u00ab\u00a0Toutes Nos Voix\u00a0\u00bb.\u00a0<\/b><\/span><\/h2>\n<div class=\"ox-9439092769-x_x_x_elementToProof\"><\/div>\n<div class=\"ox-9439092769-x_x_x_elementToProof\">Projections de films documentaires, spectacles vivants, rencontres et d\u00e9bats en partenariat avec des associations et des scolaires.<\/div>\n<div class=\"ox-9439092769-x_x_x_elementToProof\"><\/div>\n<div class=\"ox-9439092769-x_x_x_elementToProof\">\n<div class=\"ox-9439092769-x_x_x_x_elementToProof ox-9439092769-x_x_x_x_ContentPasted0 ox-9439092769-x_x_x_x_ContentPasted1\"><b><u class=\"ox-9439092769-x_x_x_ContentPasted0 ox-9439092769-x_x_ContentPasted0 ox-9439092769-x_ContentPasted0\">3 temps forts \u00e0 Thaon les Vosges :<\/u><\/b><\/div>\n<div class=\"ox-9439092769-x_x_x_x_elementToProof ox-9439092769-x_x_x_x_ContentPasted0 ox-9439092769-x_x_x_x_ContentPasted1\">\n<ul>\n<li class=\"ox-9439092769-x_x_x_ContentPasted0 ox-9439092769-x_x_ContentPasted0 ox-9439092769-x_ContentPasted0\"><u class=\"ox-9439092769-x_x_x_ContentPasted0 ox-9439092769-x_x_ContentPasted0 ox-9439092769-x_ContentPasted0\">Lundi 22 mai de 17h \u00e0 19h<\/u><span class=\"ox-9439092769-x_x_x_ContentPasted0 ox-9439092769-x_x_ContentPasted0 ox-9439092769-x_ContentPasted0\">\u00a0<\/span>&#8211; Th\u00e9\u00e2tre Rotonde : s\u00e9quence \u00ab\u00a0la dignit\u00e9 par le travail\u00a0\u00bb avec projection de film\n<div><\/div>\n<\/li>\n<li class=\"ox-9439092769-x_x_x_ContentPasted0 ox-9439092769-x_x_ContentPasted0 ox-9439092769-x_ContentPasted0\"><u class=\"ox-9439092769-x_x_x_ContentPasted0 ox-9439092769-x_x_ContentPasted0 ox-9439092769-x_ContentPasted0\">J<\/u><u class=\"ox-9439092769-x_x_x_ContentPasted0 ox-9439092769-x_x_ContentPasted0 ox-9439092769-x_ContentPasted0\">eudi 25 mai \u00e0 partir de 18h<\/u><span class=\"ox-9439092769-x_x_x_ContentPasted0 ox-9439092769-x_x_ContentPasted0 ox-9439092769-x_ContentPasted0\">\u00a0<\/span>&#8211; Th\u00e9\u00e2tre Rotonde : soir\u00e9e d\u00e9monstrations sportives, d\u00e9ambulation artistique, danse et spectacle vivant comique.\n<div><\/div>\n<\/li>\n<li class=\"ox-9439092769-x_x_x_ContentPasted0 ox-9439092769-x_x_ContentPasted0 ox-9439092769-x_ContentPasted0\"><u class=\"ox-9439092769-x_x_x_ContentPasted0 ox-9439092769-x_x_ContentPasted0 ox-9439092769-x_ContentPasted0\">Vendredi 26 mai de 9h \u00e0 11h<\/u><span class=\"ox-9439092769-x_x_x_ContentPasted0 ox-9439092769-x_x_ContentPasted0 ox-9439092769-x_ContentPasted0\">\u00a0<\/span>&#8211; Auditorium Arche Bernadette : projection de courts m\u00e9trages sur les violences conjugales.\n<div class=\"ox-9439092769-x_x_x_ContentPasted0 ox-9439092769-x_x_ContentPasted0 ox-9439092769-x_ContentPasted0\"><u class=\"ox-9439092769-x_x_x_ContentPasted0 ox-9439092769-x_x_ContentPasted0 ox-9439092769-x_ContentPasted0\">De 11h \u00e0 12h30<\/u><span class=\"ox-9439092769-x_x_x_ContentPasted0 ox-9439092769-x_x_ContentPasted0 ox-9439092769-x_ContentPasted0\">\u00a0<\/span>: atelier self d\u00e9fense<\/div>\n<\/li>\n<\/ul>\n<p>Tout le programme :\u00a0https:\/\/thaonlesvosges.fr\/evenements\/festival-toutes-nos-voix\/<\/p>\n<\/div>\n<\/div>\n<div class=\"ox-9439092769-x_x_x_elementToProof\"><\/div>\n","protected":false},"excerpt":{"rendered":"<p>Du 22 au 27 mai, Thaon-les-Vosges est l&rsquo;une des trois villes vosgiennes qui accueillera la 1\u00e8re\u00a0\u00e9dition du festival citoyen et [&hellip;]<\/p>\n","protected":false},"author":41,"featured_media":29539,"comment_status":"open","ping_status":"open","sticky":false,"template":"","format":"standard","meta":{"footnotes":""},"categories":[22,20,10,93],"tags":[32,5704,5705,5706,213],"class_list":["post-118736","post","type-post","status-publish","format-standard","has-post-thumbnail","hentry","category-a-la-une","category-divertissement","category-societe","category-thaon-les-vosges","tag-animations","tag-droits-des-femmes","tag-egalite-hommes-femmes","tag-festival-toutes-nos-voix","tag-thaon-les-vosges"],"acf":[],"yoast_head":"<!-- This site is optimized with the Yoast SEO plugin v22.5 - https:\/\/yoast.com\/wordpress\/plugins\/seo\/ -->\n<title>\u00c9coutez &quot;toutes nos voix&quot; pour le droit des femmes - Epinal Info<\/title>\n<meta name=\"robots\" content=\"index, follow, max-snippet:-1, max-image-preview:large, max-video-preview:-1\" \/>\n<link rel=\"canonical\" href=\"https:\/\/vosgesinfo.fr\/epinalinfo\/2023\/05\/ecoutez-toutes-nos-voix-droit-femmes-2\/\" \/>\n<meta name=\"twitter:card\" content=\"summary_large_image\" \/>\n<meta name=\"twitter:title\" content=\"\u00c9coutez &quot;toutes nos voix&quot; pour le droit des femmes - Epinal Info\" \/>\n<meta name=\"twitter:description\" content=\"Du 22 au 27 mai, Thaon-les-Vosges est l&rsquo;une des trois villes vosgiennes qui accueillera la 1\u00e8re\u00a0\u00e9dition du festival citoyen et [&hellip;]\" \/>\n<meta name=\"twitter:image\" content=\"https:\/\/vosgesinfo.fr\/app\/uploads\/sites\/3\/2023\/05\/348218419-2254248631428560-8331033921280022274-n.jpg\" \/>\n<meta name=\"twitter:creator\" content=\"@VosgesInfo88\" \/>\n<meta name=\"twitter:site\" content=\"@VosgesInfo88\" \/>\n<meta name=\"twitter:label1\" content=\"\u00c9crit par\" \/>\n\t<meta name=\"twitter:data1\" content=\"La r\u00e9daction\" \/>\n\t<meta name=\"twitter:label2\" content=\"Dur\u00e9e de lecture estim\u00e9e\" \/>\n\t<meta name=\"twitter:data2\" content=\"1 minute\" \/>\n<script type=\"application\/ld+json\" class=\"yoast-schema-graph\">{\"@context\":\"https:\/\/schema.org\",\"@graph\":[{\"@type\":\"Article\",\"@id\":\"https:\/\/vosgesinfo.fr\/epinalinfo\/2023\/05\/ecoutez-toutes-nos-voix-droit-femmes-2\/#article\",\"isPartOf\":{\"@id\":\"https:\/\/vosgesinfo.fr\/epinalinfo\/2023\/05\/ecoutez-toutes-nos-voix-droit-femmes-2\/\"},\"author\":{\"name\":\"La r\u00e9daction\",\"@id\":\"https:\/\/vosgesinfo.fr\/epinalinfo\/#\/schema\/person\/44f5fff67d0ae31d2770e1f7555c711d\"},\"headline\":\"\u00c9coutez \u00ab\u00a0toutes nos voix\u00a0\u00bb pour le droit des femmes\",\"datePublished\":\"2023-05-20T05:19:20+00:00\",\"dateModified\":\"2023-05-20T05:19:20+00:00\",\"mainEntityOfPage\":{\"@id\":\"https:\/\/vosgesinfo.fr\/epinalinfo\/2023\/05\/ecoutez-toutes-nos-voix-droit-femmes-2\/\"},\"wordCount\":143,\"commentCount\":0,\"publisher\":{\"@id\":\"https:\/\/vosgesinfo.fr\/epinalinfo\/#organization\"},\"image\":{\"@id\":\"https:\/\/vosgesinfo.fr\/epinalinfo\/2023\/05\/ecoutez-toutes-nos-voix-droit-femmes-2\/#primaryimage\"},\"thumbnailUrl\":\"https:\/\/vosgesinfo.fr\/app\/uploads\/sites\/3\/2023\/05\/348218419-2254248631428560-8331033921280022274-n.jpg\",\"keywords\":[\"animations\",\"droits des femmes\",\"\u00e9galit\u00e9 hommes-femmes\",\"Festival \\\"Toutes nos voix\\\"\",\"Thaon-l\u00e8s-Vosges\"],\"articleSection\":[\"A la Une\",\"Divertissement\",\"Soci\u00e9t\u00e9\",\"Thaon-les-Vosges\"],\"inLanguage\":\"fr-FR\",\"potentialAction\":[{\"@type\":\"CommentAction\",\"name\":\"Comment\",\"target\":[\"https:\/\/vosgesinfo.fr\/epinalinfo\/2023\/05\/ecoutez-toutes-nos-voix-droit-femmes-2\/#respond\"]}]},{\"@type\":\"WebPage\",\"@id\":\"https:\/\/vosgesinfo.fr\/epinalinfo\/2023\/05\/ecoutez-toutes-nos-voix-droit-femmes-2\/\",\"url\":\"https:\/\/vosgesinfo.fr\/epinalinfo\/2023\/05\/ecoutez-toutes-nos-voix-droit-femmes-2\/\",\"name\":\"\u00c9coutez \\\"toutes nos voix\\\" pour le droit des femmes - Epinal Info\",\"isPartOf\":{\"@id\":\"https:\/\/vosgesinfo.fr\/epinalinfo\/#website\"},\"primaryImageOfPage\":{\"@id\":\"https:\/\/vosgesinfo.fr\/epinalinfo\/2023\/05\/ecoutez-toutes-nos-voix-droit-femmes-2\/#primaryimage\"},\"image\":{\"@id\":\"https:\/\/vosgesinfo.fr\/epinalinfo\/2023\/05\/ecoutez-toutes-nos-voix-droit-femmes-2\/#primaryimage\"},\"thumbnailUrl\":\"https:\/\/vosgesinfo.fr\/app\/uploads\/sites\/3\/2023\/05\/348218419-2254248631428560-8331033921280022274-n.jpg\",\"datePublished\":\"2023-05-20T05:19:20+00:00\",\"dateModified\":\"2023-05-20T05:19:20+00:00\",\"breadcrumb\":{\"@id\":\"https:\/\/vosgesinfo.fr\/epinalinfo\/2023\/05\/ecoutez-toutes-nos-voix-droit-femmes-2\/#breadcrumb\"},\"inLanguage\":\"fr-FR\",\"potentialAction\":[{\"@type\":\"ReadAction\",\"target\":[\"https:\/\/vosgesinfo.fr\/epinalinfo\/2023\/05\/ecoutez-toutes-nos-voix-droit-femmes-2\/\"]}]},{\"@type\":\"ImageObject\",\"inLanguage\":\"fr-FR\",\"@id\":\"https:\/\/vosgesinfo.fr\/epinalinfo\/2023\/05\/ecoutez-toutes-nos-voix-droit-femmes-2\/#primaryimage\",\"url\":\"https:\/\/vosgesinfo.fr\/app\/uploads\/sites\/3\/2023\/05\/348218419-2254248631428560-8331033921280022274-n.jpg\",\"contentUrl\":\"https:\/\/vosgesinfo.fr\/app\/uploads\/sites\/3\/2023\/05\/348218419-2254248631428560-8331033921280022274-n.jpg\"},{\"@type\":\"BreadcrumbList\",\"@id\":\"https:\/\/vosgesinfo.fr\/epinalinfo\/2023\/05\/ecoutez-toutes-nos-voix-droit-femmes-2\/#breadcrumb\",\"itemListElement\":[{\"@type\":\"ListItem\",\"position\":1,\"name\":\"Home\",\"item\":\"https:\/\/vosgesinfo.fr\/epinalinfo\/\"},{\"@type\":\"ListItem\",\"position\":2,\"name\":\"\u00c9coutez \u00ab\u00a0toutes nos voix\u00a0\u00bb pour le droit des femmes\"}]},{\"@type\":\"WebSite\",\"@id\":\"https:\/\/vosgesinfo.fr\/epinalinfo\/#website\",\"url\":\"https:\/\/vosgesinfo.fr\/epinalinfo\/\",\"name\":\"Epinal Info\",\"description\":\"Toute l&#039;actualit\u00e9 d&#039;\u00c9pinal\",\"publisher\":{\"@id\":\"https:\/\/vosgesinfo.fr\/epinalinfo\/#organization\"},\"alternateName\":\"Toute l'actualit\u00e9 d'\u00c9pinal\",\"potentialAction\":[{\"@type\":\"SearchAction\",\"target\":{\"@type\":\"EntryPoint\",\"urlTemplate\":\"https:\/\/vosgesinfo.fr\/epinalinfo\/?s={search_term_string}\"},\"query-input\":\"required name=search_term_string\"}],\"inLanguage\":\"fr-FR\"},{\"@type\":\"Organization\",\"@id\":\"https:\/\/vosgesinfo.fr\/epinalinfo\/#organization\",\"name\":\"Epinal Info\",\"url\":\"https:\/\/vosgesinfo.fr\/epinalinfo\/\",\"logo\":{\"@type\":\"ImageObject\",\"inLanguage\":\"fr-FR\",\"@id\":\"https:\/\/vosgesinfo.fr\/epinalinfo\/#\/schema\/logo\/image\/\",\"url\":\"https:\/\/vosgesinfo.fr\/app\/uploads\/sites\/3\/2023\/08\/logo-epinalinfos.svg\",\"contentUrl\":\"https:\/\/vosgesinfo.fr\/app\/uploads\/sites\/3\/2023\/08\/logo-epinalinfos.svg\",\"width\":1,\"height\":1,\"caption\":\"Epinal Info\"},\"image\":{\"@id\":\"https:\/\/vosgesinfo.fr\/epinalinfo\/#\/schema\/logo\/image\/\"},\"sameAs\":[\"https:\/\/www.facebook.com\/Epinalinfos\",\"https:\/\/x.com\/VosgesInfo88\",\"https:\/\/www.youtube.com\/@vosgesinfo\"]},{\"@type\":\"Person\",\"@id\":\"https:\/\/vosgesinfo.fr\/epinalinfo\/#\/schema\/person\/44f5fff67d0ae31d2770e1f7555c711d\",\"name\":\"La r\u00e9daction\",\"image\":{\"@type\":\"ImageObject\",\"inLanguage\":\"fr-FR\",\"@id\":\"https:\/\/vosgesinfo.fr\/epinalinfo\/#\/schema\/person\/image\/\",\"url\":\"https:\/\/secure.gravatar.com\/avatar\/16dedd2578b2ae59b9a3a38f046defecb4cf834aaec7bb1d03d9ba6b5e55a8d5?s=96&d=mm&r=g\",\"contentUrl\":\"https:\/\/secure.gravatar.com\/avatar\/16dedd2578b2ae59b9a3a38f046defecb4cf834aaec7bb1d03d9ba6b5e55a8d5?s=96&d=mm&r=g\",\"caption\":\"La r\u00e9daction\"},\"url\":\"https:\/\/vosgesinfo.fr\/epinalinfo\/author\/poupy\/\"}]}<\/script>\n<!-- \/ Yoast SEO plugin. -->","yoast_head_json":{"title":"\u00c9coutez \"toutes nos voix\" pour le droit des femmes - Epinal Info","robots":{"index":"index","follow":"follow","max-snippet":"max-snippet:-1","max-image-preview":"max-image-preview:large","max-video-preview":"max-video-preview:-1"},"canonical":"https:\/\/vosgesinfo.fr\/epinalinfo\/2023\/05\/ecoutez-toutes-nos-voix-droit-femmes-2\/","twitter_card":"summary_large_image","twitter_title":"\u00c9coutez \"toutes nos voix\" pour le droit des femmes - Epinal Info","twitter_description":"Du 22 au 27 mai, Thaon-les-Vosges est l&rsquo;une des trois villes vosgiennes qui accueillera la 1\u00e8re\u00a0\u00e9dition du festival citoyen et [&hellip;]","twitter_image":"https:\/\/vosgesinfo.fr\/app\/uploads\/sites\/3\/2023\/05\/348218419-2254248631428560-8331033921280022274-n.jpg","twitter_creator":"@VosgesInfo88","twitter_site":"@VosgesInfo88","twitter_misc":{"\u00c9crit par":"La r\u00e9daction","Dur\u00e9e de lecture estim\u00e9e":"1 minute"},"schema":{"@context":"https:\/\/schema.org","@graph":[{"@type":"Article","@id":"https:\/\/vosgesinfo.fr\/epinalinfo\/2023\/05\/ecoutez-toutes-nos-voix-droit-femmes-2\/#article","isPartOf":{"@id":"https:\/\/vosgesinfo.fr\/epinalinfo\/2023\/05\/ecoutez-toutes-nos-voix-droit-femmes-2\/"},"author":{"name":"La r\u00e9daction","@id":"https:\/\/vosgesinfo.fr\/epinalinfo\/#\/schema\/person\/44f5fff67d0ae31d2770e1f7555c711d"},"headline":"\u00c9coutez \u00ab\u00a0toutes nos voix\u00a0\u00bb pour le droit des femmes","datePublished":"2023-05-20T05:19:20+00:00","dateModified":"2023-05-20T05:19:20+00:00","mainEntityOfPage":{"@id":"https:\/\/vosgesinfo.fr\/epinalinfo\/2023\/05\/ecoutez-toutes-nos-voix-droit-femmes-2\/"},"wordCount":143,"commentCount":0,"publisher":{"@id":"https:\/\/vosgesinfo.fr\/epinalinfo\/#organization"},"image":{"@id":"https:\/\/vosgesinfo.fr\/epinalinfo\/2023\/05\/ecoutez-toutes-nos-voix-droit-femmes-2\/#primaryimage"},"thumbnailUrl":"https:\/\/vosgesinfo.fr\/app\/uploads\/sites\/3\/2023\/05\/348218419-2254248631428560-8331033921280022274-n.jpg","keywords":["animations","droits des femmes","\u00e9galit\u00e9 hommes-femmes","Festival \"Toutes nos voix\"","Thaon-l\u00e8s-Vosges"],"articleSection":["A la Une","Divertissement","Soci\u00e9t\u00e9","Thaon-les-Vosges"],"inLanguage":"fr-FR","potentialAction":[{"@type":"CommentAction","name":"Comment","target":["https:\/\/vosgesinfo.fr\/epinalinfo\/2023\/05\/ecoutez-toutes-nos-voix-droit-femmes-2\/#respond"]}]},{"@type":"WebPage","@id":"https:\/\/vosgesinfo.fr\/epinalinfo\/2023\/05\/ecoutez-toutes-nos-voix-droit-femmes-2\/","url":"https:\/\/vosgesinfo.fr\/epinalinfo\/2023\/05\/ecoutez-toutes-nos-voix-droit-femmes-2\/","name":"\u00c9coutez \"toutes nos voix\" pour le droit des femmes - Epinal Info","isPartOf":{"@id":"https:\/\/vosgesinfo.fr\/epinalinfo\/#website"},"primaryImageOfPage":{"@id":"https:\/\/vosgesinfo.fr\/epinalinfo\/2023\/05\/ecoutez-toutes-nos-voix-droit-femmes-2\/#primaryimage"},"image":{"@id":"https:\/\/vosgesinfo.fr\/epinalinfo\/2023\/05\/ecoutez-toutes-nos-voix-droit-femmes-2\/#primaryimage"},"thumbnailUrl":"https:\/\/vosgesinfo.fr\/app\/uploads\/sites\/3\/2023\/05\/348218419-2254248631428560-8331033921280022274-n.jpg","datePublished":"2023-05-20T05:19:20+00:00","dateModified":"2023-05-20T05:19:20+00:00","breadcrumb":{"@id":"https:\/\/vosgesinfo.fr\/epinalinfo\/2023\/05\/ecoutez-toutes-nos-voix-droit-femmes-2\/#breadcrumb"},"inLanguage":"fr-FR","potentialAction":[{"@type":"ReadAction","target":["https:\/\/vosgesinfo.fr\/epinalinfo\/2023\/05\/ecoutez-toutes-nos-voix-droit-femmes-2\/"]}]},{"@type":"ImageObject","inLanguage":"fr-FR","@id":"https:\/\/vosgesinfo.fr\/epinalinfo\/2023\/05\/ecoutez-toutes-nos-voix-droit-femmes-2\/#primaryimage","url":"https:\/\/vosgesinfo.fr\/app\/uploads\/sites\/3\/2023\/05\/348218419-2254248631428560-8331033921280022274-n.jpg","contentUrl":"https:\/\/vosgesinfo.fr\/app\/uploads\/sites\/3\/2023\/05\/348218419-2254248631428560-8331033921280022274-n.jpg"},{"@type":"BreadcrumbList","@id":"https:\/\/vosgesinfo.fr\/epinalinfo\/2023\/05\/ecoutez-toutes-nos-voix-droit-femmes-2\/#breadcrumb","itemListElement":[{"@type":"ListItem","position":1,"name":"Home","item":"https:\/\/vosgesinfo.fr\/epinalinfo\/"},{"@type":"ListItem","position":2,"name":"\u00c9coutez \u00ab\u00a0toutes nos voix\u00a0\u00bb pour le droit des femmes"}]},{"@type":"WebSite","@id":"https:\/\/vosgesinfo.fr\/epinalinfo\/#website","url":"https:\/\/vosgesinfo.fr\/epinalinfo\/","name":"Epinal Info","description":"Toute l&#039;actualit\u00e9 d&#039;\u00c9pinal","publisher":{"@id":"https:\/\/vosgesinfo.fr\/epinalinfo\/#organization"},"alternateName":"Toute l'actualit\u00e9 d'\u00c9pinal","potentialAction":[{"@type":"SearchAction","target":{"@type":"EntryPoint","urlTemplate":"https:\/\/vosgesinfo.fr\/epinalinfo\/?s={search_term_string}"},"query-input":"required name=search_term_string"}],"inLanguage":"fr-FR"},{"@type":"Organization","@id":"https:\/\/vosgesinfo.fr\/epinalinfo\/#organization","name":"Epinal Info","url":"https:\/\/vosgesinfo.fr\/epinalinfo\/","logo":{"@type":"ImageObject","inLanguage":"fr-FR","@id":"https:\/\/vosgesinfo.fr\/epinalinfo\/#\/schema\/logo\/image\/","url":"https:\/\/vosgesinfo.fr\/app\/uploads\/sites\/3\/2023\/08\/logo-epinalinfos.svg","contentUrl":"https:\/\/vosgesinfo.fr\/app\/uploads\/sites\/3\/2023\/08\/logo-epinalinfos.svg","width":1,"height":1,"caption":"Epinal Info"},"image":{"@id":"https:\/\/vosgesinfo.fr\/epinalinfo\/#\/schema\/logo\/image\/"},"sameAs":["https:\/\/www.facebook.com\/Epinalinfos","https:\/\/x.com\/VosgesInfo88","https:\/\/www.youtube.com\/@vosgesinfo"]},{"@type":"Person","@id":"https:\/\/vosgesinfo.fr\/epinalinfo\/#\/schema\/person\/44f5fff67d0ae31d2770e1f7555c711d","name":"La r\u00e9daction","image":{"@type":"ImageObject","inLanguage":"fr-FR","@id":"https:\/\/vosgesinfo.fr\/epinalinfo\/#\/schema\/person\/image\/","url":"https:\/\/secure.gravatar.com\/avatar\/16dedd2578b2ae59b9a3a38f046defecb4cf834aaec7bb1d03d9ba6b5e55a8d5?s=96&d=mm&r=g","contentUrl":"https:\/\/secure.gravatar.com\/avatar\/16dedd2578b2ae59b9a3a38f046defecb4cf834aaec7bb1d03d9ba6b5e55a8d5?s=96&d=mm&r=g","caption":"La r\u00e9daction"},"url":"https:\/\/vosgesinfo.fr\/epinalinfo\/author\/poupy\/"}]}},"_links":{"self":[{"href":"https:\/\/vosgesinfo.fr\/epinalinfo\/wp-json\/wp\/v2\/posts\/118736","targetHints":{"allow":["GET"]}}],"collection":[{"href":"https:\/\/vosgesinfo.fr\/epinalinfo\/wp-json\/wp\/v2\/posts"}],"about":[{"href":"https:\/\/vosgesinfo.fr\/epinalinfo\/wp-json\/wp\/v2\/types\/post"}],"author":[{"embeddable":true,"href":"https:\/\/vosgesinfo.fr\/epinalinfo\/wp-json\/wp\/v2\/users\/41"}],"replies":[{"embeddable":true,"href":"https:\/\/vosgesinfo.fr\/epinalinfo\/wp-json\/wp\/v2\/comments?post=118736"}],"version-history":[{"count":0,"href":"https:\/\/vosgesinfo.fr\/epinalinfo\/wp-json\/wp\/v2\/posts\/118736\/revisions"}],"wp:featuredmedia":[{"embeddable":true,"href":"https:\/\/vosgesinfo.fr\/epinalinfo\/wp-json\/wp\/v2\/media\/29539"}],"wp:attachment":[{"href":"https:\/\/vosgesinfo.fr\/epinalinfo\/wp-json\/wp\/v2\/media?parent=118736"}],"wp:term":[{"taxonomy":"category","embeddable":true,"href":"https:\/\/vosgesinfo.fr\/epinalinfo\/wp-json\/wp\/v2\/categories?post=118736"},{"taxonomy":"post_tag","embeddable":true,"href":"https:\/\/vosgesinfo.fr\/epinalinfo\/wp-json\/wp\/v2\/tags?post=118736"}],"curies":[{"name":"wp","href":"https:\/\/api.w.org\/{rel}","templated":true}]}}