{"id":118761,"date":"2023-05-29T10:05:56","date_gmt":"2023-05-29T08:05:56","guid":{"rendered":"https:\/\/vosgesinfo.fr\/epinalinfo\/2023\/05\/tous-au-printemps-des-mots-2\/"},"modified":"2023-05-29T10:05:56","modified_gmt":"2023-05-29T08:05:56","slug":"tous-au-printemps-des-mots-2","status":"publish","type":"post","link":"https:\/\/vosgesinfo.fr\/epinalinfo\/2023\/05\/tous-au-printemps-des-mots-2\/","title":{"rendered":"Tous au Printemps des Mots !"},"content":{"rendered":"<p>&nbsp;<\/p>\n<p><a href=\"https:\/\/epinalinfos.fr\/2023\/05\/tous-au-printemps-des-mots\/conference-de-presse-printemps-des-mots-2023\/\" rel=\"attachment wp-att-219345\"><img decoding=\"async\" class=\"aligncenter size-large wp-image-219345\" src=\"\/2023\/05\/Conf\u00e9rence-de-presse-Printemps-des-Mots-2023-800x600.jpg\" alt=\"Conf\u00e9rence de presse - Printemps des Mots 2023\" width=\"800\" height=\"600\" \/><\/a><\/p>\n<h2>Ateliers, th\u00e9\u00e2tre d&rsquo;improvisation, spectacle d\u00e9ambulatoire, marionnettes, librairie, bal folk, buvette et restauration, tous les ingr\u00e9dients ont \u00e9t\u00e9 r\u00e9unis par la Compagnie des Joli(e)s\u00a0 m\u00f4mes pour des moments de d\u00e9tente en famille du jeudi 1er au samedi 3 juin \u00e0 Bruy\u00e8res.<\/h2>\n<p>En plus, des classes, de la maternelle au coll\u00e8ge, monteront sur les planches pour\u00a0 pr\u00e9senter leur cr\u00e9ation th\u00e9\u00e2trale, musicale ou po\u00e9tique.<\/p>\n<p>Un programme\u00a0 diss\u00e9min\u00e9 en diff\u00e9rents lieux : salle des f\u00eates, chapiteaux \u00e0 la Maison des associations et place Jean Jaur\u00e8s, salle de la paroisse, hall de la mairie.<\/p>\n<p>Vous n&rsquo;avez plus qu&rsquo;\u00e0 choisir !<\/p>\n<p><strong>Tout le programme sur le site\u00a0<a tabindex=\"9999\" href=\"http:\/\/www.printempsdesmots.fr\/\" target=\"_blank\" rel=\"noopener\">www.printempsdesmots.fr<\/a><\/strong><\/p>\n<p>&nbsp;<\/p>\n<p>&nbsp;<\/p>\n","protected":false},"excerpt":{"rendered":"<p>&nbsp; Ateliers, th\u00e9\u00e2tre d&rsquo;improvisation, spectacle d\u00e9ambulatoire, marionnettes, librairie, bal folk, buvette et restauration, tous les ingr\u00e9dients ont \u00e9t\u00e9 r\u00e9unis par [&hellip;]<\/p>\n","protected":false},"author":70,"featured_media":29657,"comment_status":"open","ping_status":"open","sticky":false,"template":"","format":"standard","meta":{"footnotes":""},"categories":[22,60,12,20],"tags":[32,61,5743,5744,3359],"class_list":["post-118761","post","type-post","status-publish","format-standard","has-post-thumbnail","hentry","category-a-la-une","category-bruyeres","category-culture","category-divertissement","tag-animations","tag-bruyeres","tag-les-jolies-momes","tag-printemps-des-mots","tag-spectacles"],"acf":[],"yoast_head":"<!-- This site is optimized with the Yoast SEO plugin v22.5 - https:\/\/yoast.com\/wordpress\/plugins\/seo\/ -->\n<title>Tous au Printemps des Mots ! - Epinal Info<\/title>\n<meta name=\"robots\" content=\"index, follow, max-snippet:-1, max-image-preview:large, max-video-preview:-1\" \/>\n<link rel=\"canonical\" href=\"https:\/\/vosgesinfo.fr\/epinalinfo\/2023\/05\/tous-au-printemps-des-mots-2\/\" \/>\n<meta name=\"twitter:card\" content=\"summary_large_image\" \/>\n<meta name=\"twitter:title\" content=\"Tous au Printemps des Mots ! - Epinal Info\" \/>\n<meta name=\"twitter:description\" content=\"&nbsp; Ateliers, th\u00e9\u00e2tre d&rsquo;improvisation, spectacle d\u00e9ambulatoire, marionnettes, librairie, bal folk, buvette et restauration, tous les ingr\u00e9dients ont \u00e9t\u00e9 r\u00e9unis par [&hellip;]\" \/>\n<meta name=\"twitter:image\" content=\"https:\/\/vosgesinfo.fr\/app\/uploads\/sites\/3\/2023\/05\/conference-de-presse-printemps-des-mots-2023.jpg\" \/>\n<meta name=\"twitter:creator\" content=\"@VosgesInfo88\" \/>\n<meta name=\"twitter:site\" content=\"@VosgesInfo88\" \/>\n<meta name=\"twitter:label1\" content=\"\u00c9crit par\" \/>\n\t<meta name=\"twitter:data1\" content=\"Myriam Laurent\" \/>\n\t<meta name=\"twitter:label2\" content=\"Dur\u00e9e de lecture estim\u00e9e\" \/>\n\t<meta name=\"twitter:data2\" content=\"1 minute\" \/>\n<script type=\"application\/ld+json\" class=\"yoast-schema-graph\">{\"@context\":\"https:\/\/schema.org\",\"@graph\":[{\"@type\":\"Article\",\"@id\":\"https:\/\/vosgesinfo.fr\/epinalinfo\/2023\/05\/tous-au-printemps-des-mots-2\/#article\",\"isPartOf\":{\"@id\":\"https:\/\/vosgesinfo.fr\/epinalinfo\/2023\/05\/tous-au-printemps-des-mots-2\/\"},\"author\":{\"name\":\"Myriam Laurent\",\"@id\":\"https:\/\/vosgesinfo.fr\/epinalinfo\/#\/schema\/person\/2b386e085a82c0016b256393b2189ae4\"},\"headline\":\"Tous au Printemps des Mots !\",\"datePublished\":\"2023-05-29T08:05:56+00:00\",\"dateModified\":\"2023-05-29T08:05:56+00:00\",\"mainEntityOfPage\":{\"@id\":\"https:\/\/vosgesinfo.fr\/epinalinfo\/2023\/05\/tous-au-printemps-des-mots-2\/\"},\"wordCount\":127,\"commentCount\":0,\"publisher\":{\"@id\":\"https:\/\/vosgesinfo.fr\/epinalinfo\/#organization\"},\"image\":{\"@id\":\"https:\/\/vosgesinfo.fr\/epinalinfo\/2023\/05\/tous-au-printemps-des-mots-2\/#primaryimage\"},\"thumbnailUrl\":\"https:\/\/vosgesinfo.fr\/app\/uploads\/sites\/3\/2023\/05\/conference-de-presse-printemps-des-mots-2023.jpg\",\"keywords\":[\"animations\",\"Bruy\u00e8res\",\"Les jolies m\u00f4mes\",\"Printemps des mots\",\"spectacles\"],\"articleSection\":[\"A la Une\",\"Bruy\u00e8res\",\"Culture\",\"Divertissement\"],\"inLanguage\":\"fr-FR\",\"potentialAction\":[{\"@type\":\"CommentAction\",\"name\":\"Comment\",\"target\":[\"https:\/\/vosgesinfo.fr\/epinalinfo\/2023\/05\/tous-au-printemps-des-mots-2\/#respond\"]}]},{\"@type\":\"WebPage\",\"@id\":\"https:\/\/vosgesinfo.fr\/epinalinfo\/2023\/05\/tous-au-printemps-des-mots-2\/\",\"url\":\"https:\/\/vosgesinfo.fr\/epinalinfo\/2023\/05\/tous-au-printemps-des-mots-2\/\",\"name\":\"Tous au Printemps des Mots ! - Epinal Info\",\"isPartOf\":{\"@id\":\"https:\/\/vosgesinfo.fr\/epinalinfo\/#website\"},\"primaryImageOfPage\":{\"@id\":\"https:\/\/vosgesinfo.fr\/epinalinfo\/2023\/05\/tous-au-printemps-des-mots-2\/#primaryimage\"},\"image\":{\"@id\":\"https:\/\/vosgesinfo.fr\/epinalinfo\/2023\/05\/tous-au-printemps-des-mots-2\/#primaryimage\"},\"thumbnailUrl\":\"https:\/\/vosgesinfo.fr\/app\/uploads\/sites\/3\/2023\/05\/conference-de-presse-printemps-des-mots-2023.jpg\",\"datePublished\":\"2023-05-29T08:05:56+00:00\",\"dateModified\":\"2023-05-29T08:05:56+00:00\",\"breadcrumb\":{\"@id\":\"https:\/\/vosgesinfo.fr\/epinalinfo\/2023\/05\/tous-au-printemps-des-mots-2\/#breadcrumb\"},\"inLanguage\":\"fr-FR\",\"potentialAction\":[{\"@type\":\"ReadAction\",\"target\":[\"https:\/\/vosgesinfo.fr\/epinalinfo\/2023\/05\/tous-au-printemps-des-mots-2\/\"]}]},{\"@type\":\"ImageObject\",\"inLanguage\":\"fr-FR\",\"@id\":\"https:\/\/vosgesinfo.fr\/epinalinfo\/2023\/05\/tous-au-printemps-des-mots-2\/#primaryimage\",\"url\":\"https:\/\/vosgesinfo.fr\/app\/uploads\/sites\/3\/2023\/05\/conference-de-presse-printemps-des-mots-2023.jpg\",\"contentUrl\":\"https:\/\/vosgesinfo.fr\/app\/uploads\/sites\/3\/2023\/05\/conference-de-presse-printemps-des-mots-2023.jpg\"},{\"@type\":\"BreadcrumbList\",\"@id\":\"https:\/\/vosgesinfo.fr\/epinalinfo\/2023\/05\/tous-au-printemps-des-mots-2\/#breadcrumb\",\"itemListElement\":[{\"@type\":\"ListItem\",\"position\":1,\"name\":\"Home\",\"item\":\"https:\/\/vosgesinfo.fr\/epinalinfo\/\"},{\"@type\":\"ListItem\",\"position\":2,\"name\":\"Tous au Printemps des Mots !\"}]},{\"@type\":\"WebSite\",\"@id\":\"https:\/\/vosgesinfo.fr\/epinalinfo\/#website\",\"url\":\"https:\/\/vosgesinfo.fr\/epinalinfo\/\",\"name\":\"Epinal Info\",\"description\":\"Toute l&#039;actualit\u00e9 d&#039;\u00c9pinal\",\"publisher\":{\"@id\":\"https:\/\/vosgesinfo.fr\/epinalinfo\/#organization\"},\"alternateName\":\"Toute l'actualit\u00e9 d'\u00c9pinal\",\"potentialAction\":[{\"@type\":\"SearchAction\",\"target\":{\"@type\":\"EntryPoint\",\"urlTemplate\":\"https:\/\/vosgesinfo.fr\/epinalinfo\/?s={search_term_string}\"},\"query-input\":\"required name=search_term_string\"}],\"inLanguage\":\"fr-FR\"},{\"@type\":\"Organization\",\"@id\":\"https:\/\/vosgesinfo.fr\/epinalinfo\/#organization\",\"name\":\"Epinal Info\",\"url\":\"https:\/\/vosgesinfo.fr\/epinalinfo\/\",\"logo\":{\"@type\":\"ImageObject\",\"inLanguage\":\"fr-FR\",\"@id\":\"https:\/\/vosgesinfo.fr\/epinalinfo\/#\/schema\/logo\/image\/\",\"url\":\"https:\/\/vosgesinfo.fr\/app\/uploads\/sites\/3\/2023\/08\/logo-epinalinfos.svg\",\"contentUrl\":\"https:\/\/vosgesinfo.fr\/app\/uploads\/sites\/3\/2023\/08\/logo-epinalinfos.svg\",\"width\":1,\"height\":1,\"caption\":\"Epinal Info\"},\"image\":{\"@id\":\"https:\/\/vosgesinfo.fr\/epinalinfo\/#\/schema\/logo\/image\/\"},\"sameAs\":[\"https:\/\/www.facebook.com\/Epinalinfos\",\"https:\/\/x.com\/VosgesInfo88\",\"https:\/\/www.youtube.com\/@vosgesinfo\"]},{\"@type\":\"Person\",\"@id\":\"https:\/\/vosgesinfo.fr\/epinalinfo\/#\/schema\/person\/2b386e085a82c0016b256393b2189ae4\",\"name\":\"Myriam Laurent\",\"image\":{\"@type\":\"ImageObject\",\"inLanguage\":\"fr-FR\",\"@id\":\"https:\/\/vosgesinfo.fr\/epinalinfo\/#\/schema\/person\/image\/\",\"url\":\"https:\/\/secure.gravatar.com\/avatar\/a409932072e5edc53edb5721b96f447ffe159ad4db11e70fcf913dff1c01503f?s=96&d=mm&r=g\",\"contentUrl\":\"https:\/\/secure.gravatar.com\/avatar\/a409932072e5edc53edb5721b96f447ffe159ad4db11e70fcf913dff1c01503f?s=96&d=mm&r=g\",\"caption\":\"Myriam Laurent\"},\"url\":\"https:\/\/vosgesinfo.fr\/epinalinfo\/author\/myriam-laurent\/\"}]}<\/script>\n<!-- \/ Yoast SEO plugin. -->","yoast_head_json":{"title":"Tous au Printemps des Mots ! - Epinal Info","robots":{"index":"index","follow":"follow","max-snippet":"max-snippet:-1","max-image-preview":"max-image-preview:large","max-video-preview":"max-video-preview:-1"},"canonical":"https:\/\/vosgesinfo.fr\/epinalinfo\/2023\/05\/tous-au-printemps-des-mots-2\/","twitter_card":"summary_large_image","twitter_title":"Tous au Printemps des Mots ! - Epinal Info","twitter_description":"&nbsp; Ateliers, th\u00e9\u00e2tre d&rsquo;improvisation, spectacle d\u00e9ambulatoire, marionnettes, librairie, bal folk, buvette et restauration, tous les ingr\u00e9dients ont \u00e9t\u00e9 r\u00e9unis par [&hellip;]","twitter_image":"https:\/\/vosgesinfo.fr\/app\/uploads\/sites\/3\/2023\/05\/conference-de-presse-printemps-des-mots-2023.jpg","twitter_creator":"@VosgesInfo88","twitter_site":"@VosgesInfo88","twitter_misc":{"\u00c9crit par":"Myriam Laurent","Dur\u00e9e de lecture estim\u00e9e":"1 minute"},"schema":{"@context":"https:\/\/schema.org","@graph":[{"@type":"Article","@id":"https:\/\/vosgesinfo.fr\/epinalinfo\/2023\/05\/tous-au-printemps-des-mots-2\/#article","isPartOf":{"@id":"https:\/\/vosgesinfo.fr\/epinalinfo\/2023\/05\/tous-au-printemps-des-mots-2\/"},"author":{"name":"Myriam Laurent","@id":"https:\/\/vosgesinfo.fr\/epinalinfo\/#\/schema\/person\/2b386e085a82c0016b256393b2189ae4"},"headline":"Tous au Printemps des Mots !","datePublished":"2023-05-29T08:05:56+00:00","dateModified":"2023-05-29T08:05:56+00:00","mainEntityOfPage":{"@id":"https:\/\/vosgesinfo.fr\/epinalinfo\/2023\/05\/tous-au-printemps-des-mots-2\/"},"wordCount":127,"commentCount":0,"publisher":{"@id":"https:\/\/vosgesinfo.fr\/epinalinfo\/#organization"},"image":{"@id":"https:\/\/vosgesinfo.fr\/epinalinfo\/2023\/05\/tous-au-printemps-des-mots-2\/#primaryimage"},"thumbnailUrl":"https:\/\/vosgesinfo.fr\/app\/uploads\/sites\/3\/2023\/05\/conference-de-presse-printemps-des-mots-2023.jpg","keywords":["animations","Bruy\u00e8res","Les jolies m\u00f4mes","Printemps des mots","spectacles"],"articleSection":["A la Une","Bruy\u00e8res","Culture","Divertissement"],"inLanguage":"fr-FR","potentialAction":[{"@type":"CommentAction","name":"Comment","target":["https:\/\/vosgesinfo.fr\/epinalinfo\/2023\/05\/tous-au-printemps-des-mots-2\/#respond"]}]},{"@type":"WebPage","@id":"https:\/\/vosgesinfo.fr\/epinalinfo\/2023\/05\/tous-au-printemps-des-mots-2\/","url":"https:\/\/vosgesinfo.fr\/epinalinfo\/2023\/05\/tous-au-printemps-des-mots-2\/","name":"Tous au Printemps des Mots ! - Epinal Info","isPartOf":{"@id":"https:\/\/vosgesinfo.fr\/epinalinfo\/#website"},"primaryImageOfPage":{"@id":"https:\/\/vosgesinfo.fr\/epinalinfo\/2023\/05\/tous-au-printemps-des-mots-2\/#primaryimage"},"image":{"@id":"https:\/\/vosgesinfo.fr\/epinalinfo\/2023\/05\/tous-au-printemps-des-mots-2\/#primaryimage"},"thumbnailUrl":"https:\/\/vosgesinfo.fr\/app\/uploads\/sites\/3\/2023\/05\/conference-de-presse-printemps-des-mots-2023.jpg","datePublished":"2023-05-29T08:05:56+00:00","dateModified":"2023-05-29T08:05:56+00:00","breadcrumb":{"@id":"https:\/\/vosgesinfo.fr\/epinalinfo\/2023\/05\/tous-au-printemps-des-mots-2\/#breadcrumb"},"inLanguage":"fr-FR","potentialAction":[{"@type":"ReadAction","target":["https:\/\/vosgesinfo.fr\/epinalinfo\/2023\/05\/tous-au-printemps-des-mots-2\/"]}]},{"@type":"ImageObject","inLanguage":"fr-FR","@id":"https:\/\/vosgesinfo.fr\/epinalinfo\/2023\/05\/tous-au-printemps-des-mots-2\/#primaryimage","url":"https:\/\/vosgesinfo.fr\/app\/uploads\/sites\/3\/2023\/05\/conference-de-presse-printemps-des-mots-2023.jpg","contentUrl":"https:\/\/vosgesinfo.fr\/app\/uploads\/sites\/3\/2023\/05\/conference-de-presse-printemps-des-mots-2023.jpg"},{"@type":"BreadcrumbList","@id":"https:\/\/vosgesinfo.fr\/epinalinfo\/2023\/05\/tous-au-printemps-des-mots-2\/#breadcrumb","itemListElement":[{"@type":"ListItem","position":1,"name":"Home","item":"https:\/\/vosgesinfo.fr\/epinalinfo\/"},{"@type":"ListItem","position":2,"name":"Tous au Printemps des Mots !"}]},{"@type":"WebSite","@id":"https:\/\/vosgesinfo.fr\/epinalinfo\/#website","url":"https:\/\/vosgesinfo.fr\/epinalinfo\/","name":"Epinal Info","description":"Toute l&#039;actualit\u00e9 d&#039;\u00c9pinal","publisher":{"@id":"https:\/\/vosgesinfo.fr\/epinalinfo\/#organization"},"alternateName":"Toute l'actualit\u00e9 d'\u00c9pinal","potentialAction":[{"@type":"SearchAction","target":{"@type":"EntryPoint","urlTemplate":"https:\/\/vosgesinfo.fr\/epinalinfo\/?s={search_term_string}"},"query-input":"required name=search_term_string"}],"inLanguage":"fr-FR"},{"@type":"Organization","@id":"https:\/\/vosgesinfo.fr\/epinalinfo\/#organization","name":"Epinal Info","url":"https:\/\/vosgesinfo.fr\/epinalinfo\/","logo":{"@type":"ImageObject","inLanguage":"fr-FR","@id":"https:\/\/vosgesinfo.fr\/epinalinfo\/#\/schema\/logo\/image\/","url":"https:\/\/vosgesinfo.fr\/app\/uploads\/sites\/3\/2023\/08\/logo-epinalinfos.svg","contentUrl":"https:\/\/vosgesinfo.fr\/app\/uploads\/sites\/3\/2023\/08\/logo-epinalinfos.svg","width":1,"height":1,"caption":"Epinal Info"},"image":{"@id":"https:\/\/vosgesinfo.fr\/epinalinfo\/#\/schema\/logo\/image\/"},"sameAs":["https:\/\/www.facebook.com\/Epinalinfos","https:\/\/x.com\/VosgesInfo88","https:\/\/www.youtube.com\/@vosgesinfo"]},{"@type":"Person","@id":"https:\/\/vosgesinfo.fr\/epinalinfo\/#\/schema\/person\/2b386e085a82c0016b256393b2189ae4","name":"Myriam Laurent","image":{"@type":"ImageObject","inLanguage":"fr-FR","@id":"https:\/\/vosgesinfo.fr\/epinalinfo\/#\/schema\/person\/image\/","url":"https:\/\/secure.gravatar.com\/avatar\/a409932072e5edc53edb5721b96f447ffe159ad4db11e70fcf913dff1c01503f?s=96&d=mm&r=g","contentUrl":"https:\/\/secure.gravatar.com\/avatar\/a409932072e5edc53edb5721b96f447ffe159ad4db11e70fcf913dff1c01503f?s=96&d=mm&r=g","caption":"Myriam Laurent"},"url":"https:\/\/vosgesinfo.fr\/epinalinfo\/author\/myriam-laurent\/"}]}},"_links":{"self":[{"href":"https:\/\/vosgesinfo.fr\/epinalinfo\/wp-json\/wp\/v2\/posts\/118761","targetHints":{"allow":["GET"]}}],"collection":[{"href":"https:\/\/vosgesinfo.fr\/epinalinfo\/wp-json\/wp\/v2\/posts"}],"about":[{"href":"https:\/\/vosgesinfo.fr\/epinalinfo\/wp-json\/wp\/v2\/types\/post"}],"author":[{"embeddable":true,"href":"https:\/\/vosgesinfo.fr\/epinalinfo\/wp-json\/wp\/v2\/users\/70"}],"replies":[{"embeddable":true,"href":"https:\/\/vosgesinfo.fr\/epinalinfo\/wp-json\/wp\/v2\/comments?post=118761"}],"version-history":[{"count":0,"href":"https:\/\/vosgesinfo.fr\/epinalinfo\/wp-json\/wp\/v2\/posts\/118761\/revisions"}],"wp:featuredmedia":[{"embeddable":true,"href":"https:\/\/vosgesinfo.fr\/epinalinfo\/wp-json\/wp\/v2\/media\/29657"}],"wp:attachment":[{"href":"https:\/\/vosgesinfo.fr\/epinalinfo\/wp-json\/wp\/v2\/media?parent=118761"}],"wp:term":[{"taxonomy":"category","embeddable":true,"href":"https:\/\/vosgesinfo.fr\/epinalinfo\/wp-json\/wp\/v2\/categories?post=118761"},{"taxonomy":"post_tag","embeddable":true,"href":"https:\/\/vosgesinfo.fr\/epinalinfo\/wp-json\/wp\/v2\/tags?post=118761"}],"curies":[{"name":"wp","href":"https:\/\/api.w.org\/{rel}","templated":true}]}}