{"id":118776,"date":"2023-05-30T09:44:58","date_gmt":"2023-05-30T07:44:58","guid":{"rendered":"https:\/\/vosgesinfo.fr\/epinalinfo\/2023\/05\/1er-15-juin-place-aux-rendez-de-biodiversite-2\/"},"modified":"2023-05-30T09:44:58","modified_gmt":"2023-05-30T07:44:58","slug":"1er-15-juin-place-aux-rendez-de-biodiversite-2","status":"publish","type":"post","link":"https:\/\/vosgesinfo.fr\/epinalinfo\/2023\/05\/1er-15-juin-place-aux-rendez-de-biodiversite-2\/","title":{"rendered":"Du 1er au 15 juin : place aux rendez-vous de la biodiversit\u00e9 !"},"content":{"rendered":"<h2><span style=\"font-size: 14pt;\"><a href=\"https:\/\/epinalinfos.fr\/2023\/05\/1er-15-juin-place-aux-rendez-de-biodiversite\/facebook-rdv-bio-2023-2000x741\/\" rel=\"attachment wp-att-219427\"><img decoding=\"async\" class=\"aligncenter size-large wp-image-219427\" src=\"\/2023\/05\/facebook-rdv-bio-2023-2000x741-800x296.jpg\" alt=\"facebook-rdv-bio-2023-2000x741\" width=\"800\" height=\"296\" \/><\/a>La Ville d\u2019\u00c9pinal lance Les Rendez-vous de la biodiversit\u00e9 ce jeudi 1<sup>er<\/sup> juin avec une premi\u00e8re sortie nature \u00ab\u00a0L\u2019arbre en ville\u00a0\u00bb, \u00e0 17h30 \u00e0 la Carri\u00e8re Collot. Quel est int\u00e9r\u00eat de l\u2019arbre en ville\u00a0? Combien d\u2019esp\u00e8ces sont recens\u00e9es\u00a0? Comment les pr\u00e9server\u00a0? Autant de questions qui trouveront r\u00e9ponses durant cette sortie.<\/span><\/h2>\n<p>Sortie ouverte \u00e0 tous et sur <u>inscription obligatoire<\/u> aupr\u00e8s de la Maison de l\u2019Environnement et de D\u00e9veloppement Durable de la Ville par t\u00e9l\u00e9phone <span class=\"x_xd2edcug0\">au 03 29 68 69 60 ou sur place au 12, rue Raymond Poincar\u00e9. Il reste encore des places\u00a0!<\/span><\/p>\n<p>Parmi les nouveaut\u00e9s et temps forts\u00a0: une \u00ab\u00a0balade \u00e0 \u00e9nigmes\u00a0\u00bb organis\u00e9e le samedi 3 juin et \u00ab\u00a0la rue de la biodiver\u2019city\u00a0\u00bb o\u00f9 chacun pourra d\u00e9ambuler \u00e0 son rythme \u00e0 la d\u00e9couverte de la faune et de la flore abrit\u00e9es rue des Minimes.<br \/>\nLa Ville d\u2019\u00c9pinal lance les \u00ab\u00a0Rendez-vous\u00a0\u00bb avec une premi\u00e8re sortie nature, \u00ab\u00a0L\u2019arbre en ville\u00a0\u00bb, propos\u00e9e le jeudi 1<sup>er<\/sup> juin \u00e0 17h30 \u00e0 la carri\u00e8re Collot (sur inscription obligatoire).<\/p>\n<p class=\"x_xmsonormal\"><span class=\"x_xd2edcug0\">Le programme de la journ\u00e9e du 3 juin est charg\u00e9 avec :<br \/>\n<\/span><\/p>\n<ul type=\"square\">\n<li class=\"x_MsoListParagraph\">une sortie \u00ab\u00a0d\u00e9couverte des oiseaux du territoire\u00a0\u00bb propos\u00e9e \u00e0 8h30 au kiosque du parc du Cours pour apprendre \u00e0 reconna\u00eetre les oiseaux du Champ de Mars et de la Moselle et \u00e0 cerner leur mode de vie.<\/li>\n<li class=\"x_MsoListParagraph\">la balade \u00e0 \u00e9nigmes \u00ab\u00a0Sur les chemins de l\u2019eau et de la biodiversit\u00e9\u00a0\u00bb, <u>principal temps fort de cette \u00e9dition<\/u>. Le d\u00e9part est donn\u00e9 place Georgin et se fait de fa\u00e7on libre entre 14h30 et 16h. Un livret est remis sur place aux participants (surprises \u00e0 la cl\u00e9). Cette balade invite petits et grands curieux \u00e0 observer le vivant (v\u00e9g\u00e9taux et animaux) pour mieux comprendre son fonctionnement.<\/li>\n<li class=\"x_MsoListParagraph\">Le public pourra s\u2019arr\u00eater sur le Village de la biodiversit\u00e9, place Georgin o\u00f9 une vingtaine de stands et animations les attendent jusqu\u2019\u00e0 18h.<\/li>\n<li class=\"x_MsoListParagraph\">Et des ateliers \u00ab\u00a0cosm\u00e9tiques naturels\u00a0\u00bb propos\u00e9s en continu de 9h \u00e0 12h au march\u00e9 Couvert : acc\u00e8s libre.<\/li>\n<\/ul>\n","protected":false},"excerpt":{"rendered":"<p>La Ville d\u2019\u00c9pinal lance Les Rendez-vous de la biodiversit\u00e9 ce jeudi 1er juin avec une premi\u00e8re sortie nature \u00ab\u00a0L\u2019arbre en [&hellip;]<\/p>\n","protected":false},"author":52,"featured_media":29710,"comment_status":"open","ping_status":"open","sticky":false,"template":"","format":"standard","meta":{"footnotes":""},"categories":[22,16,24],"tags":[],"class_list":["post-118776","post","type-post","status-publish","format-standard","has-post-thumbnail","hentry","category-a-la-une","category-environnement","category-epinal"],"acf":[],"yoast_head":"<!-- This site is optimized with the Yoast SEO plugin v22.5 - https:\/\/yoast.com\/wordpress\/plugins\/seo\/ -->\n<title>Du 1er au 15 juin : place aux rendez-vous de la biodiversit\u00e9 ! - Epinal Info<\/title>\n<meta name=\"robots\" content=\"index, follow, max-snippet:-1, max-image-preview:large, max-video-preview:-1\" \/>\n<link rel=\"canonical\" href=\"https:\/\/vosgesinfo.fr\/epinalinfo\/2023\/05\/1er-15-juin-place-aux-rendez-de-biodiversite-2\/\" \/>\n<meta name=\"twitter:card\" content=\"summary_large_image\" \/>\n<meta name=\"twitter:title\" content=\"Du 1er au 15 juin : place aux rendez-vous de la biodiversit\u00e9 ! - Epinal Info\" \/>\n<meta name=\"twitter:description\" content=\"La Ville d\u2019\u00c9pinal lance Les Rendez-vous de la biodiversit\u00e9 ce jeudi 1er juin avec une premi\u00e8re sortie nature \u00ab\u00a0L\u2019arbre en [&hellip;]\" \/>\n<meta name=\"twitter:image\" content=\"https:\/\/vosgesinfo.fr\/app\/uploads\/sites\/3\/2023\/05\/facebook-rdv-bio-2023-2000x741-1.jpg\" \/>\n<meta name=\"twitter:creator\" content=\"@VosgesInfo88\" \/>\n<meta name=\"twitter:site\" content=\"@VosgesInfo88\" \/>\n<meta name=\"twitter:label1\" content=\"\u00c9crit par\" \/>\n\t<meta name=\"twitter:data1\" content=\"C.K.\" \/>\n\t<meta name=\"twitter:label2\" content=\"Dur\u00e9e de lecture estim\u00e9e\" \/>\n\t<meta name=\"twitter:data2\" content=\"2 minutes\" \/>\n<script type=\"application\/ld+json\" class=\"yoast-schema-graph\">{\"@context\":\"https:\/\/schema.org\",\"@graph\":[{\"@type\":\"Article\",\"@id\":\"https:\/\/vosgesinfo.fr\/epinalinfo\/2023\/05\/1er-15-juin-place-aux-rendez-de-biodiversite-2\/#article\",\"isPartOf\":{\"@id\":\"https:\/\/vosgesinfo.fr\/epinalinfo\/2023\/05\/1er-15-juin-place-aux-rendez-de-biodiversite-2\/\"},\"author\":{\"name\":\"C.K.\",\"@id\":\"https:\/\/vosgesinfo.fr\/epinalinfo\/#\/schema\/person\/6f9a650eeea99d969b6c4ab78fccbe81\"},\"headline\":\"Du 1er au 15 juin : place aux rendez-vous de la biodiversit\u00e9 !\",\"datePublished\":\"2023-05-30T07:44:58+00:00\",\"dateModified\":\"2023-05-30T07:44:58+00:00\",\"mainEntityOfPage\":{\"@id\":\"https:\/\/vosgesinfo.fr\/epinalinfo\/2023\/05\/1er-15-juin-place-aux-rendez-de-biodiversite-2\/\"},\"wordCount\":345,\"commentCount\":0,\"publisher\":{\"@id\":\"https:\/\/vosgesinfo.fr\/epinalinfo\/#organization\"},\"image\":{\"@id\":\"https:\/\/vosgesinfo.fr\/epinalinfo\/2023\/05\/1er-15-juin-place-aux-rendez-de-biodiversite-2\/#primaryimage\"},\"thumbnailUrl\":\"https:\/\/vosgesinfo.fr\/app\/uploads\/sites\/3\/2023\/05\/facebook-rdv-bio-2023-2000x741-1.jpg\",\"articleSection\":[\"A la Une\",\"Environnement\",\"Epinal\"],\"inLanguage\":\"fr-FR\",\"potentialAction\":[{\"@type\":\"CommentAction\",\"name\":\"Comment\",\"target\":[\"https:\/\/vosgesinfo.fr\/epinalinfo\/2023\/05\/1er-15-juin-place-aux-rendez-de-biodiversite-2\/#respond\"]}]},{\"@type\":\"WebPage\",\"@id\":\"https:\/\/vosgesinfo.fr\/epinalinfo\/2023\/05\/1er-15-juin-place-aux-rendez-de-biodiversite-2\/\",\"url\":\"https:\/\/vosgesinfo.fr\/epinalinfo\/2023\/05\/1er-15-juin-place-aux-rendez-de-biodiversite-2\/\",\"name\":\"Du 1er au 15 juin : place aux rendez-vous de la biodiversit\u00e9 ! - Epinal Info\",\"isPartOf\":{\"@id\":\"https:\/\/vosgesinfo.fr\/epinalinfo\/#website\"},\"primaryImageOfPage\":{\"@id\":\"https:\/\/vosgesinfo.fr\/epinalinfo\/2023\/05\/1er-15-juin-place-aux-rendez-de-biodiversite-2\/#primaryimage\"},\"image\":{\"@id\":\"https:\/\/vosgesinfo.fr\/epinalinfo\/2023\/05\/1er-15-juin-place-aux-rendez-de-biodiversite-2\/#primaryimage\"},\"thumbnailUrl\":\"https:\/\/vosgesinfo.fr\/app\/uploads\/sites\/3\/2023\/05\/facebook-rdv-bio-2023-2000x741-1.jpg\",\"datePublished\":\"2023-05-30T07:44:58+00:00\",\"dateModified\":\"2023-05-30T07:44:58+00:00\",\"breadcrumb\":{\"@id\":\"https:\/\/vosgesinfo.fr\/epinalinfo\/2023\/05\/1er-15-juin-place-aux-rendez-de-biodiversite-2\/#breadcrumb\"},\"inLanguage\":\"fr-FR\",\"potentialAction\":[{\"@type\":\"ReadAction\",\"target\":[\"https:\/\/vosgesinfo.fr\/epinalinfo\/2023\/05\/1er-15-juin-place-aux-rendez-de-biodiversite-2\/\"]}]},{\"@type\":\"ImageObject\",\"inLanguage\":\"fr-FR\",\"@id\":\"https:\/\/vosgesinfo.fr\/epinalinfo\/2023\/05\/1er-15-juin-place-aux-rendez-de-biodiversite-2\/#primaryimage\",\"url\":\"https:\/\/vosgesinfo.fr\/app\/uploads\/sites\/3\/2023\/05\/facebook-rdv-bio-2023-2000x741-1.jpg\",\"contentUrl\":\"https:\/\/vosgesinfo.fr\/app\/uploads\/sites\/3\/2023\/05\/facebook-rdv-bio-2023-2000x741-1.jpg\"},{\"@type\":\"BreadcrumbList\",\"@id\":\"https:\/\/vosgesinfo.fr\/epinalinfo\/2023\/05\/1er-15-juin-place-aux-rendez-de-biodiversite-2\/#breadcrumb\",\"itemListElement\":[{\"@type\":\"ListItem\",\"position\":1,\"name\":\"Home\",\"item\":\"https:\/\/vosgesinfo.fr\/epinalinfo\/\"},{\"@type\":\"ListItem\",\"position\":2,\"name\":\"Du 1er au 15 juin : place aux rendez-vous de la biodiversit\u00e9 !\"}]},{\"@type\":\"WebSite\",\"@id\":\"https:\/\/vosgesinfo.fr\/epinalinfo\/#website\",\"url\":\"https:\/\/vosgesinfo.fr\/epinalinfo\/\",\"name\":\"Epinal Info\",\"description\":\"Toute l&#039;actualit\u00e9 d&#039;\u00c9pinal\",\"publisher\":{\"@id\":\"https:\/\/vosgesinfo.fr\/epinalinfo\/#organization\"},\"alternateName\":\"Toute l'actualit\u00e9 d'\u00c9pinal\",\"potentialAction\":[{\"@type\":\"SearchAction\",\"target\":{\"@type\":\"EntryPoint\",\"urlTemplate\":\"https:\/\/vosgesinfo.fr\/epinalinfo\/?s={search_term_string}\"},\"query-input\":\"required name=search_term_string\"}],\"inLanguage\":\"fr-FR\"},{\"@type\":\"Organization\",\"@id\":\"https:\/\/vosgesinfo.fr\/epinalinfo\/#organization\",\"name\":\"Epinal Info\",\"url\":\"https:\/\/vosgesinfo.fr\/epinalinfo\/\",\"logo\":{\"@type\":\"ImageObject\",\"inLanguage\":\"fr-FR\",\"@id\":\"https:\/\/vosgesinfo.fr\/epinalinfo\/#\/schema\/logo\/image\/\",\"url\":\"https:\/\/vosgesinfo.fr\/app\/uploads\/sites\/3\/2023\/08\/logo-epinalinfos.svg\",\"contentUrl\":\"https:\/\/vosgesinfo.fr\/app\/uploads\/sites\/3\/2023\/08\/logo-epinalinfos.svg\",\"width\":1,\"height\":1,\"caption\":\"Epinal Info\"},\"image\":{\"@id\":\"https:\/\/vosgesinfo.fr\/epinalinfo\/#\/schema\/logo\/image\/\"},\"sameAs\":[\"https:\/\/www.facebook.com\/Epinalinfos\",\"https:\/\/x.com\/VosgesInfo88\",\"https:\/\/www.youtube.com\/@vosgesinfo\"]},{\"@type\":\"Person\",\"@id\":\"https:\/\/vosgesinfo.fr\/epinalinfo\/#\/schema\/person\/6f9a650eeea99d969b6c4ab78fccbe81\",\"name\":\"C.K.\",\"image\":{\"@type\":\"ImageObject\",\"inLanguage\":\"fr-FR\",\"@id\":\"https:\/\/vosgesinfo.fr\/epinalinfo\/#\/schema\/person\/image\/\",\"url\":\"https:\/\/secure.gravatar.com\/avatar\/48e3fc7f8421ba8942be6b74a2b7f014ca39bc00dece156b7a8e098ae7dc87bf?s=96&d=mm&r=g\",\"contentUrl\":\"https:\/\/secure.gravatar.com\/avatar\/48e3fc7f8421ba8942be6b74a2b7f014ca39bc00dece156b7a8e098ae7dc87bf?s=96&d=mm&r=g\",\"caption\":\"C.K.\"},\"url\":\"https:\/\/vosgesinfo.fr\/epinalinfo\/author\/celia-k-n\/\"}]}<\/script>\n<!-- \/ Yoast SEO plugin. -->","yoast_head_json":{"title":"Du 1er au 15 juin : place aux rendez-vous de la biodiversit\u00e9 ! - Epinal Info","robots":{"index":"index","follow":"follow","max-snippet":"max-snippet:-1","max-image-preview":"max-image-preview:large","max-video-preview":"max-video-preview:-1"},"canonical":"https:\/\/vosgesinfo.fr\/epinalinfo\/2023\/05\/1er-15-juin-place-aux-rendez-de-biodiversite-2\/","twitter_card":"summary_large_image","twitter_title":"Du 1er au 15 juin : place aux rendez-vous de la biodiversit\u00e9 ! - Epinal Info","twitter_description":"La Ville d\u2019\u00c9pinal lance Les Rendez-vous de la biodiversit\u00e9 ce jeudi 1er juin avec une premi\u00e8re sortie nature \u00ab\u00a0L\u2019arbre en [&hellip;]","twitter_image":"https:\/\/vosgesinfo.fr\/app\/uploads\/sites\/3\/2023\/05\/facebook-rdv-bio-2023-2000x741-1.jpg","twitter_creator":"@VosgesInfo88","twitter_site":"@VosgesInfo88","twitter_misc":{"\u00c9crit par":"C.K.","Dur\u00e9e de lecture estim\u00e9e":"2 minutes"},"schema":{"@context":"https:\/\/schema.org","@graph":[{"@type":"Article","@id":"https:\/\/vosgesinfo.fr\/epinalinfo\/2023\/05\/1er-15-juin-place-aux-rendez-de-biodiversite-2\/#article","isPartOf":{"@id":"https:\/\/vosgesinfo.fr\/epinalinfo\/2023\/05\/1er-15-juin-place-aux-rendez-de-biodiversite-2\/"},"author":{"name":"C.K.","@id":"https:\/\/vosgesinfo.fr\/epinalinfo\/#\/schema\/person\/6f9a650eeea99d969b6c4ab78fccbe81"},"headline":"Du 1er au 15 juin : place aux rendez-vous de la biodiversit\u00e9 !","datePublished":"2023-05-30T07:44:58+00:00","dateModified":"2023-05-30T07:44:58+00:00","mainEntityOfPage":{"@id":"https:\/\/vosgesinfo.fr\/epinalinfo\/2023\/05\/1er-15-juin-place-aux-rendez-de-biodiversite-2\/"},"wordCount":345,"commentCount":0,"publisher":{"@id":"https:\/\/vosgesinfo.fr\/epinalinfo\/#organization"},"image":{"@id":"https:\/\/vosgesinfo.fr\/epinalinfo\/2023\/05\/1er-15-juin-place-aux-rendez-de-biodiversite-2\/#primaryimage"},"thumbnailUrl":"https:\/\/vosgesinfo.fr\/app\/uploads\/sites\/3\/2023\/05\/facebook-rdv-bio-2023-2000x741-1.jpg","articleSection":["A la Une","Environnement","Epinal"],"inLanguage":"fr-FR","potentialAction":[{"@type":"CommentAction","name":"Comment","target":["https:\/\/vosgesinfo.fr\/epinalinfo\/2023\/05\/1er-15-juin-place-aux-rendez-de-biodiversite-2\/#respond"]}]},{"@type":"WebPage","@id":"https:\/\/vosgesinfo.fr\/epinalinfo\/2023\/05\/1er-15-juin-place-aux-rendez-de-biodiversite-2\/","url":"https:\/\/vosgesinfo.fr\/epinalinfo\/2023\/05\/1er-15-juin-place-aux-rendez-de-biodiversite-2\/","name":"Du 1er au 15 juin : place aux rendez-vous de la biodiversit\u00e9 ! - Epinal Info","isPartOf":{"@id":"https:\/\/vosgesinfo.fr\/epinalinfo\/#website"},"primaryImageOfPage":{"@id":"https:\/\/vosgesinfo.fr\/epinalinfo\/2023\/05\/1er-15-juin-place-aux-rendez-de-biodiversite-2\/#primaryimage"},"image":{"@id":"https:\/\/vosgesinfo.fr\/epinalinfo\/2023\/05\/1er-15-juin-place-aux-rendez-de-biodiversite-2\/#primaryimage"},"thumbnailUrl":"https:\/\/vosgesinfo.fr\/app\/uploads\/sites\/3\/2023\/05\/facebook-rdv-bio-2023-2000x741-1.jpg","datePublished":"2023-05-30T07:44:58+00:00","dateModified":"2023-05-30T07:44:58+00:00","breadcrumb":{"@id":"https:\/\/vosgesinfo.fr\/epinalinfo\/2023\/05\/1er-15-juin-place-aux-rendez-de-biodiversite-2\/#breadcrumb"},"inLanguage":"fr-FR","potentialAction":[{"@type":"ReadAction","target":["https:\/\/vosgesinfo.fr\/epinalinfo\/2023\/05\/1er-15-juin-place-aux-rendez-de-biodiversite-2\/"]}]},{"@type":"ImageObject","inLanguage":"fr-FR","@id":"https:\/\/vosgesinfo.fr\/epinalinfo\/2023\/05\/1er-15-juin-place-aux-rendez-de-biodiversite-2\/#primaryimage","url":"https:\/\/vosgesinfo.fr\/app\/uploads\/sites\/3\/2023\/05\/facebook-rdv-bio-2023-2000x741-1.jpg","contentUrl":"https:\/\/vosgesinfo.fr\/app\/uploads\/sites\/3\/2023\/05\/facebook-rdv-bio-2023-2000x741-1.jpg"},{"@type":"BreadcrumbList","@id":"https:\/\/vosgesinfo.fr\/epinalinfo\/2023\/05\/1er-15-juin-place-aux-rendez-de-biodiversite-2\/#breadcrumb","itemListElement":[{"@type":"ListItem","position":1,"name":"Home","item":"https:\/\/vosgesinfo.fr\/epinalinfo\/"},{"@type":"ListItem","position":2,"name":"Du 1er au 15 juin : place aux rendez-vous de la biodiversit\u00e9 !"}]},{"@type":"WebSite","@id":"https:\/\/vosgesinfo.fr\/epinalinfo\/#website","url":"https:\/\/vosgesinfo.fr\/epinalinfo\/","name":"Epinal Info","description":"Toute l&#039;actualit\u00e9 d&#039;\u00c9pinal","publisher":{"@id":"https:\/\/vosgesinfo.fr\/epinalinfo\/#organization"},"alternateName":"Toute l'actualit\u00e9 d'\u00c9pinal","potentialAction":[{"@type":"SearchAction","target":{"@type":"EntryPoint","urlTemplate":"https:\/\/vosgesinfo.fr\/epinalinfo\/?s={search_term_string}"},"query-input":"required name=search_term_string"}],"inLanguage":"fr-FR"},{"@type":"Organization","@id":"https:\/\/vosgesinfo.fr\/epinalinfo\/#organization","name":"Epinal Info","url":"https:\/\/vosgesinfo.fr\/epinalinfo\/","logo":{"@type":"ImageObject","inLanguage":"fr-FR","@id":"https:\/\/vosgesinfo.fr\/epinalinfo\/#\/schema\/logo\/image\/","url":"https:\/\/vosgesinfo.fr\/app\/uploads\/sites\/3\/2023\/08\/logo-epinalinfos.svg","contentUrl":"https:\/\/vosgesinfo.fr\/app\/uploads\/sites\/3\/2023\/08\/logo-epinalinfos.svg","width":1,"height":1,"caption":"Epinal Info"},"image":{"@id":"https:\/\/vosgesinfo.fr\/epinalinfo\/#\/schema\/logo\/image\/"},"sameAs":["https:\/\/www.facebook.com\/Epinalinfos","https:\/\/x.com\/VosgesInfo88","https:\/\/www.youtube.com\/@vosgesinfo"]},{"@type":"Person","@id":"https:\/\/vosgesinfo.fr\/epinalinfo\/#\/schema\/person\/6f9a650eeea99d969b6c4ab78fccbe81","name":"C.K.","image":{"@type":"ImageObject","inLanguage":"fr-FR","@id":"https:\/\/vosgesinfo.fr\/epinalinfo\/#\/schema\/person\/image\/","url":"https:\/\/secure.gravatar.com\/avatar\/48e3fc7f8421ba8942be6b74a2b7f014ca39bc00dece156b7a8e098ae7dc87bf?s=96&d=mm&r=g","contentUrl":"https:\/\/secure.gravatar.com\/avatar\/48e3fc7f8421ba8942be6b74a2b7f014ca39bc00dece156b7a8e098ae7dc87bf?s=96&d=mm&r=g","caption":"C.K."},"url":"https:\/\/vosgesinfo.fr\/epinalinfo\/author\/celia-k-n\/"}]}},"_links":{"self":[{"href":"https:\/\/vosgesinfo.fr\/epinalinfo\/wp-json\/wp\/v2\/posts\/118776","targetHints":{"allow":["GET"]}}],"collection":[{"href":"https:\/\/vosgesinfo.fr\/epinalinfo\/wp-json\/wp\/v2\/posts"}],"about":[{"href":"https:\/\/vosgesinfo.fr\/epinalinfo\/wp-json\/wp\/v2\/types\/post"}],"author":[{"embeddable":true,"href":"https:\/\/vosgesinfo.fr\/epinalinfo\/wp-json\/wp\/v2\/users\/52"}],"replies":[{"embeddable":true,"href":"https:\/\/vosgesinfo.fr\/epinalinfo\/wp-json\/wp\/v2\/comments?post=118776"}],"version-history":[{"count":0,"href":"https:\/\/vosgesinfo.fr\/epinalinfo\/wp-json\/wp\/v2\/posts\/118776\/revisions"}],"wp:featuredmedia":[{"embeddable":true,"href":"https:\/\/vosgesinfo.fr\/epinalinfo\/wp-json\/wp\/v2\/media\/29710"}],"wp:attachment":[{"href":"https:\/\/vosgesinfo.fr\/epinalinfo\/wp-json\/wp\/v2\/media?parent=118776"}],"wp:term":[{"taxonomy":"category","embeddable":true,"href":"https:\/\/vosgesinfo.fr\/epinalinfo\/wp-json\/wp\/v2\/categories?post=118776"},{"taxonomy":"post_tag","embeddable":true,"href":"https:\/\/vosgesinfo.fr\/epinalinfo\/wp-json\/wp\/v2\/tags?post=118776"}],"curies":[{"name":"wp","href":"https:\/\/api.w.org\/{rel}","templated":true}]}}