{"id":118868,"date":"2023-06-09T12:33:13","date_gmt":"2023-06-09T10:33:13","guid":{"rendered":"https:\/\/vosgesinfo.fr\/epinalinfo\/2023\/06\/thaon-vosges-plus-de-200-collegiens-rallye-talents-2\/"},"modified":"2023-06-09T12:33:13","modified_gmt":"2023-06-09T10:33:13","slug":"thaon-vosges-plus-de-200-collegiens-rallye-talents-2","status":"publish","type":"post","link":"https:\/\/vosgesinfo.fr\/epinalinfo\/2023\/06\/thaon-vosges-plus-de-200-collegiens-rallye-talents-2\/","title":{"rendered":"Thaon-l\u00e8s-Vosges : Plus de 200 coll\u00e9giens au Rallye des Talents !"},"content":{"rendered":"<h2><span style=\"font-size: 14pt;\"><a href=\"https:\/\/epinalinfos.fr\/2023\/06\/thaon-vosges-plus-de-200-collegiens-rallye-talents\/rallye-des-talents-thaon-les-vosges-35\/\" rel=\"attachment wp-att-220028\"><img decoding=\"async\" class=\"aligncenter size-full wp-image-220028\" src=\"\/2023\/06\/rallye-des-talents-thaon-les-vosges-35.jpg\" alt=\"rallye-des-talents-thaon-les-vosges (35)\" width=\"800\" height=\"450\" \/><\/a>La Mission Locale du bassin d\u2019emploi d\u2019\u00c9pinal, le Conseil D\u00e9partemental des Vosges, la mairie de Thaon les Vosges et les centres d\u2019information et d\u2019orientation (CIO) organisaient ce vendredi une journ\u00e9e pour valoriser le talent de jeunes Vosgiens : Le Rallye des Talents. Il a rassembl\u00e9 plus de 200 coll\u00e9giens en classe de 4\u00e8me dans des \u00e9tablissements vosgiens ainsi que des personnes en recherche d&#8217;emploi ou d&rsquo;insertion.\u00a0<\/span><\/h2>\n<p><a href=\"https:\/\/epinalinfos.fr\/2023\/06\/thaon-vosges-plus-de-200-collegiens-rallye-talents\/rallye-des-talents-thaon-les-vosges-19\/\" rel=\"attachment wp-att-220029\"><img decoding=\"async\" class=\"alignleft size-medium wp-image-220029\" src=\"\/2023\/06\/rallye-des-talents-thaon-les-vosges-19-400x225.jpg\" alt=\"rallye-des-talents-thaon-les-vosges (19)\" width=\"400\" height=\"225\" \/><\/a>Ce vendredi 9 juin, de jeunes Vosgiens venant de diff\u00e9rents horizons (Transport, B\u00e2timent, Bois, Sport, Art; Agriculture, Espaces verts, Services \u00e0 la personne Sanitaire et social, Industrie, Arm\u00e9e, Vid\u00e9o, g\u00e9rants d\u2019entreprise, Engagement- citoyennet\u00e9) ont pu pr\u00e9senter en ext\u00e9rieur dans le cadre des parcs de la Rotonde des d\u00e9monstrations de leur m\u00e9tier, de leur passion tout au long de cette journ\u00e9e.<\/p>\n<p>Plus de 200 coll\u00e9giens de classes de 4<sup>\u00e8me<\/sup> sont pr\u00e9sents sur la journ\u00e9e avec leurs enseignants (Coll\u00e8ges du bassin d\u2019emploi d\u2019Epinal)<\/p>\n<p>Les objectifs de cette journ\u00e9e sont la promotion des m\u00e9tiers en tension par des jeunes vers des jeunes, la valorisation de jeunes ayant r\u00e9ussi ainsi qu\u2019une aide \u00e0 l\u2019orientation par des d\u00e9monstrations par les jeunes de leur m\u00e9tier ou de leur passion avec le support des structures.<\/p>\n<p>Les p\u00f4les repr\u00e9sent\u00e9s seront le transport, le b\u00e2timent, le bois, l\u2019agriculture et les espaces verts, les services \u00e0 la personne et du sanitaire et social, l\u2019industrie, l\u2019arm\u00e9e, le sport, l\u2019art, la vid\u00e9o, la cr\u00e9ation d\u2019entreprise, la citoyennet\u00e9.<\/p>\n\n","protected":false},"excerpt":{"rendered":"<p>La Mission Locale du bassin d\u2019emploi d\u2019\u00c9pinal, le Conseil D\u00e9partemental des Vosges, la mairie de Thaon les Vosges et les [&hellip;]<\/p>\n","protected":false},"author":52,"featured_media":30075,"comment_status":"open","ping_status":"open","sticky":false,"template":"","format":"standard","meta":{"footnotes":""},"categories":[22,15,93],"tags":[1824,4183,5795,5796,5797,5798,213,75],"class_list":["post-118868","post","type-post","status-publish","format-standard","has-post-thumbnail","hentry","category-a-la-une","category-education","category-thaon-les-vosges","tag-collegiens","tag-eductaion","tag-la-mairie-de-thaon-les-vosges","tag-la-mission-locale-du-bassin-demploi-depinal","tag-le-conseil-departemental-des-vosges","tag-rallye-des-talents","tag-thaon-les-vosges","tag-vosges"],"acf":[],"yoast_head":"<!-- This site is optimized with the Yoast SEO plugin v22.5 - https:\/\/yoast.com\/wordpress\/plugins\/seo\/ -->\n<title>Thaon-l\u00e8s-Vosges : Plus de 200 coll\u00e9giens au Rallye des Talents ! - Epinal Info<\/title>\n<meta name=\"robots\" content=\"index, follow, max-snippet:-1, max-image-preview:large, max-video-preview:-1\" \/>\n<link rel=\"canonical\" href=\"https:\/\/vosgesinfo.fr\/epinalinfo\/2023\/06\/thaon-vosges-plus-de-200-collegiens-rallye-talents-2\/\" \/>\n<meta name=\"twitter:card\" content=\"summary_large_image\" \/>\n<meta name=\"twitter:title\" content=\"Thaon-l\u00e8s-Vosges : Plus de 200 coll\u00e9giens au Rallye des Talents ! - Epinal Info\" \/>\n<meta name=\"twitter:description\" content=\"La Mission Locale du bassin d\u2019emploi d\u2019\u00c9pinal, le Conseil D\u00e9partemental des Vosges, la mairie de Thaon les Vosges et les [&hellip;]\" \/>\n<meta name=\"twitter:image\" content=\"https:\/\/vosgesinfo.fr\/app\/uploads\/sites\/3\/2023\/06\/rallye-des-talents-thaon-les-vosges-35.jpg\" \/>\n<meta name=\"twitter:creator\" content=\"@VosgesInfo88\" \/>\n<meta name=\"twitter:site\" content=\"@VosgesInfo88\" \/>\n<meta name=\"twitter:label1\" content=\"\u00c9crit par\" \/>\n\t<meta name=\"twitter:data1\" content=\"C.K.\" \/>\n\t<meta name=\"twitter:label2\" content=\"Dur\u00e9e de lecture estim\u00e9e\" \/>\n\t<meta name=\"twitter:data2\" content=\"1 minute\" \/>\n<script type=\"application\/ld+json\" class=\"yoast-schema-graph\">{\"@context\":\"https:\/\/schema.org\",\"@graph\":[{\"@type\":\"Article\",\"@id\":\"https:\/\/vosgesinfo.fr\/epinalinfo\/2023\/06\/thaon-vosges-plus-de-200-collegiens-rallye-talents-2\/#article\",\"isPartOf\":{\"@id\":\"https:\/\/vosgesinfo.fr\/epinalinfo\/2023\/06\/thaon-vosges-plus-de-200-collegiens-rallye-talents-2\/\"},\"author\":{\"name\":\"C.K.\",\"@id\":\"https:\/\/vosgesinfo.fr\/epinalinfo\/#\/schema\/person\/6f9a650eeea99d969b6c4ab78fccbe81\"},\"headline\":\"Thaon-l\u00e8s-Vosges : Plus de 200 coll\u00e9giens au Rallye des Talents !\",\"datePublished\":\"2023-06-09T10:33:13+00:00\",\"dateModified\":\"2023-06-09T10:33:13+00:00\",\"mainEntityOfPage\":{\"@id\":\"https:\/\/vosgesinfo.fr\/epinalinfo\/2023\/06\/thaon-vosges-plus-de-200-collegiens-rallye-talents-2\/\"},\"wordCount\":289,\"commentCount\":0,\"publisher\":{\"@id\":\"https:\/\/vosgesinfo.fr\/epinalinfo\/#organization\"},\"image\":{\"@id\":\"https:\/\/vosgesinfo.fr\/epinalinfo\/2023\/06\/thaon-vosges-plus-de-200-collegiens-rallye-talents-2\/#primaryimage\"},\"thumbnailUrl\":\"https:\/\/vosgesinfo.fr\/app\/uploads\/sites\/3\/2023\/06\/rallye-des-talents-thaon-les-vosges-35.jpg\",\"keywords\":[\"coll\u00e9giens\",\"\u00e9ductaion\",\"la mairie de Thaon les Vosges\",\"La Mission Locale du bassin d\u2019emploi d\u2019\u00c9pinal\",\"Le Conseil d\u00e9partemental des Vosges\",\"rallye des talents\",\"Thaon-l\u00e8s-Vosges\",\"vosges\"],\"articleSection\":[\"A la Une\",\"\u00c9ducation\",\"Thaon-les-Vosges\"],\"inLanguage\":\"fr-FR\",\"potentialAction\":[{\"@type\":\"CommentAction\",\"name\":\"Comment\",\"target\":[\"https:\/\/vosgesinfo.fr\/epinalinfo\/2023\/06\/thaon-vosges-plus-de-200-collegiens-rallye-talents-2\/#respond\"]}]},{\"@type\":\"WebPage\",\"@id\":\"https:\/\/vosgesinfo.fr\/epinalinfo\/2023\/06\/thaon-vosges-plus-de-200-collegiens-rallye-talents-2\/\",\"url\":\"https:\/\/vosgesinfo.fr\/epinalinfo\/2023\/06\/thaon-vosges-plus-de-200-collegiens-rallye-talents-2\/\",\"name\":\"Thaon-l\u00e8s-Vosges : Plus de 200 coll\u00e9giens au Rallye des Talents ! - Epinal Info\",\"isPartOf\":{\"@id\":\"https:\/\/vosgesinfo.fr\/epinalinfo\/#website\"},\"primaryImageOfPage\":{\"@id\":\"https:\/\/vosgesinfo.fr\/epinalinfo\/2023\/06\/thaon-vosges-plus-de-200-collegiens-rallye-talents-2\/#primaryimage\"},\"image\":{\"@id\":\"https:\/\/vosgesinfo.fr\/epinalinfo\/2023\/06\/thaon-vosges-plus-de-200-collegiens-rallye-talents-2\/#primaryimage\"},\"thumbnailUrl\":\"https:\/\/vosgesinfo.fr\/app\/uploads\/sites\/3\/2023\/06\/rallye-des-talents-thaon-les-vosges-35.jpg\",\"datePublished\":\"2023-06-09T10:33:13+00:00\",\"dateModified\":\"2023-06-09T10:33:13+00:00\",\"breadcrumb\":{\"@id\":\"https:\/\/vosgesinfo.fr\/epinalinfo\/2023\/06\/thaon-vosges-plus-de-200-collegiens-rallye-talents-2\/#breadcrumb\"},\"inLanguage\":\"fr-FR\",\"potentialAction\":[{\"@type\":\"ReadAction\",\"target\":[\"https:\/\/vosgesinfo.fr\/epinalinfo\/2023\/06\/thaon-vosges-plus-de-200-collegiens-rallye-talents-2\/\"]}]},{\"@type\":\"ImageObject\",\"inLanguage\":\"fr-FR\",\"@id\":\"https:\/\/vosgesinfo.fr\/epinalinfo\/2023\/06\/thaon-vosges-plus-de-200-collegiens-rallye-talents-2\/#primaryimage\",\"url\":\"https:\/\/vosgesinfo.fr\/app\/uploads\/sites\/3\/2023\/06\/rallye-des-talents-thaon-les-vosges-35.jpg\",\"contentUrl\":\"https:\/\/vosgesinfo.fr\/app\/uploads\/sites\/3\/2023\/06\/rallye-des-talents-thaon-les-vosges-35.jpg\"},{\"@type\":\"BreadcrumbList\",\"@id\":\"https:\/\/vosgesinfo.fr\/epinalinfo\/2023\/06\/thaon-vosges-plus-de-200-collegiens-rallye-talents-2\/#breadcrumb\",\"itemListElement\":[{\"@type\":\"ListItem\",\"position\":1,\"name\":\"Home\",\"item\":\"https:\/\/vosgesinfo.fr\/epinalinfo\/\"},{\"@type\":\"ListItem\",\"position\":2,\"name\":\"Thaon-l\u00e8s-Vosges : Plus de 200 coll\u00e9giens au Rallye des Talents !\"}]},{\"@type\":\"WebSite\",\"@id\":\"https:\/\/vosgesinfo.fr\/epinalinfo\/#website\",\"url\":\"https:\/\/vosgesinfo.fr\/epinalinfo\/\",\"name\":\"Epinal Info\",\"description\":\"Toute l&#039;actualit\u00e9 d&#039;\u00c9pinal\",\"publisher\":{\"@id\":\"https:\/\/vosgesinfo.fr\/epinalinfo\/#organization\"},\"alternateName\":\"Toute l'actualit\u00e9 d'\u00c9pinal\",\"potentialAction\":[{\"@type\":\"SearchAction\",\"target\":{\"@type\":\"EntryPoint\",\"urlTemplate\":\"https:\/\/vosgesinfo.fr\/epinalinfo\/?s={search_term_string}\"},\"query-input\":\"required name=search_term_string\"}],\"inLanguage\":\"fr-FR\"},{\"@type\":\"Organization\",\"@id\":\"https:\/\/vosgesinfo.fr\/epinalinfo\/#organization\",\"name\":\"Epinal Info\",\"url\":\"https:\/\/vosgesinfo.fr\/epinalinfo\/\",\"logo\":{\"@type\":\"ImageObject\",\"inLanguage\":\"fr-FR\",\"@id\":\"https:\/\/vosgesinfo.fr\/epinalinfo\/#\/schema\/logo\/image\/\",\"url\":\"https:\/\/vosgesinfo.fr\/app\/uploads\/sites\/3\/2023\/08\/logo-epinalinfos.svg\",\"contentUrl\":\"https:\/\/vosgesinfo.fr\/app\/uploads\/sites\/3\/2023\/08\/logo-epinalinfos.svg\",\"width\":1,\"height\":1,\"caption\":\"Epinal Info\"},\"image\":{\"@id\":\"https:\/\/vosgesinfo.fr\/epinalinfo\/#\/schema\/logo\/image\/\"},\"sameAs\":[\"https:\/\/www.facebook.com\/Epinalinfos\",\"https:\/\/x.com\/VosgesInfo88\",\"https:\/\/www.youtube.com\/@vosgesinfo\"]},{\"@type\":\"Person\",\"@id\":\"https:\/\/vosgesinfo.fr\/epinalinfo\/#\/schema\/person\/6f9a650eeea99d969b6c4ab78fccbe81\",\"name\":\"C.K.\",\"image\":{\"@type\":\"ImageObject\",\"inLanguage\":\"fr-FR\",\"@id\":\"https:\/\/vosgesinfo.fr\/epinalinfo\/#\/schema\/person\/image\/\",\"url\":\"https:\/\/secure.gravatar.com\/avatar\/48e3fc7f8421ba8942be6b74a2b7f014ca39bc00dece156b7a8e098ae7dc87bf?s=96&d=mm&r=g\",\"contentUrl\":\"https:\/\/secure.gravatar.com\/avatar\/48e3fc7f8421ba8942be6b74a2b7f014ca39bc00dece156b7a8e098ae7dc87bf?s=96&d=mm&r=g\",\"caption\":\"C.K.\"},\"url\":\"https:\/\/vosgesinfo.fr\/epinalinfo\/author\/celia-k-n\/\"}]}<\/script>\n<!-- \/ Yoast SEO plugin. -->","yoast_head_json":{"title":"Thaon-l\u00e8s-Vosges : Plus de 200 coll\u00e9giens au Rallye des Talents ! - Epinal Info","robots":{"index":"index","follow":"follow","max-snippet":"max-snippet:-1","max-image-preview":"max-image-preview:large","max-video-preview":"max-video-preview:-1"},"canonical":"https:\/\/vosgesinfo.fr\/epinalinfo\/2023\/06\/thaon-vosges-plus-de-200-collegiens-rallye-talents-2\/","twitter_card":"summary_large_image","twitter_title":"Thaon-l\u00e8s-Vosges : Plus de 200 coll\u00e9giens au Rallye des Talents ! - Epinal Info","twitter_description":"La Mission Locale du bassin d\u2019emploi d\u2019\u00c9pinal, le Conseil D\u00e9partemental des Vosges, la mairie de Thaon les Vosges et les [&hellip;]","twitter_image":"https:\/\/vosgesinfo.fr\/app\/uploads\/sites\/3\/2023\/06\/rallye-des-talents-thaon-les-vosges-35.jpg","twitter_creator":"@VosgesInfo88","twitter_site":"@VosgesInfo88","twitter_misc":{"\u00c9crit par":"C.K.","Dur\u00e9e de lecture estim\u00e9e":"1 minute"},"schema":{"@context":"https:\/\/schema.org","@graph":[{"@type":"Article","@id":"https:\/\/vosgesinfo.fr\/epinalinfo\/2023\/06\/thaon-vosges-plus-de-200-collegiens-rallye-talents-2\/#article","isPartOf":{"@id":"https:\/\/vosgesinfo.fr\/epinalinfo\/2023\/06\/thaon-vosges-plus-de-200-collegiens-rallye-talents-2\/"},"author":{"name":"C.K.","@id":"https:\/\/vosgesinfo.fr\/epinalinfo\/#\/schema\/person\/6f9a650eeea99d969b6c4ab78fccbe81"},"headline":"Thaon-l\u00e8s-Vosges : Plus de 200 coll\u00e9giens au Rallye des Talents !","datePublished":"2023-06-09T10:33:13+00:00","dateModified":"2023-06-09T10:33:13+00:00","mainEntityOfPage":{"@id":"https:\/\/vosgesinfo.fr\/epinalinfo\/2023\/06\/thaon-vosges-plus-de-200-collegiens-rallye-talents-2\/"},"wordCount":289,"commentCount":0,"publisher":{"@id":"https:\/\/vosgesinfo.fr\/epinalinfo\/#organization"},"image":{"@id":"https:\/\/vosgesinfo.fr\/epinalinfo\/2023\/06\/thaon-vosges-plus-de-200-collegiens-rallye-talents-2\/#primaryimage"},"thumbnailUrl":"https:\/\/vosgesinfo.fr\/app\/uploads\/sites\/3\/2023\/06\/rallye-des-talents-thaon-les-vosges-35.jpg","keywords":["coll\u00e9giens","\u00e9ductaion","la mairie de Thaon les Vosges","La Mission Locale du bassin d\u2019emploi d\u2019\u00c9pinal","Le Conseil d\u00e9partemental des Vosges","rallye des talents","Thaon-l\u00e8s-Vosges","vosges"],"articleSection":["A la Une","\u00c9ducation","Thaon-les-Vosges"],"inLanguage":"fr-FR","potentialAction":[{"@type":"CommentAction","name":"Comment","target":["https:\/\/vosgesinfo.fr\/epinalinfo\/2023\/06\/thaon-vosges-plus-de-200-collegiens-rallye-talents-2\/#respond"]}]},{"@type":"WebPage","@id":"https:\/\/vosgesinfo.fr\/epinalinfo\/2023\/06\/thaon-vosges-plus-de-200-collegiens-rallye-talents-2\/","url":"https:\/\/vosgesinfo.fr\/epinalinfo\/2023\/06\/thaon-vosges-plus-de-200-collegiens-rallye-talents-2\/","name":"Thaon-l\u00e8s-Vosges : Plus de 200 coll\u00e9giens au Rallye des Talents ! - Epinal Info","isPartOf":{"@id":"https:\/\/vosgesinfo.fr\/epinalinfo\/#website"},"primaryImageOfPage":{"@id":"https:\/\/vosgesinfo.fr\/epinalinfo\/2023\/06\/thaon-vosges-plus-de-200-collegiens-rallye-talents-2\/#primaryimage"},"image":{"@id":"https:\/\/vosgesinfo.fr\/epinalinfo\/2023\/06\/thaon-vosges-plus-de-200-collegiens-rallye-talents-2\/#primaryimage"},"thumbnailUrl":"https:\/\/vosgesinfo.fr\/app\/uploads\/sites\/3\/2023\/06\/rallye-des-talents-thaon-les-vosges-35.jpg","datePublished":"2023-06-09T10:33:13+00:00","dateModified":"2023-06-09T10:33:13+00:00","breadcrumb":{"@id":"https:\/\/vosgesinfo.fr\/epinalinfo\/2023\/06\/thaon-vosges-plus-de-200-collegiens-rallye-talents-2\/#breadcrumb"},"inLanguage":"fr-FR","potentialAction":[{"@type":"ReadAction","target":["https:\/\/vosgesinfo.fr\/epinalinfo\/2023\/06\/thaon-vosges-plus-de-200-collegiens-rallye-talents-2\/"]}]},{"@type":"ImageObject","inLanguage":"fr-FR","@id":"https:\/\/vosgesinfo.fr\/epinalinfo\/2023\/06\/thaon-vosges-plus-de-200-collegiens-rallye-talents-2\/#primaryimage","url":"https:\/\/vosgesinfo.fr\/app\/uploads\/sites\/3\/2023\/06\/rallye-des-talents-thaon-les-vosges-35.jpg","contentUrl":"https:\/\/vosgesinfo.fr\/app\/uploads\/sites\/3\/2023\/06\/rallye-des-talents-thaon-les-vosges-35.jpg"},{"@type":"BreadcrumbList","@id":"https:\/\/vosgesinfo.fr\/epinalinfo\/2023\/06\/thaon-vosges-plus-de-200-collegiens-rallye-talents-2\/#breadcrumb","itemListElement":[{"@type":"ListItem","position":1,"name":"Home","item":"https:\/\/vosgesinfo.fr\/epinalinfo\/"},{"@type":"ListItem","position":2,"name":"Thaon-l\u00e8s-Vosges : Plus de 200 coll\u00e9giens au Rallye des Talents !"}]},{"@type":"WebSite","@id":"https:\/\/vosgesinfo.fr\/epinalinfo\/#website","url":"https:\/\/vosgesinfo.fr\/epinalinfo\/","name":"Epinal Info","description":"Toute l&#039;actualit\u00e9 d&#039;\u00c9pinal","publisher":{"@id":"https:\/\/vosgesinfo.fr\/epinalinfo\/#organization"},"alternateName":"Toute l'actualit\u00e9 d'\u00c9pinal","potentialAction":[{"@type":"SearchAction","target":{"@type":"EntryPoint","urlTemplate":"https:\/\/vosgesinfo.fr\/epinalinfo\/?s={search_term_string}"},"query-input":"required name=search_term_string"}],"inLanguage":"fr-FR"},{"@type":"Organization","@id":"https:\/\/vosgesinfo.fr\/epinalinfo\/#organization","name":"Epinal Info","url":"https:\/\/vosgesinfo.fr\/epinalinfo\/","logo":{"@type":"ImageObject","inLanguage":"fr-FR","@id":"https:\/\/vosgesinfo.fr\/epinalinfo\/#\/schema\/logo\/image\/","url":"https:\/\/vosgesinfo.fr\/app\/uploads\/sites\/3\/2023\/08\/logo-epinalinfos.svg","contentUrl":"https:\/\/vosgesinfo.fr\/app\/uploads\/sites\/3\/2023\/08\/logo-epinalinfos.svg","width":1,"height":1,"caption":"Epinal Info"},"image":{"@id":"https:\/\/vosgesinfo.fr\/epinalinfo\/#\/schema\/logo\/image\/"},"sameAs":["https:\/\/www.facebook.com\/Epinalinfos","https:\/\/x.com\/VosgesInfo88","https:\/\/www.youtube.com\/@vosgesinfo"]},{"@type":"Person","@id":"https:\/\/vosgesinfo.fr\/epinalinfo\/#\/schema\/person\/6f9a650eeea99d969b6c4ab78fccbe81","name":"C.K.","image":{"@type":"ImageObject","inLanguage":"fr-FR","@id":"https:\/\/vosgesinfo.fr\/epinalinfo\/#\/schema\/person\/image\/","url":"https:\/\/secure.gravatar.com\/avatar\/48e3fc7f8421ba8942be6b74a2b7f014ca39bc00dece156b7a8e098ae7dc87bf?s=96&d=mm&r=g","contentUrl":"https:\/\/secure.gravatar.com\/avatar\/48e3fc7f8421ba8942be6b74a2b7f014ca39bc00dece156b7a8e098ae7dc87bf?s=96&d=mm&r=g","caption":"C.K."},"url":"https:\/\/vosgesinfo.fr\/epinalinfo\/author\/celia-k-n\/"}]}},"_links":{"self":[{"href":"https:\/\/vosgesinfo.fr\/epinalinfo\/wp-json\/wp\/v2\/posts\/118868","targetHints":{"allow":["GET"]}}],"collection":[{"href":"https:\/\/vosgesinfo.fr\/epinalinfo\/wp-json\/wp\/v2\/posts"}],"about":[{"href":"https:\/\/vosgesinfo.fr\/epinalinfo\/wp-json\/wp\/v2\/types\/post"}],"author":[{"embeddable":true,"href":"https:\/\/vosgesinfo.fr\/epinalinfo\/wp-json\/wp\/v2\/users\/52"}],"replies":[{"embeddable":true,"href":"https:\/\/vosgesinfo.fr\/epinalinfo\/wp-json\/wp\/v2\/comments?post=118868"}],"version-history":[{"count":0,"href":"https:\/\/vosgesinfo.fr\/epinalinfo\/wp-json\/wp\/v2\/posts\/118868\/revisions"}],"wp:featuredmedia":[{"embeddable":true,"href":"https:\/\/vosgesinfo.fr\/epinalinfo\/wp-json\/wp\/v2\/media\/30075"}],"wp:attachment":[{"href":"https:\/\/vosgesinfo.fr\/epinalinfo\/wp-json\/wp\/v2\/media?parent=118868"}],"wp:term":[{"taxonomy":"category","embeddable":true,"href":"https:\/\/vosgesinfo.fr\/epinalinfo\/wp-json\/wp\/v2\/categories?post=118868"},{"taxonomy":"post_tag","embeddable":true,"href":"https:\/\/vosgesinfo.fr\/epinalinfo\/wp-json\/wp\/v2\/tags?post=118868"}],"curies":[{"name":"wp","href":"https:\/\/api.w.org\/{rel}","templated":true}]}}