{"id":118918,"date":"2023-06-15T05:19:32","date_gmt":"2023-06-15T03:19:32","guid":{"rendered":"https:\/\/vosgesinfo.fr\/epinalinfo\/2023\/06\/agglo-depinal-ouverture-inscriptions-transport-scolaire-2\/"},"modified":"2023-06-15T05:19:32","modified_gmt":"2023-06-15T03:19:32","slug":"agglo-depinal-ouverture-inscriptions-transport-scolaire-2","status":"publish","type":"post","link":"https:\/\/vosgesinfo.fr\/epinalinfo\/2023\/06\/agglo-depinal-ouverture-inscriptions-transport-scolaire-2\/","title":{"rendered":"Agglo d&rsquo;\u00c9pinal : ouverture des inscriptions au transport scolaire"},"content":{"rendered":"<p class=\"x_MsoNormal\" align=\"center\"><a href=\"https:\/\/epinalinfos.fr\/2023\/06\/agglo-depinal-ouverture-inscriptions-transport-scolaire\/inscription-transport-scolaire-23-24\/\" rel=\"attachment wp-att-220390\"><img decoding=\"async\" class=\"aligncenter size-large wp-image-220390\" src=\"\/2023\/06\/Inscription-transport-scolaire-23-24-566x800.jpg\" alt=\"Inscription transport scolaire 23-24\" width=\"566\" height=\"800\" \/><\/a>La Communaut\u00e9 d\u2019<span class=\"marko65n4zplr\" data-markjs=\"true\" data-ogac=\"\" data-ogab=\"\" data-ogsc=\"\" data-ogsb=\"\">Agglo<\/span>m\u00e9ration d\u2019\u00c9pinal organise les transports scolaires pour les<br \/>\n\u00e9l\u00e8ves <b><u>domicili\u00e9s ET scolaris\u00e9s<\/u><\/b> dans l\u2019une des 78 communes du territoire.<\/p>\n<p class=\"x_MsoNormal\" align=\"center\">Les pr\u00e9-<span class=\"mark05vcecodr\" data-markjs=\"true\" data-ogac=\"\" data-ogab=\"\" data-ogsc=\"\" data-ogsb=\"\">inscription<\/span>s seront ouvertes d\u00e8s le 15 juin 2023 et devront s\u2019effectuer<br \/>\nen ligne sur <a href=\"https:\/\/www.agglo-epinal.fr\" target=\"_blank\" rel=\"noopener noreferrer\" data-auth=\"NotApplicable\" data-linkindex=\"0\"><span class=\"marko65n4zplr\" data-markjs=\"true\" data-ogac=\"\" data-ogab=\"\" data-ogsc=\"\" data-ogsb=\"\">agglo<\/span>-epinal.fr<\/a> dans la rubrique \u00ab\u00a0Se D\u00e9placer\u00a0\u00bb.<\/p>\n<p class=\"x_MsoNormal\" align=\"center\">Toutes les informations utiles seront disponibles sur le site : d\u00e9marche \u00e0 suivre,<br \/>\nfiches horaires, \u00e9tablissements scolaires desservis, r\u00e8glement des transports\u2026<\/p>\n<p class=\"x_MsoNormal\" align=\"center\">DEUX FORMULAIRES SERONT DISPONIBLES<br \/>\nSELON LA SITUATION DE L\u2019\u00c9L\u00c8VE<\/p>\n<p class=\"x_MsoNormal\" align=\"center\"><b>1\/ Formulaire \u00ab\u00a0renouvellement d\u2019abonnement\u00a0\u00bb<\/b><br \/>\n\u00c0 compl\u00e9ter par les \u00e9l\u00e8ves qui ont souscrit un abonnement de transport scolaire<br \/>\naupr\u00e8s de la Communaut\u00e9 d\u2019<span class=\"marko65n4zplr\" data-markjs=\"true\" data-ogac=\"\" data-ogab=\"\" data-ogsc=\"\" data-ogsb=\"\">Agglo<\/span>m\u00e9ration d\u2019\u00c9pinal en 2022-2023<\/p>\n<p class=\"x_MsoNormal\" align=\"center\"><b>2\/ Formulaire \u00ab\u00a0nouvelle <span class=\"mark05vcecodr\" data-markjs=\"true\" data-ogac=\"\" data-ogab=\"\" data-ogsc=\"\" data-ogsb=\"\">inscription<\/span>\u00a0\u00bb<\/b><br \/>\n\u00c0 compl\u00e9ter par les \u00e9l\u00e8ves qui n\u2019ont pas souscrit un abonnement de transport scolaire<br \/>\naupr\u00e8s de la Communaut\u00e9 d\u2019<span class=\"marko65n4zplr\" data-markjs=\"true\" data-ogac=\"\" data-ogab=\"\" data-ogsc=\"\" data-ogsb=\"\">Agglo<\/span>m\u00e9ration d\u2019\u00c9pinal en 2022-2023<\/p>\n<p class=\"x_MsoNormal\" align=\"center\">TARIFS DES ABONNEMENTS SCOLAIRES<\/p>\n<p class=\"x_MsoListParagraph\" align=\"center\"><b>Pass enfant gratuit<br \/>\n<\/b>Pour les \u00e9l\u00e8ves \u00e2g\u00e9s de moins de 11 ans au 4 septembre 2023<br \/>\nValable tous les jours pendant 1 an et Illimit\u00e9 en nombre de trajets<\/p>\n<p class=\"x_MsoNormal\" align=\"center\"><b>Pass scolaire limit\u00e9 \u00e0 99\u20ac<\/b><br \/>\nValable uniquement les jours d\u2019\u00e9cole et limit\u00e9 \u00e0 1 aller-retour par jour<\/p>\n<p class=\"x_MsoNormal\" align=\"center\"><b>Pass jeune illimit\u00e9 \u00e0 131\u20ac <\/b><br \/>\nValable tous les jours pendant 1 an et illimit\u00e9 en nombre de trajets<\/p>\n<p class=\"x_MsoNormal\" align=\"center\"><b>Abonnement TER \u00e0 131\u20ac<\/b><br \/>\nPour les \u00e9l\u00e8ves qui utilisent le train comme transport scolaire<br \/>\nValable de la gare de mont\u00e9e \u00e0 la gare de descente<\/p>\n<p class=\"x_MsoNormal\" align=\"center\">POUR TOUT RENSEIGNEMENT<br \/>\n<a href=\"mailto:cae.transports@agglo-epinal.fr\" target=\"_blank\" rel=\"noopener noreferrer\" data-auth=\"NotApplicable\" data-linkindex=\"1\">cae.transports@<span class=\"marko65n4zplr\" data-markjs=\"true\" data-ogac=\"\" data-ogab=\"\" data-ogsc=\"\" data-ogsb=\"\">agglo<\/span>-epinal.fr<\/a> \/\/ 03 56 32 12 12<\/p>\n","protected":false},"excerpt":{"rendered":"<p>La Communaut\u00e9 d\u2019Agglom\u00e9ration d\u2019\u00c9pinal organise les transports scolaires pour les \u00e9l\u00e8ves domicili\u00e9s ET scolaris\u00e9s dans l\u2019une des 78 communes du [&hellip;]<\/p>\n","protected":false},"author":52,"featured_media":30301,"comment_status":"open","ping_status":"open","sticky":false,"template":"","format":"standard","meta":{"footnotes":""},"categories":[22,24],"tags":[],"class_list":["post-118918","post","type-post","status-publish","format-standard","has-post-thumbnail","hentry","category-a-la-une","category-epinal"],"acf":[],"yoast_head":"<!-- This site is optimized with the Yoast SEO plugin v22.5 - https:\/\/yoast.com\/wordpress\/plugins\/seo\/ -->\n<title>Agglo d&#039;\u00c9pinal : ouverture des inscriptions au transport scolaire - Epinal Info<\/title>\n<meta name=\"robots\" content=\"index, follow, max-snippet:-1, max-image-preview:large, max-video-preview:-1\" \/>\n<link rel=\"canonical\" href=\"https:\/\/vosgesinfo.fr\/epinalinfo\/2023\/06\/agglo-depinal-ouverture-inscriptions-transport-scolaire-2\/\" \/>\n<meta name=\"twitter:card\" content=\"summary_large_image\" \/>\n<meta name=\"twitter:title\" content=\"Agglo d&#039;\u00c9pinal : ouverture des inscriptions au transport scolaire - Epinal Info\" \/>\n<meta name=\"twitter:description\" content=\"La Communaut\u00e9 d\u2019Agglom\u00e9ration d\u2019\u00c9pinal organise les transports scolaires pour les \u00e9l\u00e8ves domicili\u00e9s ET scolaris\u00e9s dans l\u2019une des 78 communes du [&hellip;]\" \/>\n<meta name=\"twitter:image\" content=\"https:\/\/vosgesinfo.fr\/app\/uploads\/sites\/3\/2023\/06\/inscription-transport-scolaire-23-24.jpg\" \/>\n<meta name=\"twitter:creator\" content=\"@VosgesInfo88\" \/>\n<meta name=\"twitter:site\" content=\"@VosgesInfo88\" \/>\n<meta name=\"twitter:label1\" content=\"\u00c9crit par\" \/>\n\t<meta name=\"twitter:data1\" content=\"C.K.\" \/>\n\t<meta name=\"twitter:label2\" content=\"Dur\u00e9e de lecture estim\u00e9e\" \/>\n\t<meta name=\"twitter:data2\" content=\"1 minute\" \/>\n<script type=\"application\/ld+json\" class=\"yoast-schema-graph\">{\"@context\":\"https:\/\/schema.org\",\"@graph\":[{\"@type\":\"Article\",\"@id\":\"https:\/\/vosgesinfo.fr\/epinalinfo\/2023\/06\/agglo-depinal-ouverture-inscriptions-transport-scolaire-2\/#article\",\"isPartOf\":{\"@id\":\"https:\/\/vosgesinfo.fr\/epinalinfo\/2023\/06\/agglo-depinal-ouverture-inscriptions-transport-scolaire-2\/\"},\"author\":{\"name\":\"C.K.\",\"@id\":\"https:\/\/vosgesinfo.fr\/epinalinfo\/#\/schema\/person\/6f9a650eeea99d969b6c4ab78fccbe81\"},\"headline\":\"Agglo d&rsquo;\u00c9pinal : ouverture des inscriptions au transport scolaire\",\"datePublished\":\"2023-06-15T03:19:32+00:00\",\"dateModified\":\"2023-06-15T03:19:32+00:00\",\"mainEntityOfPage\":{\"@id\":\"https:\/\/vosgesinfo.fr\/epinalinfo\/2023\/06\/agglo-depinal-ouverture-inscriptions-transport-scolaire-2\/\"},\"wordCount\":244,\"commentCount\":0,\"publisher\":{\"@id\":\"https:\/\/vosgesinfo.fr\/epinalinfo\/#organization\"},\"image\":{\"@id\":\"https:\/\/vosgesinfo.fr\/epinalinfo\/2023\/06\/agglo-depinal-ouverture-inscriptions-transport-scolaire-2\/#primaryimage\"},\"thumbnailUrl\":\"https:\/\/vosgesinfo.fr\/app\/uploads\/sites\/3\/2023\/06\/inscription-transport-scolaire-23-24.jpg\",\"articleSection\":[\"A la Une\",\"Epinal\"],\"inLanguage\":\"fr-FR\",\"potentialAction\":[{\"@type\":\"CommentAction\",\"name\":\"Comment\",\"target\":[\"https:\/\/vosgesinfo.fr\/epinalinfo\/2023\/06\/agglo-depinal-ouverture-inscriptions-transport-scolaire-2\/#respond\"]}]},{\"@type\":\"WebPage\",\"@id\":\"https:\/\/vosgesinfo.fr\/epinalinfo\/2023\/06\/agglo-depinal-ouverture-inscriptions-transport-scolaire-2\/\",\"url\":\"https:\/\/vosgesinfo.fr\/epinalinfo\/2023\/06\/agglo-depinal-ouverture-inscriptions-transport-scolaire-2\/\",\"name\":\"Agglo d'\u00c9pinal : ouverture des inscriptions au transport scolaire - Epinal Info\",\"isPartOf\":{\"@id\":\"https:\/\/vosgesinfo.fr\/epinalinfo\/#website\"},\"primaryImageOfPage\":{\"@id\":\"https:\/\/vosgesinfo.fr\/epinalinfo\/2023\/06\/agglo-depinal-ouverture-inscriptions-transport-scolaire-2\/#primaryimage\"},\"image\":{\"@id\":\"https:\/\/vosgesinfo.fr\/epinalinfo\/2023\/06\/agglo-depinal-ouverture-inscriptions-transport-scolaire-2\/#primaryimage\"},\"thumbnailUrl\":\"https:\/\/vosgesinfo.fr\/app\/uploads\/sites\/3\/2023\/06\/inscription-transport-scolaire-23-24.jpg\",\"datePublished\":\"2023-06-15T03:19:32+00:00\",\"dateModified\":\"2023-06-15T03:19:32+00:00\",\"breadcrumb\":{\"@id\":\"https:\/\/vosgesinfo.fr\/epinalinfo\/2023\/06\/agglo-depinal-ouverture-inscriptions-transport-scolaire-2\/#breadcrumb\"},\"inLanguage\":\"fr-FR\",\"potentialAction\":[{\"@type\":\"ReadAction\",\"target\":[\"https:\/\/vosgesinfo.fr\/epinalinfo\/2023\/06\/agglo-depinal-ouverture-inscriptions-transport-scolaire-2\/\"]}]},{\"@type\":\"ImageObject\",\"inLanguage\":\"fr-FR\",\"@id\":\"https:\/\/vosgesinfo.fr\/epinalinfo\/2023\/06\/agglo-depinal-ouverture-inscriptions-transport-scolaire-2\/#primaryimage\",\"url\":\"https:\/\/vosgesinfo.fr\/app\/uploads\/sites\/3\/2023\/06\/inscription-transport-scolaire-23-24.jpg\",\"contentUrl\":\"https:\/\/vosgesinfo.fr\/app\/uploads\/sites\/3\/2023\/06\/inscription-transport-scolaire-23-24.jpg\"},{\"@type\":\"BreadcrumbList\",\"@id\":\"https:\/\/vosgesinfo.fr\/epinalinfo\/2023\/06\/agglo-depinal-ouverture-inscriptions-transport-scolaire-2\/#breadcrumb\",\"itemListElement\":[{\"@type\":\"ListItem\",\"position\":1,\"name\":\"Home\",\"item\":\"https:\/\/vosgesinfo.fr\/epinalinfo\/\"},{\"@type\":\"ListItem\",\"position\":2,\"name\":\"Agglo d&rsquo;\u00c9pinal : ouverture des inscriptions au transport scolaire\"}]},{\"@type\":\"WebSite\",\"@id\":\"https:\/\/vosgesinfo.fr\/epinalinfo\/#website\",\"url\":\"https:\/\/vosgesinfo.fr\/epinalinfo\/\",\"name\":\"Epinal Info\",\"description\":\"Toute l&#039;actualit\u00e9 d&#039;\u00c9pinal\",\"publisher\":{\"@id\":\"https:\/\/vosgesinfo.fr\/epinalinfo\/#organization\"},\"alternateName\":\"Toute l'actualit\u00e9 d'\u00c9pinal\",\"potentialAction\":[{\"@type\":\"SearchAction\",\"target\":{\"@type\":\"EntryPoint\",\"urlTemplate\":\"https:\/\/vosgesinfo.fr\/epinalinfo\/?s={search_term_string}\"},\"query-input\":\"required name=search_term_string\"}],\"inLanguage\":\"fr-FR\"},{\"@type\":\"Organization\",\"@id\":\"https:\/\/vosgesinfo.fr\/epinalinfo\/#organization\",\"name\":\"Epinal Info\",\"url\":\"https:\/\/vosgesinfo.fr\/epinalinfo\/\",\"logo\":{\"@type\":\"ImageObject\",\"inLanguage\":\"fr-FR\",\"@id\":\"https:\/\/vosgesinfo.fr\/epinalinfo\/#\/schema\/logo\/image\/\",\"url\":\"https:\/\/vosgesinfo.fr\/app\/uploads\/sites\/3\/2023\/08\/logo-epinalinfos.svg\",\"contentUrl\":\"https:\/\/vosgesinfo.fr\/app\/uploads\/sites\/3\/2023\/08\/logo-epinalinfos.svg\",\"width\":1,\"height\":1,\"caption\":\"Epinal Info\"},\"image\":{\"@id\":\"https:\/\/vosgesinfo.fr\/epinalinfo\/#\/schema\/logo\/image\/\"},\"sameAs\":[\"https:\/\/www.facebook.com\/Epinalinfos\",\"https:\/\/x.com\/VosgesInfo88\",\"https:\/\/www.youtube.com\/@vosgesinfo\"]},{\"@type\":\"Person\",\"@id\":\"https:\/\/vosgesinfo.fr\/epinalinfo\/#\/schema\/person\/6f9a650eeea99d969b6c4ab78fccbe81\",\"name\":\"C.K.\",\"image\":{\"@type\":\"ImageObject\",\"inLanguage\":\"fr-FR\",\"@id\":\"https:\/\/vosgesinfo.fr\/epinalinfo\/#\/schema\/person\/image\/\",\"url\":\"https:\/\/secure.gravatar.com\/avatar\/48e3fc7f8421ba8942be6b74a2b7f014ca39bc00dece156b7a8e098ae7dc87bf?s=96&d=mm&r=g\",\"contentUrl\":\"https:\/\/secure.gravatar.com\/avatar\/48e3fc7f8421ba8942be6b74a2b7f014ca39bc00dece156b7a8e098ae7dc87bf?s=96&d=mm&r=g\",\"caption\":\"C.K.\"},\"url\":\"https:\/\/vosgesinfo.fr\/epinalinfo\/author\/celia-k-n\/\"}]}<\/script>\n<!-- \/ Yoast SEO plugin. -->","yoast_head_json":{"title":"Agglo d'\u00c9pinal : ouverture des inscriptions au transport scolaire - Epinal Info","robots":{"index":"index","follow":"follow","max-snippet":"max-snippet:-1","max-image-preview":"max-image-preview:large","max-video-preview":"max-video-preview:-1"},"canonical":"https:\/\/vosgesinfo.fr\/epinalinfo\/2023\/06\/agglo-depinal-ouverture-inscriptions-transport-scolaire-2\/","twitter_card":"summary_large_image","twitter_title":"Agglo d'\u00c9pinal : ouverture des inscriptions au transport scolaire - Epinal Info","twitter_description":"La Communaut\u00e9 d\u2019Agglom\u00e9ration d\u2019\u00c9pinal organise les transports scolaires pour les \u00e9l\u00e8ves domicili\u00e9s ET scolaris\u00e9s dans l\u2019une des 78 communes du [&hellip;]","twitter_image":"https:\/\/vosgesinfo.fr\/app\/uploads\/sites\/3\/2023\/06\/inscription-transport-scolaire-23-24.jpg","twitter_creator":"@VosgesInfo88","twitter_site":"@VosgesInfo88","twitter_misc":{"\u00c9crit par":"C.K.","Dur\u00e9e de lecture estim\u00e9e":"1 minute"},"schema":{"@context":"https:\/\/schema.org","@graph":[{"@type":"Article","@id":"https:\/\/vosgesinfo.fr\/epinalinfo\/2023\/06\/agglo-depinal-ouverture-inscriptions-transport-scolaire-2\/#article","isPartOf":{"@id":"https:\/\/vosgesinfo.fr\/epinalinfo\/2023\/06\/agglo-depinal-ouverture-inscriptions-transport-scolaire-2\/"},"author":{"name":"C.K.","@id":"https:\/\/vosgesinfo.fr\/epinalinfo\/#\/schema\/person\/6f9a650eeea99d969b6c4ab78fccbe81"},"headline":"Agglo d&rsquo;\u00c9pinal : ouverture des inscriptions au transport scolaire","datePublished":"2023-06-15T03:19:32+00:00","dateModified":"2023-06-15T03:19:32+00:00","mainEntityOfPage":{"@id":"https:\/\/vosgesinfo.fr\/epinalinfo\/2023\/06\/agglo-depinal-ouverture-inscriptions-transport-scolaire-2\/"},"wordCount":244,"commentCount":0,"publisher":{"@id":"https:\/\/vosgesinfo.fr\/epinalinfo\/#organization"},"image":{"@id":"https:\/\/vosgesinfo.fr\/epinalinfo\/2023\/06\/agglo-depinal-ouverture-inscriptions-transport-scolaire-2\/#primaryimage"},"thumbnailUrl":"https:\/\/vosgesinfo.fr\/app\/uploads\/sites\/3\/2023\/06\/inscription-transport-scolaire-23-24.jpg","articleSection":["A la Une","Epinal"],"inLanguage":"fr-FR","potentialAction":[{"@type":"CommentAction","name":"Comment","target":["https:\/\/vosgesinfo.fr\/epinalinfo\/2023\/06\/agglo-depinal-ouverture-inscriptions-transport-scolaire-2\/#respond"]}]},{"@type":"WebPage","@id":"https:\/\/vosgesinfo.fr\/epinalinfo\/2023\/06\/agglo-depinal-ouverture-inscriptions-transport-scolaire-2\/","url":"https:\/\/vosgesinfo.fr\/epinalinfo\/2023\/06\/agglo-depinal-ouverture-inscriptions-transport-scolaire-2\/","name":"Agglo d'\u00c9pinal : ouverture des inscriptions au transport scolaire - Epinal Info","isPartOf":{"@id":"https:\/\/vosgesinfo.fr\/epinalinfo\/#website"},"primaryImageOfPage":{"@id":"https:\/\/vosgesinfo.fr\/epinalinfo\/2023\/06\/agglo-depinal-ouverture-inscriptions-transport-scolaire-2\/#primaryimage"},"image":{"@id":"https:\/\/vosgesinfo.fr\/epinalinfo\/2023\/06\/agglo-depinal-ouverture-inscriptions-transport-scolaire-2\/#primaryimage"},"thumbnailUrl":"https:\/\/vosgesinfo.fr\/app\/uploads\/sites\/3\/2023\/06\/inscription-transport-scolaire-23-24.jpg","datePublished":"2023-06-15T03:19:32+00:00","dateModified":"2023-06-15T03:19:32+00:00","breadcrumb":{"@id":"https:\/\/vosgesinfo.fr\/epinalinfo\/2023\/06\/agglo-depinal-ouverture-inscriptions-transport-scolaire-2\/#breadcrumb"},"inLanguage":"fr-FR","potentialAction":[{"@type":"ReadAction","target":["https:\/\/vosgesinfo.fr\/epinalinfo\/2023\/06\/agglo-depinal-ouverture-inscriptions-transport-scolaire-2\/"]}]},{"@type":"ImageObject","inLanguage":"fr-FR","@id":"https:\/\/vosgesinfo.fr\/epinalinfo\/2023\/06\/agglo-depinal-ouverture-inscriptions-transport-scolaire-2\/#primaryimage","url":"https:\/\/vosgesinfo.fr\/app\/uploads\/sites\/3\/2023\/06\/inscription-transport-scolaire-23-24.jpg","contentUrl":"https:\/\/vosgesinfo.fr\/app\/uploads\/sites\/3\/2023\/06\/inscription-transport-scolaire-23-24.jpg"},{"@type":"BreadcrumbList","@id":"https:\/\/vosgesinfo.fr\/epinalinfo\/2023\/06\/agglo-depinal-ouverture-inscriptions-transport-scolaire-2\/#breadcrumb","itemListElement":[{"@type":"ListItem","position":1,"name":"Home","item":"https:\/\/vosgesinfo.fr\/epinalinfo\/"},{"@type":"ListItem","position":2,"name":"Agglo d&rsquo;\u00c9pinal : ouverture des inscriptions au transport scolaire"}]},{"@type":"WebSite","@id":"https:\/\/vosgesinfo.fr\/epinalinfo\/#website","url":"https:\/\/vosgesinfo.fr\/epinalinfo\/","name":"Epinal Info","description":"Toute l&#039;actualit\u00e9 d&#039;\u00c9pinal","publisher":{"@id":"https:\/\/vosgesinfo.fr\/epinalinfo\/#organization"},"alternateName":"Toute l'actualit\u00e9 d'\u00c9pinal","potentialAction":[{"@type":"SearchAction","target":{"@type":"EntryPoint","urlTemplate":"https:\/\/vosgesinfo.fr\/epinalinfo\/?s={search_term_string}"},"query-input":"required name=search_term_string"}],"inLanguage":"fr-FR"},{"@type":"Organization","@id":"https:\/\/vosgesinfo.fr\/epinalinfo\/#organization","name":"Epinal Info","url":"https:\/\/vosgesinfo.fr\/epinalinfo\/","logo":{"@type":"ImageObject","inLanguage":"fr-FR","@id":"https:\/\/vosgesinfo.fr\/epinalinfo\/#\/schema\/logo\/image\/","url":"https:\/\/vosgesinfo.fr\/app\/uploads\/sites\/3\/2023\/08\/logo-epinalinfos.svg","contentUrl":"https:\/\/vosgesinfo.fr\/app\/uploads\/sites\/3\/2023\/08\/logo-epinalinfos.svg","width":1,"height":1,"caption":"Epinal Info"},"image":{"@id":"https:\/\/vosgesinfo.fr\/epinalinfo\/#\/schema\/logo\/image\/"},"sameAs":["https:\/\/www.facebook.com\/Epinalinfos","https:\/\/x.com\/VosgesInfo88","https:\/\/www.youtube.com\/@vosgesinfo"]},{"@type":"Person","@id":"https:\/\/vosgesinfo.fr\/epinalinfo\/#\/schema\/person\/6f9a650eeea99d969b6c4ab78fccbe81","name":"C.K.","image":{"@type":"ImageObject","inLanguage":"fr-FR","@id":"https:\/\/vosgesinfo.fr\/epinalinfo\/#\/schema\/person\/image\/","url":"https:\/\/secure.gravatar.com\/avatar\/48e3fc7f8421ba8942be6b74a2b7f014ca39bc00dece156b7a8e098ae7dc87bf?s=96&d=mm&r=g","contentUrl":"https:\/\/secure.gravatar.com\/avatar\/48e3fc7f8421ba8942be6b74a2b7f014ca39bc00dece156b7a8e098ae7dc87bf?s=96&d=mm&r=g","caption":"C.K."},"url":"https:\/\/vosgesinfo.fr\/epinalinfo\/author\/celia-k-n\/"}]}},"_links":{"self":[{"href":"https:\/\/vosgesinfo.fr\/epinalinfo\/wp-json\/wp\/v2\/posts\/118918","targetHints":{"allow":["GET"]}}],"collection":[{"href":"https:\/\/vosgesinfo.fr\/epinalinfo\/wp-json\/wp\/v2\/posts"}],"about":[{"href":"https:\/\/vosgesinfo.fr\/epinalinfo\/wp-json\/wp\/v2\/types\/post"}],"author":[{"embeddable":true,"href":"https:\/\/vosgesinfo.fr\/epinalinfo\/wp-json\/wp\/v2\/users\/52"}],"replies":[{"embeddable":true,"href":"https:\/\/vosgesinfo.fr\/epinalinfo\/wp-json\/wp\/v2\/comments?post=118918"}],"version-history":[{"count":0,"href":"https:\/\/vosgesinfo.fr\/epinalinfo\/wp-json\/wp\/v2\/posts\/118918\/revisions"}],"wp:featuredmedia":[{"embeddable":true,"href":"https:\/\/vosgesinfo.fr\/epinalinfo\/wp-json\/wp\/v2\/media\/30301"}],"wp:attachment":[{"href":"https:\/\/vosgesinfo.fr\/epinalinfo\/wp-json\/wp\/v2\/media?parent=118918"}],"wp:term":[{"taxonomy":"category","embeddable":true,"href":"https:\/\/vosgesinfo.fr\/epinalinfo\/wp-json\/wp\/v2\/categories?post=118918"},{"taxonomy":"post_tag","embeddable":true,"href":"https:\/\/vosgesinfo.fr\/epinalinfo\/wp-json\/wp\/v2\/tags?post=118918"}],"curies":[{"name":"wp","href":"https:\/\/api.w.org\/{rel}","templated":true}]}}