{"id":118982,"date":"2023-06-22T13:50:29","date_gmt":"2023-06-22T11:50:29","guid":{"rendered":"https:\/\/vosgesinfo.fr\/epinalinfo\/2023\/06\/epinal-bouge-lete-coup-denvoi-festival-sera-donne-vendredi-7-juillet-2\/"},"modified":"2023-06-22T13:50:29","modified_gmt":"2023-06-22T11:50:29","slug":"epinal-bouge-lete-coup-denvoi-festival-sera-donne-vendredi-7-juillet-2","status":"publish","type":"post","link":"https:\/\/vosgesinfo.fr\/epinalinfo\/2023\/06\/epinal-bouge-lete-coup-denvoi-festival-sera-donne-vendredi-7-juillet-2\/","title":{"rendered":"\u00c9pinal Bouge l\u2019\u00c9t\u00e9 : le coup d&rsquo;envoi du festival sera donn\u00e9 le vendredi 7 juillet"},"content":{"rendered":"<h2><span style=\"font-size: 14pt;\"><strong> <a href=\"https:\/\/epinalinfos.fr\/2023\/06\/epinal-bouge-lete-coup-denvoi-festival-sera-donne-vendredi-7-juillet\/p1000826\/\" rel=\"attachment wp-att-220869\"><img decoding=\"async\" class=\"aligncenter size-large wp-image-220869\" src=\"\/2023\/06\/P1000826-800x450.jpg\" alt=\"P1000826\" width=\"800\" height=\"450\" \/><\/a>La directrice du festival\u00a0\u00c9pinal Bouge l\u2019Et\u00e9, Isabelle Sartori, ainsi que le maire d&rsquo;Epinal, Patrick Nardin, ont pr\u00e9sent\u00e9 le programme diversifi\u00e9 de la 21\u00e8 \u00e9dition du festival Epinal Bouge l&rsquo;\u00e9t\u00e9. Rendez-vous du 7 juillet au 18 ao\u00fbt pour des concerts le vendredi et des spectacles le mercredi au parc du ch\u00e2teau.\u00a0<\/strong> <\/span><\/h2>\n<p>Chaque vendredi soir de juillet et ao\u00fbt, \u00e0 21h, un concert gratuit a lieu en ext\u00e9rieur sur La Place des Vosges, l\u2019occasion de d\u00e9couvrir \u00e0 travers une programmation \u00e9nergique et diversifi\u00e9e, des groupes g\u00e9n\u00e9reux et authentiques. Cette ann\u00e9e, la programmation d\u00e9bute avec une artiste charismatique, Ga\u00eblle Buswell, entre blues et rock, une voix engag\u00e9e et des guitares ac\u00e9r\u00e9es, pour bien d\u00e9buter ce Festival 2023 ! Suivront six concerts dans des styles tr\u00e8s \u00e9clectiques, Boogie Woogie Blues, Rock th\u00e9\u00e2tral, Electro-Funk, Swing &#8211; Pin-up r\u00e9tro, Folk alternatif et Chanson du Cap Vert&#8230;.<\/p>\n<p>Tous les mercredis apr\u00e8s-midi, \u00e0 15h au Parc du Ch\u00e2teau d&rsquo;\u00c9pinal, des spectacles sont au programme pour les familles, les petits comme les grands ! Solo de clown, th\u00e9\u00e2tre de musique et marionnette, th\u00e9\u00e2tre burlesque, th\u00e9\u00e2tre visuel, clown et magie, spectacle musical, autant de genres qui ont le m\u00eame objectif, faire partager des moments forts d&rsquo;\u00e9motion et d&rsquo;humour.<\/p>\n<h3 class=\"wp-block-heading\">Programme des spectacles<\/h3>\n<p>Tous les mercredis, 15 h, parc du ch\u00e2teau d\u2019\u00c9pinal :<\/p>\n<ul>\n<li>Mercredi 12 juillet \u2013 Les Demented Brothers (clown \/ magie)<\/li>\n<li>Mercredi 19 juillet \u2013 Cie La Chose publique \u00ab\u00a0De quel c\u00f4t\u00e9 souffle demain ?\u00a0\u00bb (Th\u00e9\u00e2tre \/ Musique)<\/li>\n<li>Mercredi 26 juillet \u2013 Cie Fil \u00e0 10 \u00ab\u00a0Padplume et Chocolat\u00a0\u00bb (Th\u00e9\u00e2tre de musique \/ Marionnettes)<\/li>\n<li>Mercredi 2 ao\u00fbt \u2013 Cie Gina Gagap \u00ab\u00a0Princesse Jenny qui ne voulais PAS se marier\u00a0\u00bb (Th\u00e9\u00e2tre burlesque)<\/li>\n<li>Mercredi 9 ao\u00fbt \u2013 Cie Circoco \u00ab\u00a0Seule en roue\u00a0\u00bb (Clown)<\/li>\n<li>Mercredi 17 ao\u00fbt \u2013 Poussins phoniques \u00ab\u00a0Yellow Sun Machine\u00a0\u00bb (Spectacle musical)<\/li>\n<\/ul>\n<h3 class=\"wp-block-heading\">Programme des concerts<\/h3>\n<p>Tous les vendredis, 21 h, place des Vosges :<\/p>\n<ul>\n<li>Vendredi 7 juillet \u2013 Ga\u00eblle Buswel \u00ab Your journey \u00bb (Blues-rock)<\/li>\n<li>Vendredi 14 juillet \u2013 Ben Toury Corporation (Boogie-woogie \u2013 blues)<\/li>\n<li>Vendredi 21 juillet \u2013 Mes Souliers sont Rouges \u00ab\u00a0Faut se m\u00ealer\u00a0\u00bb (Folk alternatif)<\/li>\n<li>Vendredi 28 juillet \u2013 LMGZ \u00ab\u00a0Iceberg Club\u00a0\u00bb (Electro \u2013 swing \u2013 funk \u2013 hip-hop)<\/li>\n<li>Vendredi 4 ao\u00fbt \u2013 Mamz\u2019Elle Bee Swing Orchestra (Swing \u2013 style pin-up r\u00e9tro)<\/li>\n<li>Vendredi 11 ao\u00fbt \u2013 Franck Carducci &amp; The Fantastic Squad (Rock th\u00e9\u00e2tral)<\/li>\n<li>Vendredi 18 ao\u00fbt \u2013 Mariana Ramos \u00ab\u00a0Morna\u00a0\u00bb (Chansons du Cap-Vert)<\/li>\n<\/ul>\n","protected":false},"excerpt":{"rendered":"<p>La directrice du festival\u00a0\u00c9pinal Bouge l\u2019Et\u00e9, Isabelle Sartori, ainsi que le maire d&rsquo;Epinal, Patrick Nardin, ont pr\u00e9sent\u00e9 le programme diversifi\u00e9 [&hellip;]<\/p>\n","protected":false},"author":52,"featured_media":30627,"comment_status":"open","ping_status":"open","sticky":false,"template":"","format":"standard","meta":{"footnotes":""},"categories":[22,12,28],"tags":[70,58,3650,364,664,3359],"class_list":["post-118982","post","type-post","status-publish","format-standard","has-post-thumbnail","hentry","category-a-la-une","category-culture","category-musique","tag-epinal","tag-epinal-bouge-lete","tag-ete","tag-festival","tag-musique","tag-spectacles"],"acf":[],"yoast_head":"<!-- This site is optimized with the Yoast SEO plugin v22.5 - https:\/\/yoast.com\/wordpress\/plugins\/seo\/ -->\n<title>\u00c9pinal Bouge l\u2019\u00c9t\u00e9 : le coup d&#039;envoi du festival sera donn\u00e9 le vendredi 7 juillet - Epinal Info<\/title>\n<meta name=\"robots\" content=\"index, follow, max-snippet:-1, max-image-preview:large, max-video-preview:-1\" \/>\n<link rel=\"canonical\" href=\"https:\/\/vosgesinfo.fr\/epinalinfo\/2023\/06\/epinal-bouge-lete-coup-denvoi-festival-sera-donne-vendredi-7-juillet-2\/\" \/>\n<meta name=\"twitter:card\" content=\"summary_large_image\" \/>\n<meta name=\"twitter:title\" content=\"\u00c9pinal Bouge l\u2019\u00c9t\u00e9 : le coup d&#039;envoi du festival sera donn\u00e9 le vendredi 7 juillet - Epinal Info\" \/>\n<meta name=\"twitter:description\" content=\"La directrice du festival\u00a0\u00c9pinal Bouge l\u2019Et\u00e9, Isabelle Sartori, ainsi que le maire d&rsquo;Epinal, Patrick Nardin, ont pr\u00e9sent\u00e9 le programme diversifi\u00e9 [&hellip;]\" \/>\n<meta name=\"twitter:image\" content=\"https:\/\/vosgesinfo.fr\/app\/uploads\/sites\/3\/2023\/06\/p1000826.jpg\" \/>\n<meta name=\"twitter:creator\" content=\"@VosgesInfo88\" \/>\n<meta name=\"twitter:site\" content=\"@VosgesInfo88\" \/>\n<meta name=\"twitter:label1\" content=\"\u00c9crit par\" \/>\n\t<meta name=\"twitter:data1\" content=\"C.K.\" \/>\n\t<meta name=\"twitter:label2\" content=\"Dur\u00e9e de lecture estim\u00e9e\" \/>\n\t<meta name=\"twitter:data2\" content=\"2 minutes\" \/>\n<script type=\"application\/ld+json\" class=\"yoast-schema-graph\">{\"@context\":\"https:\/\/schema.org\",\"@graph\":[{\"@type\":\"Article\",\"@id\":\"https:\/\/vosgesinfo.fr\/epinalinfo\/2023\/06\/epinal-bouge-lete-coup-denvoi-festival-sera-donne-vendredi-7-juillet-2\/#article\",\"isPartOf\":{\"@id\":\"https:\/\/vosgesinfo.fr\/epinalinfo\/2023\/06\/epinal-bouge-lete-coup-denvoi-festival-sera-donne-vendredi-7-juillet-2\/\"},\"author\":{\"name\":\"C.K.\",\"@id\":\"https:\/\/vosgesinfo.fr\/epinalinfo\/#\/schema\/person\/6f9a650eeea99d969b6c4ab78fccbe81\"},\"headline\":\"\u00c9pinal Bouge l\u2019\u00c9t\u00e9 : le coup d&rsquo;envoi du festival sera donn\u00e9 le vendredi 7 juillet\",\"datePublished\":\"2023-06-22T11:50:29+00:00\",\"dateModified\":\"2023-06-22T11:50:29+00:00\",\"mainEntityOfPage\":{\"@id\":\"https:\/\/vosgesinfo.fr\/epinalinfo\/2023\/06\/epinal-bouge-lete-coup-denvoi-festival-sera-donne-vendredi-7-juillet-2\/\"},\"wordCount\":400,\"commentCount\":0,\"publisher\":{\"@id\":\"https:\/\/vosgesinfo.fr\/epinalinfo\/#organization\"},\"image\":{\"@id\":\"https:\/\/vosgesinfo.fr\/epinalinfo\/2023\/06\/epinal-bouge-lete-coup-denvoi-festival-sera-donne-vendredi-7-juillet-2\/#primaryimage\"},\"thumbnailUrl\":\"https:\/\/vosgesinfo.fr\/app\/uploads\/sites\/3\/2023\/06\/p1000826.jpg\",\"keywords\":[\"Epinal\",\"\u00c9pinal bouge l'\u00e9t\u00e9\",\"\u00e9t\u00e9\",\"festival\",\"musique\",\"spectacles\"],\"articleSection\":[\"A la Une\",\"Culture\",\"Musique\"],\"inLanguage\":\"fr-FR\",\"potentialAction\":[{\"@type\":\"CommentAction\",\"name\":\"Comment\",\"target\":[\"https:\/\/vosgesinfo.fr\/epinalinfo\/2023\/06\/epinal-bouge-lete-coup-denvoi-festival-sera-donne-vendredi-7-juillet-2\/#respond\"]}]},{\"@type\":\"WebPage\",\"@id\":\"https:\/\/vosgesinfo.fr\/epinalinfo\/2023\/06\/epinal-bouge-lete-coup-denvoi-festival-sera-donne-vendredi-7-juillet-2\/\",\"url\":\"https:\/\/vosgesinfo.fr\/epinalinfo\/2023\/06\/epinal-bouge-lete-coup-denvoi-festival-sera-donne-vendredi-7-juillet-2\/\",\"name\":\"\u00c9pinal Bouge l\u2019\u00c9t\u00e9 : le coup d'envoi du festival sera donn\u00e9 le vendredi 7 juillet - Epinal Info\",\"isPartOf\":{\"@id\":\"https:\/\/vosgesinfo.fr\/epinalinfo\/#website\"},\"primaryImageOfPage\":{\"@id\":\"https:\/\/vosgesinfo.fr\/epinalinfo\/2023\/06\/epinal-bouge-lete-coup-denvoi-festival-sera-donne-vendredi-7-juillet-2\/#primaryimage\"},\"image\":{\"@id\":\"https:\/\/vosgesinfo.fr\/epinalinfo\/2023\/06\/epinal-bouge-lete-coup-denvoi-festival-sera-donne-vendredi-7-juillet-2\/#primaryimage\"},\"thumbnailUrl\":\"https:\/\/vosgesinfo.fr\/app\/uploads\/sites\/3\/2023\/06\/p1000826.jpg\",\"datePublished\":\"2023-06-22T11:50:29+00:00\",\"dateModified\":\"2023-06-22T11:50:29+00:00\",\"breadcrumb\":{\"@id\":\"https:\/\/vosgesinfo.fr\/epinalinfo\/2023\/06\/epinal-bouge-lete-coup-denvoi-festival-sera-donne-vendredi-7-juillet-2\/#breadcrumb\"},\"inLanguage\":\"fr-FR\",\"potentialAction\":[{\"@type\":\"ReadAction\",\"target\":[\"https:\/\/vosgesinfo.fr\/epinalinfo\/2023\/06\/epinal-bouge-lete-coup-denvoi-festival-sera-donne-vendredi-7-juillet-2\/\"]}]},{\"@type\":\"ImageObject\",\"inLanguage\":\"fr-FR\",\"@id\":\"https:\/\/vosgesinfo.fr\/epinalinfo\/2023\/06\/epinal-bouge-lete-coup-denvoi-festival-sera-donne-vendredi-7-juillet-2\/#primaryimage\",\"url\":\"https:\/\/vosgesinfo.fr\/app\/uploads\/sites\/3\/2023\/06\/p1000826.jpg\",\"contentUrl\":\"https:\/\/vosgesinfo.fr\/app\/uploads\/sites\/3\/2023\/06\/p1000826.jpg\"},{\"@type\":\"BreadcrumbList\",\"@id\":\"https:\/\/vosgesinfo.fr\/epinalinfo\/2023\/06\/epinal-bouge-lete-coup-denvoi-festival-sera-donne-vendredi-7-juillet-2\/#breadcrumb\",\"itemListElement\":[{\"@type\":\"ListItem\",\"position\":1,\"name\":\"Home\",\"item\":\"https:\/\/vosgesinfo.fr\/epinalinfo\/\"},{\"@type\":\"ListItem\",\"position\":2,\"name\":\"\u00c9pinal Bouge l\u2019\u00c9t\u00e9 : le coup d&rsquo;envoi du festival sera donn\u00e9 le vendredi 7 juillet\"}]},{\"@type\":\"WebSite\",\"@id\":\"https:\/\/vosgesinfo.fr\/epinalinfo\/#website\",\"url\":\"https:\/\/vosgesinfo.fr\/epinalinfo\/\",\"name\":\"Epinal Info\",\"description\":\"Toute l&#039;actualit\u00e9 d&#039;\u00c9pinal\",\"publisher\":{\"@id\":\"https:\/\/vosgesinfo.fr\/epinalinfo\/#organization\"},\"alternateName\":\"Toute l'actualit\u00e9 d'\u00c9pinal\",\"potentialAction\":[{\"@type\":\"SearchAction\",\"target\":{\"@type\":\"EntryPoint\",\"urlTemplate\":\"https:\/\/vosgesinfo.fr\/epinalinfo\/?s={search_term_string}\"},\"query-input\":\"required name=search_term_string\"}],\"inLanguage\":\"fr-FR\"},{\"@type\":\"Organization\",\"@id\":\"https:\/\/vosgesinfo.fr\/epinalinfo\/#organization\",\"name\":\"Epinal Info\",\"url\":\"https:\/\/vosgesinfo.fr\/epinalinfo\/\",\"logo\":{\"@type\":\"ImageObject\",\"inLanguage\":\"fr-FR\",\"@id\":\"https:\/\/vosgesinfo.fr\/epinalinfo\/#\/schema\/logo\/image\/\",\"url\":\"https:\/\/vosgesinfo.fr\/app\/uploads\/sites\/3\/2023\/08\/logo-epinalinfos.svg\",\"contentUrl\":\"https:\/\/vosgesinfo.fr\/app\/uploads\/sites\/3\/2023\/08\/logo-epinalinfos.svg\",\"width\":1,\"height\":1,\"caption\":\"Epinal Info\"},\"image\":{\"@id\":\"https:\/\/vosgesinfo.fr\/epinalinfo\/#\/schema\/logo\/image\/\"},\"sameAs\":[\"https:\/\/www.facebook.com\/Epinalinfos\",\"https:\/\/x.com\/VosgesInfo88\",\"https:\/\/www.youtube.com\/@vosgesinfo\"]},{\"@type\":\"Person\",\"@id\":\"https:\/\/vosgesinfo.fr\/epinalinfo\/#\/schema\/person\/6f9a650eeea99d969b6c4ab78fccbe81\",\"name\":\"C.K.\",\"image\":{\"@type\":\"ImageObject\",\"inLanguage\":\"fr-FR\",\"@id\":\"https:\/\/vosgesinfo.fr\/epinalinfo\/#\/schema\/person\/image\/\",\"url\":\"https:\/\/secure.gravatar.com\/avatar\/48e3fc7f8421ba8942be6b74a2b7f014ca39bc00dece156b7a8e098ae7dc87bf?s=96&d=mm&r=g\",\"contentUrl\":\"https:\/\/secure.gravatar.com\/avatar\/48e3fc7f8421ba8942be6b74a2b7f014ca39bc00dece156b7a8e098ae7dc87bf?s=96&d=mm&r=g\",\"caption\":\"C.K.\"},\"url\":\"https:\/\/vosgesinfo.fr\/epinalinfo\/author\/celia-k-n\/\"}]}<\/script>\n<!-- \/ Yoast SEO plugin. -->","yoast_head_json":{"title":"\u00c9pinal Bouge l\u2019\u00c9t\u00e9 : le coup d'envoi du festival sera donn\u00e9 le vendredi 7 juillet - Epinal Info","robots":{"index":"index","follow":"follow","max-snippet":"max-snippet:-1","max-image-preview":"max-image-preview:large","max-video-preview":"max-video-preview:-1"},"canonical":"https:\/\/vosgesinfo.fr\/epinalinfo\/2023\/06\/epinal-bouge-lete-coup-denvoi-festival-sera-donne-vendredi-7-juillet-2\/","twitter_card":"summary_large_image","twitter_title":"\u00c9pinal Bouge l\u2019\u00c9t\u00e9 : le coup d'envoi du festival sera donn\u00e9 le vendredi 7 juillet - Epinal Info","twitter_description":"La directrice du festival\u00a0\u00c9pinal Bouge l\u2019Et\u00e9, Isabelle Sartori, ainsi que le maire d&rsquo;Epinal, Patrick Nardin, ont pr\u00e9sent\u00e9 le programme diversifi\u00e9 [&hellip;]","twitter_image":"https:\/\/vosgesinfo.fr\/app\/uploads\/sites\/3\/2023\/06\/p1000826.jpg","twitter_creator":"@VosgesInfo88","twitter_site":"@VosgesInfo88","twitter_misc":{"\u00c9crit par":"C.K.","Dur\u00e9e de lecture estim\u00e9e":"2 minutes"},"schema":{"@context":"https:\/\/schema.org","@graph":[{"@type":"Article","@id":"https:\/\/vosgesinfo.fr\/epinalinfo\/2023\/06\/epinal-bouge-lete-coup-denvoi-festival-sera-donne-vendredi-7-juillet-2\/#article","isPartOf":{"@id":"https:\/\/vosgesinfo.fr\/epinalinfo\/2023\/06\/epinal-bouge-lete-coup-denvoi-festival-sera-donne-vendredi-7-juillet-2\/"},"author":{"name":"C.K.","@id":"https:\/\/vosgesinfo.fr\/epinalinfo\/#\/schema\/person\/6f9a650eeea99d969b6c4ab78fccbe81"},"headline":"\u00c9pinal Bouge l\u2019\u00c9t\u00e9 : le coup d&rsquo;envoi du festival sera donn\u00e9 le vendredi 7 juillet","datePublished":"2023-06-22T11:50:29+00:00","dateModified":"2023-06-22T11:50:29+00:00","mainEntityOfPage":{"@id":"https:\/\/vosgesinfo.fr\/epinalinfo\/2023\/06\/epinal-bouge-lete-coup-denvoi-festival-sera-donne-vendredi-7-juillet-2\/"},"wordCount":400,"commentCount":0,"publisher":{"@id":"https:\/\/vosgesinfo.fr\/epinalinfo\/#organization"},"image":{"@id":"https:\/\/vosgesinfo.fr\/epinalinfo\/2023\/06\/epinal-bouge-lete-coup-denvoi-festival-sera-donne-vendredi-7-juillet-2\/#primaryimage"},"thumbnailUrl":"https:\/\/vosgesinfo.fr\/app\/uploads\/sites\/3\/2023\/06\/p1000826.jpg","keywords":["Epinal","\u00c9pinal bouge l'\u00e9t\u00e9","\u00e9t\u00e9","festival","musique","spectacles"],"articleSection":["A la Une","Culture","Musique"],"inLanguage":"fr-FR","potentialAction":[{"@type":"CommentAction","name":"Comment","target":["https:\/\/vosgesinfo.fr\/epinalinfo\/2023\/06\/epinal-bouge-lete-coup-denvoi-festival-sera-donne-vendredi-7-juillet-2\/#respond"]}]},{"@type":"WebPage","@id":"https:\/\/vosgesinfo.fr\/epinalinfo\/2023\/06\/epinal-bouge-lete-coup-denvoi-festival-sera-donne-vendredi-7-juillet-2\/","url":"https:\/\/vosgesinfo.fr\/epinalinfo\/2023\/06\/epinal-bouge-lete-coup-denvoi-festival-sera-donne-vendredi-7-juillet-2\/","name":"\u00c9pinal Bouge l\u2019\u00c9t\u00e9 : le coup d'envoi du festival sera donn\u00e9 le vendredi 7 juillet - Epinal Info","isPartOf":{"@id":"https:\/\/vosgesinfo.fr\/epinalinfo\/#website"},"primaryImageOfPage":{"@id":"https:\/\/vosgesinfo.fr\/epinalinfo\/2023\/06\/epinal-bouge-lete-coup-denvoi-festival-sera-donne-vendredi-7-juillet-2\/#primaryimage"},"image":{"@id":"https:\/\/vosgesinfo.fr\/epinalinfo\/2023\/06\/epinal-bouge-lete-coup-denvoi-festival-sera-donne-vendredi-7-juillet-2\/#primaryimage"},"thumbnailUrl":"https:\/\/vosgesinfo.fr\/app\/uploads\/sites\/3\/2023\/06\/p1000826.jpg","datePublished":"2023-06-22T11:50:29+00:00","dateModified":"2023-06-22T11:50:29+00:00","breadcrumb":{"@id":"https:\/\/vosgesinfo.fr\/epinalinfo\/2023\/06\/epinal-bouge-lete-coup-denvoi-festival-sera-donne-vendredi-7-juillet-2\/#breadcrumb"},"inLanguage":"fr-FR","potentialAction":[{"@type":"ReadAction","target":["https:\/\/vosgesinfo.fr\/epinalinfo\/2023\/06\/epinal-bouge-lete-coup-denvoi-festival-sera-donne-vendredi-7-juillet-2\/"]}]},{"@type":"ImageObject","inLanguage":"fr-FR","@id":"https:\/\/vosgesinfo.fr\/epinalinfo\/2023\/06\/epinal-bouge-lete-coup-denvoi-festival-sera-donne-vendredi-7-juillet-2\/#primaryimage","url":"https:\/\/vosgesinfo.fr\/app\/uploads\/sites\/3\/2023\/06\/p1000826.jpg","contentUrl":"https:\/\/vosgesinfo.fr\/app\/uploads\/sites\/3\/2023\/06\/p1000826.jpg"},{"@type":"BreadcrumbList","@id":"https:\/\/vosgesinfo.fr\/epinalinfo\/2023\/06\/epinal-bouge-lete-coup-denvoi-festival-sera-donne-vendredi-7-juillet-2\/#breadcrumb","itemListElement":[{"@type":"ListItem","position":1,"name":"Home","item":"https:\/\/vosgesinfo.fr\/epinalinfo\/"},{"@type":"ListItem","position":2,"name":"\u00c9pinal Bouge l\u2019\u00c9t\u00e9 : le coup d&rsquo;envoi du festival sera donn\u00e9 le vendredi 7 juillet"}]},{"@type":"WebSite","@id":"https:\/\/vosgesinfo.fr\/epinalinfo\/#website","url":"https:\/\/vosgesinfo.fr\/epinalinfo\/","name":"Epinal Info","description":"Toute l&#039;actualit\u00e9 d&#039;\u00c9pinal","publisher":{"@id":"https:\/\/vosgesinfo.fr\/epinalinfo\/#organization"},"alternateName":"Toute l'actualit\u00e9 d'\u00c9pinal","potentialAction":[{"@type":"SearchAction","target":{"@type":"EntryPoint","urlTemplate":"https:\/\/vosgesinfo.fr\/epinalinfo\/?s={search_term_string}"},"query-input":"required name=search_term_string"}],"inLanguage":"fr-FR"},{"@type":"Organization","@id":"https:\/\/vosgesinfo.fr\/epinalinfo\/#organization","name":"Epinal Info","url":"https:\/\/vosgesinfo.fr\/epinalinfo\/","logo":{"@type":"ImageObject","inLanguage":"fr-FR","@id":"https:\/\/vosgesinfo.fr\/epinalinfo\/#\/schema\/logo\/image\/","url":"https:\/\/vosgesinfo.fr\/app\/uploads\/sites\/3\/2023\/08\/logo-epinalinfos.svg","contentUrl":"https:\/\/vosgesinfo.fr\/app\/uploads\/sites\/3\/2023\/08\/logo-epinalinfos.svg","width":1,"height":1,"caption":"Epinal Info"},"image":{"@id":"https:\/\/vosgesinfo.fr\/epinalinfo\/#\/schema\/logo\/image\/"},"sameAs":["https:\/\/www.facebook.com\/Epinalinfos","https:\/\/x.com\/VosgesInfo88","https:\/\/www.youtube.com\/@vosgesinfo"]},{"@type":"Person","@id":"https:\/\/vosgesinfo.fr\/epinalinfo\/#\/schema\/person\/6f9a650eeea99d969b6c4ab78fccbe81","name":"C.K.","image":{"@type":"ImageObject","inLanguage":"fr-FR","@id":"https:\/\/vosgesinfo.fr\/epinalinfo\/#\/schema\/person\/image\/","url":"https:\/\/secure.gravatar.com\/avatar\/48e3fc7f8421ba8942be6b74a2b7f014ca39bc00dece156b7a8e098ae7dc87bf?s=96&d=mm&r=g","contentUrl":"https:\/\/secure.gravatar.com\/avatar\/48e3fc7f8421ba8942be6b74a2b7f014ca39bc00dece156b7a8e098ae7dc87bf?s=96&d=mm&r=g","caption":"C.K."},"url":"https:\/\/vosgesinfo.fr\/epinalinfo\/author\/celia-k-n\/"}]}},"_links":{"self":[{"href":"https:\/\/vosgesinfo.fr\/epinalinfo\/wp-json\/wp\/v2\/posts\/118982","targetHints":{"allow":["GET"]}}],"collection":[{"href":"https:\/\/vosgesinfo.fr\/epinalinfo\/wp-json\/wp\/v2\/posts"}],"about":[{"href":"https:\/\/vosgesinfo.fr\/epinalinfo\/wp-json\/wp\/v2\/types\/post"}],"author":[{"embeddable":true,"href":"https:\/\/vosgesinfo.fr\/epinalinfo\/wp-json\/wp\/v2\/users\/52"}],"replies":[{"embeddable":true,"href":"https:\/\/vosgesinfo.fr\/epinalinfo\/wp-json\/wp\/v2\/comments?post=118982"}],"version-history":[{"count":0,"href":"https:\/\/vosgesinfo.fr\/epinalinfo\/wp-json\/wp\/v2\/posts\/118982\/revisions"}],"wp:featuredmedia":[{"embeddable":true,"href":"https:\/\/vosgesinfo.fr\/epinalinfo\/wp-json\/wp\/v2\/media\/30627"}],"wp:attachment":[{"href":"https:\/\/vosgesinfo.fr\/epinalinfo\/wp-json\/wp\/v2\/media?parent=118982"}],"wp:term":[{"taxonomy":"category","embeddable":true,"href":"https:\/\/vosgesinfo.fr\/epinalinfo\/wp-json\/wp\/v2\/categories?post=118982"},{"taxonomy":"post_tag","embeddable":true,"href":"https:\/\/vosgesinfo.fr\/epinalinfo\/wp-json\/wp\/v2\/tags?post=118982"}],"curies":[{"name":"wp","href":"https:\/\/api.w.org\/{rel}","templated":true}]}}