{"id":118986,"date":"2023-06-23T08:00:17","date_gmt":"2023-06-23T06:00:17","guid":{"rendered":"https:\/\/vosgesinfo.fr\/epinalinfo\/2023\/06\/secheresse-prefete-vosges-declenche-niveau-dalerte-2\/"},"modified":"2023-06-23T08:00:17","modified_gmt":"2023-06-23T06:00:17","slug":"secheresse-prefete-vosges-declenche-niveau-dalerte-2","status":"publish","type":"post","link":"https:\/\/vosgesinfo.fr\/epinalinfo\/2023\/06\/secheresse-prefete-vosges-declenche-niveau-dalerte-2\/","title":{"rendered":"S\u00e9cheresse : La Pr\u00e9f\u00e8te des Vosges d\u00e9clenche le niveau d\u2019alerte"},"content":{"rendered":"<h2><span style=\"font-size: 14pt;\"><strong><a href=\"https:\/\/epinalinfos.fr\/2023\/06\/secheresse-prefete-vosges-declenche-niveau-dalerte\/secheresse-4\/\" rel=\"attachment wp-att-220892\"><img decoding=\"async\" class=\"aligncenter size-large wp-image-220892\" src=\"\/2023\/06\/secheresse-800x533.jpg\" alt=\"secheresse\" width=\"800\" height=\"533\" \/><\/a>La pr\u00e9f\u00e8te Val\u00e9rie Michel-Moreaux a d\u00e9clench\u00e9 ce mercredi 21 juin le niveau \u00ab\u00a0alerte\u00a0\u00bb pour les bassins Moselle Amont et Meurthe et Sa\u00f4ne Amont. <\/strong><\/span><\/h2>\n<p>Le d\u00e9ficit pluviom\u00e9trique global qui perdure a entra\u00een\u00e9 une baisse g\u00e9n\u00e9rale des d\u00e9bits de tous les cours d\u2019eau dans les bassins versants de la Moselle, de la Meurthe et de La Sa\u00f4ne, dans le d\u00e9partement des Vosges. Cette situation r\u00e9sulte des faibles hauteurs de pluie enregistr\u00e9es au cours des derniers mois, entra\u00eenant un ass\u00e8chement des sols assez cons\u00e9quent, tant en surface que, progressivement, en profondeur.<\/p>\n<p>Des restrictions sont donc mises en place pour les particuliers et les collectivit\u00e9s : interdiction d\u2019arroser (jardin, terrain de sport \u2026), remplir sa piscine ou laver son v\u00e9hicule en dehors des stations de lavage entre 11h et 18h, laver son v\u00e9hicules chez soi, interdiction de nettoyer des fa\u00e7ades, toitures, trottoirs.<\/p>\n<p><a href=\"https:\/\/epinalinfos.fr\/2023\/06\/secheresse-prefete-vosges-declenche-niveau-dalerte\/1-44\/\" rel=\"attachment wp-att-220891\"><img decoding=\"async\" class=\"aligncenter size-full wp-image-220891\" src=\"\/2023\/06\/1.png\" alt=\"1\" width=\"670\" height=\"355\" \/><\/a><\/p>\n","protected":false},"excerpt":{"rendered":"<p>La pr\u00e9f\u00e8te Val\u00e9rie Michel-Moreaux a d\u00e9clench\u00e9 ce mercredi 21 juin le niveau \u00ab\u00a0alerte\u00a0\u00bb pour les bassins Moselle Amont et Meurthe [&hellip;]<\/p>\n","protected":false},"author":52,"featured_media":11,"comment_status":"open","ping_status":"open","sticky":false,"template":"","format":"standard","meta":{"footnotes":""},"categories":[22,16,5],"tags":[3986,639,75],"class_list":["post-118986","post","type-post","status-publish","format-standard","has-post-thumbnail","hentry","category-a-la-une","category-environnement","category-vosges","tag-eau","tag-secheresse","tag-vosges"],"acf":[],"yoast_head":"<!-- This site is optimized with the Yoast SEO plugin v22.5 - https:\/\/yoast.com\/wordpress\/plugins\/seo\/ -->\n<title>S\u00e9cheresse : La Pr\u00e9f\u00e8te des Vosges d\u00e9clenche le niveau d\u2019alerte - Epinal Info<\/title>\n<meta name=\"robots\" content=\"index, follow, max-snippet:-1, max-image-preview:large, max-video-preview:-1\" \/>\n<link rel=\"canonical\" href=\"https:\/\/vosgesinfo.fr\/epinalinfo\/2023\/06\/secheresse-prefete-vosges-declenche-niveau-dalerte-2\/\" \/>\n<meta name=\"twitter:card\" content=\"summary_large_image\" \/>\n<meta name=\"twitter:title\" content=\"S\u00e9cheresse : La Pr\u00e9f\u00e8te des Vosges d\u00e9clenche le niveau d\u2019alerte - Epinal Info\" \/>\n<meta name=\"twitter:description\" content=\"La pr\u00e9f\u00e8te Val\u00e9rie Michel-Moreaux a d\u00e9clench\u00e9 ce mercredi 21 juin le niveau \u00ab\u00a0alerte\u00a0\u00bb pour les bassins Moselle Amont et Meurthe [&hellip;]\" \/>\n<meta name=\"twitter:image\" content=\"https:\/\/vosgesinfo.fr\/app\/uploads\/sites\/3\/2023\/08\/secheresse.jpg\" \/>\n<meta name=\"twitter:creator\" content=\"@VosgesInfo88\" \/>\n<meta name=\"twitter:site\" content=\"@VosgesInfo88\" \/>\n<meta name=\"twitter:label1\" content=\"\u00c9crit par\" \/>\n\t<meta name=\"twitter:data1\" content=\"C.K.\" \/>\n\t<meta name=\"twitter:label2\" content=\"Dur\u00e9e de lecture estim\u00e9e\" \/>\n\t<meta name=\"twitter:data2\" content=\"1 minute\" \/>\n<script type=\"application\/ld+json\" class=\"yoast-schema-graph\">{\"@context\":\"https:\/\/schema.org\",\"@graph\":[{\"@type\":\"Article\",\"@id\":\"https:\/\/vosgesinfo.fr\/epinalinfo\/2023\/06\/secheresse-prefete-vosges-declenche-niveau-dalerte-2\/#article\",\"isPartOf\":{\"@id\":\"https:\/\/vosgesinfo.fr\/epinalinfo\/2023\/06\/secheresse-prefete-vosges-declenche-niveau-dalerte-2\/\"},\"author\":{\"name\":\"C.K.\",\"@id\":\"https:\/\/vosgesinfo.fr\/epinalinfo\/#\/schema\/person\/6f9a650eeea99d969b6c4ab78fccbe81\"},\"headline\":\"S\u00e9cheresse : La Pr\u00e9f\u00e8te des Vosges d\u00e9clenche le niveau d\u2019alerte\",\"datePublished\":\"2023-06-23T06:00:17+00:00\",\"dateModified\":\"2023-06-23T06:00:17+00:00\",\"mainEntityOfPage\":{\"@id\":\"https:\/\/vosgesinfo.fr\/epinalinfo\/2023\/06\/secheresse-prefete-vosges-declenche-niveau-dalerte-2\/\"},\"wordCount\":173,\"commentCount\":0,\"publisher\":{\"@id\":\"https:\/\/vosgesinfo.fr\/epinalinfo\/#organization\"},\"image\":{\"@id\":\"https:\/\/vosgesinfo.fr\/epinalinfo\/2023\/06\/secheresse-prefete-vosges-declenche-niveau-dalerte-2\/#primaryimage\"},\"thumbnailUrl\":\"https:\/\/vosgesinfo.fr\/app\/uploads\/sites\/3\/2023\/08\/secheresse.jpg\",\"keywords\":[\"eau\",\"s\u00e9cheresse\",\"vosges\"],\"articleSection\":[\"A la Une\",\"Environnement\",\"Vosges\"],\"inLanguage\":\"fr-FR\",\"potentialAction\":[{\"@type\":\"CommentAction\",\"name\":\"Comment\",\"target\":[\"https:\/\/vosgesinfo.fr\/epinalinfo\/2023\/06\/secheresse-prefete-vosges-declenche-niveau-dalerte-2\/#respond\"]}]},{\"@type\":\"WebPage\",\"@id\":\"https:\/\/vosgesinfo.fr\/epinalinfo\/2023\/06\/secheresse-prefete-vosges-declenche-niveau-dalerte-2\/\",\"url\":\"https:\/\/vosgesinfo.fr\/epinalinfo\/2023\/06\/secheresse-prefete-vosges-declenche-niveau-dalerte-2\/\",\"name\":\"S\u00e9cheresse : La Pr\u00e9f\u00e8te des Vosges d\u00e9clenche le niveau d\u2019alerte - Epinal Info\",\"isPartOf\":{\"@id\":\"https:\/\/vosgesinfo.fr\/epinalinfo\/#website\"},\"primaryImageOfPage\":{\"@id\":\"https:\/\/vosgesinfo.fr\/epinalinfo\/2023\/06\/secheresse-prefete-vosges-declenche-niveau-dalerte-2\/#primaryimage\"},\"image\":{\"@id\":\"https:\/\/vosgesinfo.fr\/epinalinfo\/2023\/06\/secheresse-prefete-vosges-declenche-niveau-dalerte-2\/#primaryimage\"},\"thumbnailUrl\":\"https:\/\/vosgesinfo.fr\/app\/uploads\/sites\/3\/2023\/08\/secheresse.jpg\",\"datePublished\":\"2023-06-23T06:00:17+00:00\",\"dateModified\":\"2023-06-23T06:00:17+00:00\",\"breadcrumb\":{\"@id\":\"https:\/\/vosgesinfo.fr\/epinalinfo\/2023\/06\/secheresse-prefete-vosges-declenche-niveau-dalerte-2\/#breadcrumb\"},\"inLanguage\":\"fr-FR\",\"potentialAction\":[{\"@type\":\"ReadAction\",\"target\":[\"https:\/\/vosgesinfo.fr\/epinalinfo\/2023\/06\/secheresse-prefete-vosges-declenche-niveau-dalerte-2\/\"]}]},{\"@type\":\"ImageObject\",\"inLanguage\":\"fr-FR\",\"@id\":\"https:\/\/vosgesinfo.fr\/epinalinfo\/2023\/06\/secheresse-prefete-vosges-declenche-niveau-dalerte-2\/#primaryimage\",\"url\":\"https:\/\/vosgesinfo.fr\/app\/uploads\/sites\/3\/2023\/08\/secheresse.jpg\",\"contentUrl\":\"https:\/\/vosgesinfo.fr\/app\/uploads\/sites\/3\/2023\/08\/secheresse.jpg\",\"width\":800,\"height\":533},{\"@type\":\"BreadcrumbList\",\"@id\":\"https:\/\/vosgesinfo.fr\/epinalinfo\/2023\/06\/secheresse-prefete-vosges-declenche-niveau-dalerte-2\/#breadcrumb\",\"itemListElement\":[{\"@type\":\"ListItem\",\"position\":1,\"name\":\"Home\",\"item\":\"https:\/\/vosgesinfo.fr\/epinalinfo\/\"},{\"@type\":\"ListItem\",\"position\":2,\"name\":\"S\u00e9cheresse : La Pr\u00e9f\u00e8te des Vosges d\u00e9clenche le niveau d\u2019alerte\"}]},{\"@type\":\"WebSite\",\"@id\":\"https:\/\/vosgesinfo.fr\/epinalinfo\/#website\",\"url\":\"https:\/\/vosgesinfo.fr\/epinalinfo\/\",\"name\":\"Epinal Info\",\"description\":\"Toute l&#039;actualit\u00e9 d&#039;\u00c9pinal\",\"publisher\":{\"@id\":\"https:\/\/vosgesinfo.fr\/epinalinfo\/#organization\"},\"alternateName\":\"Toute l'actualit\u00e9 d'\u00c9pinal\",\"potentialAction\":[{\"@type\":\"SearchAction\",\"target\":{\"@type\":\"EntryPoint\",\"urlTemplate\":\"https:\/\/vosgesinfo.fr\/epinalinfo\/?s={search_term_string}\"},\"query-input\":\"required name=search_term_string\"}],\"inLanguage\":\"fr-FR\"},{\"@type\":\"Organization\",\"@id\":\"https:\/\/vosgesinfo.fr\/epinalinfo\/#organization\",\"name\":\"Epinal Info\",\"url\":\"https:\/\/vosgesinfo.fr\/epinalinfo\/\",\"logo\":{\"@type\":\"ImageObject\",\"inLanguage\":\"fr-FR\",\"@id\":\"https:\/\/vosgesinfo.fr\/epinalinfo\/#\/schema\/logo\/image\/\",\"url\":\"https:\/\/vosgesinfo.fr\/app\/uploads\/sites\/3\/2023\/08\/logo-epinalinfos.svg\",\"contentUrl\":\"https:\/\/vosgesinfo.fr\/app\/uploads\/sites\/3\/2023\/08\/logo-epinalinfos.svg\",\"width\":1,\"height\":1,\"caption\":\"Epinal Info\"},\"image\":{\"@id\":\"https:\/\/vosgesinfo.fr\/epinalinfo\/#\/schema\/logo\/image\/\"},\"sameAs\":[\"https:\/\/www.facebook.com\/Epinalinfos\",\"https:\/\/x.com\/VosgesInfo88\",\"https:\/\/www.youtube.com\/@vosgesinfo\"]},{\"@type\":\"Person\",\"@id\":\"https:\/\/vosgesinfo.fr\/epinalinfo\/#\/schema\/person\/6f9a650eeea99d969b6c4ab78fccbe81\",\"name\":\"C.K.\",\"image\":{\"@type\":\"ImageObject\",\"inLanguage\":\"fr-FR\",\"@id\":\"https:\/\/vosgesinfo.fr\/epinalinfo\/#\/schema\/person\/image\/\",\"url\":\"https:\/\/secure.gravatar.com\/avatar\/48e3fc7f8421ba8942be6b74a2b7f014ca39bc00dece156b7a8e098ae7dc87bf?s=96&d=mm&r=g\",\"contentUrl\":\"https:\/\/secure.gravatar.com\/avatar\/48e3fc7f8421ba8942be6b74a2b7f014ca39bc00dece156b7a8e098ae7dc87bf?s=96&d=mm&r=g\",\"caption\":\"C.K.\"},\"url\":\"https:\/\/vosgesinfo.fr\/epinalinfo\/author\/celia-k-n\/\"}]}<\/script>\n<!-- \/ Yoast SEO plugin. -->","yoast_head_json":{"title":"S\u00e9cheresse : La Pr\u00e9f\u00e8te des Vosges d\u00e9clenche le niveau d\u2019alerte - Epinal Info","robots":{"index":"index","follow":"follow","max-snippet":"max-snippet:-1","max-image-preview":"max-image-preview:large","max-video-preview":"max-video-preview:-1"},"canonical":"https:\/\/vosgesinfo.fr\/epinalinfo\/2023\/06\/secheresse-prefete-vosges-declenche-niveau-dalerte-2\/","twitter_card":"summary_large_image","twitter_title":"S\u00e9cheresse : La Pr\u00e9f\u00e8te des Vosges d\u00e9clenche le niveau d\u2019alerte - Epinal Info","twitter_description":"La pr\u00e9f\u00e8te Val\u00e9rie Michel-Moreaux a d\u00e9clench\u00e9 ce mercredi 21 juin le niveau \u00ab\u00a0alerte\u00a0\u00bb pour les bassins Moselle Amont et Meurthe [&hellip;]","twitter_image":"https:\/\/vosgesinfo.fr\/app\/uploads\/sites\/3\/2023\/08\/secheresse.jpg","twitter_creator":"@VosgesInfo88","twitter_site":"@VosgesInfo88","twitter_misc":{"\u00c9crit par":"C.K.","Dur\u00e9e de lecture estim\u00e9e":"1 minute"},"schema":{"@context":"https:\/\/schema.org","@graph":[{"@type":"Article","@id":"https:\/\/vosgesinfo.fr\/epinalinfo\/2023\/06\/secheresse-prefete-vosges-declenche-niveau-dalerte-2\/#article","isPartOf":{"@id":"https:\/\/vosgesinfo.fr\/epinalinfo\/2023\/06\/secheresse-prefete-vosges-declenche-niveau-dalerte-2\/"},"author":{"name":"C.K.","@id":"https:\/\/vosgesinfo.fr\/epinalinfo\/#\/schema\/person\/6f9a650eeea99d969b6c4ab78fccbe81"},"headline":"S\u00e9cheresse : La Pr\u00e9f\u00e8te des Vosges d\u00e9clenche le niveau d\u2019alerte","datePublished":"2023-06-23T06:00:17+00:00","dateModified":"2023-06-23T06:00:17+00:00","mainEntityOfPage":{"@id":"https:\/\/vosgesinfo.fr\/epinalinfo\/2023\/06\/secheresse-prefete-vosges-declenche-niveau-dalerte-2\/"},"wordCount":173,"commentCount":0,"publisher":{"@id":"https:\/\/vosgesinfo.fr\/epinalinfo\/#organization"},"image":{"@id":"https:\/\/vosgesinfo.fr\/epinalinfo\/2023\/06\/secheresse-prefete-vosges-declenche-niveau-dalerte-2\/#primaryimage"},"thumbnailUrl":"https:\/\/vosgesinfo.fr\/app\/uploads\/sites\/3\/2023\/08\/secheresse.jpg","keywords":["eau","s\u00e9cheresse","vosges"],"articleSection":["A la Une","Environnement","Vosges"],"inLanguage":"fr-FR","potentialAction":[{"@type":"CommentAction","name":"Comment","target":["https:\/\/vosgesinfo.fr\/epinalinfo\/2023\/06\/secheresse-prefete-vosges-declenche-niveau-dalerte-2\/#respond"]}]},{"@type":"WebPage","@id":"https:\/\/vosgesinfo.fr\/epinalinfo\/2023\/06\/secheresse-prefete-vosges-declenche-niveau-dalerte-2\/","url":"https:\/\/vosgesinfo.fr\/epinalinfo\/2023\/06\/secheresse-prefete-vosges-declenche-niveau-dalerte-2\/","name":"S\u00e9cheresse : La Pr\u00e9f\u00e8te des Vosges d\u00e9clenche le niveau d\u2019alerte - Epinal Info","isPartOf":{"@id":"https:\/\/vosgesinfo.fr\/epinalinfo\/#website"},"primaryImageOfPage":{"@id":"https:\/\/vosgesinfo.fr\/epinalinfo\/2023\/06\/secheresse-prefete-vosges-declenche-niveau-dalerte-2\/#primaryimage"},"image":{"@id":"https:\/\/vosgesinfo.fr\/epinalinfo\/2023\/06\/secheresse-prefete-vosges-declenche-niveau-dalerte-2\/#primaryimage"},"thumbnailUrl":"https:\/\/vosgesinfo.fr\/app\/uploads\/sites\/3\/2023\/08\/secheresse.jpg","datePublished":"2023-06-23T06:00:17+00:00","dateModified":"2023-06-23T06:00:17+00:00","breadcrumb":{"@id":"https:\/\/vosgesinfo.fr\/epinalinfo\/2023\/06\/secheresse-prefete-vosges-declenche-niveau-dalerte-2\/#breadcrumb"},"inLanguage":"fr-FR","potentialAction":[{"@type":"ReadAction","target":["https:\/\/vosgesinfo.fr\/epinalinfo\/2023\/06\/secheresse-prefete-vosges-declenche-niveau-dalerte-2\/"]}]},{"@type":"ImageObject","inLanguage":"fr-FR","@id":"https:\/\/vosgesinfo.fr\/epinalinfo\/2023\/06\/secheresse-prefete-vosges-declenche-niveau-dalerte-2\/#primaryimage","url":"https:\/\/vosgesinfo.fr\/app\/uploads\/sites\/3\/2023\/08\/secheresse.jpg","contentUrl":"https:\/\/vosgesinfo.fr\/app\/uploads\/sites\/3\/2023\/08\/secheresse.jpg","width":800,"height":533},{"@type":"BreadcrumbList","@id":"https:\/\/vosgesinfo.fr\/epinalinfo\/2023\/06\/secheresse-prefete-vosges-declenche-niveau-dalerte-2\/#breadcrumb","itemListElement":[{"@type":"ListItem","position":1,"name":"Home","item":"https:\/\/vosgesinfo.fr\/epinalinfo\/"},{"@type":"ListItem","position":2,"name":"S\u00e9cheresse : La Pr\u00e9f\u00e8te des Vosges d\u00e9clenche le niveau d\u2019alerte"}]},{"@type":"WebSite","@id":"https:\/\/vosgesinfo.fr\/epinalinfo\/#website","url":"https:\/\/vosgesinfo.fr\/epinalinfo\/","name":"Epinal Info","description":"Toute l&#039;actualit\u00e9 d&#039;\u00c9pinal","publisher":{"@id":"https:\/\/vosgesinfo.fr\/epinalinfo\/#organization"},"alternateName":"Toute l'actualit\u00e9 d'\u00c9pinal","potentialAction":[{"@type":"SearchAction","target":{"@type":"EntryPoint","urlTemplate":"https:\/\/vosgesinfo.fr\/epinalinfo\/?s={search_term_string}"},"query-input":"required name=search_term_string"}],"inLanguage":"fr-FR"},{"@type":"Organization","@id":"https:\/\/vosgesinfo.fr\/epinalinfo\/#organization","name":"Epinal Info","url":"https:\/\/vosgesinfo.fr\/epinalinfo\/","logo":{"@type":"ImageObject","inLanguage":"fr-FR","@id":"https:\/\/vosgesinfo.fr\/epinalinfo\/#\/schema\/logo\/image\/","url":"https:\/\/vosgesinfo.fr\/app\/uploads\/sites\/3\/2023\/08\/logo-epinalinfos.svg","contentUrl":"https:\/\/vosgesinfo.fr\/app\/uploads\/sites\/3\/2023\/08\/logo-epinalinfos.svg","width":1,"height":1,"caption":"Epinal Info"},"image":{"@id":"https:\/\/vosgesinfo.fr\/epinalinfo\/#\/schema\/logo\/image\/"},"sameAs":["https:\/\/www.facebook.com\/Epinalinfos","https:\/\/x.com\/VosgesInfo88","https:\/\/www.youtube.com\/@vosgesinfo"]},{"@type":"Person","@id":"https:\/\/vosgesinfo.fr\/epinalinfo\/#\/schema\/person\/6f9a650eeea99d969b6c4ab78fccbe81","name":"C.K.","image":{"@type":"ImageObject","inLanguage":"fr-FR","@id":"https:\/\/vosgesinfo.fr\/epinalinfo\/#\/schema\/person\/image\/","url":"https:\/\/secure.gravatar.com\/avatar\/48e3fc7f8421ba8942be6b74a2b7f014ca39bc00dece156b7a8e098ae7dc87bf?s=96&d=mm&r=g","contentUrl":"https:\/\/secure.gravatar.com\/avatar\/48e3fc7f8421ba8942be6b74a2b7f014ca39bc00dece156b7a8e098ae7dc87bf?s=96&d=mm&r=g","caption":"C.K."},"url":"https:\/\/vosgesinfo.fr\/epinalinfo\/author\/celia-k-n\/"}]}},"_links":{"self":[{"href":"https:\/\/vosgesinfo.fr\/epinalinfo\/wp-json\/wp\/v2\/posts\/118986","targetHints":{"allow":["GET"]}}],"collection":[{"href":"https:\/\/vosgesinfo.fr\/epinalinfo\/wp-json\/wp\/v2\/posts"}],"about":[{"href":"https:\/\/vosgesinfo.fr\/epinalinfo\/wp-json\/wp\/v2\/types\/post"}],"author":[{"embeddable":true,"href":"https:\/\/vosgesinfo.fr\/epinalinfo\/wp-json\/wp\/v2\/users\/52"}],"replies":[{"embeddable":true,"href":"https:\/\/vosgesinfo.fr\/epinalinfo\/wp-json\/wp\/v2\/comments?post=118986"}],"version-history":[{"count":0,"href":"https:\/\/vosgesinfo.fr\/epinalinfo\/wp-json\/wp\/v2\/posts\/118986\/revisions"}],"wp:featuredmedia":[{"embeddable":true,"href":"https:\/\/vosgesinfo.fr\/epinalinfo\/wp-json\/wp\/v2\/media\/11"}],"wp:attachment":[{"href":"https:\/\/vosgesinfo.fr\/epinalinfo\/wp-json\/wp\/v2\/media?parent=118986"}],"wp:term":[{"taxonomy":"category","embeddable":true,"href":"https:\/\/vosgesinfo.fr\/epinalinfo\/wp-json\/wp\/v2\/categories?post=118986"},{"taxonomy":"post_tag","embeddable":true,"href":"https:\/\/vosgesinfo.fr\/epinalinfo\/wp-json\/wp\/v2\/tags?post=118986"}],"curies":[{"name":"wp","href":"https:\/\/api.w.org\/{rel}","templated":true}]}}