{"id":119281,"date":"2023-08-14T16:22:14","date_gmt":"2023-08-14T14:22:14","guid":{"rendered":"https:\/\/vosgesinfo.fr\/epinalinfo\/2023\/08\/nouvelle-vague-de-chaleur-attendue-semaine-prochaine-2\/"},"modified":"2023-08-14T16:22:14","modified_gmt":"2023-08-14T14:22:14","slug":"nouvelle-vague-de-chaleur-attendue-semaine-prochaine-2","status":"publish","type":"post","link":"https:\/\/vosgesinfo.fr\/epinalinfo\/2023\/08\/nouvelle-vague-de-chaleur-attendue-semaine-prochaine-2\/","title":{"rendered":"Nouvelle vague de chaleur attendue la semaine prochaine"},"content":{"rendered":"<h2><span style=\"font-size: 14pt;\"><strong><a href=\"\/2018\/08\/soleil-chaleur-thermometer-3581190_960_720.jpg\"><img decoding=\"async\" class=\"aligncenter size-large wp-image-139716\" src=\"\/2018\/08\/soleil-chaleur-thermometer-3581190_960_720-800x401.jpg\" alt=\"soleil-chaleur-thermometer-3581190_960_720\" width=\"800\" height=\"401\" \/><\/a>La vague de chaleur qui a d\u00e9but\u00e9 en Rh\u00f4ne-Alpes ce week-end va se poursuivre et s&rsquo;\u00e9tendre aux trois quarts du pays \u00e0 partir de jeudi. Le D\u00e9partement des Vosges ne sera pas \u00e9pargn\u00e9 par ce retour de la chaleur.<\/strong> <\/span><\/h2>\n<p>Non l&rsquo;\u00e9t\u00e9 n&rsquo;est pas termin\u00e9 ! Le temps automnale de ces derniers jours a fait penser aux vosgiens que l&rsquo;\u00e9t\u00e9 \u00e9tait peut-\u00eatre termin\u00e9 avec un peu d&rsquo;avance. Mais ce n&rsquo;est pas le cas. La vague de chaleur qui a d\u00e9but\u00e9 dans la r\u00e9gion Rh\u00f4ne-Alpes ce week-end va gagner les trois quarts du pays dans le courant de la semaine. Le d\u00e9partement des Vosges ne sera pas \u00e9pargn\u00e9.<\/p>\n<p>selon <a href=\"https:\/\/actualite.lachainemeteo.com\/actualite-meteo\/2022-12-15\/tendance-a-4-semaines-fortes-chaleurs-durables-et-risque-caniculaire-65477\" target=\"_blank\" rel=\"noopener\">La Cha\u00eene M\u00e9t\u00e9o<\/a>, il y a un risque \u00e9lev\u00e9 de canicule. La semaine du 21 au 27 ao\u00fbt,<em> \u00ab\u00a0la hausse des temp\u00e9ratures entam\u00e9e durant le week-end se poursuivra et ces fortes \u00e0 tr\u00e8s fortes chaleurs s\u2019\u00e9tendront aux r\u00e9gions du nord. La probabilit\u00e9 d\u2019avoir une canicule sur le pays est estim\u00e9e pour l\u2019instant \u00e0 70%. \u00ab\u00a0<\/em> explique la Cha\u00eene M\u00e9t\u00e9o.<\/p>\n","protected":false},"excerpt":{"rendered":"<p>La vague de chaleur qui a d\u00e9but\u00e9 en Rh\u00f4ne-Alpes ce week-end va se poursuivre et s&rsquo;\u00e9tendre aux trois quarts du [&hellip;]<\/p>\n","protected":false},"author":52,"featured_media":417,"comment_status":"open","ping_status":"open","sticky":false,"template":"","format":"standard","meta":{"footnotes":""},"categories":[22,5],"tags":[],"class_list":["post-119281","post","type-post","status-publish","format-standard","has-post-thumbnail","hentry","category-a-la-une","category-vosges"],"acf":[],"yoast_head":"<!-- This site is optimized with the Yoast SEO plugin v22.5 - https:\/\/yoast.com\/wordpress\/plugins\/seo\/ -->\n<title>Nouvelle vague de chaleur attendue la semaine prochaine - Epinal Info<\/title>\n<meta name=\"robots\" content=\"index, follow, max-snippet:-1, max-image-preview:large, max-video-preview:-1\" \/>\n<link rel=\"canonical\" href=\"https:\/\/vosgesinfo.fr\/epinalinfo\/2023\/08\/nouvelle-vague-de-chaleur-attendue-semaine-prochaine-2\/\" \/>\n<meta name=\"twitter:card\" content=\"summary_large_image\" \/>\n<meta name=\"twitter:title\" content=\"Nouvelle vague de chaleur attendue la semaine prochaine - Epinal Info\" \/>\n<meta name=\"twitter:description\" content=\"La vague de chaleur qui a d\u00e9but\u00e9 en Rh\u00f4ne-Alpes ce week-end va se poursuivre et s&rsquo;\u00e9tendre aux trois quarts du [&hellip;]\" \/>\n<meta name=\"twitter:image\" content=\"https:\/\/vosgesinfo.fr\/app\/uploads\/sites\/3\/2018\/08\/soleil-chaleur-thermometer-3581190-960-720.jpg\" \/>\n<meta name=\"twitter:creator\" content=\"@VosgesInfo88\" \/>\n<meta name=\"twitter:site\" content=\"@VosgesInfo88\" \/>\n<meta name=\"twitter:label1\" content=\"\u00c9crit par\" \/>\n\t<meta name=\"twitter:data1\" content=\"C.K.\" \/>\n\t<meta name=\"twitter:label2\" content=\"Dur\u00e9e de lecture estim\u00e9e\" \/>\n\t<meta name=\"twitter:data2\" content=\"1 minute\" \/>\n<script type=\"application\/ld+json\" class=\"yoast-schema-graph\">{\"@context\":\"https:\/\/schema.org\",\"@graph\":[{\"@type\":\"Article\",\"@id\":\"https:\/\/vosgesinfo.fr\/epinalinfo\/2023\/08\/nouvelle-vague-de-chaleur-attendue-semaine-prochaine-2\/#article\",\"isPartOf\":{\"@id\":\"https:\/\/vosgesinfo.fr\/epinalinfo\/2023\/08\/nouvelle-vague-de-chaleur-attendue-semaine-prochaine-2\/\"},\"author\":{\"name\":\"C.K.\",\"@id\":\"https:\/\/vosgesinfo.fr\/epinalinfo\/#\/schema\/person\/6f9a650eeea99d969b6c4ab78fccbe81\"},\"headline\":\"Nouvelle vague de chaleur attendue la semaine prochaine\",\"datePublished\":\"2023-08-14T14:22:14+00:00\",\"dateModified\":\"2023-08-14T14:22:14+00:00\",\"mainEntityOfPage\":{\"@id\":\"https:\/\/vosgesinfo.fr\/epinalinfo\/2023\/08\/nouvelle-vague-de-chaleur-attendue-semaine-prochaine-2\/\"},\"wordCount\":195,\"commentCount\":0,\"publisher\":{\"@id\":\"https:\/\/vosgesinfo.fr\/epinalinfo\/#organization\"},\"image\":{\"@id\":\"https:\/\/vosgesinfo.fr\/epinalinfo\/2023\/08\/nouvelle-vague-de-chaleur-attendue-semaine-prochaine-2\/#primaryimage\"},\"thumbnailUrl\":\"https:\/\/vosgesinfo.fr\/app\/uploads\/sites\/3\/2018\/08\/soleil-chaleur-thermometer-3581190-960-720.jpg\",\"articleSection\":[\"A la Une\",\"Vosges\"],\"inLanguage\":\"fr-FR\",\"potentialAction\":[{\"@type\":\"CommentAction\",\"name\":\"Comment\",\"target\":[\"https:\/\/vosgesinfo.fr\/epinalinfo\/2023\/08\/nouvelle-vague-de-chaleur-attendue-semaine-prochaine-2\/#respond\"]}]},{\"@type\":\"WebPage\",\"@id\":\"https:\/\/vosgesinfo.fr\/epinalinfo\/2023\/08\/nouvelle-vague-de-chaleur-attendue-semaine-prochaine-2\/\",\"url\":\"https:\/\/vosgesinfo.fr\/epinalinfo\/2023\/08\/nouvelle-vague-de-chaleur-attendue-semaine-prochaine-2\/\",\"name\":\"Nouvelle vague de chaleur attendue la semaine prochaine - Epinal Info\",\"isPartOf\":{\"@id\":\"https:\/\/vosgesinfo.fr\/epinalinfo\/#website\"},\"primaryImageOfPage\":{\"@id\":\"https:\/\/vosgesinfo.fr\/epinalinfo\/2023\/08\/nouvelle-vague-de-chaleur-attendue-semaine-prochaine-2\/#primaryimage\"},\"image\":{\"@id\":\"https:\/\/vosgesinfo.fr\/epinalinfo\/2023\/08\/nouvelle-vague-de-chaleur-attendue-semaine-prochaine-2\/#primaryimage\"},\"thumbnailUrl\":\"https:\/\/vosgesinfo.fr\/app\/uploads\/sites\/3\/2018\/08\/soleil-chaleur-thermometer-3581190-960-720.jpg\",\"datePublished\":\"2023-08-14T14:22:14+00:00\",\"dateModified\":\"2023-08-14T14:22:14+00:00\",\"breadcrumb\":{\"@id\":\"https:\/\/vosgesinfo.fr\/epinalinfo\/2023\/08\/nouvelle-vague-de-chaleur-attendue-semaine-prochaine-2\/#breadcrumb\"},\"inLanguage\":\"fr-FR\",\"potentialAction\":[{\"@type\":\"ReadAction\",\"target\":[\"https:\/\/vosgesinfo.fr\/epinalinfo\/2023\/08\/nouvelle-vague-de-chaleur-attendue-semaine-prochaine-2\/\"]}]},{\"@type\":\"ImageObject\",\"inLanguage\":\"fr-FR\",\"@id\":\"https:\/\/vosgesinfo.fr\/epinalinfo\/2023\/08\/nouvelle-vague-de-chaleur-attendue-semaine-prochaine-2\/#primaryimage\",\"url\":\"https:\/\/vosgesinfo.fr\/app\/uploads\/sites\/3\/2018\/08\/soleil-chaleur-thermometer-3581190-960-720.jpg\",\"contentUrl\":\"https:\/\/vosgesinfo.fr\/app\/uploads\/sites\/3\/2018\/08\/soleil-chaleur-thermometer-3581190-960-720.jpg\",\"width\":960,\"height\":481},{\"@type\":\"BreadcrumbList\",\"@id\":\"https:\/\/vosgesinfo.fr\/epinalinfo\/2023\/08\/nouvelle-vague-de-chaleur-attendue-semaine-prochaine-2\/#breadcrumb\",\"itemListElement\":[{\"@type\":\"ListItem\",\"position\":1,\"name\":\"Home\",\"item\":\"https:\/\/vosgesinfo.fr\/epinalinfo\/\"},{\"@type\":\"ListItem\",\"position\":2,\"name\":\"Nouvelle vague de chaleur attendue la semaine prochaine\"}]},{\"@type\":\"WebSite\",\"@id\":\"https:\/\/vosgesinfo.fr\/epinalinfo\/#website\",\"url\":\"https:\/\/vosgesinfo.fr\/epinalinfo\/\",\"name\":\"Epinal Info\",\"description\":\"Toute l&#039;actualit\u00e9 d&#039;\u00c9pinal\",\"publisher\":{\"@id\":\"https:\/\/vosgesinfo.fr\/epinalinfo\/#organization\"},\"alternateName\":\"Toute l'actualit\u00e9 d'\u00c9pinal\",\"potentialAction\":[{\"@type\":\"SearchAction\",\"target\":{\"@type\":\"EntryPoint\",\"urlTemplate\":\"https:\/\/vosgesinfo.fr\/epinalinfo\/?s={search_term_string}\"},\"query-input\":\"required name=search_term_string\"}],\"inLanguage\":\"fr-FR\"},{\"@type\":\"Organization\",\"@id\":\"https:\/\/vosgesinfo.fr\/epinalinfo\/#organization\",\"name\":\"Epinal Info\",\"url\":\"https:\/\/vosgesinfo.fr\/epinalinfo\/\",\"logo\":{\"@type\":\"ImageObject\",\"inLanguage\":\"fr-FR\",\"@id\":\"https:\/\/vosgesinfo.fr\/epinalinfo\/#\/schema\/logo\/image\/\",\"url\":\"https:\/\/vosgesinfo.fr\/app\/uploads\/sites\/3\/2023\/08\/logo-epinalinfos.svg\",\"contentUrl\":\"https:\/\/vosgesinfo.fr\/app\/uploads\/sites\/3\/2023\/08\/logo-epinalinfos.svg\",\"width\":1,\"height\":1,\"caption\":\"Epinal Info\"},\"image\":{\"@id\":\"https:\/\/vosgesinfo.fr\/epinalinfo\/#\/schema\/logo\/image\/\"},\"sameAs\":[\"https:\/\/www.facebook.com\/Epinalinfos\",\"https:\/\/x.com\/VosgesInfo88\",\"https:\/\/www.youtube.com\/@vosgesinfo\"]},{\"@type\":\"Person\",\"@id\":\"https:\/\/vosgesinfo.fr\/epinalinfo\/#\/schema\/person\/6f9a650eeea99d969b6c4ab78fccbe81\",\"name\":\"C.K.\",\"image\":{\"@type\":\"ImageObject\",\"inLanguage\":\"fr-FR\",\"@id\":\"https:\/\/vosgesinfo.fr\/epinalinfo\/#\/schema\/person\/image\/\",\"url\":\"https:\/\/secure.gravatar.com\/avatar\/48e3fc7f8421ba8942be6b74a2b7f014ca39bc00dece156b7a8e098ae7dc87bf?s=96&d=mm&r=g\",\"contentUrl\":\"https:\/\/secure.gravatar.com\/avatar\/48e3fc7f8421ba8942be6b74a2b7f014ca39bc00dece156b7a8e098ae7dc87bf?s=96&d=mm&r=g\",\"caption\":\"C.K.\"},\"url\":\"https:\/\/vosgesinfo.fr\/epinalinfo\/author\/celia-k-n\/\"}]}<\/script>\n<!-- \/ Yoast SEO plugin. -->","yoast_head_json":{"title":"Nouvelle vague de chaleur attendue la semaine prochaine - Epinal Info","robots":{"index":"index","follow":"follow","max-snippet":"max-snippet:-1","max-image-preview":"max-image-preview:large","max-video-preview":"max-video-preview:-1"},"canonical":"https:\/\/vosgesinfo.fr\/epinalinfo\/2023\/08\/nouvelle-vague-de-chaleur-attendue-semaine-prochaine-2\/","twitter_card":"summary_large_image","twitter_title":"Nouvelle vague de chaleur attendue la semaine prochaine - Epinal Info","twitter_description":"La vague de chaleur qui a d\u00e9but\u00e9 en Rh\u00f4ne-Alpes ce week-end va se poursuivre et s&rsquo;\u00e9tendre aux trois quarts du [&hellip;]","twitter_image":"https:\/\/vosgesinfo.fr\/app\/uploads\/sites\/3\/2018\/08\/soleil-chaleur-thermometer-3581190-960-720.jpg","twitter_creator":"@VosgesInfo88","twitter_site":"@VosgesInfo88","twitter_misc":{"\u00c9crit par":"C.K.","Dur\u00e9e de lecture estim\u00e9e":"1 minute"},"schema":{"@context":"https:\/\/schema.org","@graph":[{"@type":"Article","@id":"https:\/\/vosgesinfo.fr\/epinalinfo\/2023\/08\/nouvelle-vague-de-chaleur-attendue-semaine-prochaine-2\/#article","isPartOf":{"@id":"https:\/\/vosgesinfo.fr\/epinalinfo\/2023\/08\/nouvelle-vague-de-chaleur-attendue-semaine-prochaine-2\/"},"author":{"name":"C.K.","@id":"https:\/\/vosgesinfo.fr\/epinalinfo\/#\/schema\/person\/6f9a650eeea99d969b6c4ab78fccbe81"},"headline":"Nouvelle vague de chaleur attendue la semaine prochaine","datePublished":"2023-08-14T14:22:14+00:00","dateModified":"2023-08-14T14:22:14+00:00","mainEntityOfPage":{"@id":"https:\/\/vosgesinfo.fr\/epinalinfo\/2023\/08\/nouvelle-vague-de-chaleur-attendue-semaine-prochaine-2\/"},"wordCount":195,"commentCount":0,"publisher":{"@id":"https:\/\/vosgesinfo.fr\/epinalinfo\/#organization"},"image":{"@id":"https:\/\/vosgesinfo.fr\/epinalinfo\/2023\/08\/nouvelle-vague-de-chaleur-attendue-semaine-prochaine-2\/#primaryimage"},"thumbnailUrl":"https:\/\/vosgesinfo.fr\/app\/uploads\/sites\/3\/2018\/08\/soleil-chaleur-thermometer-3581190-960-720.jpg","articleSection":["A la Une","Vosges"],"inLanguage":"fr-FR","potentialAction":[{"@type":"CommentAction","name":"Comment","target":["https:\/\/vosgesinfo.fr\/epinalinfo\/2023\/08\/nouvelle-vague-de-chaleur-attendue-semaine-prochaine-2\/#respond"]}]},{"@type":"WebPage","@id":"https:\/\/vosgesinfo.fr\/epinalinfo\/2023\/08\/nouvelle-vague-de-chaleur-attendue-semaine-prochaine-2\/","url":"https:\/\/vosgesinfo.fr\/epinalinfo\/2023\/08\/nouvelle-vague-de-chaleur-attendue-semaine-prochaine-2\/","name":"Nouvelle vague de chaleur attendue la semaine prochaine - Epinal Info","isPartOf":{"@id":"https:\/\/vosgesinfo.fr\/epinalinfo\/#website"},"primaryImageOfPage":{"@id":"https:\/\/vosgesinfo.fr\/epinalinfo\/2023\/08\/nouvelle-vague-de-chaleur-attendue-semaine-prochaine-2\/#primaryimage"},"image":{"@id":"https:\/\/vosgesinfo.fr\/epinalinfo\/2023\/08\/nouvelle-vague-de-chaleur-attendue-semaine-prochaine-2\/#primaryimage"},"thumbnailUrl":"https:\/\/vosgesinfo.fr\/app\/uploads\/sites\/3\/2018\/08\/soleil-chaleur-thermometer-3581190-960-720.jpg","datePublished":"2023-08-14T14:22:14+00:00","dateModified":"2023-08-14T14:22:14+00:00","breadcrumb":{"@id":"https:\/\/vosgesinfo.fr\/epinalinfo\/2023\/08\/nouvelle-vague-de-chaleur-attendue-semaine-prochaine-2\/#breadcrumb"},"inLanguage":"fr-FR","potentialAction":[{"@type":"ReadAction","target":["https:\/\/vosgesinfo.fr\/epinalinfo\/2023\/08\/nouvelle-vague-de-chaleur-attendue-semaine-prochaine-2\/"]}]},{"@type":"ImageObject","inLanguage":"fr-FR","@id":"https:\/\/vosgesinfo.fr\/epinalinfo\/2023\/08\/nouvelle-vague-de-chaleur-attendue-semaine-prochaine-2\/#primaryimage","url":"https:\/\/vosgesinfo.fr\/app\/uploads\/sites\/3\/2018\/08\/soleil-chaleur-thermometer-3581190-960-720.jpg","contentUrl":"https:\/\/vosgesinfo.fr\/app\/uploads\/sites\/3\/2018\/08\/soleil-chaleur-thermometer-3581190-960-720.jpg","width":960,"height":481},{"@type":"BreadcrumbList","@id":"https:\/\/vosgesinfo.fr\/epinalinfo\/2023\/08\/nouvelle-vague-de-chaleur-attendue-semaine-prochaine-2\/#breadcrumb","itemListElement":[{"@type":"ListItem","position":1,"name":"Home","item":"https:\/\/vosgesinfo.fr\/epinalinfo\/"},{"@type":"ListItem","position":2,"name":"Nouvelle vague de chaleur attendue la semaine prochaine"}]},{"@type":"WebSite","@id":"https:\/\/vosgesinfo.fr\/epinalinfo\/#website","url":"https:\/\/vosgesinfo.fr\/epinalinfo\/","name":"Epinal Info","description":"Toute l&#039;actualit\u00e9 d&#039;\u00c9pinal","publisher":{"@id":"https:\/\/vosgesinfo.fr\/epinalinfo\/#organization"},"alternateName":"Toute l'actualit\u00e9 d'\u00c9pinal","potentialAction":[{"@type":"SearchAction","target":{"@type":"EntryPoint","urlTemplate":"https:\/\/vosgesinfo.fr\/epinalinfo\/?s={search_term_string}"},"query-input":"required name=search_term_string"}],"inLanguage":"fr-FR"},{"@type":"Organization","@id":"https:\/\/vosgesinfo.fr\/epinalinfo\/#organization","name":"Epinal Info","url":"https:\/\/vosgesinfo.fr\/epinalinfo\/","logo":{"@type":"ImageObject","inLanguage":"fr-FR","@id":"https:\/\/vosgesinfo.fr\/epinalinfo\/#\/schema\/logo\/image\/","url":"https:\/\/vosgesinfo.fr\/app\/uploads\/sites\/3\/2023\/08\/logo-epinalinfos.svg","contentUrl":"https:\/\/vosgesinfo.fr\/app\/uploads\/sites\/3\/2023\/08\/logo-epinalinfos.svg","width":1,"height":1,"caption":"Epinal Info"},"image":{"@id":"https:\/\/vosgesinfo.fr\/epinalinfo\/#\/schema\/logo\/image\/"},"sameAs":["https:\/\/www.facebook.com\/Epinalinfos","https:\/\/x.com\/VosgesInfo88","https:\/\/www.youtube.com\/@vosgesinfo"]},{"@type":"Person","@id":"https:\/\/vosgesinfo.fr\/epinalinfo\/#\/schema\/person\/6f9a650eeea99d969b6c4ab78fccbe81","name":"C.K.","image":{"@type":"ImageObject","inLanguage":"fr-FR","@id":"https:\/\/vosgesinfo.fr\/epinalinfo\/#\/schema\/person\/image\/","url":"https:\/\/secure.gravatar.com\/avatar\/48e3fc7f8421ba8942be6b74a2b7f014ca39bc00dece156b7a8e098ae7dc87bf?s=96&d=mm&r=g","contentUrl":"https:\/\/secure.gravatar.com\/avatar\/48e3fc7f8421ba8942be6b74a2b7f014ca39bc00dece156b7a8e098ae7dc87bf?s=96&d=mm&r=g","caption":"C.K."},"url":"https:\/\/vosgesinfo.fr\/epinalinfo\/author\/celia-k-n\/"}]}},"_links":{"self":[{"href":"https:\/\/vosgesinfo.fr\/epinalinfo\/wp-json\/wp\/v2\/posts\/119281","targetHints":{"allow":["GET"]}}],"collection":[{"href":"https:\/\/vosgesinfo.fr\/epinalinfo\/wp-json\/wp\/v2\/posts"}],"about":[{"href":"https:\/\/vosgesinfo.fr\/epinalinfo\/wp-json\/wp\/v2\/types\/post"}],"author":[{"embeddable":true,"href":"https:\/\/vosgesinfo.fr\/epinalinfo\/wp-json\/wp\/v2\/users\/52"}],"replies":[{"embeddable":true,"href":"https:\/\/vosgesinfo.fr\/epinalinfo\/wp-json\/wp\/v2\/comments?post=119281"}],"version-history":[{"count":0,"href":"https:\/\/vosgesinfo.fr\/epinalinfo\/wp-json\/wp\/v2\/posts\/119281\/revisions"}],"wp:featuredmedia":[{"embeddable":true,"href":"https:\/\/vosgesinfo.fr\/epinalinfo\/wp-json\/wp\/v2\/media\/417"}],"wp:attachment":[{"href":"https:\/\/vosgesinfo.fr\/epinalinfo\/wp-json\/wp\/v2\/media?parent=119281"}],"wp:term":[{"taxonomy":"category","embeddable":true,"href":"https:\/\/vosgesinfo.fr\/epinalinfo\/wp-json\/wp\/v2\/categories?post=119281"},{"taxonomy":"post_tag","embeddable":true,"href":"https:\/\/vosgesinfo.fr\/epinalinfo\/wp-json\/wp\/v2\/tags?post=119281"}],"curies":[{"name":"wp","href":"https:\/\/api.w.org\/{rel}","templated":true}]}}