{"id":119412,"date":"2023-09-04T07:00:05","date_gmt":"2023-09-04T05:00:05","guid":{"rendered":"https:\/\/vosgesinfo.fr\/epinalinfo\/2023\/09\/forges-roulent-revient-10-septembre-3e-edition-2\/"},"modified":"2023-09-04T07:00:05","modified_gmt":"2023-09-04T05:00:05","slug":"forges-roulent-revient-10-septembre-3e-edition-2","status":"publish","type":"post","link":"https:\/\/vosgesinfo.fr\/epinalinfo\/2023\/09\/forges-roulent-revient-10-septembre-3e-edition-2\/","title":{"rendered":"\u00ab Les Forges roulent \u00bb revient le 10 septembre pour la 3e \u00e9dition"},"content":{"rendered":"<h2><\/h2>\n<p><a href=\"\/2023\/09\/Screenshot-2023-09-03-at-19-31-35-Affiche-les-forges-roulent.pdf.png\"><img decoding=\"async\" class=\"aligncenter size-large wp-image-223597\" src=\"\/2023\/09\/Screenshot-2023-09-03-at-19-31-35-Affiche-les-forges-roulent.pdf-800x466.png\" alt=\"Affiche les forges roulent\" width=\"800\" height=\"466\" \/><\/a><\/p>\n<h2>A l\u2019origine initi\u00e9e par la seule Municipalit\u00e9 de Les Forges, l\u2019op\u00e9ration \u00ab\u00a0Les Forges roulent\u00a0\u00bb s\u2019int\u00e8gre aujourd\u2019hui aux Folles Journ\u00e9es du V\u00e9lo en partenariat avec la ville d\u2019\u00c9pinal. L\u2019id\u00e9e principale \u00e9tant de promouvoir les mobilit\u00e9s douces et \u00e9cologiques, de 9 h \u00e0 17 h, vous pourrez profiter en toute qui\u00e9tude de la voie verte d\u2019un jour, la route <strong>D460 <\/strong>qui relie Golbey et Les Forges.<\/h2>\n<p>Et comme une bonne id\u00e9e ne vient jamais seule, la commune a invit\u00e9 toutes les associations des Forges et de l\u2019Avi\u00e8re \u00e0 se joindre \u00e0 cette manifestation, une occasion en or pour chacune de se faire conna\u00eetre. Ce ne sont pas moins de 13 associations dont une golb\u00e9enne qui seront r\u00e9unies au village \u00e9ph\u00e9m\u00e8re, lieu d\u2019animations gratuites et d\u2019un point buvette et restauration.<\/p>\n<p>Ainsi, vous pourrez jouer, tester, exp\u00e9rimenter, chanter, danser, p\u00eacher, et si le c\u0153ur vous en dit, participer m\u00eame au nettoyage des talus.<\/p>\n<p>Les b\u00e9n\u00e9voles des associations suivantes vous attendent donc avec impatience\u00a0: All Dances, ALR (Amicale Loisirs des Retrait\u00e9s), \u00a0Le BIC (Bulletin d\u2019Informations Communales), Cycle golb\u00e9en, L\u2019\u00c9cole de p\u00eache,\u00a0ES Avi\u00e8res, FAIRE (Forger un Avenir d\u2019Initiatives Responsables et Environnementales), La Forge aux livres, Forges Festi Loisirs, Mobilit\u00e9s Actives Vosges, P\u00e9tanque Club de l\u2019Avi\u00e8re, St \u00c9loi, The Squadron.<\/p>\n<p>Les deux adjoints au maire, Philippe Petit et Catherine Schmitt, organisateurs essentiels de cet \u00e9v\u00e9nement ont\u00a0 pr\u00e9cis\u00e9 qu&rsquo;il s&rsquo;agit d&rsquo;un v\u00e9ritable travail d&rsquo;\u00e9quipe et ont remerci\u00e9 tout particuli\u00e8rement les services techniques et administratifs de la commune pour leur soutien mat\u00e9riel et logistique.<\/p>\n","protected":false},"excerpt":{"rendered":"<p>A l\u2019origine initi\u00e9e par la seule Municipalit\u00e9 de Les Forges, l\u2019op\u00e9ration \u00ab\u00a0Les Forges roulent\u00a0\u00bb s\u2019int\u00e8gre aujourd\u2019hui aux Folles Journ\u00e9es du [&hellip;]<\/p>\n","protected":false},"author":70,"featured_media":786,"comment_status":"open","ping_status":"open","sticky":false,"template":"","format":"standard","meta":{"footnotes":""},"categories":[22,285,20,361],"tags":[362,363],"class_list":["post-119412","post","type-post","status-publish","format-standard","has-post-thumbnail","hentry","category-a-la-une","category-associations","category-divertissement","category-les-forges","tag-fete-des-associations","tag-les-forges-qui-roulent"],"acf":[],"yoast_head":"<!-- This site is optimized with the Yoast SEO plugin v22.5 - https:\/\/yoast.com\/wordpress\/plugins\/seo\/ -->\n<title>\u00ab Les Forges roulent \u00bb revient le 10 septembre pour la 3e \u00e9dition - Epinal Info<\/title>\n<meta name=\"robots\" content=\"index, follow, max-snippet:-1, max-image-preview:large, max-video-preview:-1\" \/>\n<link rel=\"canonical\" href=\"https:\/\/vosgesinfo.fr\/epinalinfo\/2023\/09\/forges-roulent-revient-10-septembre-3e-edition-2\/\" \/>\n<meta name=\"twitter:card\" content=\"summary_large_image\" \/>\n<meta name=\"twitter:title\" content=\"\u00ab Les Forges roulent \u00bb revient le 10 septembre pour la 3e \u00e9dition - Epinal Info\" \/>\n<meta name=\"twitter:description\" content=\"A l\u2019origine initi\u00e9e par la seule Municipalit\u00e9 de Les Forges, l\u2019op\u00e9ration \u00ab\u00a0Les Forges roulent\u00a0\u00bb s\u2019int\u00e8gre aujourd\u2019hui aux Folles Journ\u00e9es du [&hellip;]\" \/>\n<meta name=\"twitter:image\" content=\"https:\/\/vosgesinfo.fr\/app\/uploads\/sites\/3\/2023\/09\/screenshot-2023-09-03-at-19-31-35-affiche-les-forges-roulent.pdf.png\" \/>\n<meta name=\"twitter:creator\" content=\"@VosgesInfo88\" \/>\n<meta name=\"twitter:site\" content=\"@VosgesInfo88\" \/>\n<meta name=\"twitter:label1\" content=\"\u00c9crit par\" \/>\n\t<meta name=\"twitter:data1\" content=\"Myriam Laurent\" \/>\n\t<meta name=\"twitter:label2\" content=\"Dur\u00e9e de lecture estim\u00e9e\" \/>\n\t<meta name=\"twitter:data2\" content=\"1 minute\" \/>\n<script type=\"application\/ld+json\" class=\"yoast-schema-graph\">{\"@context\":\"https:\/\/schema.org\",\"@graph\":[{\"@type\":\"Article\",\"@id\":\"https:\/\/vosgesinfo.fr\/epinalinfo\/2023\/09\/forges-roulent-revient-10-septembre-3e-edition-2\/#article\",\"isPartOf\":{\"@id\":\"https:\/\/vosgesinfo.fr\/epinalinfo\/2023\/09\/forges-roulent-revient-10-septembre-3e-edition-2\/\"},\"author\":{\"name\":\"Myriam Laurent\",\"@id\":\"https:\/\/vosgesinfo.fr\/epinalinfo\/#\/schema\/person\/2b386e085a82c0016b256393b2189ae4\"},\"headline\":\"\u00ab Les Forges roulent \u00bb revient le 10 septembre pour la 3e \u00e9dition\",\"datePublished\":\"2023-09-04T05:00:05+00:00\",\"dateModified\":\"2023-09-04T05:00:05+00:00\",\"mainEntityOfPage\":{\"@id\":\"https:\/\/vosgesinfo.fr\/epinalinfo\/2023\/09\/forges-roulent-revient-10-septembre-3e-edition-2\/\"},\"wordCount\":301,\"commentCount\":0,\"publisher\":{\"@id\":\"https:\/\/vosgesinfo.fr\/epinalinfo\/#organization\"},\"image\":{\"@id\":\"https:\/\/vosgesinfo.fr\/epinalinfo\/2023\/09\/forges-roulent-revient-10-septembre-3e-edition-2\/#primaryimage\"},\"thumbnailUrl\":\"https:\/\/vosgesinfo.fr\/app\/uploads\/sites\/3\/2023\/09\/screenshot-2023-09-03-at-19-31-35-affiche-les-forges-roulent.pdf.png\",\"keywords\":[\"F\u00eate des Associations\",\"Les Forges qui roulent\"],\"articleSection\":[\"A la Une\",\"Associations\",\"Divertissement\",\"Les Forges\"],\"inLanguage\":\"fr-FR\",\"potentialAction\":[{\"@type\":\"CommentAction\",\"name\":\"Comment\",\"target\":[\"https:\/\/vosgesinfo.fr\/epinalinfo\/2023\/09\/forges-roulent-revient-10-septembre-3e-edition-2\/#respond\"]}]},{\"@type\":\"WebPage\",\"@id\":\"https:\/\/vosgesinfo.fr\/epinalinfo\/2023\/09\/forges-roulent-revient-10-septembre-3e-edition-2\/\",\"url\":\"https:\/\/vosgesinfo.fr\/epinalinfo\/2023\/09\/forges-roulent-revient-10-septembre-3e-edition-2\/\",\"name\":\"\u00ab Les Forges roulent \u00bb revient le 10 septembre pour la 3e \u00e9dition - Epinal Info\",\"isPartOf\":{\"@id\":\"https:\/\/vosgesinfo.fr\/epinalinfo\/#website\"},\"primaryImageOfPage\":{\"@id\":\"https:\/\/vosgesinfo.fr\/epinalinfo\/2023\/09\/forges-roulent-revient-10-septembre-3e-edition-2\/#primaryimage\"},\"image\":{\"@id\":\"https:\/\/vosgesinfo.fr\/epinalinfo\/2023\/09\/forges-roulent-revient-10-septembre-3e-edition-2\/#primaryimage\"},\"thumbnailUrl\":\"https:\/\/vosgesinfo.fr\/app\/uploads\/sites\/3\/2023\/09\/screenshot-2023-09-03-at-19-31-35-affiche-les-forges-roulent.pdf.png\",\"datePublished\":\"2023-09-04T05:00:05+00:00\",\"dateModified\":\"2023-09-04T05:00:05+00:00\",\"breadcrumb\":{\"@id\":\"https:\/\/vosgesinfo.fr\/epinalinfo\/2023\/09\/forges-roulent-revient-10-septembre-3e-edition-2\/#breadcrumb\"},\"inLanguage\":\"fr-FR\",\"potentialAction\":[{\"@type\":\"ReadAction\",\"target\":[\"https:\/\/vosgesinfo.fr\/epinalinfo\/2023\/09\/forges-roulent-revient-10-septembre-3e-edition-2\/\"]}]},{\"@type\":\"ImageObject\",\"inLanguage\":\"fr-FR\",\"@id\":\"https:\/\/vosgesinfo.fr\/epinalinfo\/2023\/09\/forges-roulent-revient-10-septembre-3e-edition-2\/#primaryimage\",\"url\":\"https:\/\/vosgesinfo.fr\/app\/uploads\/sites\/3\/2023\/09\/screenshot-2023-09-03-at-19-31-35-affiche-les-forges-roulent.pdf.png\",\"contentUrl\":\"https:\/\/vosgesinfo.fr\/app\/uploads\/sites\/3\/2023\/09\/screenshot-2023-09-03-at-19-31-35-affiche-les-forges-roulent.pdf.png\",\"width\":800,\"height\":466},{\"@type\":\"BreadcrumbList\",\"@id\":\"https:\/\/vosgesinfo.fr\/epinalinfo\/2023\/09\/forges-roulent-revient-10-septembre-3e-edition-2\/#breadcrumb\",\"itemListElement\":[{\"@type\":\"ListItem\",\"position\":1,\"name\":\"Home\",\"item\":\"https:\/\/vosgesinfo.fr\/epinalinfo\/\"},{\"@type\":\"ListItem\",\"position\":2,\"name\":\"\u00ab Les Forges roulent \u00bb revient le 10 septembre pour la 3e \u00e9dition\"}]},{\"@type\":\"WebSite\",\"@id\":\"https:\/\/vosgesinfo.fr\/epinalinfo\/#website\",\"url\":\"https:\/\/vosgesinfo.fr\/epinalinfo\/\",\"name\":\"Epinal Info\",\"description\":\"Toute l&#039;actualit\u00e9 d&#039;\u00c9pinal\",\"publisher\":{\"@id\":\"https:\/\/vosgesinfo.fr\/epinalinfo\/#organization\"},\"alternateName\":\"Toute l'actualit\u00e9 d'\u00c9pinal\",\"potentialAction\":[{\"@type\":\"SearchAction\",\"target\":{\"@type\":\"EntryPoint\",\"urlTemplate\":\"https:\/\/vosgesinfo.fr\/epinalinfo\/?s={search_term_string}\"},\"query-input\":\"required name=search_term_string\"}],\"inLanguage\":\"fr-FR\"},{\"@type\":\"Organization\",\"@id\":\"https:\/\/vosgesinfo.fr\/epinalinfo\/#organization\",\"name\":\"Epinal Info\",\"url\":\"https:\/\/vosgesinfo.fr\/epinalinfo\/\",\"logo\":{\"@type\":\"ImageObject\",\"inLanguage\":\"fr-FR\",\"@id\":\"https:\/\/vosgesinfo.fr\/epinalinfo\/#\/schema\/logo\/image\/\",\"url\":\"https:\/\/vosgesinfo.fr\/app\/uploads\/sites\/3\/2023\/08\/logo-epinalinfos.svg\",\"contentUrl\":\"https:\/\/vosgesinfo.fr\/app\/uploads\/sites\/3\/2023\/08\/logo-epinalinfos.svg\",\"width\":1,\"height\":1,\"caption\":\"Epinal Info\"},\"image\":{\"@id\":\"https:\/\/vosgesinfo.fr\/epinalinfo\/#\/schema\/logo\/image\/\"},\"sameAs\":[\"https:\/\/www.facebook.com\/Epinalinfos\",\"https:\/\/x.com\/VosgesInfo88\",\"https:\/\/www.youtube.com\/@vosgesinfo\"]},{\"@type\":\"Person\",\"@id\":\"https:\/\/vosgesinfo.fr\/epinalinfo\/#\/schema\/person\/2b386e085a82c0016b256393b2189ae4\",\"name\":\"Myriam Laurent\",\"image\":{\"@type\":\"ImageObject\",\"inLanguage\":\"fr-FR\",\"@id\":\"https:\/\/vosgesinfo.fr\/epinalinfo\/#\/schema\/person\/image\/\",\"url\":\"https:\/\/secure.gravatar.com\/avatar\/a409932072e5edc53edb5721b96f447ffe159ad4db11e70fcf913dff1c01503f?s=96&d=mm&r=g\",\"contentUrl\":\"https:\/\/secure.gravatar.com\/avatar\/a409932072e5edc53edb5721b96f447ffe159ad4db11e70fcf913dff1c01503f?s=96&d=mm&r=g\",\"caption\":\"Myriam Laurent\"},\"url\":\"https:\/\/vosgesinfo.fr\/epinalinfo\/author\/myriam-laurent\/\"}]}<\/script>\n<!-- \/ Yoast SEO plugin. -->","yoast_head_json":{"title":"\u00ab Les Forges roulent \u00bb revient le 10 septembre pour la 3e \u00e9dition - Epinal Info","robots":{"index":"index","follow":"follow","max-snippet":"max-snippet:-1","max-image-preview":"max-image-preview:large","max-video-preview":"max-video-preview:-1"},"canonical":"https:\/\/vosgesinfo.fr\/epinalinfo\/2023\/09\/forges-roulent-revient-10-septembre-3e-edition-2\/","twitter_card":"summary_large_image","twitter_title":"\u00ab Les Forges roulent \u00bb revient le 10 septembre pour la 3e \u00e9dition - Epinal Info","twitter_description":"A l\u2019origine initi\u00e9e par la seule Municipalit\u00e9 de Les Forges, l\u2019op\u00e9ration \u00ab\u00a0Les Forges roulent\u00a0\u00bb s\u2019int\u00e8gre aujourd\u2019hui aux Folles Journ\u00e9es du [&hellip;]","twitter_image":"https:\/\/vosgesinfo.fr\/app\/uploads\/sites\/3\/2023\/09\/screenshot-2023-09-03-at-19-31-35-affiche-les-forges-roulent.pdf.png","twitter_creator":"@VosgesInfo88","twitter_site":"@VosgesInfo88","twitter_misc":{"\u00c9crit par":"Myriam Laurent","Dur\u00e9e de lecture estim\u00e9e":"1 minute"},"schema":{"@context":"https:\/\/schema.org","@graph":[{"@type":"Article","@id":"https:\/\/vosgesinfo.fr\/epinalinfo\/2023\/09\/forges-roulent-revient-10-septembre-3e-edition-2\/#article","isPartOf":{"@id":"https:\/\/vosgesinfo.fr\/epinalinfo\/2023\/09\/forges-roulent-revient-10-septembre-3e-edition-2\/"},"author":{"name":"Myriam Laurent","@id":"https:\/\/vosgesinfo.fr\/epinalinfo\/#\/schema\/person\/2b386e085a82c0016b256393b2189ae4"},"headline":"\u00ab Les Forges roulent \u00bb revient le 10 septembre pour la 3e \u00e9dition","datePublished":"2023-09-04T05:00:05+00:00","dateModified":"2023-09-04T05:00:05+00:00","mainEntityOfPage":{"@id":"https:\/\/vosgesinfo.fr\/epinalinfo\/2023\/09\/forges-roulent-revient-10-septembre-3e-edition-2\/"},"wordCount":301,"commentCount":0,"publisher":{"@id":"https:\/\/vosgesinfo.fr\/epinalinfo\/#organization"},"image":{"@id":"https:\/\/vosgesinfo.fr\/epinalinfo\/2023\/09\/forges-roulent-revient-10-septembre-3e-edition-2\/#primaryimage"},"thumbnailUrl":"https:\/\/vosgesinfo.fr\/app\/uploads\/sites\/3\/2023\/09\/screenshot-2023-09-03-at-19-31-35-affiche-les-forges-roulent.pdf.png","keywords":["F\u00eate des Associations","Les Forges qui roulent"],"articleSection":["A la Une","Associations","Divertissement","Les Forges"],"inLanguage":"fr-FR","potentialAction":[{"@type":"CommentAction","name":"Comment","target":["https:\/\/vosgesinfo.fr\/epinalinfo\/2023\/09\/forges-roulent-revient-10-septembre-3e-edition-2\/#respond"]}]},{"@type":"WebPage","@id":"https:\/\/vosgesinfo.fr\/epinalinfo\/2023\/09\/forges-roulent-revient-10-septembre-3e-edition-2\/","url":"https:\/\/vosgesinfo.fr\/epinalinfo\/2023\/09\/forges-roulent-revient-10-septembre-3e-edition-2\/","name":"\u00ab Les Forges roulent \u00bb revient le 10 septembre pour la 3e \u00e9dition - Epinal Info","isPartOf":{"@id":"https:\/\/vosgesinfo.fr\/epinalinfo\/#website"},"primaryImageOfPage":{"@id":"https:\/\/vosgesinfo.fr\/epinalinfo\/2023\/09\/forges-roulent-revient-10-septembre-3e-edition-2\/#primaryimage"},"image":{"@id":"https:\/\/vosgesinfo.fr\/epinalinfo\/2023\/09\/forges-roulent-revient-10-septembre-3e-edition-2\/#primaryimage"},"thumbnailUrl":"https:\/\/vosgesinfo.fr\/app\/uploads\/sites\/3\/2023\/09\/screenshot-2023-09-03-at-19-31-35-affiche-les-forges-roulent.pdf.png","datePublished":"2023-09-04T05:00:05+00:00","dateModified":"2023-09-04T05:00:05+00:00","breadcrumb":{"@id":"https:\/\/vosgesinfo.fr\/epinalinfo\/2023\/09\/forges-roulent-revient-10-septembre-3e-edition-2\/#breadcrumb"},"inLanguage":"fr-FR","potentialAction":[{"@type":"ReadAction","target":["https:\/\/vosgesinfo.fr\/epinalinfo\/2023\/09\/forges-roulent-revient-10-septembre-3e-edition-2\/"]}]},{"@type":"ImageObject","inLanguage":"fr-FR","@id":"https:\/\/vosgesinfo.fr\/epinalinfo\/2023\/09\/forges-roulent-revient-10-septembre-3e-edition-2\/#primaryimage","url":"https:\/\/vosgesinfo.fr\/app\/uploads\/sites\/3\/2023\/09\/screenshot-2023-09-03-at-19-31-35-affiche-les-forges-roulent.pdf.png","contentUrl":"https:\/\/vosgesinfo.fr\/app\/uploads\/sites\/3\/2023\/09\/screenshot-2023-09-03-at-19-31-35-affiche-les-forges-roulent.pdf.png","width":800,"height":466},{"@type":"BreadcrumbList","@id":"https:\/\/vosgesinfo.fr\/epinalinfo\/2023\/09\/forges-roulent-revient-10-septembre-3e-edition-2\/#breadcrumb","itemListElement":[{"@type":"ListItem","position":1,"name":"Home","item":"https:\/\/vosgesinfo.fr\/epinalinfo\/"},{"@type":"ListItem","position":2,"name":"\u00ab Les Forges roulent \u00bb revient le 10 septembre pour la 3e \u00e9dition"}]},{"@type":"WebSite","@id":"https:\/\/vosgesinfo.fr\/epinalinfo\/#website","url":"https:\/\/vosgesinfo.fr\/epinalinfo\/","name":"Epinal Info","description":"Toute l&#039;actualit\u00e9 d&#039;\u00c9pinal","publisher":{"@id":"https:\/\/vosgesinfo.fr\/epinalinfo\/#organization"},"alternateName":"Toute l'actualit\u00e9 d'\u00c9pinal","potentialAction":[{"@type":"SearchAction","target":{"@type":"EntryPoint","urlTemplate":"https:\/\/vosgesinfo.fr\/epinalinfo\/?s={search_term_string}"},"query-input":"required name=search_term_string"}],"inLanguage":"fr-FR"},{"@type":"Organization","@id":"https:\/\/vosgesinfo.fr\/epinalinfo\/#organization","name":"Epinal Info","url":"https:\/\/vosgesinfo.fr\/epinalinfo\/","logo":{"@type":"ImageObject","inLanguage":"fr-FR","@id":"https:\/\/vosgesinfo.fr\/epinalinfo\/#\/schema\/logo\/image\/","url":"https:\/\/vosgesinfo.fr\/app\/uploads\/sites\/3\/2023\/08\/logo-epinalinfos.svg","contentUrl":"https:\/\/vosgesinfo.fr\/app\/uploads\/sites\/3\/2023\/08\/logo-epinalinfos.svg","width":1,"height":1,"caption":"Epinal Info"},"image":{"@id":"https:\/\/vosgesinfo.fr\/epinalinfo\/#\/schema\/logo\/image\/"},"sameAs":["https:\/\/www.facebook.com\/Epinalinfos","https:\/\/x.com\/VosgesInfo88","https:\/\/www.youtube.com\/@vosgesinfo"]},{"@type":"Person","@id":"https:\/\/vosgesinfo.fr\/epinalinfo\/#\/schema\/person\/2b386e085a82c0016b256393b2189ae4","name":"Myriam Laurent","image":{"@type":"ImageObject","inLanguage":"fr-FR","@id":"https:\/\/vosgesinfo.fr\/epinalinfo\/#\/schema\/person\/image\/","url":"https:\/\/secure.gravatar.com\/avatar\/a409932072e5edc53edb5721b96f447ffe159ad4db11e70fcf913dff1c01503f?s=96&d=mm&r=g","contentUrl":"https:\/\/secure.gravatar.com\/avatar\/a409932072e5edc53edb5721b96f447ffe159ad4db11e70fcf913dff1c01503f?s=96&d=mm&r=g","caption":"Myriam Laurent"},"url":"https:\/\/vosgesinfo.fr\/epinalinfo\/author\/myriam-laurent\/"}]}},"_links":{"self":[{"href":"https:\/\/vosgesinfo.fr\/epinalinfo\/wp-json\/wp\/v2\/posts\/119412","targetHints":{"allow":["GET"]}}],"collection":[{"href":"https:\/\/vosgesinfo.fr\/epinalinfo\/wp-json\/wp\/v2\/posts"}],"about":[{"href":"https:\/\/vosgesinfo.fr\/epinalinfo\/wp-json\/wp\/v2\/types\/post"}],"author":[{"embeddable":true,"href":"https:\/\/vosgesinfo.fr\/epinalinfo\/wp-json\/wp\/v2\/users\/70"}],"replies":[{"embeddable":true,"href":"https:\/\/vosgesinfo.fr\/epinalinfo\/wp-json\/wp\/v2\/comments?post=119412"}],"version-history":[{"count":0,"href":"https:\/\/vosgesinfo.fr\/epinalinfo\/wp-json\/wp\/v2\/posts\/119412\/revisions"}],"wp:featuredmedia":[{"embeddable":true,"href":"https:\/\/vosgesinfo.fr\/epinalinfo\/wp-json\/wp\/v2\/media\/786"}],"wp:attachment":[{"href":"https:\/\/vosgesinfo.fr\/epinalinfo\/wp-json\/wp\/v2\/media?parent=119412"}],"wp:term":[{"taxonomy":"category","embeddable":true,"href":"https:\/\/vosgesinfo.fr\/epinalinfo\/wp-json\/wp\/v2\/categories?post=119412"},{"taxonomy":"post_tag","embeddable":true,"href":"https:\/\/vosgesinfo.fr\/epinalinfo\/wp-json\/wp\/v2\/tags?post=119412"}],"curies":[{"name":"wp","href":"https:\/\/api.w.org\/{rel}","templated":true}]}}