{"id":119446,"date":"2023-09-08T07:52:25","date_gmt":"2023-09-08T05:52:25","guid":{"rendered":"https:\/\/vosgesinfo.fr\/epinalinfo\/2023\/09\/pieton-tue-a-charmes-complexe-discopolis-contraint-prefecture-de-fermer-2-mois-2\/"},"modified":"2023-09-08T07:52:25","modified_gmt":"2023-09-08T05:52:25","slug":"pieton-tue-a-charmes-complexe-discopolis-contraint-prefecture-de-fermer-2-mois-2","status":"publish","type":"post","link":"https:\/\/vosgesinfo.fr\/epinalinfo\/2023\/09\/pieton-tue-a-charmes-complexe-discopolis-contraint-prefecture-de-fermer-2-mois-2\/","title":{"rendered":"Pi\u00e9ton tu\u00e9 \u00e0 Charmes : le complexe Discopolis contraint par la pr\u00e9fecture de fermer 2 mois"},"content":{"rendered":"<div id=\"attachment_171393\" style=\"width: 610px\" class=\"wp-caption aligncenter\"><a href=\"\/2020\/02\/le-sphinx-charmes-discopolis.jpg\"><img decoding=\"async\" aria-describedby=\"caption-attachment-171393\" class=\"wp-image-171393 size-large\" src=\"\/2020\/02\/le-sphinx-charmes-discopolis-600x800.jpg\" alt=\"photographie FB Complexe Discopolis \" width=\"600\" height=\"800\" \/><\/a><p id=\"caption-attachment-171393\" class=\"wp-caption-text\">photographie FB Complexe Discopolis<\/p><\/div>\n<h2><span style=\"font-size: 14pt;\"><strong>Apr\u00e8s le d\u00e9c\u00e8s d&rsquo;un pi\u00e9ton fauch\u00e9 par une voiture, \u00e0 la sortie de la bo\u00eete de nuit Discopolis de Charmes, la pr\u00e9fecture a d\u00e9cid\u00e9 de fermer administrativement le Complexe pendant 2 mois, \u00e0 partir de ce vendredi 8 septembre.<\/strong><\/span><\/h2>\n<p>Le dimanche 27 ao\u00fbt, une voiture a fauch\u00e9 deux groupes de personnes et a tu\u00e9 un homme de 17 ans \u00e0 la sortie de la boite de nuit Discopolis \u00e0 Charmes, vers 5h30 du matin. Un autre homme a \u00e9t\u00e9 transport\u00e9 en urgence absolue \u00e0 l&rsquo;h\u00f4pital.<\/p>\n<p>La bo\u00eete de nuit avait d\u00e9j\u00e0 \u00e9t\u00e9 \u00e9pingl\u00e9e deux fois par la pr\u00e9fecture.La pr\u00e9fecture a d\u00e9cid\u00e9 de fermer administrativement la bo\u00eete de nuit Discopolis pendant 2 mois, \u00e0 compter de ce vendredi 8 septembre. Une d\u00e9cision que souhaitait le maire de la commune<\/p>\n","protected":false},"excerpt":{"rendered":"<p>Apr\u00e8s le d\u00e9c\u00e8s d&rsquo;un pi\u00e9ton fauch\u00e9 par une voiture, \u00e0 la sortie de la bo\u00eete de nuit Discopolis de Charmes, [&hellip;]<\/p>\n","protected":false},"author":52,"featured_media":653,"comment_status":"open","ping_status":"open","sticky":false,"template":"","format":"standard","meta":{"footnotes":""},"categories":[22,6,92,5],"tags":[110,402,403,404,405,75],"class_list":["post-119446","post","type-post","status-publish","format-standard","has-post-thumbnail","hentry","category-a-la-une","category-faits-divers","category-securite","category-vosges","tag-charmes","tag-complexe-discopolis","tag-fermeture-administrative","tag-pieton-tue-a-charmes","tag-prefecture","tag-vosges"],"acf":[],"yoast_head":"<!-- This site is optimized with the Yoast SEO plugin v22.5 - https:\/\/yoast.com\/wordpress\/plugins\/seo\/ -->\n<title>Pi\u00e9ton tu\u00e9 \u00e0 Charmes : le complexe Discopolis contraint par la pr\u00e9fecture de fermer 2 mois - Epinal Info<\/title>\n<meta name=\"robots\" content=\"index, follow, max-snippet:-1, max-image-preview:large, max-video-preview:-1\" \/>\n<link rel=\"canonical\" href=\"https:\/\/vosgesinfo.fr\/epinalinfo\/2023\/09\/pieton-tue-a-charmes-complexe-discopolis-contraint-prefecture-de-fermer-2-mois-2\/\" \/>\n<meta name=\"twitter:card\" content=\"summary_large_image\" \/>\n<meta name=\"twitter:title\" content=\"Pi\u00e9ton tu\u00e9 \u00e0 Charmes : le complexe Discopolis contraint par la pr\u00e9fecture de fermer 2 mois - Epinal Info\" \/>\n<meta name=\"twitter:description\" content=\"Apr\u00e8s le d\u00e9c\u00e8s d&rsquo;un pi\u00e9ton fauch\u00e9 par une voiture, \u00e0 la sortie de la bo\u00eete de nuit Discopolis de Charmes, [&hellip;]\" \/>\n<meta name=\"twitter:image\" content=\"https:\/\/vosgesinfo.fr\/app\/uploads\/sites\/3\/2020\/02\/le-sphinx-charmes-discopolis.jpg\" \/>\n<meta name=\"twitter:creator\" content=\"@VosgesInfo88\" \/>\n<meta name=\"twitter:site\" content=\"@VosgesInfo88\" \/>\n<meta name=\"twitter:label1\" content=\"\u00c9crit par\" \/>\n\t<meta name=\"twitter:data1\" content=\"C.K.\" \/>\n\t<meta name=\"twitter:label2\" content=\"Dur\u00e9e de lecture estim\u00e9e\" \/>\n\t<meta name=\"twitter:data2\" content=\"1 minute\" \/>\n<script type=\"application\/ld+json\" class=\"yoast-schema-graph\">{\"@context\":\"https:\/\/schema.org\",\"@graph\":[{\"@type\":\"Article\",\"@id\":\"https:\/\/vosgesinfo.fr\/epinalinfo\/2023\/09\/pieton-tue-a-charmes-complexe-discopolis-contraint-prefecture-de-fermer-2-mois-2\/#article\",\"isPartOf\":{\"@id\":\"https:\/\/vosgesinfo.fr\/epinalinfo\/2023\/09\/pieton-tue-a-charmes-complexe-discopolis-contraint-prefecture-de-fermer-2-mois-2\/\"},\"author\":{\"name\":\"C.K.\",\"@id\":\"https:\/\/vosgesinfo.fr\/epinalinfo\/#\/schema\/person\/6f9a650eeea99d969b6c4ab78fccbe81\"},\"headline\":\"Pi\u00e9ton tu\u00e9 \u00e0 Charmes : le complexe Discopolis contraint par la pr\u00e9fecture de fermer 2 mois\",\"datePublished\":\"2023-09-08T05:52:25+00:00\",\"dateModified\":\"2023-09-08T05:52:25+00:00\",\"mainEntityOfPage\":{\"@id\":\"https:\/\/vosgesinfo.fr\/epinalinfo\/2023\/09\/pieton-tue-a-charmes-complexe-discopolis-contraint-prefecture-de-fermer-2-mois-2\/\"},\"wordCount\":162,\"commentCount\":0,\"publisher\":{\"@id\":\"https:\/\/vosgesinfo.fr\/epinalinfo\/#organization\"},\"image\":{\"@id\":\"https:\/\/vosgesinfo.fr\/epinalinfo\/2023\/09\/pieton-tue-a-charmes-complexe-discopolis-contraint-prefecture-de-fermer-2-mois-2\/#primaryimage\"},\"thumbnailUrl\":\"https:\/\/vosgesinfo.fr\/app\/uploads\/sites\/3\/2020\/02\/le-sphinx-charmes-discopolis.jpg\",\"keywords\":[\"Charmes\",\"Complexe Discopolis\",\"fermeture administrative\",\"Pi\u00e9ton tu\u00e9 \u00e0 Charmes\",\"pr\u00e9fecture\",\"vosges\"],\"articleSection\":[\"A la Une\",\"Faits-divers\",\"S\u00e9curit\u00e9\",\"Vosges\"],\"inLanguage\":\"fr-FR\",\"potentialAction\":[{\"@type\":\"CommentAction\",\"name\":\"Comment\",\"target\":[\"https:\/\/vosgesinfo.fr\/epinalinfo\/2023\/09\/pieton-tue-a-charmes-complexe-discopolis-contraint-prefecture-de-fermer-2-mois-2\/#respond\"]}]},{\"@type\":\"WebPage\",\"@id\":\"https:\/\/vosgesinfo.fr\/epinalinfo\/2023\/09\/pieton-tue-a-charmes-complexe-discopolis-contraint-prefecture-de-fermer-2-mois-2\/\",\"url\":\"https:\/\/vosgesinfo.fr\/epinalinfo\/2023\/09\/pieton-tue-a-charmes-complexe-discopolis-contraint-prefecture-de-fermer-2-mois-2\/\",\"name\":\"Pi\u00e9ton tu\u00e9 \u00e0 Charmes : le complexe Discopolis contraint par la pr\u00e9fecture de fermer 2 mois - Epinal Info\",\"isPartOf\":{\"@id\":\"https:\/\/vosgesinfo.fr\/epinalinfo\/#website\"},\"primaryImageOfPage\":{\"@id\":\"https:\/\/vosgesinfo.fr\/epinalinfo\/2023\/09\/pieton-tue-a-charmes-complexe-discopolis-contraint-prefecture-de-fermer-2-mois-2\/#primaryimage\"},\"image\":{\"@id\":\"https:\/\/vosgesinfo.fr\/epinalinfo\/2023\/09\/pieton-tue-a-charmes-complexe-discopolis-contraint-prefecture-de-fermer-2-mois-2\/#primaryimage\"},\"thumbnailUrl\":\"https:\/\/vosgesinfo.fr\/app\/uploads\/sites\/3\/2020\/02\/le-sphinx-charmes-discopolis.jpg\",\"datePublished\":\"2023-09-08T05:52:25+00:00\",\"dateModified\":\"2023-09-08T05:52:25+00:00\",\"breadcrumb\":{\"@id\":\"https:\/\/vosgesinfo.fr\/epinalinfo\/2023\/09\/pieton-tue-a-charmes-complexe-discopolis-contraint-prefecture-de-fermer-2-mois-2\/#breadcrumb\"},\"inLanguage\":\"fr-FR\",\"potentialAction\":[{\"@type\":\"ReadAction\",\"target\":[\"https:\/\/vosgesinfo.fr\/epinalinfo\/2023\/09\/pieton-tue-a-charmes-complexe-discopolis-contraint-prefecture-de-fermer-2-mois-2\/\"]}]},{\"@type\":\"ImageObject\",\"inLanguage\":\"fr-FR\",\"@id\":\"https:\/\/vosgesinfo.fr\/epinalinfo\/2023\/09\/pieton-tue-a-charmes-complexe-discopolis-contraint-prefecture-de-fermer-2-mois-2\/#primaryimage\",\"url\":\"https:\/\/vosgesinfo.fr\/app\/uploads\/sites\/3\/2020\/02\/le-sphinx-charmes-discopolis.jpg\",\"contentUrl\":\"https:\/\/vosgesinfo.fr\/app\/uploads\/sites\/3\/2020\/02\/le-sphinx-charmes-discopolis.jpg\",\"width\":720,\"height\":960},{\"@type\":\"BreadcrumbList\",\"@id\":\"https:\/\/vosgesinfo.fr\/epinalinfo\/2023\/09\/pieton-tue-a-charmes-complexe-discopolis-contraint-prefecture-de-fermer-2-mois-2\/#breadcrumb\",\"itemListElement\":[{\"@type\":\"ListItem\",\"position\":1,\"name\":\"Home\",\"item\":\"https:\/\/vosgesinfo.fr\/epinalinfo\/\"},{\"@type\":\"ListItem\",\"position\":2,\"name\":\"Pi\u00e9ton tu\u00e9 \u00e0 Charmes : le complexe Discopolis contraint par la pr\u00e9fecture de fermer 2 mois\"}]},{\"@type\":\"WebSite\",\"@id\":\"https:\/\/vosgesinfo.fr\/epinalinfo\/#website\",\"url\":\"https:\/\/vosgesinfo.fr\/epinalinfo\/\",\"name\":\"Epinal Info\",\"description\":\"Toute l&#039;actualit\u00e9 d&#039;\u00c9pinal\",\"publisher\":{\"@id\":\"https:\/\/vosgesinfo.fr\/epinalinfo\/#organization\"},\"alternateName\":\"Toute l'actualit\u00e9 d'\u00c9pinal\",\"potentialAction\":[{\"@type\":\"SearchAction\",\"target\":{\"@type\":\"EntryPoint\",\"urlTemplate\":\"https:\/\/vosgesinfo.fr\/epinalinfo\/?s={search_term_string}\"},\"query-input\":\"required name=search_term_string\"}],\"inLanguage\":\"fr-FR\"},{\"@type\":\"Organization\",\"@id\":\"https:\/\/vosgesinfo.fr\/epinalinfo\/#organization\",\"name\":\"Epinal Info\",\"url\":\"https:\/\/vosgesinfo.fr\/epinalinfo\/\",\"logo\":{\"@type\":\"ImageObject\",\"inLanguage\":\"fr-FR\",\"@id\":\"https:\/\/vosgesinfo.fr\/epinalinfo\/#\/schema\/logo\/image\/\",\"url\":\"https:\/\/vosgesinfo.fr\/app\/uploads\/sites\/3\/2023\/08\/logo-epinalinfos.svg\",\"contentUrl\":\"https:\/\/vosgesinfo.fr\/app\/uploads\/sites\/3\/2023\/08\/logo-epinalinfos.svg\",\"width\":1,\"height\":1,\"caption\":\"Epinal Info\"},\"image\":{\"@id\":\"https:\/\/vosgesinfo.fr\/epinalinfo\/#\/schema\/logo\/image\/\"},\"sameAs\":[\"https:\/\/www.facebook.com\/Epinalinfos\",\"https:\/\/x.com\/VosgesInfo88\",\"https:\/\/www.youtube.com\/@vosgesinfo\"]},{\"@type\":\"Person\",\"@id\":\"https:\/\/vosgesinfo.fr\/epinalinfo\/#\/schema\/person\/6f9a650eeea99d969b6c4ab78fccbe81\",\"name\":\"C.K.\",\"image\":{\"@type\":\"ImageObject\",\"inLanguage\":\"fr-FR\",\"@id\":\"https:\/\/vosgesinfo.fr\/epinalinfo\/#\/schema\/person\/image\/\",\"url\":\"https:\/\/secure.gravatar.com\/avatar\/48e3fc7f8421ba8942be6b74a2b7f014ca39bc00dece156b7a8e098ae7dc87bf?s=96&d=mm&r=g\",\"contentUrl\":\"https:\/\/secure.gravatar.com\/avatar\/48e3fc7f8421ba8942be6b74a2b7f014ca39bc00dece156b7a8e098ae7dc87bf?s=96&d=mm&r=g\",\"caption\":\"C.K.\"},\"url\":\"https:\/\/vosgesinfo.fr\/epinalinfo\/author\/celia-k-n\/\"}]}<\/script>\n<!-- \/ Yoast SEO plugin. -->","yoast_head_json":{"title":"Pi\u00e9ton tu\u00e9 \u00e0 Charmes : le complexe Discopolis contraint par la pr\u00e9fecture de fermer 2 mois - Epinal Info","robots":{"index":"index","follow":"follow","max-snippet":"max-snippet:-1","max-image-preview":"max-image-preview:large","max-video-preview":"max-video-preview:-1"},"canonical":"https:\/\/vosgesinfo.fr\/epinalinfo\/2023\/09\/pieton-tue-a-charmes-complexe-discopolis-contraint-prefecture-de-fermer-2-mois-2\/","twitter_card":"summary_large_image","twitter_title":"Pi\u00e9ton tu\u00e9 \u00e0 Charmes : le complexe Discopolis contraint par la pr\u00e9fecture de fermer 2 mois - Epinal Info","twitter_description":"Apr\u00e8s le d\u00e9c\u00e8s d&rsquo;un pi\u00e9ton fauch\u00e9 par une voiture, \u00e0 la sortie de la bo\u00eete de nuit Discopolis de Charmes, [&hellip;]","twitter_image":"https:\/\/vosgesinfo.fr\/app\/uploads\/sites\/3\/2020\/02\/le-sphinx-charmes-discopolis.jpg","twitter_creator":"@VosgesInfo88","twitter_site":"@VosgesInfo88","twitter_misc":{"\u00c9crit par":"C.K.","Dur\u00e9e de lecture estim\u00e9e":"1 minute"},"schema":{"@context":"https:\/\/schema.org","@graph":[{"@type":"Article","@id":"https:\/\/vosgesinfo.fr\/epinalinfo\/2023\/09\/pieton-tue-a-charmes-complexe-discopolis-contraint-prefecture-de-fermer-2-mois-2\/#article","isPartOf":{"@id":"https:\/\/vosgesinfo.fr\/epinalinfo\/2023\/09\/pieton-tue-a-charmes-complexe-discopolis-contraint-prefecture-de-fermer-2-mois-2\/"},"author":{"name":"C.K.","@id":"https:\/\/vosgesinfo.fr\/epinalinfo\/#\/schema\/person\/6f9a650eeea99d969b6c4ab78fccbe81"},"headline":"Pi\u00e9ton tu\u00e9 \u00e0 Charmes : le complexe Discopolis contraint par la pr\u00e9fecture de fermer 2 mois","datePublished":"2023-09-08T05:52:25+00:00","dateModified":"2023-09-08T05:52:25+00:00","mainEntityOfPage":{"@id":"https:\/\/vosgesinfo.fr\/epinalinfo\/2023\/09\/pieton-tue-a-charmes-complexe-discopolis-contraint-prefecture-de-fermer-2-mois-2\/"},"wordCount":162,"commentCount":0,"publisher":{"@id":"https:\/\/vosgesinfo.fr\/epinalinfo\/#organization"},"image":{"@id":"https:\/\/vosgesinfo.fr\/epinalinfo\/2023\/09\/pieton-tue-a-charmes-complexe-discopolis-contraint-prefecture-de-fermer-2-mois-2\/#primaryimage"},"thumbnailUrl":"https:\/\/vosgesinfo.fr\/app\/uploads\/sites\/3\/2020\/02\/le-sphinx-charmes-discopolis.jpg","keywords":["Charmes","Complexe Discopolis","fermeture administrative","Pi\u00e9ton tu\u00e9 \u00e0 Charmes","pr\u00e9fecture","vosges"],"articleSection":["A la Une","Faits-divers","S\u00e9curit\u00e9","Vosges"],"inLanguage":"fr-FR","potentialAction":[{"@type":"CommentAction","name":"Comment","target":["https:\/\/vosgesinfo.fr\/epinalinfo\/2023\/09\/pieton-tue-a-charmes-complexe-discopolis-contraint-prefecture-de-fermer-2-mois-2\/#respond"]}]},{"@type":"WebPage","@id":"https:\/\/vosgesinfo.fr\/epinalinfo\/2023\/09\/pieton-tue-a-charmes-complexe-discopolis-contraint-prefecture-de-fermer-2-mois-2\/","url":"https:\/\/vosgesinfo.fr\/epinalinfo\/2023\/09\/pieton-tue-a-charmes-complexe-discopolis-contraint-prefecture-de-fermer-2-mois-2\/","name":"Pi\u00e9ton tu\u00e9 \u00e0 Charmes : le complexe Discopolis contraint par la pr\u00e9fecture de fermer 2 mois - Epinal Info","isPartOf":{"@id":"https:\/\/vosgesinfo.fr\/epinalinfo\/#website"},"primaryImageOfPage":{"@id":"https:\/\/vosgesinfo.fr\/epinalinfo\/2023\/09\/pieton-tue-a-charmes-complexe-discopolis-contraint-prefecture-de-fermer-2-mois-2\/#primaryimage"},"image":{"@id":"https:\/\/vosgesinfo.fr\/epinalinfo\/2023\/09\/pieton-tue-a-charmes-complexe-discopolis-contraint-prefecture-de-fermer-2-mois-2\/#primaryimage"},"thumbnailUrl":"https:\/\/vosgesinfo.fr\/app\/uploads\/sites\/3\/2020\/02\/le-sphinx-charmes-discopolis.jpg","datePublished":"2023-09-08T05:52:25+00:00","dateModified":"2023-09-08T05:52:25+00:00","breadcrumb":{"@id":"https:\/\/vosgesinfo.fr\/epinalinfo\/2023\/09\/pieton-tue-a-charmes-complexe-discopolis-contraint-prefecture-de-fermer-2-mois-2\/#breadcrumb"},"inLanguage":"fr-FR","potentialAction":[{"@type":"ReadAction","target":["https:\/\/vosgesinfo.fr\/epinalinfo\/2023\/09\/pieton-tue-a-charmes-complexe-discopolis-contraint-prefecture-de-fermer-2-mois-2\/"]}]},{"@type":"ImageObject","inLanguage":"fr-FR","@id":"https:\/\/vosgesinfo.fr\/epinalinfo\/2023\/09\/pieton-tue-a-charmes-complexe-discopolis-contraint-prefecture-de-fermer-2-mois-2\/#primaryimage","url":"https:\/\/vosgesinfo.fr\/app\/uploads\/sites\/3\/2020\/02\/le-sphinx-charmes-discopolis.jpg","contentUrl":"https:\/\/vosgesinfo.fr\/app\/uploads\/sites\/3\/2020\/02\/le-sphinx-charmes-discopolis.jpg","width":720,"height":960},{"@type":"BreadcrumbList","@id":"https:\/\/vosgesinfo.fr\/epinalinfo\/2023\/09\/pieton-tue-a-charmes-complexe-discopolis-contraint-prefecture-de-fermer-2-mois-2\/#breadcrumb","itemListElement":[{"@type":"ListItem","position":1,"name":"Home","item":"https:\/\/vosgesinfo.fr\/epinalinfo\/"},{"@type":"ListItem","position":2,"name":"Pi\u00e9ton tu\u00e9 \u00e0 Charmes : le complexe Discopolis contraint par la pr\u00e9fecture de fermer 2 mois"}]},{"@type":"WebSite","@id":"https:\/\/vosgesinfo.fr\/epinalinfo\/#website","url":"https:\/\/vosgesinfo.fr\/epinalinfo\/","name":"Epinal Info","description":"Toute l&#039;actualit\u00e9 d&#039;\u00c9pinal","publisher":{"@id":"https:\/\/vosgesinfo.fr\/epinalinfo\/#organization"},"alternateName":"Toute l'actualit\u00e9 d'\u00c9pinal","potentialAction":[{"@type":"SearchAction","target":{"@type":"EntryPoint","urlTemplate":"https:\/\/vosgesinfo.fr\/epinalinfo\/?s={search_term_string}"},"query-input":"required name=search_term_string"}],"inLanguage":"fr-FR"},{"@type":"Organization","@id":"https:\/\/vosgesinfo.fr\/epinalinfo\/#organization","name":"Epinal Info","url":"https:\/\/vosgesinfo.fr\/epinalinfo\/","logo":{"@type":"ImageObject","inLanguage":"fr-FR","@id":"https:\/\/vosgesinfo.fr\/epinalinfo\/#\/schema\/logo\/image\/","url":"https:\/\/vosgesinfo.fr\/app\/uploads\/sites\/3\/2023\/08\/logo-epinalinfos.svg","contentUrl":"https:\/\/vosgesinfo.fr\/app\/uploads\/sites\/3\/2023\/08\/logo-epinalinfos.svg","width":1,"height":1,"caption":"Epinal Info"},"image":{"@id":"https:\/\/vosgesinfo.fr\/epinalinfo\/#\/schema\/logo\/image\/"},"sameAs":["https:\/\/www.facebook.com\/Epinalinfos","https:\/\/x.com\/VosgesInfo88","https:\/\/www.youtube.com\/@vosgesinfo"]},{"@type":"Person","@id":"https:\/\/vosgesinfo.fr\/epinalinfo\/#\/schema\/person\/6f9a650eeea99d969b6c4ab78fccbe81","name":"C.K.","image":{"@type":"ImageObject","inLanguage":"fr-FR","@id":"https:\/\/vosgesinfo.fr\/epinalinfo\/#\/schema\/person\/image\/","url":"https:\/\/secure.gravatar.com\/avatar\/48e3fc7f8421ba8942be6b74a2b7f014ca39bc00dece156b7a8e098ae7dc87bf?s=96&d=mm&r=g","contentUrl":"https:\/\/secure.gravatar.com\/avatar\/48e3fc7f8421ba8942be6b74a2b7f014ca39bc00dece156b7a8e098ae7dc87bf?s=96&d=mm&r=g","caption":"C.K."},"url":"https:\/\/vosgesinfo.fr\/epinalinfo\/author\/celia-k-n\/"}]}},"_links":{"self":[{"href":"https:\/\/vosgesinfo.fr\/epinalinfo\/wp-json\/wp\/v2\/posts\/119446","targetHints":{"allow":["GET"]}}],"collection":[{"href":"https:\/\/vosgesinfo.fr\/epinalinfo\/wp-json\/wp\/v2\/posts"}],"about":[{"href":"https:\/\/vosgesinfo.fr\/epinalinfo\/wp-json\/wp\/v2\/types\/post"}],"author":[{"embeddable":true,"href":"https:\/\/vosgesinfo.fr\/epinalinfo\/wp-json\/wp\/v2\/users\/52"}],"replies":[{"embeddable":true,"href":"https:\/\/vosgesinfo.fr\/epinalinfo\/wp-json\/wp\/v2\/comments?post=119446"}],"version-history":[{"count":0,"href":"https:\/\/vosgesinfo.fr\/epinalinfo\/wp-json\/wp\/v2\/posts\/119446\/revisions"}],"wp:featuredmedia":[{"embeddable":true,"href":"https:\/\/vosgesinfo.fr\/epinalinfo\/wp-json\/wp\/v2\/media\/653"}],"wp:attachment":[{"href":"https:\/\/vosgesinfo.fr\/epinalinfo\/wp-json\/wp\/v2\/media?parent=119446"}],"wp:term":[{"taxonomy":"category","embeddable":true,"href":"https:\/\/vosgesinfo.fr\/epinalinfo\/wp-json\/wp\/v2\/categories?post=119446"},{"taxonomy":"post_tag","embeddable":true,"href":"https:\/\/vosgesinfo.fr\/epinalinfo\/wp-json\/wp\/v2\/tags?post=119446"}],"curies":[{"name":"wp","href":"https:\/\/api.w.org\/{rel}","templated":true}]}}