{"id":119476,"date":"2023-09-12T08:05:51","date_gmt":"2023-09-12T06:05:51","guid":{"rendered":"https:\/\/vosgesinfo.fr\/epinalinfo\/2023\/09\/tempsdanses-fait-sa-rentree-2\/"},"modified":"2023-09-12T08:05:51","modified_gmt":"2023-09-12T06:05:51","slug":"tempsdanses-fait-sa-rentree-2","status":"publish","type":"post","link":"https:\/\/vosgesinfo.fr\/epinalinfo\/2023\/09\/tempsdanses-fait-sa-rentree-2\/","title":{"rendered":"Tempsdanses fait sa rentr\u00e9e !"},"content":{"rendered":"<div id=\"attachment_223971\" style=\"width: 810px\" class=\"wp-caption aligncenter\"><a href=\"\/2023\/09\/thumbnail_20230906_211352.jpg\"><img decoding=\"async\" aria-describedby=\"caption-attachment-223971\" class=\"size-large wp-image-223971\" src=\"\/2023\/09\/thumbnail_20230906_211352-800x450.jpg\" alt=\"photos tempsdanses\" width=\"800\" height=\"450\" \/><\/a><p id=\"caption-attachment-223971\" class=\"wp-caption-text\">photos tempsdanses<\/p><\/div>\n<p data-smartmail=\"gmail_signature\"><strong>Des centaines de danseurs et danseuses d\u00e8s 3 ans ont foul\u00e9 cette semaine le sol du gymnase Louis Lapicque \u00e0 la d\u00e9couverte des cours propos\u00e9s par TEMPSDANSES pour cette saison 2023-2024. <\/strong><\/p>\n<p>Le club accueille les enfants d\u00e8s 3 ans et depuis cette ann\u00e9e, il propose m\u00eame des cours le samedi matin permettant ainsi aux parents des plus jeunes de pouvoir jongler entre activit\u00e9 professionnelle et \u00e9panouissement des enfants.<\/p>\n<p>Les ados et les adultes ne sont pas en reste avec \u00e9galement l&rsquo;ouverture de nouveaux cours dans la semaine pour proposer encore plus de diversit\u00e9 et ainsi participer au d\u00e9veloppement d&rsquo;un danseur ou d&rsquo;une danseuse compl\u00e8te.<br \/>\nQue ce soit juste pour le plaisir d&rsquo;une heure de d\u00e9tente par semaine ou pour progresser dans une pratique personnelle, tous les danseurs et danseuses y trouvent leur compte.<\/p>\n<p>TEMPSDANSES propose \u00e9galement cette ann\u00e9e des sessions de cours de danse \u00e0 inspiration CONTEMPORAINE suppl\u00e9mentaires qui interviendront les dimanches apr\u00e8s-midi. Les danseurs pourront soit venir ponctuellement ou encore s&rsquo;engager pour 4 s\u00e9ances et ainsi avoir le plaisir de proposer sur sc\u00e8ne la chor\u00e9graphie travaill\u00e9e \u00e0 l&rsquo;occasion du GALA CARITATIF de janvier 2024 pour la premi\u00e8re session et du GALA DE FIN D&rsquo;ANN\u00c9E pour la 2\u00e8me session.<br \/>\nTous les danseurs sont les bienvenus qu&rsquo;ils soient adh\u00e9rents au club ou non. Cela permet aux personnes qui ne peuvent se lib\u00e9rer r\u00e9guli\u00e8rement en semaine de profiter aussi d&rsquo;un moment de plaisir et de travail \u00e0 la fois.<\/p>\n<p>TEMPSDANSES proposera des stages ponctuels les week-ends pour tous, et bien s\u00fbr le tr\u00e8s attendu DUO DE CHOC permettant \u00e0 un adulte de danser avec un enfant dans une ambiance de d\u00e9tente et de fun.<\/p>\n<p>Le club est \u00e9galement toujours tr\u00e8s bien repr\u00e9sent\u00e9 sur les danses LATINO. En effet, la SALSA la BACHATA et la KIZOMBA se travaillent jusqu&rsquo;\u00e0 3 niveaux pour accompagner au mieux les d\u00e9butants comme les confirm\u00e9s. La \u00ab\u00a0PRATICA SBK\u00a0\u00bb propos\u00e9e le mardi soir est encore une chance de plus de lier plaisir et travail.<\/p>\n<p>Si les \u00e9quipes de comp\u00e9titeurs s\u00e9lectionn\u00e9s pour la COUPE DU MONDE en Slov\u00e9nie en novembre sont d\u00e9j\u00e0 dans les starting-blocks, les r\u00e9sultats de la saison pass\u00e9e ont donn\u00e9 envie \u00e0 beaucoup de franchir le cap. La section comp\u00e9tition va donc s&rsquo;agrandir et monter de nouvelles \u00e9quipes pour aller d\u00e9fendre les couleurs du club d\u00e8s f\u00e9vrier prochain.<\/p>\n<div data-smartmail=\"gmail_signature\">\n\n<\/div>\n<div data-smartmail=\"gmail_signature\"><\/div>\n<div dir=\"auto\" data-smartmail=\"gmail_signature\"><\/div>\n","protected":false},"excerpt":{"rendered":"<p>Des centaines de danseurs et danseuses d\u00e8s 3 ans ont foul\u00e9 cette semaine le sol du gymnase Louis Lapicque \u00e0 [&hellip;]<\/p>\n","protected":false},"author":52,"featured_media":1000,"comment_status":"open","ping_status":"open","sticky":false,"template":"","format":"standard","meta":{"footnotes":""},"categories":[22,24,7],"tags":[460,70,218,461],"class_list":["post-119476","post","type-post","status-publish","format-standard","has-post-thumbnail","hentry","category-a-la-une","category-epinal","category-sport","tag-danse","tag-epinal","tag-sport","tag-tempsdanses"],"acf":[],"yoast_head":"<!-- This site is optimized with the Yoast SEO plugin v22.5 - https:\/\/yoast.com\/wordpress\/plugins\/seo\/ -->\n<title>Tempsdanses fait sa rentr\u00e9e ! - Epinal Info<\/title>\n<meta name=\"robots\" content=\"index, follow, max-snippet:-1, max-image-preview:large, max-video-preview:-1\" \/>\n<link rel=\"canonical\" href=\"https:\/\/vosgesinfo.fr\/epinalinfo\/2023\/09\/tempsdanses-fait-sa-rentree-2\/\" \/>\n<meta name=\"twitter:card\" content=\"summary_large_image\" \/>\n<meta name=\"twitter:title\" content=\"Tempsdanses fait sa rentr\u00e9e ! - Epinal Info\" \/>\n<meta name=\"twitter:description\" content=\"Des centaines de danseurs et danseuses d\u00e8s 3 ans ont foul\u00e9 cette semaine le sol du gymnase Louis Lapicque \u00e0 [&hellip;]\" \/>\n<meta name=\"twitter:image\" content=\"https:\/\/vosgesinfo.fr\/app\/uploads\/sites\/3\/2023\/09\/thumbnail-20230906-211352.jpg\" \/>\n<meta name=\"twitter:creator\" content=\"@VosgesInfo88\" \/>\n<meta name=\"twitter:site\" content=\"@VosgesInfo88\" \/>\n<meta name=\"twitter:label1\" content=\"\u00c9crit par\" \/>\n\t<meta name=\"twitter:data1\" content=\"C.K.\" \/>\n\t<meta name=\"twitter:label2\" content=\"Dur\u00e9e de lecture estim\u00e9e\" \/>\n\t<meta name=\"twitter:data2\" content=\"2 minutes\" \/>\n<script type=\"application\/ld+json\" class=\"yoast-schema-graph\">{\"@context\":\"https:\/\/schema.org\",\"@graph\":[{\"@type\":\"Article\",\"@id\":\"https:\/\/vosgesinfo.fr\/epinalinfo\/2023\/09\/tempsdanses-fait-sa-rentree-2\/#article\",\"isPartOf\":{\"@id\":\"https:\/\/vosgesinfo.fr\/epinalinfo\/2023\/09\/tempsdanses-fait-sa-rentree-2\/\"},\"author\":{\"name\":\"C.K.\",\"@id\":\"https:\/\/vosgesinfo.fr\/epinalinfo\/#\/schema\/person\/6f9a650eeea99d969b6c4ab78fccbe81\"},\"headline\":\"Tempsdanses fait sa rentr\u00e9e !\",\"datePublished\":\"2023-09-12T06:05:51+00:00\",\"dateModified\":\"2023-09-12T06:05:51+00:00\",\"mainEntityOfPage\":{\"@id\":\"https:\/\/vosgesinfo.fr\/epinalinfo\/2023\/09\/tempsdanses-fait-sa-rentree-2\/\"},\"wordCount\":445,\"commentCount\":0,\"publisher\":{\"@id\":\"https:\/\/vosgesinfo.fr\/epinalinfo\/#organization\"},\"image\":{\"@id\":\"https:\/\/vosgesinfo.fr\/epinalinfo\/2023\/09\/tempsdanses-fait-sa-rentree-2\/#primaryimage\"},\"thumbnailUrl\":\"https:\/\/vosgesinfo.fr\/app\/uploads\/sites\/3\/2023\/09\/thumbnail-20230906-211352.jpg\",\"keywords\":[\"danse\",\"Epinal\",\"sport\",\"TEMPSDANSES\"],\"articleSection\":[\"A la Une\",\"Epinal\",\"Sport\"],\"inLanguage\":\"fr-FR\",\"potentialAction\":[{\"@type\":\"CommentAction\",\"name\":\"Comment\",\"target\":[\"https:\/\/vosgesinfo.fr\/epinalinfo\/2023\/09\/tempsdanses-fait-sa-rentree-2\/#respond\"]}]},{\"@type\":\"WebPage\",\"@id\":\"https:\/\/vosgesinfo.fr\/epinalinfo\/2023\/09\/tempsdanses-fait-sa-rentree-2\/\",\"url\":\"https:\/\/vosgesinfo.fr\/epinalinfo\/2023\/09\/tempsdanses-fait-sa-rentree-2\/\",\"name\":\"Tempsdanses fait sa rentr\u00e9e ! - Epinal Info\",\"isPartOf\":{\"@id\":\"https:\/\/vosgesinfo.fr\/epinalinfo\/#website\"},\"primaryImageOfPage\":{\"@id\":\"https:\/\/vosgesinfo.fr\/epinalinfo\/2023\/09\/tempsdanses-fait-sa-rentree-2\/#primaryimage\"},\"image\":{\"@id\":\"https:\/\/vosgesinfo.fr\/epinalinfo\/2023\/09\/tempsdanses-fait-sa-rentree-2\/#primaryimage\"},\"thumbnailUrl\":\"https:\/\/vosgesinfo.fr\/app\/uploads\/sites\/3\/2023\/09\/thumbnail-20230906-211352.jpg\",\"datePublished\":\"2023-09-12T06:05:51+00:00\",\"dateModified\":\"2023-09-12T06:05:51+00:00\",\"breadcrumb\":{\"@id\":\"https:\/\/vosgesinfo.fr\/epinalinfo\/2023\/09\/tempsdanses-fait-sa-rentree-2\/#breadcrumb\"},\"inLanguage\":\"fr-FR\",\"potentialAction\":[{\"@type\":\"ReadAction\",\"target\":[\"https:\/\/vosgesinfo.fr\/epinalinfo\/2023\/09\/tempsdanses-fait-sa-rentree-2\/\"]}]},{\"@type\":\"ImageObject\",\"inLanguage\":\"fr-FR\",\"@id\":\"https:\/\/vosgesinfo.fr\/epinalinfo\/2023\/09\/tempsdanses-fait-sa-rentree-2\/#primaryimage\",\"url\":\"https:\/\/vosgesinfo.fr\/app\/uploads\/sites\/3\/2023\/09\/thumbnail-20230906-211352.jpg\",\"contentUrl\":\"https:\/\/vosgesinfo.fr\/app\/uploads\/sites\/3\/2023\/09\/thumbnail-20230906-211352.jpg\",\"width\":800,\"height\":450},{\"@type\":\"BreadcrumbList\",\"@id\":\"https:\/\/vosgesinfo.fr\/epinalinfo\/2023\/09\/tempsdanses-fait-sa-rentree-2\/#breadcrumb\",\"itemListElement\":[{\"@type\":\"ListItem\",\"position\":1,\"name\":\"Home\",\"item\":\"https:\/\/vosgesinfo.fr\/epinalinfo\/\"},{\"@type\":\"ListItem\",\"position\":2,\"name\":\"Tempsdanses fait sa rentr\u00e9e !\"}]},{\"@type\":\"WebSite\",\"@id\":\"https:\/\/vosgesinfo.fr\/epinalinfo\/#website\",\"url\":\"https:\/\/vosgesinfo.fr\/epinalinfo\/\",\"name\":\"Epinal Info\",\"description\":\"Toute l&#039;actualit\u00e9 d&#039;\u00c9pinal\",\"publisher\":{\"@id\":\"https:\/\/vosgesinfo.fr\/epinalinfo\/#organization\"},\"alternateName\":\"Toute l'actualit\u00e9 d'\u00c9pinal\",\"potentialAction\":[{\"@type\":\"SearchAction\",\"target\":{\"@type\":\"EntryPoint\",\"urlTemplate\":\"https:\/\/vosgesinfo.fr\/epinalinfo\/?s={search_term_string}\"},\"query-input\":\"required name=search_term_string\"}],\"inLanguage\":\"fr-FR\"},{\"@type\":\"Organization\",\"@id\":\"https:\/\/vosgesinfo.fr\/epinalinfo\/#organization\",\"name\":\"Epinal Info\",\"url\":\"https:\/\/vosgesinfo.fr\/epinalinfo\/\",\"logo\":{\"@type\":\"ImageObject\",\"inLanguage\":\"fr-FR\",\"@id\":\"https:\/\/vosgesinfo.fr\/epinalinfo\/#\/schema\/logo\/image\/\",\"url\":\"https:\/\/vosgesinfo.fr\/app\/uploads\/sites\/3\/2023\/08\/logo-epinalinfos.svg\",\"contentUrl\":\"https:\/\/vosgesinfo.fr\/app\/uploads\/sites\/3\/2023\/08\/logo-epinalinfos.svg\",\"width\":1,\"height\":1,\"caption\":\"Epinal Info\"},\"image\":{\"@id\":\"https:\/\/vosgesinfo.fr\/epinalinfo\/#\/schema\/logo\/image\/\"},\"sameAs\":[\"https:\/\/www.facebook.com\/Epinalinfos\",\"https:\/\/x.com\/VosgesInfo88\",\"https:\/\/www.youtube.com\/@vosgesinfo\"]},{\"@type\":\"Person\",\"@id\":\"https:\/\/vosgesinfo.fr\/epinalinfo\/#\/schema\/person\/6f9a650eeea99d969b6c4ab78fccbe81\",\"name\":\"C.K.\",\"image\":{\"@type\":\"ImageObject\",\"inLanguage\":\"fr-FR\",\"@id\":\"https:\/\/vosgesinfo.fr\/epinalinfo\/#\/schema\/person\/image\/\",\"url\":\"https:\/\/secure.gravatar.com\/avatar\/48e3fc7f8421ba8942be6b74a2b7f014ca39bc00dece156b7a8e098ae7dc87bf?s=96&d=mm&r=g\",\"contentUrl\":\"https:\/\/secure.gravatar.com\/avatar\/48e3fc7f8421ba8942be6b74a2b7f014ca39bc00dece156b7a8e098ae7dc87bf?s=96&d=mm&r=g\",\"caption\":\"C.K.\"},\"url\":\"https:\/\/vosgesinfo.fr\/epinalinfo\/author\/celia-k-n\/\"}]}<\/script>\n<!-- \/ Yoast SEO plugin. -->","yoast_head_json":{"title":"Tempsdanses fait sa rentr\u00e9e ! - Epinal Info","robots":{"index":"index","follow":"follow","max-snippet":"max-snippet:-1","max-image-preview":"max-image-preview:large","max-video-preview":"max-video-preview:-1"},"canonical":"https:\/\/vosgesinfo.fr\/epinalinfo\/2023\/09\/tempsdanses-fait-sa-rentree-2\/","twitter_card":"summary_large_image","twitter_title":"Tempsdanses fait sa rentr\u00e9e ! - Epinal Info","twitter_description":"Des centaines de danseurs et danseuses d\u00e8s 3 ans ont foul\u00e9 cette semaine le sol du gymnase Louis Lapicque \u00e0 [&hellip;]","twitter_image":"https:\/\/vosgesinfo.fr\/app\/uploads\/sites\/3\/2023\/09\/thumbnail-20230906-211352.jpg","twitter_creator":"@VosgesInfo88","twitter_site":"@VosgesInfo88","twitter_misc":{"\u00c9crit par":"C.K.","Dur\u00e9e de lecture estim\u00e9e":"2 minutes"},"schema":{"@context":"https:\/\/schema.org","@graph":[{"@type":"Article","@id":"https:\/\/vosgesinfo.fr\/epinalinfo\/2023\/09\/tempsdanses-fait-sa-rentree-2\/#article","isPartOf":{"@id":"https:\/\/vosgesinfo.fr\/epinalinfo\/2023\/09\/tempsdanses-fait-sa-rentree-2\/"},"author":{"name":"C.K.","@id":"https:\/\/vosgesinfo.fr\/epinalinfo\/#\/schema\/person\/6f9a650eeea99d969b6c4ab78fccbe81"},"headline":"Tempsdanses fait sa rentr\u00e9e !","datePublished":"2023-09-12T06:05:51+00:00","dateModified":"2023-09-12T06:05:51+00:00","mainEntityOfPage":{"@id":"https:\/\/vosgesinfo.fr\/epinalinfo\/2023\/09\/tempsdanses-fait-sa-rentree-2\/"},"wordCount":445,"commentCount":0,"publisher":{"@id":"https:\/\/vosgesinfo.fr\/epinalinfo\/#organization"},"image":{"@id":"https:\/\/vosgesinfo.fr\/epinalinfo\/2023\/09\/tempsdanses-fait-sa-rentree-2\/#primaryimage"},"thumbnailUrl":"https:\/\/vosgesinfo.fr\/app\/uploads\/sites\/3\/2023\/09\/thumbnail-20230906-211352.jpg","keywords":["danse","Epinal","sport","TEMPSDANSES"],"articleSection":["A la Une","Epinal","Sport"],"inLanguage":"fr-FR","potentialAction":[{"@type":"CommentAction","name":"Comment","target":["https:\/\/vosgesinfo.fr\/epinalinfo\/2023\/09\/tempsdanses-fait-sa-rentree-2\/#respond"]}]},{"@type":"WebPage","@id":"https:\/\/vosgesinfo.fr\/epinalinfo\/2023\/09\/tempsdanses-fait-sa-rentree-2\/","url":"https:\/\/vosgesinfo.fr\/epinalinfo\/2023\/09\/tempsdanses-fait-sa-rentree-2\/","name":"Tempsdanses fait sa rentr\u00e9e ! - Epinal Info","isPartOf":{"@id":"https:\/\/vosgesinfo.fr\/epinalinfo\/#website"},"primaryImageOfPage":{"@id":"https:\/\/vosgesinfo.fr\/epinalinfo\/2023\/09\/tempsdanses-fait-sa-rentree-2\/#primaryimage"},"image":{"@id":"https:\/\/vosgesinfo.fr\/epinalinfo\/2023\/09\/tempsdanses-fait-sa-rentree-2\/#primaryimage"},"thumbnailUrl":"https:\/\/vosgesinfo.fr\/app\/uploads\/sites\/3\/2023\/09\/thumbnail-20230906-211352.jpg","datePublished":"2023-09-12T06:05:51+00:00","dateModified":"2023-09-12T06:05:51+00:00","breadcrumb":{"@id":"https:\/\/vosgesinfo.fr\/epinalinfo\/2023\/09\/tempsdanses-fait-sa-rentree-2\/#breadcrumb"},"inLanguage":"fr-FR","potentialAction":[{"@type":"ReadAction","target":["https:\/\/vosgesinfo.fr\/epinalinfo\/2023\/09\/tempsdanses-fait-sa-rentree-2\/"]}]},{"@type":"ImageObject","inLanguage":"fr-FR","@id":"https:\/\/vosgesinfo.fr\/epinalinfo\/2023\/09\/tempsdanses-fait-sa-rentree-2\/#primaryimage","url":"https:\/\/vosgesinfo.fr\/app\/uploads\/sites\/3\/2023\/09\/thumbnail-20230906-211352.jpg","contentUrl":"https:\/\/vosgesinfo.fr\/app\/uploads\/sites\/3\/2023\/09\/thumbnail-20230906-211352.jpg","width":800,"height":450},{"@type":"BreadcrumbList","@id":"https:\/\/vosgesinfo.fr\/epinalinfo\/2023\/09\/tempsdanses-fait-sa-rentree-2\/#breadcrumb","itemListElement":[{"@type":"ListItem","position":1,"name":"Home","item":"https:\/\/vosgesinfo.fr\/epinalinfo\/"},{"@type":"ListItem","position":2,"name":"Tempsdanses fait sa rentr\u00e9e !"}]},{"@type":"WebSite","@id":"https:\/\/vosgesinfo.fr\/epinalinfo\/#website","url":"https:\/\/vosgesinfo.fr\/epinalinfo\/","name":"Epinal Info","description":"Toute l&#039;actualit\u00e9 d&#039;\u00c9pinal","publisher":{"@id":"https:\/\/vosgesinfo.fr\/epinalinfo\/#organization"},"alternateName":"Toute l'actualit\u00e9 d'\u00c9pinal","potentialAction":[{"@type":"SearchAction","target":{"@type":"EntryPoint","urlTemplate":"https:\/\/vosgesinfo.fr\/epinalinfo\/?s={search_term_string}"},"query-input":"required name=search_term_string"}],"inLanguage":"fr-FR"},{"@type":"Organization","@id":"https:\/\/vosgesinfo.fr\/epinalinfo\/#organization","name":"Epinal Info","url":"https:\/\/vosgesinfo.fr\/epinalinfo\/","logo":{"@type":"ImageObject","inLanguage":"fr-FR","@id":"https:\/\/vosgesinfo.fr\/epinalinfo\/#\/schema\/logo\/image\/","url":"https:\/\/vosgesinfo.fr\/app\/uploads\/sites\/3\/2023\/08\/logo-epinalinfos.svg","contentUrl":"https:\/\/vosgesinfo.fr\/app\/uploads\/sites\/3\/2023\/08\/logo-epinalinfos.svg","width":1,"height":1,"caption":"Epinal Info"},"image":{"@id":"https:\/\/vosgesinfo.fr\/epinalinfo\/#\/schema\/logo\/image\/"},"sameAs":["https:\/\/www.facebook.com\/Epinalinfos","https:\/\/x.com\/VosgesInfo88","https:\/\/www.youtube.com\/@vosgesinfo"]},{"@type":"Person","@id":"https:\/\/vosgesinfo.fr\/epinalinfo\/#\/schema\/person\/6f9a650eeea99d969b6c4ab78fccbe81","name":"C.K.","image":{"@type":"ImageObject","inLanguage":"fr-FR","@id":"https:\/\/vosgesinfo.fr\/epinalinfo\/#\/schema\/person\/image\/","url":"https:\/\/secure.gravatar.com\/avatar\/48e3fc7f8421ba8942be6b74a2b7f014ca39bc00dece156b7a8e098ae7dc87bf?s=96&d=mm&r=g","contentUrl":"https:\/\/secure.gravatar.com\/avatar\/48e3fc7f8421ba8942be6b74a2b7f014ca39bc00dece156b7a8e098ae7dc87bf?s=96&d=mm&r=g","caption":"C.K."},"url":"https:\/\/vosgesinfo.fr\/epinalinfo\/author\/celia-k-n\/"}]}},"_links":{"self":[{"href":"https:\/\/vosgesinfo.fr\/epinalinfo\/wp-json\/wp\/v2\/posts\/119476","targetHints":{"allow":["GET"]}}],"collection":[{"href":"https:\/\/vosgesinfo.fr\/epinalinfo\/wp-json\/wp\/v2\/posts"}],"about":[{"href":"https:\/\/vosgesinfo.fr\/epinalinfo\/wp-json\/wp\/v2\/types\/post"}],"author":[{"embeddable":true,"href":"https:\/\/vosgesinfo.fr\/epinalinfo\/wp-json\/wp\/v2\/users\/52"}],"replies":[{"embeddable":true,"href":"https:\/\/vosgesinfo.fr\/epinalinfo\/wp-json\/wp\/v2\/comments?post=119476"}],"version-history":[{"count":0,"href":"https:\/\/vosgesinfo.fr\/epinalinfo\/wp-json\/wp\/v2\/posts\/119476\/revisions"}],"wp:featuredmedia":[{"embeddable":true,"href":"https:\/\/vosgesinfo.fr\/epinalinfo\/wp-json\/wp\/v2\/media\/1000"}],"wp:attachment":[{"href":"https:\/\/vosgesinfo.fr\/epinalinfo\/wp-json\/wp\/v2\/media?parent=119476"}],"wp:term":[{"taxonomy":"category","embeddable":true,"href":"https:\/\/vosgesinfo.fr\/epinalinfo\/wp-json\/wp\/v2\/categories?post=119476"},{"taxonomy":"post_tag","embeddable":true,"href":"https:\/\/vosgesinfo.fr\/epinalinfo\/wp-json\/wp\/v2\/tags?post=119476"}],"curies":[{"name":"wp","href":"https:\/\/api.w.org\/{rel}","templated":true}]}}