{"id":119545,"date":"2023-10-02T05:00:03","date_gmt":"2023-10-02T03:00:03","guid":{"rendered":"https:\/\/vosgesinfo.fr\/epinalinfo\/2023\/10\/salon-passions-mariages-de-retour-a-epinal-2\/"},"modified":"2023-10-02T05:00:03","modified_gmt":"2023-10-02T03:00:03","slug":"salon-passions-mariages-de-retour-a-epinal-2","status":"publish","type":"post","link":"https:\/\/vosgesinfo.fr\/epinalinfo\/2023\/10\/salon-passions-mariages-de-retour-a-epinal-2\/","title":{"rendered":"Le Salon Passions Mariages est de retour \u00e0 Epinal"},"content":{"rendered":"<h2><strong><a href=\"\/2023\/09\/thumbnail_5A1EDB89-BE87-4466-820A-2EF07AA6F347.jpg\"><img decoding=\"async\" class=\"aligncenter size-large wp-image-224309\" src=\"\/2023\/09\/thumbnail_5A1EDB89-BE87-4466-820A-2EF07AA6F347-533x800.jpg\" alt=\"thumbnail_5A1EDB89-BE87-4466-820A-2EF07AA6F347\" width=\"533\" height=\"800\" \/><\/a><span style=\"font-size: 14pt;\">Les futurs mari\u00e9s de la r\u00e9gion Grand Est ont rendez-vous avec l&rsquo;\u00e9l\u00e9gance et la f\u00e9erie des ann\u00e9es 20 lors de la 18<\/span><\/strong><span style=\"font-size: 14pt;\"><strong>\u00e8me \u00e9dition du Salon Passions Mariages. Cet \u00e9v\u00e9nement incontournable se tiendra \u00e0 la Salle Tambour Major du Centre des congr<\/strong><strong>\u00e8s \u00e0 \u00c9pinal (Parking 4, Avenue des Terres Saint-Jean) les 14 et 15 octobre prochains.<\/strong><\/span><\/h2>\n<p><a href=\"\/2023\/09\/thumbnail_salon-passions-mariage-affiche-2023.jpg\"><img decoding=\"async\" class=\"alignleft size-medium wp-image-224310\" src=\"\/2023\/09\/thumbnail_salon-passions-mariage-affiche-2023-191x255.jpg\" alt=\"thumbnail_salon passions mariage affiche 2023\" width=\"191\" height=\"255\" \/><\/a>Chaque ann\u00e9e, le Salon Passions Mariages rassemble des professionnels du mariage et de la f\u00eate venus des Vosges et de la Lorraine pour offrir aux futurs mari\u00e9s une source in\u00e9puisable d&rsquo;inspiration et de conseils. Cette \u00e9dition 2023 s&rsquo;annonce exceptionnelle avec un th\u00e8me qui promet de briller de mille feux : \u00ab\u00a0Les Ann\u00e9es Folles\u00a0\u00bb. Cette p\u00e9riode embl\u00e9matique, synonyme de chic, de f\u00eate et d&rsquo;\u00e9clat, sera au c\u0153ur de l&rsquo;\u00e9v\u00e9nement. La promesse ? Une fusion parfaite entre les paillettes et l&rsquo;\u00e9l\u00e9gance pour un mariage tout en glamour et en audace.<\/p>\n<p>Organis\u00e9 par Prestatech \u00c9v\u00e9nements, le Salon Passions Mariages offre une plateforme unique aux couples en qu\u00eate d&rsquo;id\u00e9es originales pour leur mariage. Ils pourront rencontrer des sp\u00e9cialistes du pr\u00eat-\u00e0-porter, des fleuristes talentueux, des bijoutiers raffin\u00e9s, des photographes cr\u00e9atifs, des DJs enjou\u00e9s, des artificiers pour des feux d&rsquo;artifice m\u00e9morables, et bien d&rsquo;autres encore. Cette diversit\u00e9 de professionnels garantit aux visiteurs de trouver tout ce dont ils ont besoin pour cr\u00e9er un mariage \u00e0 leur image.<\/p>\n<p><a href=\"\/2023\/09\/thumbnail_B693BF80-539C-47EA-81DE-2F234E50D0BB.jpg\"><img decoding=\"async\" class=\"alignright size-medium wp-image-224311\" src=\"\/2023\/09\/thumbnail_B693BF80-539C-47EA-81DE-2F234E50D0BB-170x255.jpg\" alt=\"thumbnail_B693BF80-539C-47EA-81DE-2F234E50D0BB\" width=\"170\" height=\"255\" \/><\/a>Le salon ne se limite pas aux exposants, car il offre \u00e9galement une vari\u00e9t\u00e9 d&rsquo;animations captivantes. Parmi elles, Les d\u00e9fil\u00e9s \u00ab\u00a0Flash Mode\u00a0\u00bb seront l&rsquo;occasion de d\u00e9couvrir en avant-premi\u00e8re les tendances mariage pour l&rsquo;ann\u00e9e 2024, apportant une dose de glamour et d&rsquo;inspiration \u00e0 chaque spectateur. Ensuite, la \u00ab\u00a0Corbeille des Mari\u00e9s\u00a0\u00bb promet des surprises pour les futurs \u00e9poux, cette tombola gratuite sera ouverte \u00e0 tous les futurs mari\u00e9s, offrant des chances de remporter des cadeaux pr\u00e9cieux pour leur grand jour. Pour combler les visiteurs affam\u00e9s ou assoiff\u00e9s, des espaces bar et restauration seront disponibles sur place, permettant de se d\u00e9tendre et de discuter des id\u00e9es fra\u00eechement recueillies.<\/p>\n<p>&nbsp;<\/p>\n<p><a href=\"\/2023\/09\/thumbnail_BDD18778-1EFE-4E29-B8AD-5D576BB1D6B3.jpg\"><img decoding=\"async\" class=\"alignleft size-medium wp-image-224312\" src=\"\/2023\/09\/thumbnail_BDD18778-1EFE-4E29-B8AD-5D576BB1D6B3-170x255.jpg\" alt=\"thumbnail_BDD18778-1EFE-4E29-B8AD-5D576BB1D6B3\" width=\"170\" height=\"255\" \/><\/a>En r\u00e9sum\u00e9, le Salon Passions Mariages est bien plus qu&rsquo;un simple \u00e9v\u00e9nement ; c&rsquo;est une exp\u00e9rience unique qui marquera le d\u00e9but d&rsquo;une nouvelle vie pour de nombreux couples. Alors, marquez la date dans votre agenda, pr\u00e9parez-vous \u00e0 plonger dans l&rsquo;ambiance envo\u00fbtante des Ann\u00e9es Folles, et laissez-vous inspirer par les professionnels passionn\u00e9s qui contribueront \u00e0 faire de votre mariage un moment inoubliable.<\/p>\n<p><strong>Pour plus d&rsquo;informations sur le Salon Passions Mariages 2023, rendez-vous sur la page Facebook \u00ab\u00a0Salon du mariage Passions Mariages\u00a0\u00bb.<\/strong><\/p>\n","protected":false},"excerpt":{"rendered":"<p>Les futurs mari\u00e9s de la r\u00e9gion Grand Est ont rendez-vous avec l&rsquo;\u00e9l\u00e9gance et la f\u00e9erie des ann\u00e9es 20 lors de [&hellip;]<\/p>\n","protected":false},"author":52,"featured_media":1193,"comment_status":"open","ping_status":"open","sticky":false,"template":"","format":"standard","meta":{"footnotes":""},"categories":[22,24,5],"tags":[70,529,75],"class_list":["post-119545","post","type-post","status-publish","format-standard","has-post-thumbnail","hentry","category-a-la-une","category-epinal","category-vosges","tag-epinal","tag-salon-passions-mariages","tag-vosges"],"acf":[],"yoast_head":"<!-- This site is optimized with the Yoast SEO plugin v22.5 - https:\/\/yoast.com\/wordpress\/plugins\/seo\/ -->\n<title>Le Salon Passions Mariages est de retour \u00e0 Epinal - Epinal Info<\/title>\n<meta name=\"robots\" content=\"index, follow, max-snippet:-1, max-image-preview:large, max-video-preview:-1\" \/>\n<link rel=\"canonical\" href=\"https:\/\/vosgesinfo.fr\/epinalinfo\/2023\/10\/salon-passions-mariages-de-retour-a-epinal-2\/\" \/>\n<meta name=\"twitter:card\" content=\"summary_large_image\" \/>\n<meta name=\"twitter:title\" content=\"Le Salon Passions Mariages est de retour \u00e0 Epinal - Epinal Info\" \/>\n<meta name=\"twitter:description\" content=\"Les futurs mari\u00e9s de la r\u00e9gion Grand Est ont rendez-vous avec l&rsquo;\u00e9l\u00e9gance et la f\u00e9erie des ann\u00e9es 20 lors de [&hellip;]\" \/>\n<meta name=\"twitter:image\" content=\"https:\/\/vosgesinfo.fr\/app\/uploads\/sites\/3\/2023\/09\/thumbnail-5a1edb89-be87-4466-820a-2ef07aa6f347.jpg\" \/>\n<meta name=\"twitter:creator\" content=\"@VosgesInfo88\" \/>\n<meta name=\"twitter:site\" content=\"@VosgesInfo88\" \/>\n<meta name=\"twitter:label1\" content=\"\u00c9crit par\" \/>\n\t<meta name=\"twitter:data1\" content=\"C.K.\" \/>\n\t<meta name=\"twitter:label2\" content=\"Dur\u00e9e de lecture estim\u00e9e\" \/>\n\t<meta name=\"twitter:data2\" content=\"2 minutes\" \/>\n<script type=\"application\/ld+json\" class=\"yoast-schema-graph\">{\"@context\":\"https:\/\/schema.org\",\"@graph\":[{\"@type\":\"Article\",\"@id\":\"https:\/\/vosgesinfo.fr\/epinalinfo\/2023\/10\/salon-passions-mariages-de-retour-a-epinal-2\/#article\",\"isPartOf\":{\"@id\":\"https:\/\/vosgesinfo.fr\/epinalinfo\/2023\/10\/salon-passions-mariages-de-retour-a-epinal-2\/\"},\"author\":{\"name\":\"C.K.\",\"@id\":\"https:\/\/vosgesinfo.fr\/epinalinfo\/#\/schema\/person\/6f9a650eeea99d969b6c4ab78fccbe81\"},\"headline\":\"Le Salon Passions Mariages est de retour \u00e0 Epinal\",\"datePublished\":\"2023-10-02T03:00:03+00:00\",\"dateModified\":\"2023-10-02T03:00:03+00:00\",\"mainEntityOfPage\":{\"@id\":\"https:\/\/vosgesinfo.fr\/epinalinfo\/2023\/10\/salon-passions-mariages-de-retour-a-epinal-2\/\"},\"wordCount\":463,\"commentCount\":0,\"publisher\":{\"@id\":\"https:\/\/vosgesinfo.fr\/epinalinfo\/#organization\"},\"image\":{\"@id\":\"https:\/\/vosgesinfo.fr\/epinalinfo\/2023\/10\/salon-passions-mariages-de-retour-a-epinal-2\/#primaryimage\"},\"thumbnailUrl\":\"https:\/\/vosgesinfo.fr\/app\/uploads\/sites\/3\/2023\/09\/thumbnail-5a1edb89-be87-4466-820a-2ef07aa6f347.jpg\",\"keywords\":[\"Epinal\",\"salon \u00ab Passions Mariages \u00bb\",\"vosges\"],\"articleSection\":[\"A la Une\",\"Epinal\",\"Vosges\"],\"inLanguage\":\"fr-FR\",\"potentialAction\":[{\"@type\":\"CommentAction\",\"name\":\"Comment\",\"target\":[\"https:\/\/vosgesinfo.fr\/epinalinfo\/2023\/10\/salon-passions-mariages-de-retour-a-epinal-2\/#respond\"]}]},{\"@type\":\"WebPage\",\"@id\":\"https:\/\/vosgesinfo.fr\/epinalinfo\/2023\/10\/salon-passions-mariages-de-retour-a-epinal-2\/\",\"url\":\"https:\/\/vosgesinfo.fr\/epinalinfo\/2023\/10\/salon-passions-mariages-de-retour-a-epinal-2\/\",\"name\":\"Le Salon Passions Mariages est de retour \u00e0 Epinal - Epinal Info\",\"isPartOf\":{\"@id\":\"https:\/\/vosgesinfo.fr\/epinalinfo\/#website\"},\"primaryImageOfPage\":{\"@id\":\"https:\/\/vosgesinfo.fr\/epinalinfo\/2023\/10\/salon-passions-mariages-de-retour-a-epinal-2\/#primaryimage\"},\"image\":{\"@id\":\"https:\/\/vosgesinfo.fr\/epinalinfo\/2023\/10\/salon-passions-mariages-de-retour-a-epinal-2\/#primaryimage\"},\"thumbnailUrl\":\"https:\/\/vosgesinfo.fr\/app\/uploads\/sites\/3\/2023\/09\/thumbnail-5a1edb89-be87-4466-820a-2ef07aa6f347.jpg\",\"datePublished\":\"2023-10-02T03:00:03+00:00\",\"dateModified\":\"2023-10-02T03:00:03+00:00\",\"breadcrumb\":{\"@id\":\"https:\/\/vosgesinfo.fr\/epinalinfo\/2023\/10\/salon-passions-mariages-de-retour-a-epinal-2\/#breadcrumb\"},\"inLanguage\":\"fr-FR\",\"potentialAction\":[{\"@type\":\"ReadAction\",\"target\":[\"https:\/\/vosgesinfo.fr\/epinalinfo\/2023\/10\/salon-passions-mariages-de-retour-a-epinal-2\/\"]}]},{\"@type\":\"ImageObject\",\"inLanguage\":\"fr-FR\",\"@id\":\"https:\/\/vosgesinfo.fr\/epinalinfo\/2023\/10\/salon-passions-mariages-de-retour-a-epinal-2\/#primaryimage\",\"url\":\"https:\/\/vosgesinfo.fr\/app\/uploads\/sites\/3\/2023\/09\/thumbnail-5a1edb89-be87-4466-820a-2ef07aa6f347.jpg\",\"contentUrl\":\"https:\/\/vosgesinfo.fr\/app\/uploads\/sites\/3\/2023\/09\/thumbnail-5a1edb89-be87-4466-820a-2ef07aa6f347.jpg\",\"width\":533,\"height\":800},{\"@type\":\"BreadcrumbList\",\"@id\":\"https:\/\/vosgesinfo.fr\/epinalinfo\/2023\/10\/salon-passions-mariages-de-retour-a-epinal-2\/#breadcrumb\",\"itemListElement\":[{\"@type\":\"ListItem\",\"position\":1,\"name\":\"Home\",\"item\":\"https:\/\/vosgesinfo.fr\/epinalinfo\/\"},{\"@type\":\"ListItem\",\"position\":2,\"name\":\"Le Salon Passions Mariages est de retour \u00e0 Epinal\"}]},{\"@type\":\"WebSite\",\"@id\":\"https:\/\/vosgesinfo.fr\/epinalinfo\/#website\",\"url\":\"https:\/\/vosgesinfo.fr\/epinalinfo\/\",\"name\":\"Epinal Info\",\"description\":\"Toute l&#039;actualit\u00e9 d&#039;\u00c9pinal\",\"publisher\":{\"@id\":\"https:\/\/vosgesinfo.fr\/epinalinfo\/#organization\"},\"alternateName\":\"Toute l'actualit\u00e9 d'\u00c9pinal\",\"potentialAction\":[{\"@type\":\"SearchAction\",\"target\":{\"@type\":\"EntryPoint\",\"urlTemplate\":\"https:\/\/vosgesinfo.fr\/epinalinfo\/?s={search_term_string}\"},\"query-input\":\"required name=search_term_string\"}],\"inLanguage\":\"fr-FR\"},{\"@type\":\"Organization\",\"@id\":\"https:\/\/vosgesinfo.fr\/epinalinfo\/#organization\",\"name\":\"Epinal Info\",\"url\":\"https:\/\/vosgesinfo.fr\/epinalinfo\/\",\"logo\":{\"@type\":\"ImageObject\",\"inLanguage\":\"fr-FR\",\"@id\":\"https:\/\/vosgesinfo.fr\/epinalinfo\/#\/schema\/logo\/image\/\",\"url\":\"https:\/\/vosgesinfo.fr\/app\/uploads\/sites\/3\/2023\/08\/logo-epinalinfos.svg\",\"contentUrl\":\"https:\/\/vosgesinfo.fr\/app\/uploads\/sites\/3\/2023\/08\/logo-epinalinfos.svg\",\"width\":1,\"height\":1,\"caption\":\"Epinal Info\"},\"image\":{\"@id\":\"https:\/\/vosgesinfo.fr\/epinalinfo\/#\/schema\/logo\/image\/\"},\"sameAs\":[\"https:\/\/www.facebook.com\/Epinalinfos\",\"https:\/\/x.com\/VosgesInfo88\",\"https:\/\/www.youtube.com\/@vosgesinfo\"]},{\"@type\":\"Person\",\"@id\":\"https:\/\/vosgesinfo.fr\/epinalinfo\/#\/schema\/person\/6f9a650eeea99d969b6c4ab78fccbe81\",\"name\":\"C.K.\",\"image\":{\"@type\":\"ImageObject\",\"inLanguage\":\"fr-FR\",\"@id\":\"https:\/\/vosgesinfo.fr\/epinalinfo\/#\/schema\/person\/image\/\",\"url\":\"https:\/\/secure.gravatar.com\/avatar\/48e3fc7f8421ba8942be6b74a2b7f014ca39bc00dece156b7a8e098ae7dc87bf?s=96&d=mm&r=g\",\"contentUrl\":\"https:\/\/secure.gravatar.com\/avatar\/48e3fc7f8421ba8942be6b74a2b7f014ca39bc00dece156b7a8e098ae7dc87bf?s=96&d=mm&r=g\",\"caption\":\"C.K.\"},\"url\":\"https:\/\/vosgesinfo.fr\/epinalinfo\/author\/celia-k-n\/\"}]}<\/script>\n<!-- \/ Yoast SEO plugin. -->","yoast_head_json":{"title":"Le Salon Passions Mariages est de retour \u00e0 Epinal - Epinal Info","robots":{"index":"index","follow":"follow","max-snippet":"max-snippet:-1","max-image-preview":"max-image-preview:large","max-video-preview":"max-video-preview:-1"},"canonical":"https:\/\/vosgesinfo.fr\/epinalinfo\/2023\/10\/salon-passions-mariages-de-retour-a-epinal-2\/","twitter_card":"summary_large_image","twitter_title":"Le Salon Passions Mariages est de retour \u00e0 Epinal - Epinal Info","twitter_description":"Les futurs mari\u00e9s de la r\u00e9gion Grand Est ont rendez-vous avec l&rsquo;\u00e9l\u00e9gance et la f\u00e9erie des ann\u00e9es 20 lors de [&hellip;]","twitter_image":"https:\/\/vosgesinfo.fr\/app\/uploads\/sites\/3\/2023\/09\/thumbnail-5a1edb89-be87-4466-820a-2ef07aa6f347.jpg","twitter_creator":"@VosgesInfo88","twitter_site":"@VosgesInfo88","twitter_misc":{"\u00c9crit par":"C.K.","Dur\u00e9e de lecture estim\u00e9e":"2 minutes"},"schema":{"@context":"https:\/\/schema.org","@graph":[{"@type":"Article","@id":"https:\/\/vosgesinfo.fr\/epinalinfo\/2023\/10\/salon-passions-mariages-de-retour-a-epinal-2\/#article","isPartOf":{"@id":"https:\/\/vosgesinfo.fr\/epinalinfo\/2023\/10\/salon-passions-mariages-de-retour-a-epinal-2\/"},"author":{"name":"C.K.","@id":"https:\/\/vosgesinfo.fr\/epinalinfo\/#\/schema\/person\/6f9a650eeea99d969b6c4ab78fccbe81"},"headline":"Le Salon Passions Mariages est de retour \u00e0 Epinal","datePublished":"2023-10-02T03:00:03+00:00","dateModified":"2023-10-02T03:00:03+00:00","mainEntityOfPage":{"@id":"https:\/\/vosgesinfo.fr\/epinalinfo\/2023\/10\/salon-passions-mariages-de-retour-a-epinal-2\/"},"wordCount":463,"commentCount":0,"publisher":{"@id":"https:\/\/vosgesinfo.fr\/epinalinfo\/#organization"},"image":{"@id":"https:\/\/vosgesinfo.fr\/epinalinfo\/2023\/10\/salon-passions-mariages-de-retour-a-epinal-2\/#primaryimage"},"thumbnailUrl":"https:\/\/vosgesinfo.fr\/app\/uploads\/sites\/3\/2023\/09\/thumbnail-5a1edb89-be87-4466-820a-2ef07aa6f347.jpg","keywords":["Epinal","salon \u00ab Passions Mariages \u00bb","vosges"],"articleSection":["A la Une","Epinal","Vosges"],"inLanguage":"fr-FR","potentialAction":[{"@type":"CommentAction","name":"Comment","target":["https:\/\/vosgesinfo.fr\/epinalinfo\/2023\/10\/salon-passions-mariages-de-retour-a-epinal-2\/#respond"]}]},{"@type":"WebPage","@id":"https:\/\/vosgesinfo.fr\/epinalinfo\/2023\/10\/salon-passions-mariages-de-retour-a-epinal-2\/","url":"https:\/\/vosgesinfo.fr\/epinalinfo\/2023\/10\/salon-passions-mariages-de-retour-a-epinal-2\/","name":"Le Salon Passions Mariages est de retour \u00e0 Epinal - Epinal Info","isPartOf":{"@id":"https:\/\/vosgesinfo.fr\/epinalinfo\/#website"},"primaryImageOfPage":{"@id":"https:\/\/vosgesinfo.fr\/epinalinfo\/2023\/10\/salon-passions-mariages-de-retour-a-epinal-2\/#primaryimage"},"image":{"@id":"https:\/\/vosgesinfo.fr\/epinalinfo\/2023\/10\/salon-passions-mariages-de-retour-a-epinal-2\/#primaryimage"},"thumbnailUrl":"https:\/\/vosgesinfo.fr\/app\/uploads\/sites\/3\/2023\/09\/thumbnail-5a1edb89-be87-4466-820a-2ef07aa6f347.jpg","datePublished":"2023-10-02T03:00:03+00:00","dateModified":"2023-10-02T03:00:03+00:00","breadcrumb":{"@id":"https:\/\/vosgesinfo.fr\/epinalinfo\/2023\/10\/salon-passions-mariages-de-retour-a-epinal-2\/#breadcrumb"},"inLanguage":"fr-FR","potentialAction":[{"@type":"ReadAction","target":["https:\/\/vosgesinfo.fr\/epinalinfo\/2023\/10\/salon-passions-mariages-de-retour-a-epinal-2\/"]}]},{"@type":"ImageObject","inLanguage":"fr-FR","@id":"https:\/\/vosgesinfo.fr\/epinalinfo\/2023\/10\/salon-passions-mariages-de-retour-a-epinal-2\/#primaryimage","url":"https:\/\/vosgesinfo.fr\/app\/uploads\/sites\/3\/2023\/09\/thumbnail-5a1edb89-be87-4466-820a-2ef07aa6f347.jpg","contentUrl":"https:\/\/vosgesinfo.fr\/app\/uploads\/sites\/3\/2023\/09\/thumbnail-5a1edb89-be87-4466-820a-2ef07aa6f347.jpg","width":533,"height":800},{"@type":"BreadcrumbList","@id":"https:\/\/vosgesinfo.fr\/epinalinfo\/2023\/10\/salon-passions-mariages-de-retour-a-epinal-2\/#breadcrumb","itemListElement":[{"@type":"ListItem","position":1,"name":"Home","item":"https:\/\/vosgesinfo.fr\/epinalinfo\/"},{"@type":"ListItem","position":2,"name":"Le Salon Passions Mariages est de retour \u00e0 Epinal"}]},{"@type":"WebSite","@id":"https:\/\/vosgesinfo.fr\/epinalinfo\/#website","url":"https:\/\/vosgesinfo.fr\/epinalinfo\/","name":"Epinal Info","description":"Toute l&#039;actualit\u00e9 d&#039;\u00c9pinal","publisher":{"@id":"https:\/\/vosgesinfo.fr\/epinalinfo\/#organization"},"alternateName":"Toute l'actualit\u00e9 d'\u00c9pinal","potentialAction":[{"@type":"SearchAction","target":{"@type":"EntryPoint","urlTemplate":"https:\/\/vosgesinfo.fr\/epinalinfo\/?s={search_term_string}"},"query-input":"required name=search_term_string"}],"inLanguage":"fr-FR"},{"@type":"Organization","@id":"https:\/\/vosgesinfo.fr\/epinalinfo\/#organization","name":"Epinal Info","url":"https:\/\/vosgesinfo.fr\/epinalinfo\/","logo":{"@type":"ImageObject","inLanguage":"fr-FR","@id":"https:\/\/vosgesinfo.fr\/epinalinfo\/#\/schema\/logo\/image\/","url":"https:\/\/vosgesinfo.fr\/app\/uploads\/sites\/3\/2023\/08\/logo-epinalinfos.svg","contentUrl":"https:\/\/vosgesinfo.fr\/app\/uploads\/sites\/3\/2023\/08\/logo-epinalinfos.svg","width":1,"height":1,"caption":"Epinal Info"},"image":{"@id":"https:\/\/vosgesinfo.fr\/epinalinfo\/#\/schema\/logo\/image\/"},"sameAs":["https:\/\/www.facebook.com\/Epinalinfos","https:\/\/x.com\/VosgesInfo88","https:\/\/www.youtube.com\/@vosgesinfo"]},{"@type":"Person","@id":"https:\/\/vosgesinfo.fr\/epinalinfo\/#\/schema\/person\/6f9a650eeea99d969b6c4ab78fccbe81","name":"C.K.","image":{"@type":"ImageObject","inLanguage":"fr-FR","@id":"https:\/\/vosgesinfo.fr\/epinalinfo\/#\/schema\/person\/image\/","url":"https:\/\/secure.gravatar.com\/avatar\/48e3fc7f8421ba8942be6b74a2b7f014ca39bc00dece156b7a8e098ae7dc87bf?s=96&d=mm&r=g","contentUrl":"https:\/\/secure.gravatar.com\/avatar\/48e3fc7f8421ba8942be6b74a2b7f014ca39bc00dece156b7a8e098ae7dc87bf?s=96&d=mm&r=g","caption":"C.K."},"url":"https:\/\/vosgesinfo.fr\/epinalinfo\/author\/celia-k-n\/"}]}},"_links":{"self":[{"href":"https:\/\/vosgesinfo.fr\/epinalinfo\/wp-json\/wp\/v2\/posts\/119545","targetHints":{"allow":["GET"]}}],"collection":[{"href":"https:\/\/vosgesinfo.fr\/epinalinfo\/wp-json\/wp\/v2\/posts"}],"about":[{"href":"https:\/\/vosgesinfo.fr\/epinalinfo\/wp-json\/wp\/v2\/types\/post"}],"author":[{"embeddable":true,"href":"https:\/\/vosgesinfo.fr\/epinalinfo\/wp-json\/wp\/v2\/users\/52"}],"replies":[{"embeddable":true,"href":"https:\/\/vosgesinfo.fr\/epinalinfo\/wp-json\/wp\/v2\/comments?post=119545"}],"version-history":[{"count":0,"href":"https:\/\/vosgesinfo.fr\/epinalinfo\/wp-json\/wp\/v2\/posts\/119545\/revisions"}],"wp:featuredmedia":[{"embeddable":true,"href":"https:\/\/vosgesinfo.fr\/epinalinfo\/wp-json\/wp\/v2\/media\/1193"}],"wp:attachment":[{"href":"https:\/\/vosgesinfo.fr\/epinalinfo\/wp-json\/wp\/v2\/media?parent=119545"}],"wp:term":[{"taxonomy":"category","embeddable":true,"href":"https:\/\/vosgesinfo.fr\/epinalinfo\/wp-json\/wp\/v2\/categories?post=119545"},{"taxonomy":"post_tag","embeddable":true,"href":"https:\/\/vosgesinfo.fr\/epinalinfo\/wp-json\/wp\/v2\/tags?post=119545"}],"curies":[{"name":"wp","href":"https:\/\/api.w.org\/{rel}","templated":true}]}}