{"id":119674,"date":"2023-10-06T18:10:46","date_gmt":"2023-10-06T16:10:46","guid":{"rendered":"https:\/\/vosgesinfo.fr\/epinalinfo\/2023\/10\/enquete-ouverte-suite-deces-dun-adolescent-de-16-ans-retrouve-pendu-2\/"},"modified":"2023-10-06T18:10:46","modified_gmt":"2023-10-06T16:10:46","slug":"enquete-ouverte-suite-deces-dun-adolescent-de-16-ans-retrouve-pendu-2","status":"publish","type":"post","link":"https:\/\/vosgesinfo.fr\/epinalinfo\/2023\/10\/enquete-ouverte-suite-deces-dun-adolescent-de-16-ans-retrouve-pendu-2\/","title":{"rendered":"Une enqu\u00eate ouverte suite au d\u00e9c\u00e8s d&rsquo;un adolescent de 16 ans retrouv\u00e9 pendu"},"content":{"rendered":"<h2><span style=\"font-size: 14pt;\"><strong><a href=\"\/2022\/08\/Gendarmerie_01.jpg\"><img decoding=\"async\" class=\"aligncenter size-full wp-image-206720\" src=\"\/2022\/08\/Gendarmerie_01.jpg\" alt=\"Gendarmerie_01\" width=\"616\" height=\"400\" \/><\/a>Le Procureur de la R\u00e9publique d&rsquo;Epinal a annonc\u00e9 qu&rsquo;une enqu\u00eate avait \u00e9t\u00e9 ouverte suite au dec\u00e8s d&rsquo;un adolescent de 16 ans retrouv\u00e9 pendu sur la voie verte de Rupt-sur-Moselle. Disparu depuis mercredi, le jeune homme a \u00e9t\u00e9 retrouv\u00e9 pendu ce jeudi.<\/strong><\/span><\/h2>\n<p>Le corps d&rsquo;un adolescent de 16 ans a \u00e9t\u00e9 retrouv\u00e9, pendu, ce jeudi au niveau de la voie verte de Rupt-sur-Moselle.le procureur de la R\u00e9publique a annonc\u00e9 qu&rsquo;une enqu\u00eate pour recherche des causes de la mort avait \u00e9t\u00e9 ouverte. Il \u00e9tait scolaris\u00e9 \u00e0 Remiremont.<\/p>\n<p class=\"x_MsoNormal\"><span style=\"font-family: Calibri; font-size: large;\">\u00ab\u00a0Une proc\u00e9dure de disparition inqui\u00e9tante avait \u00e9t\u00e9 ouverte le 4 octobre en d\u00e9but de soir\u00e9e, le mineur n\u2019\u00e9tant pas retourn\u00e9 au domicile familial. Le mineur a laiss\u00e9 des lettres expliquant ses intentions suicidaires. L\u2019autopsie r\u00e9alis\u00e9e ce jour exclut toute intervention d\u2019un tiers. Des analyses toxicologiques ont \u00e9t\u00e9 ordonn\u00e9es. L\u2019enqu\u00eate n\u2019a \u00e9tabli aucun lien avec des faits de harc\u00e8lement.\u00a0\u00bb explique Fr\u00e9d\u00e9ric Nahon.<br \/>\n<\/span><\/p>\n<p class=\"x_MsoNormal\"><span style=\"color: #1f497d; font-family: Calibri; font-size: small;\">\u00a0<\/span><\/p>\n<p class=\"x_MsoNormal\"><span style=\"color: #1f497d; font-family: Calibri; font-size: small;\">\u00a0<\/span><\/p>\n","protected":false},"excerpt":{"rendered":"<p>Le Procureur de la R\u00e9publique d&rsquo;Epinal a annonc\u00e9 qu&rsquo;une enqu\u00eate avait \u00e9t\u00e9 ouverte suite au dec\u00e8s d&rsquo;un adolescent de 16 [&hellip;]<\/p>\n","protected":false},"author":52,"featured_media":429,"comment_status":"open","ping_status":"open","sticky":false,"template":"","format":"standard","meta":{"footnotes":""},"categories":[22,6,64,5],"tags":[704,268,705,706,75],"class_list":["post-119674","post","type-post","status-publish","format-standard","has-post-thumbnail","hentry","category-a-la-une","category-faits-divers","category-justice","category-vosges","tag-enquete-adolescent","tag-faits-divers","tag-pendu","tag-remiremont","tag-vosges"],"acf":[],"yoast_head":"<!-- This site is optimized with the Yoast SEO plugin v22.5 - https:\/\/yoast.com\/wordpress\/plugins\/seo\/ -->\n<title>Une enqu\u00eate ouverte suite au d\u00e9c\u00e8s d&#039;un adolescent de 16 ans retrouv\u00e9 pendu - Epinal Info<\/title>\n<meta name=\"robots\" content=\"index, follow, max-snippet:-1, max-image-preview:large, max-video-preview:-1\" \/>\n<link rel=\"canonical\" href=\"https:\/\/vosgesinfo.fr\/epinalinfo\/2023\/10\/enquete-ouverte-suite-deces-dun-adolescent-de-16-ans-retrouve-pendu-2\/\" \/>\n<meta name=\"twitter:card\" content=\"summary_large_image\" \/>\n<meta name=\"twitter:title\" content=\"Une enqu\u00eate ouverte suite au d\u00e9c\u00e8s d&#039;un adolescent de 16 ans retrouv\u00e9 pendu - Epinal Info\" \/>\n<meta name=\"twitter:description\" content=\"Le Procureur de la R\u00e9publique d&rsquo;Epinal a annonc\u00e9 qu&rsquo;une enqu\u00eate avait \u00e9t\u00e9 ouverte suite au dec\u00e8s d&rsquo;un adolescent de 16 [&hellip;]\" \/>\n<meta name=\"twitter:image\" content=\"https:\/\/vosgesinfo.fr\/app\/uploads\/sites\/3\/2022\/08\/gendarmerie-01.jpg\" \/>\n<meta name=\"twitter:creator\" content=\"@VosgesInfo88\" \/>\n<meta name=\"twitter:site\" content=\"@VosgesInfo88\" \/>\n<meta name=\"twitter:label1\" content=\"\u00c9crit par\" \/>\n\t<meta name=\"twitter:data1\" content=\"C.K.\" \/>\n\t<meta name=\"twitter:label2\" content=\"Dur\u00e9e de lecture estim\u00e9e\" \/>\n\t<meta name=\"twitter:data2\" content=\"1 minute\" \/>\n<script type=\"application\/ld+json\" class=\"yoast-schema-graph\">{\"@context\":\"https:\/\/schema.org\",\"@graph\":[{\"@type\":\"Article\",\"@id\":\"https:\/\/vosgesinfo.fr\/epinalinfo\/2023\/10\/enquete-ouverte-suite-deces-dun-adolescent-de-16-ans-retrouve-pendu-2\/#article\",\"isPartOf\":{\"@id\":\"https:\/\/vosgesinfo.fr\/epinalinfo\/2023\/10\/enquete-ouverte-suite-deces-dun-adolescent-de-16-ans-retrouve-pendu-2\/\"},\"author\":{\"name\":\"C.K.\",\"@id\":\"https:\/\/vosgesinfo.fr\/epinalinfo\/#\/schema\/person\/6f9a650eeea99d969b6c4ab78fccbe81\"},\"headline\":\"Une enqu\u00eate ouverte suite au d\u00e9c\u00e8s d&rsquo;un adolescent de 16 ans retrouv\u00e9 pendu\",\"datePublished\":\"2023-10-06T16:10:46+00:00\",\"dateModified\":\"2023-10-06T16:10:46+00:00\",\"mainEntityOfPage\":{\"@id\":\"https:\/\/vosgesinfo.fr\/epinalinfo\/2023\/10\/enquete-ouverte-suite-deces-dun-adolescent-de-16-ans-retrouve-pendu-2\/\"},\"wordCount\":185,\"commentCount\":0,\"publisher\":{\"@id\":\"https:\/\/vosgesinfo.fr\/epinalinfo\/#organization\"},\"image\":{\"@id\":\"https:\/\/vosgesinfo.fr\/epinalinfo\/2023\/10\/enquete-ouverte-suite-deces-dun-adolescent-de-16-ans-retrouve-pendu-2\/#primaryimage\"},\"thumbnailUrl\":\"https:\/\/vosgesinfo.fr\/app\/uploads\/sites\/3\/2022\/08\/gendarmerie-01.jpg\",\"keywords\":[\"enqu\u00eate adolescent\",\"Faits divers\",\"pendu\",\"Remiremont\",\"vosges\"],\"articleSection\":[\"A la Une\",\"Faits-divers\",\"Justice\",\"Vosges\"],\"inLanguage\":\"fr-FR\",\"potentialAction\":[{\"@type\":\"CommentAction\",\"name\":\"Comment\",\"target\":[\"https:\/\/vosgesinfo.fr\/epinalinfo\/2023\/10\/enquete-ouverte-suite-deces-dun-adolescent-de-16-ans-retrouve-pendu-2\/#respond\"]}]},{\"@type\":\"WebPage\",\"@id\":\"https:\/\/vosgesinfo.fr\/epinalinfo\/2023\/10\/enquete-ouverte-suite-deces-dun-adolescent-de-16-ans-retrouve-pendu-2\/\",\"url\":\"https:\/\/vosgesinfo.fr\/epinalinfo\/2023\/10\/enquete-ouverte-suite-deces-dun-adolescent-de-16-ans-retrouve-pendu-2\/\",\"name\":\"Une enqu\u00eate ouverte suite au d\u00e9c\u00e8s d'un adolescent de 16 ans retrouv\u00e9 pendu - Epinal Info\",\"isPartOf\":{\"@id\":\"https:\/\/vosgesinfo.fr\/epinalinfo\/#website\"},\"primaryImageOfPage\":{\"@id\":\"https:\/\/vosgesinfo.fr\/epinalinfo\/2023\/10\/enquete-ouverte-suite-deces-dun-adolescent-de-16-ans-retrouve-pendu-2\/#primaryimage\"},\"image\":{\"@id\":\"https:\/\/vosgesinfo.fr\/epinalinfo\/2023\/10\/enquete-ouverte-suite-deces-dun-adolescent-de-16-ans-retrouve-pendu-2\/#primaryimage\"},\"thumbnailUrl\":\"https:\/\/vosgesinfo.fr\/app\/uploads\/sites\/3\/2022\/08\/gendarmerie-01.jpg\",\"datePublished\":\"2023-10-06T16:10:46+00:00\",\"dateModified\":\"2023-10-06T16:10:46+00:00\",\"breadcrumb\":{\"@id\":\"https:\/\/vosgesinfo.fr\/epinalinfo\/2023\/10\/enquete-ouverte-suite-deces-dun-adolescent-de-16-ans-retrouve-pendu-2\/#breadcrumb\"},\"inLanguage\":\"fr-FR\",\"potentialAction\":[{\"@type\":\"ReadAction\",\"target\":[\"https:\/\/vosgesinfo.fr\/epinalinfo\/2023\/10\/enquete-ouverte-suite-deces-dun-adolescent-de-16-ans-retrouve-pendu-2\/\"]}]},{\"@type\":\"ImageObject\",\"inLanguage\":\"fr-FR\",\"@id\":\"https:\/\/vosgesinfo.fr\/epinalinfo\/2023\/10\/enquete-ouverte-suite-deces-dun-adolescent-de-16-ans-retrouve-pendu-2\/#primaryimage\",\"url\":\"https:\/\/vosgesinfo.fr\/app\/uploads\/sites\/3\/2022\/08\/gendarmerie-01.jpg\",\"contentUrl\":\"https:\/\/vosgesinfo.fr\/app\/uploads\/sites\/3\/2022\/08\/gendarmerie-01.jpg\",\"width\":616,\"height\":400},{\"@type\":\"BreadcrumbList\",\"@id\":\"https:\/\/vosgesinfo.fr\/epinalinfo\/2023\/10\/enquete-ouverte-suite-deces-dun-adolescent-de-16-ans-retrouve-pendu-2\/#breadcrumb\",\"itemListElement\":[{\"@type\":\"ListItem\",\"position\":1,\"name\":\"Home\",\"item\":\"https:\/\/vosgesinfo.fr\/epinalinfo\/\"},{\"@type\":\"ListItem\",\"position\":2,\"name\":\"Une enqu\u00eate ouverte suite au d\u00e9c\u00e8s d&rsquo;un adolescent de 16 ans retrouv\u00e9 pendu\"}]},{\"@type\":\"WebSite\",\"@id\":\"https:\/\/vosgesinfo.fr\/epinalinfo\/#website\",\"url\":\"https:\/\/vosgesinfo.fr\/epinalinfo\/\",\"name\":\"Epinal Info\",\"description\":\"Toute l&#039;actualit\u00e9 d&#039;\u00c9pinal\",\"publisher\":{\"@id\":\"https:\/\/vosgesinfo.fr\/epinalinfo\/#organization\"},\"alternateName\":\"Toute l'actualit\u00e9 d'\u00c9pinal\",\"potentialAction\":[{\"@type\":\"SearchAction\",\"target\":{\"@type\":\"EntryPoint\",\"urlTemplate\":\"https:\/\/vosgesinfo.fr\/epinalinfo\/?s={search_term_string}\"},\"query-input\":\"required name=search_term_string\"}],\"inLanguage\":\"fr-FR\"},{\"@type\":\"Organization\",\"@id\":\"https:\/\/vosgesinfo.fr\/epinalinfo\/#organization\",\"name\":\"Epinal Info\",\"url\":\"https:\/\/vosgesinfo.fr\/epinalinfo\/\",\"logo\":{\"@type\":\"ImageObject\",\"inLanguage\":\"fr-FR\",\"@id\":\"https:\/\/vosgesinfo.fr\/epinalinfo\/#\/schema\/logo\/image\/\",\"url\":\"https:\/\/vosgesinfo.fr\/app\/uploads\/sites\/3\/2023\/08\/logo-epinalinfos.svg\",\"contentUrl\":\"https:\/\/vosgesinfo.fr\/app\/uploads\/sites\/3\/2023\/08\/logo-epinalinfos.svg\",\"width\":1,\"height\":1,\"caption\":\"Epinal Info\"},\"image\":{\"@id\":\"https:\/\/vosgesinfo.fr\/epinalinfo\/#\/schema\/logo\/image\/\"},\"sameAs\":[\"https:\/\/www.facebook.com\/Epinalinfos\",\"https:\/\/x.com\/VosgesInfo88\",\"https:\/\/www.youtube.com\/@vosgesinfo\"]},{\"@type\":\"Person\",\"@id\":\"https:\/\/vosgesinfo.fr\/epinalinfo\/#\/schema\/person\/6f9a650eeea99d969b6c4ab78fccbe81\",\"name\":\"C.K.\",\"image\":{\"@type\":\"ImageObject\",\"inLanguage\":\"fr-FR\",\"@id\":\"https:\/\/vosgesinfo.fr\/epinalinfo\/#\/schema\/person\/image\/\",\"url\":\"https:\/\/secure.gravatar.com\/avatar\/48e3fc7f8421ba8942be6b74a2b7f014ca39bc00dece156b7a8e098ae7dc87bf?s=96&d=mm&r=g\",\"contentUrl\":\"https:\/\/secure.gravatar.com\/avatar\/48e3fc7f8421ba8942be6b74a2b7f014ca39bc00dece156b7a8e098ae7dc87bf?s=96&d=mm&r=g\",\"caption\":\"C.K.\"},\"url\":\"https:\/\/vosgesinfo.fr\/epinalinfo\/author\/celia-k-n\/\"}]}<\/script>\n<!-- \/ Yoast SEO plugin. -->","yoast_head_json":{"title":"Une enqu\u00eate ouverte suite au d\u00e9c\u00e8s d'un adolescent de 16 ans retrouv\u00e9 pendu - Epinal Info","robots":{"index":"index","follow":"follow","max-snippet":"max-snippet:-1","max-image-preview":"max-image-preview:large","max-video-preview":"max-video-preview:-1"},"canonical":"https:\/\/vosgesinfo.fr\/epinalinfo\/2023\/10\/enquete-ouverte-suite-deces-dun-adolescent-de-16-ans-retrouve-pendu-2\/","twitter_card":"summary_large_image","twitter_title":"Une enqu\u00eate ouverte suite au d\u00e9c\u00e8s d'un adolescent de 16 ans retrouv\u00e9 pendu - Epinal Info","twitter_description":"Le Procureur de la R\u00e9publique d&rsquo;Epinal a annonc\u00e9 qu&rsquo;une enqu\u00eate avait \u00e9t\u00e9 ouverte suite au dec\u00e8s d&rsquo;un adolescent de 16 [&hellip;]","twitter_image":"https:\/\/vosgesinfo.fr\/app\/uploads\/sites\/3\/2022\/08\/gendarmerie-01.jpg","twitter_creator":"@VosgesInfo88","twitter_site":"@VosgesInfo88","twitter_misc":{"\u00c9crit par":"C.K.","Dur\u00e9e de lecture estim\u00e9e":"1 minute"},"schema":{"@context":"https:\/\/schema.org","@graph":[{"@type":"Article","@id":"https:\/\/vosgesinfo.fr\/epinalinfo\/2023\/10\/enquete-ouverte-suite-deces-dun-adolescent-de-16-ans-retrouve-pendu-2\/#article","isPartOf":{"@id":"https:\/\/vosgesinfo.fr\/epinalinfo\/2023\/10\/enquete-ouverte-suite-deces-dun-adolescent-de-16-ans-retrouve-pendu-2\/"},"author":{"name":"C.K.","@id":"https:\/\/vosgesinfo.fr\/epinalinfo\/#\/schema\/person\/6f9a650eeea99d969b6c4ab78fccbe81"},"headline":"Une enqu\u00eate ouverte suite au d\u00e9c\u00e8s d&rsquo;un adolescent de 16 ans retrouv\u00e9 pendu","datePublished":"2023-10-06T16:10:46+00:00","dateModified":"2023-10-06T16:10:46+00:00","mainEntityOfPage":{"@id":"https:\/\/vosgesinfo.fr\/epinalinfo\/2023\/10\/enquete-ouverte-suite-deces-dun-adolescent-de-16-ans-retrouve-pendu-2\/"},"wordCount":185,"commentCount":0,"publisher":{"@id":"https:\/\/vosgesinfo.fr\/epinalinfo\/#organization"},"image":{"@id":"https:\/\/vosgesinfo.fr\/epinalinfo\/2023\/10\/enquete-ouverte-suite-deces-dun-adolescent-de-16-ans-retrouve-pendu-2\/#primaryimage"},"thumbnailUrl":"https:\/\/vosgesinfo.fr\/app\/uploads\/sites\/3\/2022\/08\/gendarmerie-01.jpg","keywords":["enqu\u00eate adolescent","Faits divers","pendu","Remiremont","vosges"],"articleSection":["A la Une","Faits-divers","Justice","Vosges"],"inLanguage":"fr-FR","potentialAction":[{"@type":"CommentAction","name":"Comment","target":["https:\/\/vosgesinfo.fr\/epinalinfo\/2023\/10\/enquete-ouverte-suite-deces-dun-adolescent-de-16-ans-retrouve-pendu-2\/#respond"]}]},{"@type":"WebPage","@id":"https:\/\/vosgesinfo.fr\/epinalinfo\/2023\/10\/enquete-ouverte-suite-deces-dun-adolescent-de-16-ans-retrouve-pendu-2\/","url":"https:\/\/vosgesinfo.fr\/epinalinfo\/2023\/10\/enquete-ouverte-suite-deces-dun-adolescent-de-16-ans-retrouve-pendu-2\/","name":"Une enqu\u00eate ouverte suite au d\u00e9c\u00e8s d'un adolescent de 16 ans retrouv\u00e9 pendu - Epinal Info","isPartOf":{"@id":"https:\/\/vosgesinfo.fr\/epinalinfo\/#website"},"primaryImageOfPage":{"@id":"https:\/\/vosgesinfo.fr\/epinalinfo\/2023\/10\/enquete-ouverte-suite-deces-dun-adolescent-de-16-ans-retrouve-pendu-2\/#primaryimage"},"image":{"@id":"https:\/\/vosgesinfo.fr\/epinalinfo\/2023\/10\/enquete-ouverte-suite-deces-dun-adolescent-de-16-ans-retrouve-pendu-2\/#primaryimage"},"thumbnailUrl":"https:\/\/vosgesinfo.fr\/app\/uploads\/sites\/3\/2022\/08\/gendarmerie-01.jpg","datePublished":"2023-10-06T16:10:46+00:00","dateModified":"2023-10-06T16:10:46+00:00","breadcrumb":{"@id":"https:\/\/vosgesinfo.fr\/epinalinfo\/2023\/10\/enquete-ouverte-suite-deces-dun-adolescent-de-16-ans-retrouve-pendu-2\/#breadcrumb"},"inLanguage":"fr-FR","potentialAction":[{"@type":"ReadAction","target":["https:\/\/vosgesinfo.fr\/epinalinfo\/2023\/10\/enquete-ouverte-suite-deces-dun-adolescent-de-16-ans-retrouve-pendu-2\/"]}]},{"@type":"ImageObject","inLanguage":"fr-FR","@id":"https:\/\/vosgesinfo.fr\/epinalinfo\/2023\/10\/enquete-ouverte-suite-deces-dun-adolescent-de-16-ans-retrouve-pendu-2\/#primaryimage","url":"https:\/\/vosgesinfo.fr\/app\/uploads\/sites\/3\/2022\/08\/gendarmerie-01.jpg","contentUrl":"https:\/\/vosgesinfo.fr\/app\/uploads\/sites\/3\/2022\/08\/gendarmerie-01.jpg","width":616,"height":400},{"@type":"BreadcrumbList","@id":"https:\/\/vosgesinfo.fr\/epinalinfo\/2023\/10\/enquete-ouverte-suite-deces-dun-adolescent-de-16-ans-retrouve-pendu-2\/#breadcrumb","itemListElement":[{"@type":"ListItem","position":1,"name":"Home","item":"https:\/\/vosgesinfo.fr\/epinalinfo\/"},{"@type":"ListItem","position":2,"name":"Une enqu\u00eate ouverte suite au d\u00e9c\u00e8s d&rsquo;un adolescent de 16 ans retrouv\u00e9 pendu"}]},{"@type":"WebSite","@id":"https:\/\/vosgesinfo.fr\/epinalinfo\/#website","url":"https:\/\/vosgesinfo.fr\/epinalinfo\/","name":"Epinal Info","description":"Toute l&#039;actualit\u00e9 d&#039;\u00c9pinal","publisher":{"@id":"https:\/\/vosgesinfo.fr\/epinalinfo\/#organization"},"alternateName":"Toute l'actualit\u00e9 d'\u00c9pinal","potentialAction":[{"@type":"SearchAction","target":{"@type":"EntryPoint","urlTemplate":"https:\/\/vosgesinfo.fr\/epinalinfo\/?s={search_term_string}"},"query-input":"required name=search_term_string"}],"inLanguage":"fr-FR"},{"@type":"Organization","@id":"https:\/\/vosgesinfo.fr\/epinalinfo\/#organization","name":"Epinal Info","url":"https:\/\/vosgesinfo.fr\/epinalinfo\/","logo":{"@type":"ImageObject","inLanguage":"fr-FR","@id":"https:\/\/vosgesinfo.fr\/epinalinfo\/#\/schema\/logo\/image\/","url":"https:\/\/vosgesinfo.fr\/app\/uploads\/sites\/3\/2023\/08\/logo-epinalinfos.svg","contentUrl":"https:\/\/vosgesinfo.fr\/app\/uploads\/sites\/3\/2023\/08\/logo-epinalinfos.svg","width":1,"height":1,"caption":"Epinal Info"},"image":{"@id":"https:\/\/vosgesinfo.fr\/epinalinfo\/#\/schema\/logo\/image\/"},"sameAs":["https:\/\/www.facebook.com\/Epinalinfos","https:\/\/x.com\/VosgesInfo88","https:\/\/www.youtube.com\/@vosgesinfo"]},{"@type":"Person","@id":"https:\/\/vosgesinfo.fr\/epinalinfo\/#\/schema\/person\/6f9a650eeea99d969b6c4ab78fccbe81","name":"C.K.","image":{"@type":"ImageObject","inLanguage":"fr-FR","@id":"https:\/\/vosgesinfo.fr\/epinalinfo\/#\/schema\/person\/image\/","url":"https:\/\/secure.gravatar.com\/avatar\/48e3fc7f8421ba8942be6b74a2b7f014ca39bc00dece156b7a8e098ae7dc87bf?s=96&d=mm&r=g","contentUrl":"https:\/\/secure.gravatar.com\/avatar\/48e3fc7f8421ba8942be6b74a2b7f014ca39bc00dece156b7a8e098ae7dc87bf?s=96&d=mm&r=g","caption":"C.K."},"url":"https:\/\/vosgesinfo.fr\/epinalinfo\/author\/celia-k-n\/"}]}},"_links":{"self":[{"href":"https:\/\/vosgesinfo.fr\/epinalinfo\/wp-json\/wp\/v2\/posts\/119674","targetHints":{"allow":["GET"]}}],"collection":[{"href":"https:\/\/vosgesinfo.fr\/epinalinfo\/wp-json\/wp\/v2\/posts"}],"about":[{"href":"https:\/\/vosgesinfo.fr\/epinalinfo\/wp-json\/wp\/v2\/types\/post"}],"author":[{"embeddable":true,"href":"https:\/\/vosgesinfo.fr\/epinalinfo\/wp-json\/wp\/v2\/users\/52"}],"replies":[{"embeddable":true,"href":"https:\/\/vosgesinfo.fr\/epinalinfo\/wp-json\/wp\/v2\/comments?post=119674"}],"version-history":[{"count":0,"href":"https:\/\/vosgesinfo.fr\/epinalinfo\/wp-json\/wp\/v2\/posts\/119674\/revisions"}],"wp:featuredmedia":[{"embeddable":true,"href":"https:\/\/vosgesinfo.fr\/epinalinfo\/wp-json\/wp\/v2\/media\/429"}],"wp:attachment":[{"href":"https:\/\/vosgesinfo.fr\/epinalinfo\/wp-json\/wp\/v2\/media?parent=119674"}],"wp:term":[{"taxonomy":"category","embeddable":true,"href":"https:\/\/vosgesinfo.fr\/epinalinfo\/wp-json\/wp\/v2\/categories?post=119674"},{"taxonomy":"post_tag","embeddable":true,"href":"https:\/\/vosgesinfo.fr\/epinalinfo\/wp-json\/wp\/v2\/tags?post=119674"}],"curies":[{"name":"wp","href":"https:\/\/api.w.org\/{rel}","templated":true}]}}