{"id":119701,"date":"2023-10-10T11:40:06","date_gmt":"2023-10-10T09:40:06","guid":{"rendered":"https:\/\/vosgesinfo.fr\/epinalinfo\/2023\/10\/grand-lemploi-salarie-baisse-premiere-debut-2021-2\/"},"modified":"2023-10-10T11:40:06","modified_gmt":"2023-10-10T09:40:06","slug":"grand-lemploi-salarie-baisse-premiere-debut-2021-2","status":"publish","type":"post","link":"https:\/\/vosgesinfo.fr\/epinalinfo\/2023\/10\/grand-lemploi-salarie-baisse-premiere-debut-2021-2\/","title":{"rendered":"Grand Est : l&#8217;emploi salari\u00e9 baisse pour la premi\u00e8re fois depuis d\u00e9but 2021"},"content":{"rendered":"<div id=\"attachment_140136\" style=\"width: 810px\" class=\"wp-caption aligncenter\"><a href=\"\/2018\/08\/P\u00f4le_Emploi_01.jpg\"><img decoding=\"async\" aria-describedby=\"caption-attachment-140136\" class=\"size-large wp-image-140136\" src=\"\/2018\/08\/P\u00f4le_Emploi_01-800x534.jpg\" alt=\"(Photographie d\u2019archives)\" width=\"800\" height=\"534\" \/><\/a><p id=\"caption-attachment-140136\" class=\"wp-caption-text\">(Photographie d\u2019archives)<\/p><\/div>\n<h2><span style=\"font-size: 14pt;\"><strong>La derni\u00e8re note de conjoncture r\u00e9gionale publi\u00e9e par l&rsquo;Insee Grand Est rel\u00e8ve une baisse de 0,2\u00a0% de l&#8217;emploi salari\u00e9 dans la r\u00e9gion Grand Est au deuxi\u00e8me trimestre\u00a02023. Le Grand Est est la deuxi\u00e8me r\u00e9gion fran\u00e7aise \u00e0 conna\u00eetre une telle baisse.<\/strong><\/span><\/h2>\n<p>Pour la premi\u00e8re fois depuis d\u00e9but 2021, le niveau trimestriel de l\u2019emploi recule de 0,2 % dans le Grand Est, soit une perte de 3 700 emplois. L\u2019int\u00e9rim se replie fortement, notamment dans l\u2019industrie.<\/p>\n<p>Au 2e trimestre 2023, le ch\u00f4mage du Grand Est s\u2019\u00e9tablit \u00e0 7,1 % de la population active, juste en dessous du taux en France m\u00e9tropolitaine. Il augmente en Haute-Marne, en Moselle, dans le Bas-Rhin et dans les Vosges, et reste stable dans les autres d\u00e9partements de la r\u00e9gion. Pr\u00e8s de 15 500 entreprises sont cr\u00e9\u00e9es ce trimestre, soit 1 % de moins qu\u2019au trimestre pr\u00e9c\u00e9dent.<\/p>\n<p>La hausse des d\u00e9faillances d\u2019entreprises se poursuit. En revanche, la fr\u00e9quentation touristique progresse au printemps 2023. Elle est sup\u00e9rieure de 7 % \u00e0 celle d\u2019un an auparavant, gr\u00e2ce \u00e0 l\u2019embellie dans l\u2019h\u00f4tellerie et au retour de la client\u00e8le non r\u00e9sidente.<\/p>\n","protected":false},"excerpt":{"rendered":"<p>La derni\u00e8re note de conjoncture r\u00e9gionale publi\u00e9e par l&rsquo;Insee Grand Est rel\u00e8ve une baisse de 0,2\u00a0% de l&#8217;emploi salari\u00e9 dans [&hellip;]<\/p>\n","protected":false},"author":52,"featured_media":1794,"comment_status":"open","ping_status":"open","sticky":false,"template":"","format":"standard","meta":{"footnotes":""},"categories":[22,8,729,5],"tags":[743,744,138,215,75],"class_list":["post-119701","post","type-post","status-publish","format-standard","has-post-thumbnail","hentry","category-a-la-une","category-economie","category-lorraine","category-vosges","tag-chomage","tag-emploi","tag-grand-est","tag-lorraine","tag-vosges"],"acf":[],"yoast_head":"<!-- This site is optimized with the Yoast SEO plugin v22.5 - https:\/\/yoast.com\/wordpress\/plugins\/seo\/ -->\n<title>Grand Est : l&#039;emploi salari\u00e9 baisse pour la premi\u00e8re fois depuis d\u00e9but 2021 - Epinal Info<\/title>\n<meta name=\"robots\" content=\"index, follow, max-snippet:-1, max-image-preview:large, max-video-preview:-1\" \/>\n<link rel=\"canonical\" href=\"https:\/\/vosgesinfo.fr\/epinalinfo\/2023\/10\/grand-lemploi-salarie-baisse-premiere-debut-2021-2\/\" \/>\n<meta name=\"twitter:card\" content=\"summary_large_image\" \/>\n<meta name=\"twitter:title\" content=\"Grand Est : l&#039;emploi salari\u00e9 baisse pour la premi\u00e8re fois depuis d\u00e9but 2021 - Epinal Info\" \/>\n<meta name=\"twitter:description\" content=\"La derni\u00e8re note de conjoncture r\u00e9gionale publi\u00e9e par l&rsquo;Insee Grand Est rel\u00e8ve une baisse de 0,2\u00a0% de l&#8217;emploi salari\u00e9 dans [&hellip;]\" \/>\n<meta name=\"twitter:image\" content=\"https:\/\/vosgesinfo.fr\/app\/uploads\/sites\/3\/2018\/08\/pole-emploi-01.jpg\" \/>\n<meta name=\"twitter:creator\" content=\"@VosgesInfo88\" \/>\n<meta name=\"twitter:site\" content=\"@VosgesInfo88\" \/>\n<meta name=\"twitter:label1\" content=\"\u00c9crit par\" \/>\n\t<meta name=\"twitter:data1\" content=\"C.K.\" \/>\n\t<meta name=\"twitter:label2\" content=\"Dur\u00e9e de lecture estim\u00e9e\" \/>\n\t<meta name=\"twitter:data2\" content=\"1 minute\" \/>\n<script type=\"application\/ld+json\" class=\"yoast-schema-graph\">{\"@context\":\"https:\/\/schema.org\",\"@graph\":[{\"@type\":\"Article\",\"@id\":\"https:\/\/vosgesinfo.fr\/epinalinfo\/2023\/10\/grand-lemploi-salarie-baisse-premiere-debut-2021-2\/#article\",\"isPartOf\":{\"@id\":\"https:\/\/vosgesinfo.fr\/epinalinfo\/2023\/10\/grand-lemploi-salarie-baisse-premiere-debut-2021-2\/\"},\"author\":{\"name\":\"C.K.\",\"@id\":\"https:\/\/vosgesinfo.fr\/epinalinfo\/#\/schema\/person\/6f9a650eeea99d969b6c4ab78fccbe81\"},\"headline\":\"Grand Est : l&#8217;emploi salari\u00e9 baisse pour la premi\u00e8re fois depuis d\u00e9but 2021\",\"datePublished\":\"2023-10-10T09:40:06+00:00\",\"dateModified\":\"2023-10-10T09:40:06+00:00\",\"mainEntityOfPage\":{\"@id\":\"https:\/\/vosgesinfo.fr\/epinalinfo\/2023\/10\/grand-lemploi-salarie-baisse-premiere-debut-2021-2\/\"},\"wordCount\":222,\"commentCount\":0,\"publisher\":{\"@id\":\"https:\/\/vosgesinfo.fr\/epinalinfo\/#organization\"},\"image\":{\"@id\":\"https:\/\/vosgesinfo.fr\/epinalinfo\/2023\/10\/grand-lemploi-salarie-baisse-premiere-debut-2021-2\/#primaryimage\"},\"thumbnailUrl\":\"https:\/\/vosgesinfo.fr\/app\/uploads\/sites\/3\/2018\/08\/pole-emploi-01.jpg\",\"keywords\":[\"ch\u00f4mage\",\"Emploi\",\"Grand Est\",\"lorraine\",\"vosges\"],\"articleSection\":[\"A la Une\",\"\u00c9conomie\",\"Lorraine\",\"Vosges\"],\"inLanguage\":\"fr-FR\",\"potentialAction\":[{\"@type\":\"CommentAction\",\"name\":\"Comment\",\"target\":[\"https:\/\/vosgesinfo.fr\/epinalinfo\/2023\/10\/grand-lemploi-salarie-baisse-premiere-debut-2021-2\/#respond\"]}]},{\"@type\":\"WebPage\",\"@id\":\"https:\/\/vosgesinfo.fr\/epinalinfo\/2023\/10\/grand-lemploi-salarie-baisse-premiere-debut-2021-2\/\",\"url\":\"https:\/\/vosgesinfo.fr\/epinalinfo\/2023\/10\/grand-lemploi-salarie-baisse-premiere-debut-2021-2\/\",\"name\":\"Grand Est : l'emploi salari\u00e9 baisse pour la premi\u00e8re fois depuis d\u00e9but 2021 - Epinal Info\",\"isPartOf\":{\"@id\":\"https:\/\/vosgesinfo.fr\/epinalinfo\/#website\"},\"primaryImageOfPage\":{\"@id\":\"https:\/\/vosgesinfo.fr\/epinalinfo\/2023\/10\/grand-lemploi-salarie-baisse-premiere-debut-2021-2\/#primaryimage\"},\"image\":{\"@id\":\"https:\/\/vosgesinfo.fr\/epinalinfo\/2023\/10\/grand-lemploi-salarie-baisse-premiere-debut-2021-2\/#primaryimage\"},\"thumbnailUrl\":\"https:\/\/vosgesinfo.fr\/app\/uploads\/sites\/3\/2018\/08\/pole-emploi-01.jpg\",\"datePublished\":\"2023-10-10T09:40:06+00:00\",\"dateModified\":\"2023-10-10T09:40:06+00:00\",\"breadcrumb\":{\"@id\":\"https:\/\/vosgesinfo.fr\/epinalinfo\/2023\/10\/grand-lemploi-salarie-baisse-premiere-debut-2021-2\/#breadcrumb\"},\"inLanguage\":\"fr-FR\",\"potentialAction\":[{\"@type\":\"ReadAction\",\"target\":[\"https:\/\/vosgesinfo.fr\/epinalinfo\/2023\/10\/grand-lemploi-salarie-baisse-premiere-debut-2021-2\/\"]}]},{\"@type\":\"ImageObject\",\"inLanguage\":\"fr-FR\",\"@id\":\"https:\/\/vosgesinfo.fr\/epinalinfo\/2023\/10\/grand-lemploi-salarie-baisse-premiere-debut-2021-2\/#primaryimage\",\"url\":\"https:\/\/vosgesinfo.fr\/app\/uploads\/sites\/3\/2018\/08\/pole-emploi-01.jpg\",\"contentUrl\":\"https:\/\/vosgesinfo.fr\/app\/uploads\/sites\/3\/2018\/08\/pole-emploi-01.jpg\",\"width\":1000,\"height\":667},{\"@type\":\"BreadcrumbList\",\"@id\":\"https:\/\/vosgesinfo.fr\/epinalinfo\/2023\/10\/grand-lemploi-salarie-baisse-premiere-debut-2021-2\/#breadcrumb\",\"itemListElement\":[{\"@type\":\"ListItem\",\"position\":1,\"name\":\"Home\",\"item\":\"https:\/\/vosgesinfo.fr\/epinalinfo\/\"},{\"@type\":\"ListItem\",\"position\":2,\"name\":\"Grand Est : l&#8217;emploi salari\u00e9 baisse pour la premi\u00e8re fois depuis d\u00e9but 2021\"}]},{\"@type\":\"WebSite\",\"@id\":\"https:\/\/vosgesinfo.fr\/epinalinfo\/#website\",\"url\":\"https:\/\/vosgesinfo.fr\/epinalinfo\/\",\"name\":\"Epinal Info\",\"description\":\"Toute l&#039;actualit\u00e9 d&#039;\u00c9pinal\",\"publisher\":{\"@id\":\"https:\/\/vosgesinfo.fr\/epinalinfo\/#organization\"},\"alternateName\":\"Toute l'actualit\u00e9 d'\u00c9pinal\",\"potentialAction\":[{\"@type\":\"SearchAction\",\"target\":{\"@type\":\"EntryPoint\",\"urlTemplate\":\"https:\/\/vosgesinfo.fr\/epinalinfo\/?s={search_term_string}\"},\"query-input\":\"required name=search_term_string\"}],\"inLanguage\":\"fr-FR\"},{\"@type\":\"Organization\",\"@id\":\"https:\/\/vosgesinfo.fr\/epinalinfo\/#organization\",\"name\":\"Epinal Info\",\"url\":\"https:\/\/vosgesinfo.fr\/epinalinfo\/\",\"logo\":{\"@type\":\"ImageObject\",\"inLanguage\":\"fr-FR\",\"@id\":\"https:\/\/vosgesinfo.fr\/epinalinfo\/#\/schema\/logo\/image\/\",\"url\":\"https:\/\/vosgesinfo.fr\/app\/uploads\/sites\/3\/2023\/08\/logo-epinalinfos.svg\",\"contentUrl\":\"https:\/\/vosgesinfo.fr\/app\/uploads\/sites\/3\/2023\/08\/logo-epinalinfos.svg\",\"width\":1,\"height\":1,\"caption\":\"Epinal Info\"},\"image\":{\"@id\":\"https:\/\/vosgesinfo.fr\/epinalinfo\/#\/schema\/logo\/image\/\"},\"sameAs\":[\"https:\/\/www.facebook.com\/Epinalinfos\",\"https:\/\/x.com\/VosgesInfo88\",\"https:\/\/www.youtube.com\/@vosgesinfo\"]},{\"@type\":\"Person\",\"@id\":\"https:\/\/vosgesinfo.fr\/epinalinfo\/#\/schema\/person\/6f9a650eeea99d969b6c4ab78fccbe81\",\"name\":\"C.K.\",\"image\":{\"@type\":\"ImageObject\",\"inLanguage\":\"fr-FR\",\"@id\":\"https:\/\/vosgesinfo.fr\/epinalinfo\/#\/schema\/person\/image\/\",\"url\":\"https:\/\/secure.gravatar.com\/avatar\/48e3fc7f8421ba8942be6b74a2b7f014ca39bc00dece156b7a8e098ae7dc87bf?s=96&d=mm&r=g\",\"contentUrl\":\"https:\/\/secure.gravatar.com\/avatar\/48e3fc7f8421ba8942be6b74a2b7f014ca39bc00dece156b7a8e098ae7dc87bf?s=96&d=mm&r=g\",\"caption\":\"C.K.\"},\"url\":\"https:\/\/vosgesinfo.fr\/epinalinfo\/author\/celia-k-n\/\"}]}<\/script>\n<!-- \/ Yoast SEO plugin. -->","yoast_head_json":{"title":"Grand Est : l'emploi salari\u00e9 baisse pour la premi\u00e8re fois depuis d\u00e9but 2021 - Epinal Info","robots":{"index":"index","follow":"follow","max-snippet":"max-snippet:-1","max-image-preview":"max-image-preview:large","max-video-preview":"max-video-preview:-1"},"canonical":"https:\/\/vosgesinfo.fr\/epinalinfo\/2023\/10\/grand-lemploi-salarie-baisse-premiere-debut-2021-2\/","twitter_card":"summary_large_image","twitter_title":"Grand Est : l'emploi salari\u00e9 baisse pour la premi\u00e8re fois depuis d\u00e9but 2021 - Epinal Info","twitter_description":"La derni\u00e8re note de conjoncture r\u00e9gionale publi\u00e9e par l&rsquo;Insee Grand Est rel\u00e8ve une baisse de 0,2\u00a0% de l&#8217;emploi salari\u00e9 dans [&hellip;]","twitter_image":"https:\/\/vosgesinfo.fr\/app\/uploads\/sites\/3\/2018\/08\/pole-emploi-01.jpg","twitter_creator":"@VosgesInfo88","twitter_site":"@VosgesInfo88","twitter_misc":{"\u00c9crit par":"C.K.","Dur\u00e9e de lecture estim\u00e9e":"1 minute"},"schema":{"@context":"https:\/\/schema.org","@graph":[{"@type":"Article","@id":"https:\/\/vosgesinfo.fr\/epinalinfo\/2023\/10\/grand-lemploi-salarie-baisse-premiere-debut-2021-2\/#article","isPartOf":{"@id":"https:\/\/vosgesinfo.fr\/epinalinfo\/2023\/10\/grand-lemploi-salarie-baisse-premiere-debut-2021-2\/"},"author":{"name":"C.K.","@id":"https:\/\/vosgesinfo.fr\/epinalinfo\/#\/schema\/person\/6f9a650eeea99d969b6c4ab78fccbe81"},"headline":"Grand Est : l&#8217;emploi salari\u00e9 baisse pour la premi\u00e8re fois depuis d\u00e9but 2021","datePublished":"2023-10-10T09:40:06+00:00","dateModified":"2023-10-10T09:40:06+00:00","mainEntityOfPage":{"@id":"https:\/\/vosgesinfo.fr\/epinalinfo\/2023\/10\/grand-lemploi-salarie-baisse-premiere-debut-2021-2\/"},"wordCount":222,"commentCount":0,"publisher":{"@id":"https:\/\/vosgesinfo.fr\/epinalinfo\/#organization"},"image":{"@id":"https:\/\/vosgesinfo.fr\/epinalinfo\/2023\/10\/grand-lemploi-salarie-baisse-premiere-debut-2021-2\/#primaryimage"},"thumbnailUrl":"https:\/\/vosgesinfo.fr\/app\/uploads\/sites\/3\/2018\/08\/pole-emploi-01.jpg","keywords":["ch\u00f4mage","Emploi","Grand Est","lorraine","vosges"],"articleSection":["A la Une","\u00c9conomie","Lorraine","Vosges"],"inLanguage":"fr-FR","potentialAction":[{"@type":"CommentAction","name":"Comment","target":["https:\/\/vosgesinfo.fr\/epinalinfo\/2023\/10\/grand-lemploi-salarie-baisse-premiere-debut-2021-2\/#respond"]}]},{"@type":"WebPage","@id":"https:\/\/vosgesinfo.fr\/epinalinfo\/2023\/10\/grand-lemploi-salarie-baisse-premiere-debut-2021-2\/","url":"https:\/\/vosgesinfo.fr\/epinalinfo\/2023\/10\/grand-lemploi-salarie-baisse-premiere-debut-2021-2\/","name":"Grand Est : l'emploi salari\u00e9 baisse pour la premi\u00e8re fois depuis d\u00e9but 2021 - Epinal Info","isPartOf":{"@id":"https:\/\/vosgesinfo.fr\/epinalinfo\/#website"},"primaryImageOfPage":{"@id":"https:\/\/vosgesinfo.fr\/epinalinfo\/2023\/10\/grand-lemploi-salarie-baisse-premiere-debut-2021-2\/#primaryimage"},"image":{"@id":"https:\/\/vosgesinfo.fr\/epinalinfo\/2023\/10\/grand-lemploi-salarie-baisse-premiere-debut-2021-2\/#primaryimage"},"thumbnailUrl":"https:\/\/vosgesinfo.fr\/app\/uploads\/sites\/3\/2018\/08\/pole-emploi-01.jpg","datePublished":"2023-10-10T09:40:06+00:00","dateModified":"2023-10-10T09:40:06+00:00","breadcrumb":{"@id":"https:\/\/vosgesinfo.fr\/epinalinfo\/2023\/10\/grand-lemploi-salarie-baisse-premiere-debut-2021-2\/#breadcrumb"},"inLanguage":"fr-FR","potentialAction":[{"@type":"ReadAction","target":["https:\/\/vosgesinfo.fr\/epinalinfo\/2023\/10\/grand-lemploi-salarie-baisse-premiere-debut-2021-2\/"]}]},{"@type":"ImageObject","inLanguage":"fr-FR","@id":"https:\/\/vosgesinfo.fr\/epinalinfo\/2023\/10\/grand-lemploi-salarie-baisse-premiere-debut-2021-2\/#primaryimage","url":"https:\/\/vosgesinfo.fr\/app\/uploads\/sites\/3\/2018\/08\/pole-emploi-01.jpg","contentUrl":"https:\/\/vosgesinfo.fr\/app\/uploads\/sites\/3\/2018\/08\/pole-emploi-01.jpg","width":1000,"height":667},{"@type":"BreadcrumbList","@id":"https:\/\/vosgesinfo.fr\/epinalinfo\/2023\/10\/grand-lemploi-salarie-baisse-premiere-debut-2021-2\/#breadcrumb","itemListElement":[{"@type":"ListItem","position":1,"name":"Home","item":"https:\/\/vosgesinfo.fr\/epinalinfo\/"},{"@type":"ListItem","position":2,"name":"Grand Est : l&#8217;emploi salari\u00e9 baisse pour la premi\u00e8re fois depuis d\u00e9but 2021"}]},{"@type":"WebSite","@id":"https:\/\/vosgesinfo.fr\/epinalinfo\/#website","url":"https:\/\/vosgesinfo.fr\/epinalinfo\/","name":"Epinal Info","description":"Toute l&#039;actualit\u00e9 d&#039;\u00c9pinal","publisher":{"@id":"https:\/\/vosgesinfo.fr\/epinalinfo\/#organization"},"alternateName":"Toute l'actualit\u00e9 d'\u00c9pinal","potentialAction":[{"@type":"SearchAction","target":{"@type":"EntryPoint","urlTemplate":"https:\/\/vosgesinfo.fr\/epinalinfo\/?s={search_term_string}"},"query-input":"required name=search_term_string"}],"inLanguage":"fr-FR"},{"@type":"Organization","@id":"https:\/\/vosgesinfo.fr\/epinalinfo\/#organization","name":"Epinal Info","url":"https:\/\/vosgesinfo.fr\/epinalinfo\/","logo":{"@type":"ImageObject","inLanguage":"fr-FR","@id":"https:\/\/vosgesinfo.fr\/epinalinfo\/#\/schema\/logo\/image\/","url":"https:\/\/vosgesinfo.fr\/app\/uploads\/sites\/3\/2023\/08\/logo-epinalinfos.svg","contentUrl":"https:\/\/vosgesinfo.fr\/app\/uploads\/sites\/3\/2023\/08\/logo-epinalinfos.svg","width":1,"height":1,"caption":"Epinal Info"},"image":{"@id":"https:\/\/vosgesinfo.fr\/epinalinfo\/#\/schema\/logo\/image\/"},"sameAs":["https:\/\/www.facebook.com\/Epinalinfos","https:\/\/x.com\/VosgesInfo88","https:\/\/www.youtube.com\/@vosgesinfo"]},{"@type":"Person","@id":"https:\/\/vosgesinfo.fr\/epinalinfo\/#\/schema\/person\/6f9a650eeea99d969b6c4ab78fccbe81","name":"C.K.","image":{"@type":"ImageObject","inLanguage":"fr-FR","@id":"https:\/\/vosgesinfo.fr\/epinalinfo\/#\/schema\/person\/image\/","url":"https:\/\/secure.gravatar.com\/avatar\/48e3fc7f8421ba8942be6b74a2b7f014ca39bc00dece156b7a8e098ae7dc87bf?s=96&d=mm&r=g","contentUrl":"https:\/\/secure.gravatar.com\/avatar\/48e3fc7f8421ba8942be6b74a2b7f014ca39bc00dece156b7a8e098ae7dc87bf?s=96&d=mm&r=g","caption":"C.K."},"url":"https:\/\/vosgesinfo.fr\/epinalinfo\/author\/celia-k-n\/"}]}},"_links":{"self":[{"href":"https:\/\/vosgesinfo.fr\/epinalinfo\/wp-json\/wp\/v2\/posts\/119701","targetHints":{"allow":["GET"]}}],"collection":[{"href":"https:\/\/vosgesinfo.fr\/epinalinfo\/wp-json\/wp\/v2\/posts"}],"about":[{"href":"https:\/\/vosgesinfo.fr\/epinalinfo\/wp-json\/wp\/v2\/types\/post"}],"author":[{"embeddable":true,"href":"https:\/\/vosgesinfo.fr\/epinalinfo\/wp-json\/wp\/v2\/users\/52"}],"replies":[{"embeddable":true,"href":"https:\/\/vosgesinfo.fr\/epinalinfo\/wp-json\/wp\/v2\/comments?post=119701"}],"version-history":[{"count":0,"href":"https:\/\/vosgesinfo.fr\/epinalinfo\/wp-json\/wp\/v2\/posts\/119701\/revisions"}],"wp:featuredmedia":[{"embeddable":true,"href":"https:\/\/vosgesinfo.fr\/epinalinfo\/wp-json\/wp\/v2\/media\/1794"}],"wp:attachment":[{"href":"https:\/\/vosgesinfo.fr\/epinalinfo\/wp-json\/wp\/v2\/media?parent=119701"}],"wp:term":[{"taxonomy":"category","embeddable":true,"href":"https:\/\/vosgesinfo.fr\/epinalinfo\/wp-json\/wp\/v2\/categories?post=119701"},{"taxonomy":"post_tag","embeddable":true,"href":"https:\/\/vosgesinfo.fr\/epinalinfo\/wp-json\/wp\/v2\/tags?post=119701"}],"curies":[{"name":"wp","href":"https:\/\/api.w.org\/{rel}","templated":true}]}}