{"id":119704,"date":"2023-10-10T14:08:45","date_gmt":"2023-10-10T12:08:45","guid":{"rendered":"https:\/\/vosgesinfo.fr\/epinalinfo\/2023\/10\/journee-mondiale-refus-de-misere-atd-quart-monde-a-mediatheque-de-thaon-vosges-2\/"},"modified":"2023-10-10T14:08:45","modified_gmt":"2023-10-10T12:08:45","slug":"journee-mondiale-refus-de-misere-atd-quart-monde-a-mediatheque-de-thaon-vosges-2","status":"publish","type":"post","link":"https:\/\/vosgesinfo.fr\/epinalinfo\/2023\/10\/journee-mondiale-refus-de-misere-atd-quart-monde-a-mediatheque-de-thaon-vosges-2\/","title":{"rendered":"Journ\u00e9e mondiale du refus de la mis\u00e8re : ATD Quart Monde \u00e0 la m\u00e9diath\u00e8que de Thaon-les-Vosges"},"content":{"rendered":"<div class=\"\">\n<div id=\"attachment_225349\" style=\"width: 806px\" class=\"wp-caption aligncenter\"><a href=\"\/2023\/10\/mediatheque-thaon-les-vosges.jpg\"><img decoding=\"async\" aria-describedby=\"caption-attachment-225349\" class=\"size-full wp-image-225349\" src=\"\/2023\/10\/mediatheque-thaon-les-vosges.jpg\" alt=\"photo google maps\" width=\"796\" height=\"390\" \/><\/a><p id=\"caption-attachment-225349\" class=\"wp-caption-text\">photo google maps<\/p><\/div>\n<p><span class=\"\">Le groupe local ATD Quart Monde d&rsquo;Epinal sera pr\u00e9sent \u00e0 la m\u00e9diath\u00e8que de Thaon les Vosges, le mardi 17 octobre de 14 \u00e0 18h pour venir \u00e9changer avec le public sur le th\u00e8me de cette ann\u00e9e: \u00abL&rsquo;EMPLOI DECENT\u00bb en pr\u00e9sence de membres de l\u2019association TZCLD 88 et de salari\u00e9s de l\u2019entreprise \u00e0 but d\u2019emploi L\u2019ABEL initiative de Thaon les vosges, dans le cadre du projet local Territoire Z\u00e9ro Ch\u00f4meur de Longue Dur\u00e9e.<\/span><\/div>\n<div class=\"\">\n<p class=\"\"><span style=\"color: #000000;\"><span style=\"font-family: Arial, sans-serif;\"><span style=\"font-size: medium;\">La Journ\u00e9e Mondiale du Refus de la Mis\u00e8re rassemble depuis plus de 30 ans des personnes de tous milieux sur tous les continents. Elle est l&rsquo;occasion de reconna\u00eetre l&rsquo;\u00e9gale dignit\u00e9 de chacun et de s&rsquo;unir au c\u00f4t\u00e9 des plus pauvres.<\/span><\/span><\/span><\/p>\n<p class=\"\"><span class=\"\">En France comme ailleurs, le march\u00e9 de l\u2019emploi ne suffit pas \u00e0 cr\u00e9er suffisamment d\u2019emplois d\u00e9cents. Il existe aussi d\u2019\u00e9normes besoins sociaux et \u00e9cologiques non couverts. Un projet comme\u00a0<\/span><span style=\"font-family: Arial, sans-serif, serif, EmojiFont;\">Territoires Z\u00e9ro Ch\u00f4meur\u00a0de Longue Dur\u00e9e<\/span><span class=\"\">\u00a0(TZCLD) montre des pistes possibles pour r\u00e9pondre \u00e0 ces deux d\u00e9fis et garantir un emploi d\u00e9cent dans des conditions adapt\u00e9es \u00e0 toute personne qui souhaite travailler, quels que soient son parcours de vie et sa situation de sant\u00e9 ou de handicap.<\/span><\/p>\n<\/div>\n<div class=\"\"><span class=\"\">\u00a0<\/span><\/div>\n","protected":false},"excerpt":{"rendered":"<p>Le groupe local ATD Quart Monde d&rsquo;Epinal sera pr\u00e9sent \u00e0 la m\u00e9diath\u00e8que de Thaon les Vosges, le mardi 17 octobre [&hellip;]<\/p>\n","protected":false},"author":52,"featured_media":1809,"comment_status":"open","ping_status":"open","sticky":false,"template":"","format":"standard","meta":{"footnotes":""},"categories":[6],"tags":[748,749,750],"class_list":["post-119704","post","type-post","status-publish","format-standard","has-post-thumbnail","hentry","category-faits-divers","tag-a-la-mediatheque-de-thaon-les-vosges","tag-atd-quart-monde","tag-journee-mondiale-du-refus-de-la-misere"],"acf":[],"yoast_head":"<!-- This site is optimized with the Yoast SEO plugin v22.5 - https:\/\/yoast.com\/wordpress\/plugins\/seo\/ -->\n<title>Journ\u00e9e mondiale du refus de la mis\u00e8re : ATD Quart Monde \u00e0 la m\u00e9diath\u00e8que de Thaon-les-Vosges - Epinal Info<\/title>\n<meta name=\"robots\" content=\"index, follow, max-snippet:-1, max-image-preview:large, max-video-preview:-1\" \/>\n<link rel=\"canonical\" href=\"https:\/\/vosgesinfo.fr\/epinalinfo\/2023\/10\/journee-mondiale-refus-de-misere-atd-quart-monde-a-mediatheque-de-thaon-vosges-2\/\" \/>\n<meta name=\"twitter:card\" content=\"summary_large_image\" \/>\n<meta name=\"twitter:title\" content=\"Journ\u00e9e mondiale du refus de la mis\u00e8re : ATD Quart Monde \u00e0 la m\u00e9diath\u00e8que de Thaon-les-Vosges - Epinal Info\" \/>\n<meta name=\"twitter:description\" content=\"Le groupe local ATD Quart Monde d&rsquo;Epinal sera pr\u00e9sent \u00e0 la m\u00e9diath\u00e8que de Thaon les Vosges, le mardi 17 octobre [&hellip;]\" \/>\n<meta name=\"twitter:image\" content=\"https:\/\/vosgesinfo.fr\/app\/uploads\/sites\/3\/2023\/10\/mediatheque-thaon-les-vosges.jpg\" \/>\n<meta name=\"twitter:creator\" content=\"@VosgesInfo88\" \/>\n<meta name=\"twitter:site\" content=\"@VosgesInfo88\" \/>\n<meta name=\"twitter:label1\" content=\"\u00c9crit par\" \/>\n\t<meta name=\"twitter:data1\" content=\"C.K.\" \/>\n\t<meta name=\"twitter:label2\" content=\"Dur\u00e9e de lecture estim\u00e9e\" \/>\n\t<meta name=\"twitter:data2\" content=\"1 minute\" \/>\n<script type=\"application\/ld+json\" class=\"yoast-schema-graph\">{\"@context\":\"https:\/\/schema.org\",\"@graph\":[{\"@type\":\"Article\",\"@id\":\"https:\/\/vosgesinfo.fr\/epinalinfo\/2023\/10\/journee-mondiale-refus-de-misere-atd-quart-monde-a-mediatheque-de-thaon-vosges-2\/#article\",\"isPartOf\":{\"@id\":\"https:\/\/vosgesinfo.fr\/epinalinfo\/2023\/10\/journee-mondiale-refus-de-misere-atd-quart-monde-a-mediatheque-de-thaon-vosges-2\/\"},\"author\":{\"name\":\"C.K.\",\"@id\":\"https:\/\/vosgesinfo.fr\/epinalinfo\/#\/schema\/person\/6f9a650eeea99d969b6c4ab78fccbe81\"},\"headline\":\"Journ\u00e9e mondiale du refus de la mis\u00e8re : ATD Quart Monde \u00e0 la m\u00e9diath\u00e8que de Thaon-les-Vosges\",\"datePublished\":\"2023-10-10T12:08:45+00:00\",\"dateModified\":\"2023-10-10T12:08:45+00:00\",\"mainEntityOfPage\":{\"@id\":\"https:\/\/vosgesinfo.fr\/epinalinfo\/2023\/10\/journee-mondiale-refus-de-misere-atd-quart-monde-a-mediatheque-de-thaon-vosges-2\/\"},\"wordCount\":241,\"commentCount\":0,\"publisher\":{\"@id\":\"https:\/\/vosgesinfo.fr\/epinalinfo\/#organization\"},\"image\":{\"@id\":\"https:\/\/vosgesinfo.fr\/epinalinfo\/2023\/10\/journee-mondiale-refus-de-misere-atd-quart-monde-a-mediatheque-de-thaon-vosges-2\/#primaryimage\"},\"thumbnailUrl\":\"https:\/\/vosgesinfo.fr\/app\/uploads\/sites\/3\/2023\/10\/mediatheque-thaon-les-vosges.jpg\",\"keywords\":[\"\u00e0 la m\u00e9diath\u00e8que de Thaon les Vosges\",\"ATD Quart Monde\",\"journ\u00e9e mondiale du refus de la mis\u00e8re\"],\"articleSection\":[\"Faits-divers\"],\"inLanguage\":\"fr-FR\",\"potentialAction\":[{\"@type\":\"CommentAction\",\"name\":\"Comment\",\"target\":[\"https:\/\/vosgesinfo.fr\/epinalinfo\/2023\/10\/journee-mondiale-refus-de-misere-atd-quart-monde-a-mediatheque-de-thaon-vosges-2\/#respond\"]}]},{\"@type\":\"WebPage\",\"@id\":\"https:\/\/vosgesinfo.fr\/epinalinfo\/2023\/10\/journee-mondiale-refus-de-misere-atd-quart-monde-a-mediatheque-de-thaon-vosges-2\/\",\"url\":\"https:\/\/vosgesinfo.fr\/epinalinfo\/2023\/10\/journee-mondiale-refus-de-misere-atd-quart-monde-a-mediatheque-de-thaon-vosges-2\/\",\"name\":\"Journ\u00e9e mondiale du refus de la mis\u00e8re : ATD Quart Monde \u00e0 la m\u00e9diath\u00e8que de Thaon-les-Vosges - Epinal Info\",\"isPartOf\":{\"@id\":\"https:\/\/vosgesinfo.fr\/epinalinfo\/#website\"},\"primaryImageOfPage\":{\"@id\":\"https:\/\/vosgesinfo.fr\/epinalinfo\/2023\/10\/journee-mondiale-refus-de-misere-atd-quart-monde-a-mediatheque-de-thaon-vosges-2\/#primaryimage\"},\"image\":{\"@id\":\"https:\/\/vosgesinfo.fr\/epinalinfo\/2023\/10\/journee-mondiale-refus-de-misere-atd-quart-monde-a-mediatheque-de-thaon-vosges-2\/#primaryimage\"},\"thumbnailUrl\":\"https:\/\/vosgesinfo.fr\/app\/uploads\/sites\/3\/2023\/10\/mediatheque-thaon-les-vosges.jpg\",\"datePublished\":\"2023-10-10T12:08:45+00:00\",\"dateModified\":\"2023-10-10T12:08:45+00:00\",\"breadcrumb\":{\"@id\":\"https:\/\/vosgesinfo.fr\/epinalinfo\/2023\/10\/journee-mondiale-refus-de-misere-atd-quart-monde-a-mediatheque-de-thaon-vosges-2\/#breadcrumb\"},\"inLanguage\":\"fr-FR\",\"potentialAction\":[{\"@type\":\"ReadAction\",\"target\":[\"https:\/\/vosgesinfo.fr\/epinalinfo\/2023\/10\/journee-mondiale-refus-de-misere-atd-quart-monde-a-mediatheque-de-thaon-vosges-2\/\"]}]},{\"@type\":\"ImageObject\",\"inLanguage\":\"fr-FR\",\"@id\":\"https:\/\/vosgesinfo.fr\/epinalinfo\/2023\/10\/journee-mondiale-refus-de-misere-atd-quart-monde-a-mediatheque-de-thaon-vosges-2\/#primaryimage\",\"url\":\"https:\/\/vosgesinfo.fr\/app\/uploads\/sites\/3\/2023\/10\/mediatheque-thaon-les-vosges.jpg\",\"contentUrl\":\"https:\/\/vosgesinfo.fr\/app\/uploads\/sites\/3\/2023\/10\/mediatheque-thaon-les-vosges.jpg\",\"width\":796,\"height\":390},{\"@type\":\"BreadcrumbList\",\"@id\":\"https:\/\/vosgesinfo.fr\/epinalinfo\/2023\/10\/journee-mondiale-refus-de-misere-atd-quart-monde-a-mediatheque-de-thaon-vosges-2\/#breadcrumb\",\"itemListElement\":[{\"@type\":\"ListItem\",\"position\":1,\"name\":\"Home\",\"item\":\"https:\/\/vosgesinfo.fr\/epinalinfo\/\"},{\"@type\":\"ListItem\",\"position\":2,\"name\":\"Journ\u00e9e mondiale du refus de la mis\u00e8re : ATD Quart Monde \u00e0 la m\u00e9diath\u00e8que de Thaon-les-Vosges\"}]},{\"@type\":\"WebSite\",\"@id\":\"https:\/\/vosgesinfo.fr\/epinalinfo\/#website\",\"url\":\"https:\/\/vosgesinfo.fr\/epinalinfo\/\",\"name\":\"Epinal Info\",\"description\":\"Toute l&#039;actualit\u00e9 d&#039;\u00c9pinal\",\"publisher\":{\"@id\":\"https:\/\/vosgesinfo.fr\/epinalinfo\/#organization\"},\"alternateName\":\"Toute l'actualit\u00e9 d'\u00c9pinal\",\"potentialAction\":[{\"@type\":\"SearchAction\",\"target\":{\"@type\":\"EntryPoint\",\"urlTemplate\":\"https:\/\/vosgesinfo.fr\/epinalinfo\/?s={search_term_string}\"},\"query-input\":\"required name=search_term_string\"}],\"inLanguage\":\"fr-FR\"},{\"@type\":\"Organization\",\"@id\":\"https:\/\/vosgesinfo.fr\/epinalinfo\/#organization\",\"name\":\"Epinal Info\",\"url\":\"https:\/\/vosgesinfo.fr\/epinalinfo\/\",\"logo\":{\"@type\":\"ImageObject\",\"inLanguage\":\"fr-FR\",\"@id\":\"https:\/\/vosgesinfo.fr\/epinalinfo\/#\/schema\/logo\/image\/\",\"url\":\"https:\/\/vosgesinfo.fr\/app\/uploads\/sites\/3\/2023\/08\/logo-epinalinfos.svg\",\"contentUrl\":\"https:\/\/vosgesinfo.fr\/app\/uploads\/sites\/3\/2023\/08\/logo-epinalinfos.svg\",\"width\":1,\"height\":1,\"caption\":\"Epinal Info\"},\"image\":{\"@id\":\"https:\/\/vosgesinfo.fr\/epinalinfo\/#\/schema\/logo\/image\/\"},\"sameAs\":[\"https:\/\/www.facebook.com\/Epinalinfos\",\"https:\/\/x.com\/VosgesInfo88\",\"https:\/\/www.youtube.com\/@vosgesinfo\"]},{\"@type\":\"Person\",\"@id\":\"https:\/\/vosgesinfo.fr\/epinalinfo\/#\/schema\/person\/6f9a650eeea99d969b6c4ab78fccbe81\",\"name\":\"C.K.\",\"image\":{\"@type\":\"ImageObject\",\"inLanguage\":\"fr-FR\",\"@id\":\"https:\/\/vosgesinfo.fr\/epinalinfo\/#\/schema\/person\/image\/\",\"url\":\"https:\/\/secure.gravatar.com\/avatar\/48e3fc7f8421ba8942be6b74a2b7f014ca39bc00dece156b7a8e098ae7dc87bf?s=96&d=mm&r=g\",\"contentUrl\":\"https:\/\/secure.gravatar.com\/avatar\/48e3fc7f8421ba8942be6b74a2b7f014ca39bc00dece156b7a8e098ae7dc87bf?s=96&d=mm&r=g\",\"caption\":\"C.K.\"},\"url\":\"https:\/\/vosgesinfo.fr\/epinalinfo\/author\/celia-k-n\/\"}]}<\/script>\n<!-- \/ Yoast SEO plugin. -->","yoast_head_json":{"title":"Journ\u00e9e mondiale du refus de la mis\u00e8re : ATD Quart Monde \u00e0 la m\u00e9diath\u00e8que de Thaon-les-Vosges - Epinal Info","robots":{"index":"index","follow":"follow","max-snippet":"max-snippet:-1","max-image-preview":"max-image-preview:large","max-video-preview":"max-video-preview:-1"},"canonical":"https:\/\/vosgesinfo.fr\/epinalinfo\/2023\/10\/journee-mondiale-refus-de-misere-atd-quart-monde-a-mediatheque-de-thaon-vosges-2\/","twitter_card":"summary_large_image","twitter_title":"Journ\u00e9e mondiale du refus de la mis\u00e8re : ATD Quart Monde \u00e0 la m\u00e9diath\u00e8que de Thaon-les-Vosges - Epinal Info","twitter_description":"Le groupe local ATD Quart Monde d&rsquo;Epinal sera pr\u00e9sent \u00e0 la m\u00e9diath\u00e8que de Thaon les Vosges, le mardi 17 octobre [&hellip;]","twitter_image":"https:\/\/vosgesinfo.fr\/app\/uploads\/sites\/3\/2023\/10\/mediatheque-thaon-les-vosges.jpg","twitter_creator":"@VosgesInfo88","twitter_site":"@VosgesInfo88","twitter_misc":{"\u00c9crit par":"C.K.","Dur\u00e9e de lecture estim\u00e9e":"1 minute"},"schema":{"@context":"https:\/\/schema.org","@graph":[{"@type":"Article","@id":"https:\/\/vosgesinfo.fr\/epinalinfo\/2023\/10\/journee-mondiale-refus-de-misere-atd-quart-monde-a-mediatheque-de-thaon-vosges-2\/#article","isPartOf":{"@id":"https:\/\/vosgesinfo.fr\/epinalinfo\/2023\/10\/journee-mondiale-refus-de-misere-atd-quart-monde-a-mediatheque-de-thaon-vosges-2\/"},"author":{"name":"C.K.","@id":"https:\/\/vosgesinfo.fr\/epinalinfo\/#\/schema\/person\/6f9a650eeea99d969b6c4ab78fccbe81"},"headline":"Journ\u00e9e mondiale du refus de la mis\u00e8re : ATD Quart Monde \u00e0 la m\u00e9diath\u00e8que de Thaon-les-Vosges","datePublished":"2023-10-10T12:08:45+00:00","dateModified":"2023-10-10T12:08:45+00:00","mainEntityOfPage":{"@id":"https:\/\/vosgesinfo.fr\/epinalinfo\/2023\/10\/journee-mondiale-refus-de-misere-atd-quart-monde-a-mediatheque-de-thaon-vosges-2\/"},"wordCount":241,"commentCount":0,"publisher":{"@id":"https:\/\/vosgesinfo.fr\/epinalinfo\/#organization"},"image":{"@id":"https:\/\/vosgesinfo.fr\/epinalinfo\/2023\/10\/journee-mondiale-refus-de-misere-atd-quart-monde-a-mediatheque-de-thaon-vosges-2\/#primaryimage"},"thumbnailUrl":"https:\/\/vosgesinfo.fr\/app\/uploads\/sites\/3\/2023\/10\/mediatheque-thaon-les-vosges.jpg","keywords":["\u00e0 la m\u00e9diath\u00e8que de Thaon les Vosges","ATD Quart Monde","journ\u00e9e mondiale du refus de la mis\u00e8re"],"articleSection":["Faits-divers"],"inLanguage":"fr-FR","potentialAction":[{"@type":"CommentAction","name":"Comment","target":["https:\/\/vosgesinfo.fr\/epinalinfo\/2023\/10\/journee-mondiale-refus-de-misere-atd-quart-monde-a-mediatheque-de-thaon-vosges-2\/#respond"]}]},{"@type":"WebPage","@id":"https:\/\/vosgesinfo.fr\/epinalinfo\/2023\/10\/journee-mondiale-refus-de-misere-atd-quart-monde-a-mediatheque-de-thaon-vosges-2\/","url":"https:\/\/vosgesinfo.fr\/epinalinfo\/2023\/10\/journee-mondiale-refus-de-misere-atd-quart-monde-a-mediatheque-de-thaon-vosges-2\/","name":"Journ\u00e9e mondiale du refus de la mis\u00e8re : ATD Quart Monde \u00e0 la m\u00e9diath\u00e8que de Thaon-les-Vosges - Epinal Info","isPartOf":{"@id":"https:\/\/vosgesinfo.fr\/epinalinfo\/#website"},"primaryImageOfPage":{"@id":"https:\/\/vosgesinfo.fr\/epinalinfo\/2023\/10\/journee-mondiale-refus-de-misere-atd-quart-monde-a-mediatheque-de-thaon-vosges-2\/#primaryimage"},"image":{"@id":"https:\/\/vosgesinfo.fr\/epinalinfo\/2023\/10\/journee-mondiale-refus-de-misere-atd-quart-monde-a-mediatheque-de-thaon-vosges-2\/#primaryimage"},"thumbnailUrl":"https:\/\/vosgesinfo.fr\/app\/uploads\/sites\/3\/2023\/10\/mediatheque-thaon-les-vosges.jpg","datePublished":"2023-10-10T12:08:45+00:00","dateModified":"2023-10-10T12:08:45+00:00","breadcrumb":{"@id":"https:\/\/vosgesinfo.fr\/epinalinfo\/2023\/10\/journee-mondiale-refus-de-misere-atd-quart-monde-a-mediatheque-de-thaon-vosges-2\/#breadcrumb"},"inLanguage":"fr-FR","potentialAction":[{"@type":"ReadAction","target":["https:\/\/vosgesinfo.fr\/epinalinfo\/2023\/10\/journee-mondiale-refus-de-misere-atd-quart-monde-a-mediatheque-de-thaon-vosges-2\/"]}]},{"@type":"ImageObject","inLanguage":"fr-FR","@id":"https:\/\/vosgesinfo.fr\/epinalinfo\/2023\/10\/journee-mondiale-refus-de-misere-atd-quart-monde-a-mediatheque-de-thaon-vosges-2\/#primaryimage","url":"https:\/\/vosgesinfo.fr\/app\/uploads\/sites\/3\/2023\/10\/mediatheque-thaon-les-vosges.jpg","contentUrl":"https:\/\/vosgesinfo.fr\/app\/uploads\/sites\/3\/2023\/10\/mediatheque-thaon-les-vosges.jpg","width":796,"height":390},{"@type":"BreadcrumbList","@id":"https:\/\/vosgesinfo.fr\/epinalinfo\/2023\/10\/journee-mondiale-refus-de-misere-atd-quart-monde-a-mediatheque-de-thaon-vosges-2\/#breadcrumb","itemListElement":[{"@type":"ListItem","position":1,"name":"Home","item":"https:\/\/vosgesinfo.fr\/epinalinfo\/"},{"@type":"ListItem","position":2,"name":"Journ\u00e9e mondiale du refus de la mis\u00e8re : ATD Quart Monde \u00e0 la m\u00e9diath\u00e8que de Thaon-les-Vosges"}]},{"@type":"WebSite","@id":"https:\/\/vosgesinfo.fr\/epinalinfo\/#website","url":"https:\/\/vosgesinfo.fr\/epinalinfo\/","name":"Epinal Info","description":"Toute l&#039;actualit\u00e9 d&#039;\u00c9pinal","publisher":{"@id":"https:\/\/vosgesinfo.fr\/epinalinfo\/#organization"},"alternateName":"Toute l'actualit\u00e9 d'\u00c9pinal","potentialAction":[{"@type":"SearchAction","target":{"@type":"EntryPoint","urlTemplate":"https:\/\/vosgesinfo.fr\/epinalinfo\/?s={search_term_string}"},"query-input":"required name=search_term_string"}],"inLanguage":"fr-FR"},{"@type":"Organization","@id":"https:\/\/vosgesinfo.fr\/epinalinfo\/#organization","name":"Epinal Info","url":"https:\/\/vosgesinfo.fr\/epinalinfo\/","logo":{"@type":"ImageObject","inLanguage":"fr-FR","@id":"https:\/\/vosgesinfo.fr\/epinalinfo\/#\/schema\/logo\/image\/","url":"https:\/\/vosgesinfo.fr\/app\/uploads\/sites\/3\/2023\/08\/logo-epinalinfos.svg","contentUrl":"https:\/\/vosgesinfo.fr\/app\/uploads\/sites\/3\/2023\/08\/logo-epinalinfos.svg","width":1,"height":1,"caption":"Epinal Info"},"image":{"@id":"https:\/\/vosgesinfo.fr\/epinalinfo\/#\/schema\/logo\/image\/"},"sameAs":["https:\/\/www.facebook.com\/Epinalinfos","https:\/\/x.com\/VosgesInfo88","https:\/\/www.youtube.com\/@vosgesinfo"]},{"@type":"Person","@id":"https:\/\/vosgesinfo.fr\/epinalinfo\/#\/schema\/person\/6f9a650eeea99d969b6c4ab78fccbe81","name":"C.K.","image":{"@type":"ImageObject","inLanguage":"fr-FR","@id":"https:\/\/vosgesinfo.fr\/epinalinfo\/#\/schema\/person\/image\/","url":"https:\/\/secure.gravatar.com\/avatar\/48e3fc7f8421ba8942be6b74a2b7f014ca39bc00dece156b7a8e098ae7dc87bf?s=96&d=mm&r=g","contentUrl":"https:\/\/secure.gravatar.com\/avatar\/48e3fc7f8421ba8942be6b74a2b7f014ca39bc00dece156b7a8e098ae7dc87bf?s=96&d=mm&r=g","caption":"C.K."},"url":"https:\/\/vosgesinfo.fr\/epinalinfo\/author\/celia-k-n\/"}]}},"_links":{"self":[{"href":"https:\/\/vosgesinfo.fr\/epinalinfo\/wp-json\/wp\/v2\/posts\/119704","targetHints":{"allow":["GET"]}}],"collection":[{"href":"https:\/\/vosgesinfo.fr\/epinalinfo\/wp-json\/wp\/v2\/posts"}],"about":[{"href":"https:\/\/vosgesinfo.fr\/epinalinfo\/wp-json\/wp\/v2\/types\/post"}],"author":[{"embeddable":true,"href":"https:\/\/vosgesinfo.fr\/epinalinfo\/wp-json\/wp\/v2\/users\/52"}],"replies":[{"embeddable":true,"href":"https:\/\/vosgesinfo.fr\/epinalinfo\/wp-json\/wp\/v2\/comments?post=119704"}],"version-history":[{"count":0,"href":"https:\/\/vosgesinfo.fr\/epinalinfo\/wp-json\/wp\/v2\/posts\/119704\/revisions"}],"wp:featuredmedia":[{"embeddable":true,"href":"https:\/\/vosgesinfo.fr\/epinalinfo\/wp-json\/wp\/v2\/media\/1809"}],"wp:attachment":[{"href":"https:\/\/vosgesinfo.fr\/epinalinfo\/wp-json\/wp\/v2\/media?parent=119704"}],"wp:term":[{"taxonomy":"category","embeddable":true,"href":"https:\/\/vosgesinfo.fr\/epinalinfo\/wp-json\/wp\/v2\/categories?post=119704"},{"taxonomy":"post_tag","embeddable":true,"href":"https:\/\/vosgesinfo.fr\/epinalinfo\/wp-json\/wp\/v2\/tags?post=119704"}],"curies":[{"name":"wp","href":"https:\/\/api.w.org\/{rel}","templated":true}]}}