{"id":119725,"date":"2023-10-13T13:18:09","date_gmt":"2023-10-13T11:18:09","guid":{"rendered":"https:\/\/vosgesinfo.fr\/epinalinfo\/2023\/10\/enseignant-tue-couteau-a-arras-enseignants-vosgiens-choc-2\/"},"modified":"2023-10-13T13:18:09","modified_gmt":"2023-10-13T11:18:09","slug":"enseignant-tue-couteau-a-arras-enseignants-vosgiens-choc-2","status":"publish","type":"post","link":"https:\/\/vosgesinfo.fr\/epinalinfo\/2023\/10\/enseignant-tue-couteau-a-arras-enseignants-vosgiens-choc-2\/","title":{"rendered":"Enseignant tu\u00e9 au couteau \u00e0 Arras : les enseignants vosgiens sont sous le choc"},"content":{"rendered":"<h2><span style=\"font-size: 14pt;\"><strong><a href=\"\/2023\/10\/manifestation-salaires-epinal-vosges-15.jpg\"><img decoding=\"async\" class=\"aligncenter size-large wp-image-225485\" src=\"\/2023\/10\/manifestation-salaires-epinal-vosges-15-800x600.jpg\" alt=\"manifestation-salaires-epinal-vosges (15)\" width=\"800\" height=\"600\" \/><\/a>Ce vendredi apr\u00e8s-midi avait lieu la manifestation programm\u00e9e par l&rsquo;intersyndicale qui appelait \u00e0 manifester dans de nombreuses villes de France comme \u00e0 Epinal, place Foch. <\/strong>Mais apr\u00e8s le drame qui a eu lieu ce vendredi vers 11h, \u00e0 Arras, les enseignants vosgiens sont tous sous le choc.<\/span><\/h2>\n<p>Un enseignant a \u00e9t\u00e9 tu\u00e9 et deux autres ont \u00e9t\u00e9 gri\u00e8vement bless\u00e9s lors d&rsquo;une attaque au couteau en fin de matin\u00e9e au lyc\u00e9e Gambetta-Carnot d&rsquo;Arras. L\u2019auteur est un homme de 20 ans d\u2019origine tch\u00e9tch\u00e8ne fich\u00e9 S.<\/p>\n<p>A Epinal, les enseignants pr\u00e9sents lors de la manifestation et notamment les d\u00e9l\u00e9gu\u00e9s syndicaux, ont souhait\u00e9 s&rsquo;exprimer : <em>\u00ab\u00a0Effroi\u00a0\u00bb, \u00ab\u00a0d\u00e9flagration\u00a0\u00bb, \u00ab\u00a0\u00e9pouvantable\u00a0\u00bb<\/em>&#8230; les mots manquent.\u00a0 <em>\u00ab\u00a0On est sous le choc. \u00c0 quelques jours de l\u2019anniversaire de la mort de Samuel Paty, on est boulevers\u00e9s. L\u2019\u00e9cole est une fois de plus une cible, car elle incarne les valeurs de la R\u00e9publique, libert\u00e9 \u00e9galit\u00e9, fraternit\u00e9\u00a0\u00bb<\/em><\/p>\n","protected":false},"excerpt":{"rendered":"<p>Ce vendredi apr\u00e8s-midi avait lieu la manifestation programm\u00e9e par l&rsquo;intersyndicale qui appelait \u00e0 manifester dans de nombreuses villes de France [&hellip;]<\/p>\n","protected":false},"author":52,"featured_media":1915,"comment_status":"open","ping_status":"open","sticky":false,"template":"","format":"standard","meta":{"footnotes":""},"categories":[22,10,5],"tags":[786,787,70,565,75],"class_list":["post-119725","post","type-post","status-publish","format-standard","has-post-thumbnail","hentry","category-a-la-une","category-societe","category-vosges","tag-enseignant-tue-au-couteau-a-arras","tag-enseignants","tag-epinal","tag-manifestation","tag-vosges"],"acf":[],"yoast_head":"<!-- This site is optimized with the Yoast SEO plugin v22.5 - https:\/\/yoast.com\/wordpress\/plugins\/seo\/ -->\n<title>Enseignant tu\u00e9 au couteau \u00e0 Arras : les enseignants vosgiens sont sous le choc - Epinal Info<\/title>\n<meta name=\"robots\" content=\"index, follow, max-snippet:-1, max-image-preview:large, max-video-preview:-1\" \/>\n<link rel=\"canonical\" href=\"https:\/\/vosgesinfo.fr\/epinalinfo\/2023\/10\/enseignant-tue-couteau-a-arras-enseignants-vosgiens-choc-2\/\" \/>\n<meta name=\"twitter:card\" content=\"summary_large_image\" \/>\n<meta name=\"twitter:title\" content=\"Enseignant tu\u00e9 au couteau \u00e0 Arras : les enseignants vosgiens sont sous le choc - Epinal Info\" \/>\n<meta name=\"twitter:description\" content=\"Ce vendredi apr\u00e8s-midi avait lieu la manifestation programm\u00e9e par l&rsquo;intersyndicale qui appelait \u00e0 manifester dans de nombreuses villes de France [&hellip;]\" \/>\n<meta name=\"twitter:image\" content=\"https:\/\/vosgesinfo.fr\/app\/uploads\/sites\/3\/2023\/10\/manifestation-salaires-epinal-vosges-15.jpg\" \/>\n<meta name=\"twitter:creator\" content=\"@VosgesInfo88\" \/>\n<meta name=\"twitter:site\" content=\"@VosgesInfo88\" \/>\n<meta name=\"twitter:label1\" content=\"\u00c9crit par\" \/>\n\t<meta name=\"twitter:data1\" content=\"C.K.\" \/>\n\t<meta name=\"twitter:label2\" content=\"Dur\u00e9e de lecture estim\u00e9e\" \/>\n\t<meta name=\"twitter:data2\" content=\"1 minute\" \/>\n<script type=\"application\/ld+json\" class=\"yoast-schema-graph\">{\"@context\":\"https:\/\/schema.org\",\"@graph\":[{\"@type\":\"Article\",\"@id\":\"https:\/\/vosgesinfo.fr\/epinalinfo\/2023\/10\/enseignant-tue-couteau-a-arras-enseignants-vosgiens-choc-2\/#article\",\"isPartOf\":{\"@id\":\"https:\/\/vosgesinfo.fr\/epinalinfo\/2023\/10\/enseignant-tue-couteau-a-arras-enseignants-vosgiens-choc-2\/\"},\"author\":{\"name\":\"C.K.\",\"@id\":\"https:\/\/vosgesinfo.fr\/epinalinfo\/#\/schema\/person\/6f9a650eeea99d969b6c4ab78fccbe81\"},\"headline\":\"Enseignant tu\u00e9 au couteau \u00e0 Arras : les enseignants vosgiens sont sous le choc\",\"datePublished\":\"2023-10-13T11:18:09+00:00\",\"dateModified\":\"2023-10-13T11:18:09+00:00\",\"mainEntityOfPage\":{\"@id\":\"https:\/\/vosgesinfo.fr\/epinalinfo\/2023\/10\/enseignant-tue-couteau-a-arras-enseignants-vosgiens-choc-2\/\"},\"wordCount\":175,\"commentCount\":0,\"publisher\":{\"@id\":\"https:\/\/vosgesinfo.fr\/epinalinfo\/#organization\"},\"image\":{\"@id\":\"https:\/\/vosgesinfo.fr\/epinalinfo\/2023\/10\/enseignant-tue-couteau-a-arras-enseignants-vosgiens-choc-2\/#primaryimage\"},\"thumbnailUrl\":\"https:\/\/vosgesinfo.fr\/app\/uploads\/sites\/3\/2023\/10\/manifestation-salaires-epinal-vosges-15.jpg\",\"keywords\":[\"Enseignant tu\u00e9 au couteau \u00e0 Arras\",\"enseignants\",\"Epinal\",\"manifestation\",\"vosges\"],\"articleSection\":[\"A la Une\",\"Soci\u00e9t\u00e9\",\"Vosges\"],\"inLanguage\":\"fr-FR\",\"potentialAction\":[{\"@type\":\"CommentAction\",\"name\":\"Comment\",\"target\":[\"https:\/\/vosgesinfo.fr\/epinalinfo\/2023\/10\/enseignant-tue-couteau-a-arras-enseignants-vosgiens-choc-2\/#respond\"]}]},{\"@type\":\"WebPage\",\"@id\":\"https:\/\/vosgesinfo.fr\/epinalinfo\/2023\/10\/enseignant-tue-couteau-a-arras-enseignants-vosgiens-choc-2\/\",\"url\":\"https:\/\/vosgesinfo.fr\/epinalinfo\/2023\/10\/enseignant-tue-couteau-a-arras-enseignants-vosgiens-choc-2\/\",\"name\":\"Enseignant tu\u00e9 au couteau \u00e0 Arras : les enseignants vosgiens sont sous le choc - Epinal Info\",\"isPartOf\":{\"@id\":\"https:\/\/vosgesinfo.fr\/epinalinfo\/#website\"},\"primaryImageOfPage\":{\"@id\":\"https:\/\/vosgesinfo.fr\/epinalinfo\/2023\/10\/enseignant-tue-couteau-a-arras-enseignants-vosgiens-choc-2\/#primaryimage\"},\"image\":{\"@id\":\"https:\/\/vosgesinfo.fr\/epinalinfo\/2023\/10\/enseignant-tue-couteau-a-arras-enseignants-vosgiens-choc-2\/#primaryimage\"},\"thumbnailUrl\":\"https:\/\/vosgesinfo.fr\/app\/uploads\/sites\/3\/2023\/10\/manifestation-salaires-epinal-vosges-15.jpg\",\"datePublished\":\"2023-10-13T11:18:09+00:00\",\"dateModified\":\"2023-10-13T11:18:09+00:00\",\"breadcrumb\":{\"@id\":\"https:\/\/vosgesinfo.fr\/epinalinfo\/2023\/10\/enseignant-tue-couteau-a-arras-enseignants-vosgiens-choc-2\/#breadcrumb\"},\"inLanguage\":\"fr-FR\",\"potentialAction\":[{\"@type\":\"ReadAction\",\"target\":[\"https:\/\/vosgesinfo.fr\/epinalinfo\/2023\/10\/enseignant-tue-couteau-a-arras-enseignants-vosgiens-choc-2\/\"]}]},{\"@type\":\"ImageObject\",\"inLanguage\":\"fr-FR\",\"@id\":\"https:\/\/vosgesinfo.fr\/epinalinfo\/2023\/10\/enseignant-tue-couteau-a-arras-enseignants-vosgiens-choc-2\/#primaryimage\",\"url\":\"https:\/\/vosgesinfo.fr\/app\/uploads\/sites\/3\/2023\/10\/manifestation-salaires-epinal-vosges-15.jpg\",\"contentUrl\":\"https:\/\/vosgesinfo.fr\/app\/uploads\/sites\/3\/2023\/10\/manifestation-salaires-epinal-vosges-15.jpg\",\"width\":800,\"height\":600},{\"@type\":\"BreadcrumbList\",\"@id\":\"https:\/\/vosgesinfo.fr\/epinalinfo\/2023\/10\/enseignant-tue-couteau-a-arras-enseignants-vosgiens-choc-2\/#breadcrumb\",\"itemListElement\":[{\"@type\":\"ListItem\",\"position\":1,\"name\":\"Home\",\"item\":\"https:\/\/vosgesinfo.fr\/epinalinfo\/\"},{\"@type\":\"ListItem\",\"position\":2,\"name\":\"Enseignant tu\u00e9 au couteau \u00e0 Arras : les enseignants vosgiens sont sous le choc\"}]},{\"@type\":\"WebSite\",\"@id\":\"https:\/\/vosgesinfo.fr\/epinalinfo\/#website\",\"url\":\"https:\/\/vosgesinfo.fr\/epinalinfo\/\",\"name\":\"Epinal Info\",\"description\":\"Toute l&#039;actualit\u00e9 d&#039;\u00c9pinal\",\"publisher\":{\"@id\":\"https:\/\/vosgesinfo.fr\/epinalinfo\/#organization\"},\"alternateName\":\"Toute l'actualit\u00e9 d'\u00c9pinal\",\"potentialAction\":[{\"@type\":\"SearchAction\",\"target\":{\"@type\":\"EntryPoint\",\"urlTemplate\":\"https:\/\/vosgesinfo.fr\/epinalinfo\/?s={search_term_string}\"},\"query-input\":\"required name=search_term_string\"}],\"inLanguage\":\"fr-FR\"},{\"@type\":\"Organization\",\"@id\":\"https:\/\/vosgesinfo.fr\/epinalinfo\/#organization\",\"name\":\"Epinal Info\",\"url\":\"https:\/\/vosgesinfo.fr\/epinalinfo\/\",\"logo\":{\"@type\":\"ImageObject\",\"inLanguage\":\"fr-FR\",\"@id\":\"https:\/\/vosgesinfo.fr\/epinalinfo\/#\/schema\/logo\/image\/\",\"url\":\"https:\/\/vosgesinfo.fr\/app\/uploads\/sites\/3\/2023\/08\/logo-epinalinfos.svg\",\"contentUrl\":\"https:\/\/vosgesinfo.fr\/app\/uploads\/sites\/3\/2023\/08\/logo-epinalinfos.svg\",\"width\":1,\"height\":1,\"caption\":\"Epinal Info\"},\"image\":{\"@id\":\"https:\/\/vosgesinfo.fr\/epinalinfo\/#\/schema\/logo\/image\/\"},\"sameAs\":[\"https:\/\/www.facebook.com\/Epinalinfos\",\"https:\/\/x.com\/VosgesInfo88\",\"https:\/\/www.youtube.com\/@vosgesinfo\"]},{\"@type\":\"Person\",\"@id\":\"https:\/\/vosgesinfo.fr\/epinalinfo\/#\/schema\/person\/6f9a650eeea99d969b6c4ab78fccbe81\",\"name\":\"C.K.\",\"image\":{\"@type\":\"ImageObject\",\"inLanguage\":\"fr-FR\",\"@id\":\"https:\/\/vosgesinfo.fr\/epinalinfo\/#\/schema\/person\/image\/\",\"url\":\"https:\/\/secure.gravatar.com\/avatar\/48e3fc7f8421ba8942be6b74a2b7f014ca39bc00dece156b7a8e098ae7dc87bf?s=96&d=mm&r=g\",\"contentUrl\":\"https:\/\/secure.gravatar.com\/avatar\/48e3fc7f8421ba8942be6b74a2b7f014ca39bc00dece156b7a8e098ae7dc87bf?s=96&d=mm&r=g\",\"caption\":\"C.K.\"},\"url\":\"https:\/\/vosgesinfo.fr\/epinalinfo\/author\/celia-k-n\/\"}]}<\/script>\n<!-- \/ Yoast SEO plugin. -->","yoast_head_json":{"title":"Enseignant tu\u00e9 au couteau \u00e0 Arras : les enseignants vosgiens sont sous le choc - Epinal Info","robots":{"index":"index","follow":"follow","max-snippet":"max-snippet:-1","max-image-preview":"max-image-preview:large","max-video-preview":"max-video-preview:-1"},"canonical":"https:\/\/vosgesinfo.fr\/epinalinfo\/2023\/10\/enseignant-tue-couteau-a-arras-enseignants-vosgiens-choc-2\/","twitter_card":"summary_large_image","twitter_title":"Enseignant tu\u00e9 au couteau \u00e0 Arras : les enseignants vosgiens sont sous le choc - Epinal Info","twitter_description":"Ce vendredi apr\u00e8s-midi avait lieu la manifestation programm\u00e9e par l&rsquo;intersyndicale qui appelait \u00e0 manifester dans de nombreuses villes de France [&hellip;]","twitter_image":"https:\/\/vosgesinfo.fr\/app\/uploads\/sites\/3\/2023\/10\/manifestation-salaires-epinal-vosges-15.jpg","twitter_creator":"@VosgesInfo88","twitter_site":"@VosgesInfo88","twitter_misc":{"\u00c9crit par":"C.K.","Dur\u00e9e de lecture estim\u00e9e":"1 minute"},"schema":{"@context":"https:\/\/schema.org","@graph":[{"@type":"Article","@id":"https:\/\/vosgesinfo.fr\/epinalinfo\/2023\/10\/enseignant-tue-couteau-a-arras-enseignants-vosgiens-choc-2\/#article","isPartOf":{"@id":"https:\/\/vosgesinfo.fr\/epinalinfo\/2023\/10\/enseignant-tue-couteau-a-arras-enseignants-vosgiens-choc-2\/"},"author":{"name":"C.K.","@id":"https:\/\/vosgesinfo.fr\/epinalinfo\/#\/schema\/person\/6f9a650eeea99d969b6c4ab78fccbe81"},"headline":"Enseignant tu\u00e9 au couteau \u00e0 Arras : les enseignants vosgiens sont sous le choc","datePublished":"2023-10-13T11:18:09+00:00","dateModified":"2023-10-13T11:18:09+00:00","mainEntityOfPage":{"@id":"https:\/\/vosgesinfo.fr\/epinalinfo\/2023\/10\/enseignant-tue-couteau-a-arras-enseignants-vosgiens-choc-2\/"},"wordCount":175,"commentCount":0,"publisher":{"@id":"https:\/\/vosgesinfo.fr\/epinalinfo\/#organization"},"image":{"@id":"https:\/\/vosgesinfo.fr\/epinalinfo\/2023\/10\/enseignant-tue-couteau-a-arras-enseignants-vosgiens-choc-2\/#primaryimage"},"thumbnailUrl":"https:\/\/vosgesinfo.fr\/app\/uploads\/sites\/3\/2023\/10\/manifestation-salaires-epinal-vosges-15.jpg","keywords":["Enseignant tu\u00e9 au couteau \u00e0 Arras","enseignants","Epinal","manifestation","vosges"],"articleSection":["A la Une","Soci\u00e9t\u00e9","Vosges"],"inLanguage":"fr-FR","potentialAction":[{"@type":"CommentAction","name":"Comment","target":["https:\/\/vosgesinfo.fr\/epinalinfo\/2023\/10\/enseignant-tue-couteau-a-arras-enseignants-vosgiens-choc-2\/#respond"]}]},{"@type":"WebPage","@id":"https:\/\/vosgesinfo.fr\/epinalinfo\/2023\/10\/enseignant-tue-couteau-a-arras-enseignants-vosgiens-choc-2\/","url":"https:\/\/vosgesinfo.fr\/epinalinfo\/2023\/10\/enseignant-tue-couteau-a-arras-enseignants-vosgiens-choc-2\/","name":"Enseignant tu\u00e9 au couteau \u00e0 Arras : les enseignants vosgiens sont sous le choc - Epinal Info","isPartOf":{"@id":"https:\/\/vosgesinfo.fr\/epinalinfo\/#website"},"primaryImageOfPage":{"@id":"https:\/\/vosgesinfo.fr\/epinalinfo\/2023\/10\/enseignant-tue-couteau-a-arras-enseignants-vosgiens-choc-2\/#primaryimage"},"image":{"@id":"https:\/\/vosgesinfo.fr\/epinalinfo\/2023\/10\/enseignant-tue-couteau-a-arras-enseignants-vosgiens-choc-2\/#primaryimage"},"thumbnailUrl":"https:\/\/vosgesinfo.fr\/app\/uploads\/sites\/3\/2023\/10\/manifestation-salaires-epinal-vosges-15.jpg","datePublished":"2023-10-13T11:18:09+00:00","dateModified":"2023-10-13T11:18:09+00:00","breadcrumb":{"@id":"https:\/\/vosgesinfo.fr\/epinalinfo\/2023\/10\/enseignant-tue-couteau-a-arras-enseignants-vosgiens-choc-2\/#breadcrumb"},"inLanguage":"fr-FR","potentialAction":[{"@type":"ReadAction","target":["https:\/\/vosgesinfo.fr\/epinalinfo\/2023\/10\/enseignant-tue-couteau-a-arras-enseignants-vosgiens-choc-2\/"]}]},{"@type":"ImageObject","inLanguage":"fr-FR","@id":"https:\/\/vosgesinfo.fr\/epinalinfo\/2023\/10\/enseignant-tue-couteau-a-arras-enseignants-vosgiens-choc-2\/#primaryimage","url":"https:\/\/vosgesinfo.fr\/app\/uploads\/sites\/3\/2023\/10\/manifestation-salaires-epinal-vosges-15.jpg","contentUrl":"https:\/\/vosgesinfo.fr\/app\/uploads\/sites\/3\/2023\/10\/manifestation-salaires-epinal-vosges-15.jpg","width":800,"height":600},{"@type":"BreadcrumbList","@id":"https:\/\/vosgesinfo.fr\/epinalinfo\/2023\/10\/enseignant-tue-couteau-a-arras-enseignants-vosgiens-choc-2\/#breadcrumb","itemListElement":[{"@type":"ListItem","position":1,"name":"Home","item":"https:\/\/vosgesinfo.fr\/epinalinfo\/"},{"@type":"ListItem","position":2,"name":"Enseignant tu\u00e9 au couteau \u00e0 Arras : les enseignants vosgiens sont sous le choc"}]},{"@type":"WebSite","@id":"https:\/\/vosgesinfo.fr\/epinalinfo\/#website","url":"https:\/\/vosgesinfo.fr\/epinalinfo\/","name":"Epinal Info","description":"Toute l&#039;actualit\u00e9 d&#039;\u00c9pinal","publisher":{"@id":"https:\/\/vosgesinfo.fr\/epinalinfo\/#organization"},"alternateName":"Toute l'actualit\u00e9 d'\u00c9pinal","potentialAction":[{"@type":"SearchAction","target":{"@type":"EntryPoint","urlTemplate":"https:\/\/vosgesinfo.fr\/epinalinfo\/?s={search_term_string}"},"query-input":"required name=search_term_string"}],"inLanguage":"fr-FR"},{"@type":"Organization","@id":"https:\/\/vosgesinfo.fr\/epinalinfo\/#organization","name":"Epinal Info","url":"https:\/\/vosgesinfo.fr\/epinalinfo\/","logo":{"@type":"ImageObject","inLanguage":"fr-FR","@id":"https:\/\/vosgesinfo.fr\/epinalinfo\/#\/schema\/logo\/image\/","url":"https:\/\/vosgesinfo.fr\/app\/uploads\/sites\/3\/2023\/08\/logo-epinalinfos.svg","contentUrl":"https:\/\/vosgesinfo.fr\/app\/uploads\/sites\/3\/2023\/08\/logo-epinalinfos.svg","width":1,"height":1,"caption":"Epinal Info"},"image":{"@id":"https:\/\/vosgesinfo.fr\/epinalinfo\/#\/schema\/logo\/image\/"},"sameAs":["https:\/\/www.facebook.com\/Epinalinfos","https:\/\/x.com\/VosgesInfo88","https:\/\/www.youtube.com\/@vosgesinfo"]},{"@type":"Person","@id":"https:\/\/vosgesinfo.fr\/epinalinfo\/#\/schema\/person\/6f9a650eeea99d969b6c4ab78fccbe81","name":"C.K.","image":{"@type":"ImageObject","inLanguage":"fr-FR","@id":"https:\/\/vosgesinfo.fr\/epinalinfo\/#\/schema\/person\/image\/","url":"https:\/\/secure.gravatar.com\/avatar\/48e3fc7f8421ba8942be6b74a2b7f014ca39bc00dece156b7a8e098ae7dc87bf?s=96&d=mm&r=g","contentUrl":"https:\/\/secure.gravatar.com\/avatar\/48e3fc7f8421ba8942be6b74a2b7f014ca39bc00dece156b7a8e098ae7dc87bf?s=96&d=mm&r=g","caption":"C.K."},"url":"https:\/\/vosgesinfo.fr\/epinalinfo\/author\/celia-k-n\/"}]}},"_links":{"self":[{"href":"https:\/\/vosgesinfo.fr\/epinalinfo\/wp-json\/wp\/v2\/posts\/119725","targetHints":{"allow":["GET"]}}],"collection":[{"href":"https:\/\/vosgesinfo.fr\/epinalinfo\/wp-json\/wp\/v2\/posts"}],"about":[{"href":"https:\/\/vosgesinfo.fr\/epinalinfo\/wp-json\/wp\/v2\/types\/post"}],"author":[{"embeddable":true,"href":"https:\/\/vosgesinfo.fr\/epinalinfo\/wp-json\/wp\/v2\/users\/52"}],"replies":[{"embeddable":true,"href":"https:\/\/vosgesinfo.fr\/epinalinfo\/wp-json\/wp\/v2\/comments?post=119725"}],"version-history":[{"count":0,"href":"https:\/\/vosgesinfo.fr\/epinalinfo\/wp-json\/wp\/v2\/posts\/119725\/revisions"}],"wp:featuredmedia":[{"embeddable":true,"href":"https:\/\/vosgesinfo.fr\/epinalinfo\/wp-json\/wp\/v2\/media\/1915"}],"wp:attachment":[{"href":"https:\/\/vosgesinfo.fr\/epinalinfo\/wp-json\/wp\/v2\/media?parent=119725"}],"wp:term":[{"taxonomy":"category","embeddable":true,"href":"https:\/\/vosgesinfo.fr\/epinalinfo\/wp-json\/wp\/v2\/categories?post=119725"},{"taxonomy":"post_tag","embeddable":true,"href":"https:\/\/vosgesinfo.fr\/epinalinfo\/wp-json\/wp\/v2\/tags?post=119725"}],"curies":[{"name":"wp","href":"https:\/\/api.w.org\/{rel}","templated":true}]}}