{"id":119873,"date":"2023-11-02T08:57:35","date_gmt":"2023-11-02T07:57:35","guid":{"rendered":"https:\/\/vosgesinfo.fr\/epinalinfo\/2023\/11\/greve-chomage-rassemblement-devant-mairie-de-thaon-vosges-2\/"},"modified":"2023-11-02T08:57:35","modified_gmt":"2023-11-02T07:57:35","slug":"greve-chomage-rassemblement-devant-mairie-de-thaon-vosges-2","status":"publish","type":"post","link":"https:\/\/vosgesinfo.fr\/epinalinfo\/2023\/11\/greve-chomage-rassemblement-devant-mairie-de-thaon-vosges-2\/","title":{"rendered":"Gr\u00e8ve du ch\u00f4mage : un rassemblement devant la mairie de Thaon-l\u00e8s-Vosges"},"content":{"rendered":"<div class=\"x11i5rnm xat24cr x1mh8g0r x1vvkbs xtlvy1s x126k92a\">\n<h2 dir=\"auto\"><a href=\"\/2023\/11\/395103729_638628931772629_7992181274097249740_n.jpg\"><img decoding=\"async\" class=\"aligncenter size-full wp-image-226349\" src=\"\/2023\/11\/395103729_638628931772629_7992181274097249740_n.jpg\" alt=\"395103729_638628931772629_7992181274097249740_n\" width=\"800\" height=\"800\" \/><\/a><span style=\"font-size: 14pt;\"><strong>La gr\u00e8ve du ch\u00f4mage, est un \u00e9v\u00e9nement symbolique qui revendique le droit pour chacun d\u2019obtenir un emploi. Ce droit est inscrit dans la Constitution fran\u00e7aise.<\/strong> <\/span><\/h2>\n<\/div>\n<div class=\"x11i5rnm xat24cr x1mh8g0r x1vvkbs xtlvy1s x126k92a\">\n<h3 dir=\"auto\">Au programme de la journ\u00e9e :<\/h3>\n<div dir=\"auto\">\u2022 9h00 \u2013 12h00 : portes ouvertes de l\u2019EBE L\u2019ABEL initiative<\/div>\n<div dir=\"auto\">\u2022 13h00 \u2013 14h00 : Rassemblement devant la mairie de Thaon-Les-Vosges pour manifester le m\u00e9contentement et l\u2019incompr\u00e9hension du territoire face \u00e0 la d\u00e9cision de l\u2019\u00c9tat de baisser le budget allou\u00e9 \u00e0 l\u2019exp\u00e9rimentation.<\/div>\n<div dir=\"auto\">\u2022 14h30 \u2013 17h30 : organisation d\u2019un temps d\u2019\u00e9changes convivial \u00e0 l\u2019avenue de l\u2019Europe autour des besoins du quartier et du projet TZCLD (dont porte \u00e0 porte) avec cr\u00eapes et gaufres, pr\u00eache \u00e0 la ligne, d\u00e9sherbage du potaager pour ceux qui veulent, compostage, et accompagnement des a\u00een\u00e9s.<\/div>\n<\/div>\n<div class=\"x11i5rnm xat24cr x1mh8g0r x1vvkbs xtlvy1s x126k92a\">\n<div dir=\"auto\">L\u2019Entreprise \u00e0 but d\u2019emploi (EBE) L\u2019ABEL initiative, ouverte depuis le 1er avril 2023, compte aujourd\u2019hui 38 salarie\u0301s conventionne\u0301s.<\/div>\n<div dir=\"auto\">Venez e\u0301changer avec eux, de\u0301couvrir les 3 sites et les activite\u0301s de l\u2019EBE :<\/div>\n<div dir=\"auto\">\u2022 &#8211; Site 45 rue de Lorraine : recyclerie, atelier re\u0301paration ve\u0301lo et mate\u0301riel de jardin, retouches couture<\/div>\n<div dir=\"auto\">\u2022 &#8211; Site Zone Artisanale des Aviots : atelier bois, tri des chaussures, chiffonnage, collecte des cartons et des biode\u0301chets, services de livraison aux professionnels<\/div>\n<div dir=\"auto\">\u2022 &#8211; Site 2 place Jules Ferry : librairie, atelier couture, espace bien-e\u0302tre, potager, atelier de transformation antigaspi<\/div>\n<\/div>\n<p>&nbsp;<\/p>\n","protected":false},"excerpt":{"rendered":"<p>La gr\u00e8ve du ch\u00f4mage, est un \u00e9v\u00e9nement symbolique qui revendique le droit pour chacun d\u2019obtenir un emploi. Ce droit est [&hellip;]<\/p>\n","protected":false},"author":52,"featured_media":2443,"comment_status":"open","ping_status":"open","sticky":false,"template":"","format":"standard","meta":{"footnotes":""},"categories":[22,10,93],"tags":[966,567,213],"class_list":["post-119873","post","type-post","status-publish","format-standard","has-post-thumbnail","hentry","category-a-la-une","category-societe","category-thaon-les-vosges","tag-greve-du-chomage","tag-rassemblement","tag-thaon-les-vosges"],"acf":[],"yoast_head":"<!-- This site is optimized with the Yoast SEO plugin v22.5 - https:\/\/yoast.com\/wordpress\/plugins\/seo\/ -->\n<title>Gr\u00e8ve du ch\u00f4mage : un rassemblement devant la mairie de Thaon-l\u00e8s-Vosges - Epinal Info<\/title>\n<meta name=\"robots\" content=\"index, follow, max-snippet:-1, max-image-preview:large, max-video-preview:-1\" \/>\n<link rel=\"canonical\" href=\"https:\/\/vosgesinfo.fr\/epinalinfo\/2023\/11\/greve-chomage-rassemblement-devant-mairie-de-thaon-vosges-2\/\" \/>\n<meta name=\"twitter:card\" content=\"summary_large_image\" \/>\n<meta name=\"twitter:title\" content=\"Gr\u00e8ve du ch\u00f4mage : un rassemblement devant la mairie de Thaon-l\u00e8s-Vosges - Epinal Info\" \/>\n<meta name=\"twitter:description\" content=\"La gr\u00e8ve du ch\u00f4mage, est un \u00e9v\u00e9nement symbolique qui revendique le droit pour chacun d\u2019obtenir un emploi. Ce droit est [&hellip;]\" \/>\n<meta name=\"twitter:image\" content=\"https:\/\/vosgesinfo.fr\/app\/uploads\/sites\/3\/2023\/11\/395103729-638628931772629-7992181274097249740-n.jpg\" \/>\n<meta name=\"twitter:creator\" content=\"@VosgesInfo88\" \/>\n<meta name=\"twitter:site\" content=\"@VosgesInfo88\" \/>\n<meta name=\"twitter:label1\" content=\"\u00c9crit par\" \/>\n\t<meta name=\"twitter:data1\" content=\"C.K.\" \/>\n\t<meta name=\"twitter:label2\" content=\"Dur\u00e9e de lecture estim\u00e9e\" \/>\n\t<meta name=\"twitter:data2\" content=\"1 minute\" \/>\n<script type=\"application\/ld+json\" class=\"yoast-schema-graph\">{\"@context\":\"https:\/\/schema.org\",\"@graph\":[{\"@type\":\"Article\",\"@id\":\"https:\/\/vosgesinfo.fr\/epinalinfo\/2023\/11\/greve-chomage-rassemblement-devant-mairie-de-thaon-vosges-2\/#article\",\"isPartOf\":{\"@id\":\"https:\/\/vosgesinfo.fr\/epinalinfo\/2023\/11\/greve-chomage-rassemblement-devant-mairie-de-thaon-vosges-2\/\"},\"author\":{\"name\":\"C.K.\",\"@id\":\"https:\/\/vosgesinfo.fr\/epinalinfo\/#\/schema\/person\/6f9a650eeea99d969b6c4ab78fccbe81\"},\"headline\":\"Gr\u00e8ve du ch\u00f4mage : un rassemblement devant la mairie de Thaon-l\u00e8s-Vosges\",\"datePublished\":\"2023-11-02T07:57:35+00:00\",\"dateModified\":\"2023-11-02T07:57:35+00:00\",\"mainEntityOfPage\":{\"@id\":\"https:\/\/vosgesinfo.fr\/epinalinfo\/2023\/11\/greve-chomage-rassemblement-devant-mairie-de-thaon-vosges-2\/\"},\"wordCount\":239,\"commentCount\":0,\"publisher\":{\"@id\":\"https:\/\/vosgesinfo.fr\/epinalinfo\/#organization\"},\"image\":{\"@id\":\"https:\/\/vosgesinfo.fr\/epinalinfo\/2023\/11\/greve-chomage-rassemblement-devant-mairie-de-thaon-vosges-2\/#primaryimage\"},\"thumbnailUrl\":\"https:\/\/vosgesinfo.fr\/app\/uploads\/sites\/3\/2023\/11\/395103729-638628931772629-7992181274097249740-n.jpg\",\"keywords\":[\"Gr\u00e8ve du ch\u00f4mage\",\"rassemblement\",\"Thaon-l\u00e8s-Vosges\"],\"articleSection\":[\"A la Une\",\"Soci\u00e9t\u00e9\",\"Thaon-les-Vosges\"],\"inLanguage\":\"fr-FR\",\"potentialAction\":[{\"@type\":\"CommentAction\",\"name\":\"Comment\",\"target\":[\"https:\/\/vosgesinfo.fr\/epinalinfo\/2023\/11\/greve-chomage-rassemblement-devant-mairie-de-thaon-vosges-2\/#respond\"]}]},{\"@type\":\"WebPage\",\"@id\":\"https:\/\/vosgesinfo.fr\/epinalinfo\/2023\/11\/greve-chomage-rassemblement-devant-mairie-de-thaon-vosges-2\/\",\"url\":\"https:\/\/vosgesinfo.fr\/epinalinfo\/2023\/11\/greve-chomage-rassemblement-devant-mairie-de-thaon-vosges-2\/\",\"name\":\"Gr\u00e8ve du ch\u00f4mage : un rassemblement devant la mairie de Thaon-l\u00e8s-Vosges - Epinal Info\",\"isPartOf\":{\"@id\":\"https:\/\/vosgesinfo.fr\/epinalinfo\/#website\"},\"primaryImageOfPage\":{\"@id\":\"https:\/\/vosgesinfo.fr\/epinalinfo\/2023\/11\/greve-chomage-rassemblement-devant-mairie-de-thaon-vosges-2\/#primaryimage\"},\"image\":{\"@id\":\"https:\/\/vosgesinfo.fr\/epinalinfo\/2023\/11\/greve-chomage-rassemblement-devant-mairie-de-thaon-vosges-2\/#primaryimage\"},\"thumbnailUrl\":\"https:\/\/vosgesinfo.fr\/app\/uploads\/sites\/3\/2023\/11\/395103729-638628931772629-7992181274097249740-n.jpg\",\"datePublished\":\"2023-11-02T07:57:35+00:00\",\"dateModified\":\"2023-11-02T07:57:35+00:00\",\"breadcrumb\":{\"@id\":\"https:\/\/vosgesinfo.fr\/epinalinfo\/2023\/11\/greve-chomage-rassemblement-devant-mairie-de-thaon-vosges-2\/#breadcrumb\"},\"inLanguage\":\"fr-FR\",\"potentialAction\":[{\"@type\":\"ReadAction\",\"target\":[\"https:\/\/vosgesinfo.fr\/epinalinfo\/2023\/11\/greve-chomage-rassemblement-devant-mairie-de-thaon-vosges-2\/\"]}]},{\"@type\":\"ImageObject\",\"inLanguage\":\"fr-FR\",\"@id\":\"https:\/\/vosgesinfo.fr\/epinalinfo\/2023\/11\/greve-chomage-rassemblement-devant-mairie-de-thaon-vosges-2\/#primaryimage\",\"url\":\"https:\/\/vosgesinfo.fr\/app\/uploads\/sites\/3\/2023\/11\/395103729-638628931772629-7992181274097249740-n.jpg\",\"contentUrl\":\"https:\/\/vosgesinfo.fr\/app\/uploads\/sites\/3\/2023\/11\/395103729-638628931772629-7992181274097249740-n.jpg\",\"width\":800,\"height\":800},{\"@type\":\"BreadcrumbList\",\"@id\":\"https:\/\/vosgesinfo.fr\/epinalinfo\/2023\/11\/greve-chomage-rassemblement-devant-mairie-de-thaon-vosges-2\/#breadcrumb\",\"itemListElement\":[{\"@type\":\"ListItem\",\"position\":1,\"name\":\"Home\",\"item\":\"https:\/\/vosgesinfo.fr\/epinalinfo\/\"},{\"@type\":\"ListItem\",\"position\":2,\"name\":\"Gr\u00e8ve du ch\u00f4mage : un rassemblement devant la mairie de Thaon-l\u00e8s-Vosges\"}]},{\"@type\":\"WebSite\",\"@id\":\"https:\/\/vosgesinfo.fr\/epinalinfo\/#website\",\"url\":\"https:\/\/vosgesinfo.fr\/epinalinfo\/\",\"name\":\"Epinal Info\",\"description\":\"Toute l&#039;actualit\u00e9 d&#039;\u00c9pinal\",\"publisher\":{\"@id\":\"https:\/\/vosgesinfo.fr\/epinalinfo\/#organization\"},\"alternateName\":\"Toute l'actualit\u00e9 d'\u00c9pinal\",\"potentialAction\":[{\"@type\":\"SearchAction\",\"target\":{\"@type\":\"EntryPoint\",\"urlTemplate\":\"https:\/\/vosgesinfo.fr\/epinalinfo\/?s={search_term_string}\"},\"query-input\":\"required name=search_term_string\"}],\"inLanguage\":\"fr-FR\"},{\"@type\":\"Organization\",\"@id\":\"https:\/\/vosgesinfo.fr\/epinalinfo\/#organization\",\"name\":\"Epinal Info\",\"url\":\"https:\/\/vosgesinfo.fr\/epinalinfo\/\",\"logo\":{\"@type\":\"ImageObject\",\"inLanguage\":\"fr-FR\",\"@id\":\"https:\/\/vosgesinfo.fr\/epinalinfo\/#\/schema\/logo\/image\/\",\"url\":\"https:\/\/vosgesinfo.fr\/app\/uploads\/sites\/3\/2023\/08\/logo-epinalinfos.svg\",\"contentUrl\":\"https:\/\/vosgesinfo.fr\/app\/uploads\/sites\/3\/2023\/08\/logo-epinalinfos.svg\",\"width\":1,\"height\":1,\"caption\":\"Epinal Info\"},\"image\":{\"@id\":\"https:\/\/vosgesinfo.fr\/epinalinfo\/#\/schema\/logo\/image\/\"},\"sameAs\":[\"https:\/\/www.facebook.com\/Epinalinfos\",\"https:\/\/x.com\/VosgesInfo88\",\"https:\/\/www.youtube.com\/@vosgesinfo\"]},{\"@type\":\"Person\",\"@id\":\"https:\/\/vosgesinfo.fr\/epinalinfo\/#\/schema\/person\/6f9a650eeea99d969b6c4ab78fccbe81\",\"name\":\"C.K.\",\"image\":{\"@type\":\"ImageObject\",\"inLanguage\":\"fr-FR\",\"@id\":\"https:\/\/vosgesinfo.fr\/epinalinfo\/#\/schema\/person\/image\/\",\"url\":\"https:\/\/secure.gravatar.com\/avatar\/48e3fc7f8421ba8942be6b74a2b7f014ca39bc00dece156b7a8e098ae7dc87bf?s=96&d=mm&r=g\",\"contentUrl\":\"https:\/\/secure.gravatar.com\/avatar\/48e3fc7f8421ba8942be6b74a2b7f014ca39bc00dece156b7a8e098ae7dc87bf?s=96&d=mm&r=g\",\"caption\":\"C.K.\"},\"url\":\"https:\/\/vosgesinfo.fr\/epinalinfo\/author\/celia-k-n\/\"}]}<\/script>\n<!-- \/ Yoast SEO plugin. -->","yoast_head_json":{"title":"Gr\u00e8ve du ch\u00f4mage : un rassemblement devant la mairie de Thaon-l\u00e8s-Vosges - Epinal Info","robots":{"index":"index","follow":"follow","max-snippet":"max-snippet:-1","max-image-preview":"max-image-preview:large","max-video-preview":"max-video-preview:-1"},"canonical":"https:\/\/vosgesinfo.fr\/epinalinfo\/2023\/11\/greve-chomage-rassemblement-devant-mairie-de-thaon-vosges-2\/","twitter_card":"summary_large_image","twitter_title":"Gr\u00e8ve du ch\u00f4mage : un rassemblement devant la mairie de Thaon-l\u00e8s-Vosges - Epinal Info","twitter_description":"La gr\u00e8ve du ch\u00f4mage, est un \u00e9v\u00e9nement symbolique qui revendique le droit pour chacun d\u2019obtenir un emploi. Ce droit est [&hellip;]","twitter_image":"https:\/\/vosgesinfo.fr\/app\/uploads\/sites\/3\/2023\/11\/395103729-638628931772629-7992181274097249740-n.jpg","twitter_creator":"@VosgesInfo88","twitter_site":"@VosgesInfo88","twitter_misc":{"\u00c9crit par":"C.K.","Dur\u00e9e de lecture estim\u00e9e":"1 minute"},"schema":{"@context":"https:\/\/schema.org","@graph":[{"@type":"Article","@id":"https:\/\/vosgesinfo.fr\/epinalinfo\/2023\/11\/greve-chomage-rassemblement-devant-mairie-de-thaon-vosges-2\/#article","isPartOf":{"@id":"https:\/\/vosgesinfo.fr\/epinalinfo\/2023\/11\/greve-chomage-rassemblement-devant-mairie-de-thaon-vosges-2\/"},"author":{"name":"C.K.","@id":"https:\/\/vosgesinfo.fr\/epinalinfo\/#\/schema\/person\/6f9a650eeea99d969b6c4ab78fccbe81"},"headline":"Gr\u00e8ve du ch\u00f4mage : un rassemblement devant la mairie de Thaon-l\u00e8s-Vosges","datePublished":"2023-11-02T07:57:35+00:00","dateModified":"2023-11-02T07:57:35+00:00","mainEntityOfPage":{"@id":"https:\/\/vosgesinfo.fr\/epinalinfo\/2023\/11\/greve-chomage-rassemblement-devant-mairie-de-thaon-vosges-2\/"},"wordCount":239,"commentCount":0,"publisher":{"@id":"https:\/\/vosgesinfo.fr\/epinalinfo\/#organization"},"image":{"@id":"https:\/\/vosgesinfo.fr\/epinalinfo\/2023\/11\/greve-chomage-rassemblement-devant-mairie-de-thaon-vosges-2\/#primaryimage"},"thumbnailUrl":"https:\/\/vosgesinfo.fr\/app\/uploads\/sites\/3\/2023\/11\/395103729-638628931772629-7992181274097249740-n.jpg","keywords":["Gr\u00e8ve du ch\u00f4mage","rassemblement","Thaon-l\u00e8s-Vosges"],"articleSection":["A la Une","Soci\u00e9t\u00e9","Thaon-les-Vosges"],"inLanguage":"fr-FR","potentialAction":[{"@type":"CommentAction","name":"Comment","target":["https:\/\/vosgesinfo.fr\/epinalinfo\/2023\/11\/greve-chomage-rassemblement-devant-mairie-de-thaon-vosges-2\/#respond"]}]},{"@type":"WebPage","@id":"https:\/\/vosgesinfo.fr\/epinalinfo\/2023\/11\/greve-chomage-rassemblement-devant-mairie-de-thaon-vosges-2\/","url":"https:\/\/vosgesinfo.fr\/epinalinfo\/2023\/11\/greve-chomage-rassemblement-devant-mairie-de-thaon-vosges-2\/","name":"Gr\u00e8ve du ch\u00f4mage : un rassemblement devant la mairie de Thaon-l\u00e8s-Vosges - Epinal Info","isPartOf":{"@id":"https:\/\/vosgesinfo.fr\/epinalinfo\/#website"},"primaryImageOfPage":{"@id":"https:\/\/vosgesinfo.fr\/epinalinfo\/2023\/11\/greve-chomage-rassemblement-devant-mairie-de-thaon-vosges-2\/#primaryimage"},"image":{"@id":"https:\/\/vosgesinfo.fr\/epinalinfo\/2023\/11\/greve-chomage-rassemblement-devant-mairie-de-thaon-vosges-2\/#primaryimage"},"thumbnailUrl":"https:\/\/vosgesinfo.fr\/app\/uploads\/sites\/3\/2023\/11\/395103729-638628931772629-7992181274097249740-n.jpg","datePublished":"2023-11-02T07:57:35+00:00","dateModified":"2023-11-02T07:57:35+00:00","breadcrumb":{"@id":"https:\/\/vosgesinfo.fr\/epinalinfo\/2023\/11\/greve-chomage-rassemblement-devant-mairie-de-thaon-vosges-2\/#breadcrumb"},"inLanguage":"fr-FR","potentialAction":[{"@type":"ReadAction","target":["https:\/\/vosgesinfo.fr\/epinalinfo\/2023\/11\/greve-chomage-rassemblement-devant-mairie-de-thaon-vosges-2\/"]}]},{"@type":"ImageObject","inLanguage":"fr-FR","@id":"https:\/\/vosgesinfo.fr\/epinalinfo\/2023\/11\/greve-chomage-rassemblement-devant-mairie-de-thaon-vosges-2\/#primaryimage","url":"https:\/\/vosgesinfo.fr\/app\/uploads\/sites\/3\/2023\/11\/395103729-638628931772629-7992181274097249740-n.jpg","contentUrl":"https:\/\/vosgesinfo.fr\/app\/uploads\/sites\/3\/2023\/11\/395103729-638628931772629-7992181274097249740-n.jpg","width":800,"height":800},{"@type":"BreadcrumbList","@id":"https:\/\/vosgesinfo.fr\/epinalinfo\/2023\/11\/greve-chomage-rassemblement-devant-mairie-de-thaon-vosges-2\/#breadcrumb","itemListElement":[{"@type":"ListItem","position":1,"name":"Home","item":"https:\/\/vosgesinfo.fr\/epinalinfo\/"},{"@type":"ListItem","position":2,"name":"Gr\u00e8ve du ch\u00f4mage : un rassemblement devant la mairie de Thaon-l\u00e8s-Vosges"}]},{"@type":"WebSite","@id":"https:\/\/vosgesinfo.fr\/epinalinfo\/#website","url":"https:\/\/vosgesinfo.fr\/epinalinfo\/","name":"Epinal Info","description":"Toute l&#039;actualit\u00e9 d&#039;\u00c9pinal","publisher":{"@id":"https:\/\/vosgesinfo.fr\/epinalinfo\/#organization"},"alternateName":"Toute l'actualit\u00e9 d'\u00c9pinal","potentialAction":[{"@type":"SearchAction","target":{"@type":"EntryPoint","urlTemplate":"https:\/\/vosgesinfo.fr\/epinalinfo\/?s={search_term_string}"},"query-input":"required name=search_term_string"}],"inLanguage":"fr-FR"},{"@type":"Organization","@id":"https:\/\/vosgesinfo.fr\/epinalinfo\/#organization","name":"Epinal Info","url":"https:\/\/vosgesinfo.fr\/epinalinfo\/","logo":{"@type":"ImageObject","inLanguage":"fr-FR","@id":"https:\/\/vosgesinfo.fr\/epinalinfo\/#\/schema\/logo\/image\/","url":"https:\/\/vosgesinfo.fr\/app\/uploads\/sites\/3\/2023\/08\/logo-epinalinfos.svg","contentUrl":"https:\/\/vosgesinfo.fr\/app\/uploads\/sites\/3\/2023\/08\/logo-epinalinfos.svg","width":1,"height":1,"caption":"Epinal Info"},"image":{"@id":"https:\/\/vosgesinfo.fr\/epinalinfo\/#\/schema\/logo\/image\/"},"sameAs":["https:\/\/www.facebook.com\/Epinalinfos","https:\/\/x.com\/VosgesInfo88","https:\/\/www.youtube.com\/@vosgesinfo"]},{"@type":"Person","@id":"https:\/\/vosgesinfo.fr\/epinalinfo\/#\/schema\/person\/6f9a650eeea99d969b6c4ab78fccbe81","name":"C.K.","image":{"@type":"ImageObject","inLanguage":"fr-FR","@id":"https:\/\/vosgesinfo.fr\/epinalinfo\/#\/schema\/person\/image\/","url":"https:\/\/secure.gravatar.com\/avatar\/48e3fc7f8421ba8942be6b74a2b7f014ca39bc00dece156b7a8e098ae7dc87bf?s=96&d=mm&r=g","contentUrl":"https:\/\/secure.gravatar.com\/avatar\/48e3fc7f8421ba8942be6b74a2b7f014ca39bc00dece156b7a8e098ae7dc87bf?s=96&d=mm&r=g","caption":"C.K."},"url":"https:\/\/vosgesinfo.fr\/epinalinfo\/author\/celia-k-n\/"}]}},"_links":{"self":[{"href":"https:\/\/vosgesinfo.fr\/epinalinfo\/wp-json\/wp\/v2\/posts\/119873","targetHints":{"allow":["GET"]}}],"collection":[{"href":"https:\/\/vosgesinfo.fr\/epinalinfo\/wp-json\/wp\/v2\/posts"}],"about":[{"href":"https:\/\/vosgesinfo.fr\/epinalinfo\/wp-json\/wp\/v2\/types\/post"}],"author":[{"embeddable":true,"href":"https:\/\/vosgesinfo.fr\/epinalinfo\/wp-json\/wp\/v2\/users\/52"}],"replies":[{"embeddable":true,"href":"https:\/\/vosgesinfo.fr\/epinalinfo\/wp-json\/wp\/v2\/comments?post=119873"}],"version-history":[{"count":0,"href":"https:\/\/vosgesinfo.fr\/epinalinfo\/wp-json\/wp\/v2\/posts\/119873\/revisions"}],"wp:featuredmedia":[{"embeddable":true,"href":"https:\/\/vosgesinfo.fr\/epinalinfo\/wp-json\/wp\/v2\/media\/2443"}],"wp:attachment":[{"href":"https:\/\/vosgesinfo.fr\/epinalinfo\/wp-json\/wp\/v2\/media?parent=119873"}],"wp:term":[{"taxonomy":"category","embeddable":true,"href":"https:\/\/vosgesinfo.fr\/epinalinfo\/wp-json\/wp\/v2\/categories?post=119873"},{"taxonomy":"post_tag","embeddable":true,"href":"https:\/\/vosgesinfo.fr\/epinalinfo\/wp-json\/wp\/v2\/tags?post=119873"}],"curies":[{"name":"wp","href":"https:\/\/api.w.org\/{rel}","templated":true}]}}