{"id":119897,"date":"2023-11-09T06:00:52","date_gmt":"2023-11-09T05:00:52","guid":{"rendered":"https:\/\/vosgesinfo.fr\/epinalinfo\/2023\/11\/exposition-conferences-bati-ancien-batiment-davenir-2\/"},"modified":"2023-11-09T06:00:52","modified_gmt":"2023-11-09T05:00:52","slug":"exposition-conferences-bati-ancien-batiment-davenir-2","status":"publish","type":"post","link":"https:\/\/vosgesinfo.fr\/epinalinfo\/2023\/11\/exposition-conferences-bati-ancien-batiment-davenir-2\/","title":{"rendered":"Exposition et conf\u00e9rences \u00ab\u00a0B\u00e2ti ancien, b\u00e2timent d&rsquo;Avenir\u00a0\u00bb"},"content":{"rendered":"<h2><span style=\"font-size: 14pt;\"><a href=\"\/2023\/11\/POPUP-ExpositionBatiancien-nov2023.jpg\"><img decoding=\"async\" class=\"aligncenter size-large wp-image-226553\" src=\"\/2023\/11\/POPUP-ExpositionBatiancien-nov2023-800x686.jpg\" alt=\"POPUP-ExpositionBatiancien-nov2023\" width=\"800\" height=\"686\" \/><\/a>L\u2019agglom\u00e9ration d\u2019\u00c9pinal vous propose, en collaboration avec \u201cMaisons Paysannes Vosgiennes\u201d, une exposition et une s\u00e9rie de conf\u00e9rences, du 16 Novembre au 14 D\u00e9cembre 2023, \u00e0 la Maison de l\u2019Habitat et du Territoire.<\/span><\/h2>\n<p><strong><u>AGENDA : <\/u><\/strong><\/p>\n<p><strong><a href=\"\/2023\/11\/thumbnail_FLYER-Batiancienbatimentdavenir.png\"><img decoding=\"async\" class=\"alignright size-medium wp-image-226554\" src=\"\/2023\/11\/thumbnail_FLYER-Batiancienbatimentdavenir-179x255.png\" alt=\"thumbnail_FLYER Batiancienbatimentdavenir\" width=\"179\" height=\"255\" \/><\/a>Mercredi 22 novembre | 18h<\/strong><br \/>\nMaison de l\u2019Habitat et du Territoire,<br \/>\n<strong><em>\u00ab Pourquoi r\u00e9nover le b\u00e2ti ancien ? \u00bb<\/em><\/strong><br \/>\npar l\u2019association Maisons paysannes des Vosges.<\/p>\n<p><strong>Mercredi 29 novembre | 18h<\/strong><br \/>\nMaison de l\u2019Habitat et du Territoire,<br \/>\n<strong><em>\u00ab l\u2019ABC de la restauration du b\u00e2ti ancien \u00bb<\/em><\/strong><br \/>\npar David MERLIER, directeur d\u2019AFOLOR (association R\u00e9gionale de Formation pour l\u2019Artisanat<br \/>\ndu b\u00e2timent).<\/p>\n<p><strong>Mercredi 6 d\u00e9cembre | 18h <\/strong><br \/>\nM\u00e9diath\u00e8que de CHAUMOUSEY,<br \/>\n<em><strong>\u00ab L\u2019utilisation du chanvre dans les b\u00e2timents \u00bb, <\/strong><\/em><br \/>\npar Monsieur Patrick CLAUDE, entrepreneur \u00e0 LE MENIL.<\/p>\n<p><strong>Mercredi 13 d\u00e9cembre | 18h<\/strong><br \/>\nMaison de l\u2019Habitat et du Territoire,<br \/>\n<em><strong>\u00ab L\u2019art de b\u00e2tir \u00e0 travers les si\u00e8cles en Lorraine \u00bb<\/strong><\/em><br \/>\npar M. Jean Marie BLAISING, arch\u00e9ologue ing\u00e9nieur sur le b\u00e2ti en Lorraine.<\/p>\n<p><strong>Conf\u00e9rences sur inscription\u00a0:<\/strong> 03 29 81 13 42 \/ <a href=\"mailto:habitat@agglo-epinal.fr\">habitat@agglo-epinal.fr<\/a><\/p>\n","protected":false},"excerpt":{"rendered":"<p>L\u2019agglom\u00e9ration d\u2019\u00c9pinal vous propose, en collaboration avec \u201cMaisons Paysannes Vosgiennes\u201d, une exposition et une s\u00e9rie de conf\u00e9rences, du 16 Novembre [&hellip;]<\/p>\n","protected":false},"author":52,"featured_media":2563,"comment_status":"open","ping_status":"open","sticky":false,"template":"","format":"standard","meta":{"footnotes":""},"categories":[22,24,10,5],"tags":[],"class_list":["post-119897","post","type-post","status-publish","format-standard","has-post-thumbnail","hentry","category-a-la-une","category-epinal","category-societe","category-vosges"],"acf":[],"yoast_head":"<!-- This site is optimized with the Yoast SEO plugin v22.5 - https:\/\/yoast.com\/wordpress\/plugins\/seo\/ -->\n<title>Exposition et conf\u00e9rences &quot;B\u00e2ti ancien, b\u00e2timent d&#039;Avenir&quot; - Epinal Info<\/title>\n<meta name=\"robots\" content=\"index, follow, max-snippet:-1, max-image-preview:large, max-video-preview:-1\" \/>\n<link rel=\"canonical\" href=\"https:\/\/vosgesinfo.fr\/epinalinfo\/2023\/11\/exposition-conferences-bati-ancien-batiment-davenir-2\/\" \/>\n<meta name=\"twitter:card\" content=\"summary_large_image\" \/>\n<meta name=\"twitter:title\" content=\"Exposition et conf\u00e9rences &quot;B\u00e2ti ancien, b\u00e2timent d&#039;Avenir&quot; - Epinal Info\" \/>\n<meta name=\"twitter:description\" content=\"L\u2019agglom\u00e9ration d\u2019\u00c9pinal vous propose, en collaboration avec \u201cMaisons Paysannes Vosgiennes\u201d, une exposition et une s\u00e9rie de conf\u00e9rences, du 16 Novembre [&hellip;]\" \/>\n<meta name=\"twitter:image\" content=\"https:\/\/vosgesinfo.fr\/app\/uploads\/sites\/3\/2023\/11\/popup-expositionbatiancien-nov2023.jpg\" \/>\n<meta name=\"twitter:creator\" content=\"@VosgesInfo88\" \/>\n<meta name=\"twitter:site\" content=\"@VosgesInfo88\" \/>\n<meta name=\"twitter:label1\" content=\"\u00c9crit par\" \/>\n\t<meta name=\"twitter:data1\" content=\"C.K.\" \/>\n\t<meta name=\"twitter:label2\" content=\"Dur\u00e9e de lecture estim\u00e9e\" \/>\n\t<meta name=\"twitter:data2\" content=\"1 minute\" \/>\n<script type=\"application\/ld+json\" class=\"yoast-schema-graph\">{\"@context\":\"https:\/\/schema.org\",\"@graph\":[{\"@type\":\"Article\",\"@id\":\"https:\/\/vosgesinfo.fr\/epinalinfo\/2023\/11\/exposition-conferences-bati-ancien-batiment-davenir-2\/#article\",\"isPartOf\":{\"@id\":\"https:\/\/vosgesinfo.fr\/epinalinfo\/2023\/11\/exposition-conferences-bati-ancien-batiment-davenir-2\/\"},\"author\":{\"name\":\"C.K.\",\"@id\":\"https:\/\/vosgesinfo.fr\/epinalinfo\/#\/schema\/person\/6f9a650eeea99d969b6c4ab78fccbe81\"},\"headline\":\"Exposition et conf\u00e9rences \u00ab\u00a0B\u00e2ti ancien, b\u00e2timent d&rsquo;Avenir\u00a0\u00bb\",\"datePublished\":\"2023-11-09T05:00:52+00:00\",\"dateModified\":\"2023-11-09T05:00:52+00:00\",\"mainEntityOfPage\":{\"@id\":\"https:\/\/vosgesinfo.fr\/epinalinfo\/2023\/11\/exposition-conferences-bati-ancien-batiment-davenir-2\/\"},\"wordCount\":175,\"commentCount\":0,\"publisher\":{\"@id\":\"https:\/\/vosgesinfo.fr\/epinalinfo\/#organization\"},\"image\":{\"@id\":\"https:\/\/vosgesinfo.fr\/epinalinfo\/2023\/11\/exposition-conferences-bati-ancien-batiment-davenir-2\/#primaryimage\"},\"thumbnailUrl\":\"https:\/\/vosgesinfo.fr\/app\/uploads\/sites\/3\/2023\/11\/popup-expositionbatiancien-nov2023.jpg\",\"articleSection\":[\"A la Une\",\"Epinal\",\"Soci\u00e9t\u00e9\",\"Vosges\"],\"inLanguage\":\"fr-FR\",\"potentialAction\":[{\"@type\":\"CommentAction\",\"name\":\"Comment\",\"target\":[\"https:\/\/vosgesinfo.fr\/epinalinfo\/2023\/11\/exposition-conferences-bati-ancien-batiment-davenir-2\/#respond\"]}]},{\"@type\":\"WebPage\",\"@id\":\"https:\/\/vosgesinfo.fr\/epinalinfo\/2023\/11\/exposition-conferences-bati-ancien-batiment-davenir-2\/\",\"url\":\"https:\/\/vosgesinfo.fr\/epinalinfo\/2023\/11\/exposition-conferences-bati-ancien-batiment-davenir-2\/\",\"name\":\"Exposition et conf\u00e9rences \\\"B\u00e2ti ancien, b\u00e2timent d'Avenir\\\" - Epinal Info\",\"isPartOf\":{\"@id\":\"https:\/\/vosgesinfo.fr\/epinalinfo\/#website\"},\"primaryImageOfPage\":{\"@id\":\"https:\/\/vosgesinfo.fr\/epinalinfo\/2023\/11\/exposition-conferences-bati-ancien-batiment-davenir-2\/#primaryimage\"},\"image\":{\"@id\":\"https:\/\/vosgesinfo.fr\/epinalinfo\/2023\/11\/exposition-conferences-bati-ancien-batiment-davenir-2\/#primaryimage\"},\"thumbnailUrl\":\"https:\/\/vosgesinfo.fr\/app\/uploads\/sites\/3\/2023\/11\/popup-expositionbatiancien-nov2023.jpg\",\"datePublished\":\"2023-11-09T05:00:52+00:00\",\"dateModified\":\"2023-11-09T05:00:52+00:00\",\"breadcrumb\":{\"@id\":\"https:\/\/vosgesinfo.fr\/epinalinfo\/2023\/11\/exposition-conferences-bati-ancien-batiment-davenir-2\/#breadcrumb\"},\"inLanguage\":\"fr-FR\",\"potentialAction\":[{\"@type\":\"ReadAction\",\"target\":[\"https:\/\/vosgesinfo.fr\/epinalinfo\/2023\/11\/exposition-conferences-bati-ancien-batiment-davenir-2\/\"]}]},{\"@type\":\"ImageObject\",\"inLanguage\":\"fr-FR\",\"@id\":\"https:\/\/vosgesinfo.fr\/epinalinfo\/2023\/11\/exposition-conferences-bati-ancien-batiment-davenir-2\/#primaryimage\",\"url\":\"https:\/\/vosgesinfo.fr\/app\/uploads\/sites\/3\/2023\/11\/popup-expositionbatiancien-nov2023.jpg\",\"contentUrl\":\"https:\/\/vosgesinfo.fr\/app\/uploads\/sites\/3\/2023\/11\/popup-expositionbatiancien-nov2023.jpg\",\"width\":800,\"height\":686},{\"@type\":\"BreadcrumbList\",\"@id\":\"https:\/\/vosgesinfo.fr\/epinalinfo\/2023\/11\/exposition-conferences-bati-ancien-batiment-davenir-2\/#breadcrumb\",\"itemListElement\":[{\"@type\":\"ListItem\",\"position\":1,\"name\":\"Home\",\"item\":\"https:\/\/vosgesinfo.fr\/epinalinfo\/\"},{\"@type\":\"ListItem\",\"position\":2,\"name\":\"Exposition et conf\u00e9rences \u00ab\u00a0B\u00e2ti ancien, b\u00e2timent d&rsquo;Avenir\u00a0\u00bb\"}]},{\"@type\":\"WebSite\",\"@id\":\"https:\/\/vosgesinfo.fr\/epinalinfo\/#website\",\"url\":\"https:\/\/vosgesinfo.fr\/epinalinfo\/\",\"name\":\"Epinal Info\",\"description\":\"Toute l&#039;actualit\u00e9 d&#039;\u00c9pinal\",\"publisher\":{\"@id\":\"https:\/\/vosgesinfo.fr\/epinalinfo\/#organization\"},\"alternateName\":\"Toute l'actualit\u00e9 d'\u00c9pinal\",\"potentialAction\":[{\"@type\":\"SearchAction\",\"target\":{\"@type\":\"EntryPoint\",\"urlTemplate\":\"https:\/\/vosgesinfo.fr\/epinalinfo\/?s={search_term_string}\"},\"query-input\":\"required name=search_term_string\"}],\"inLanguage\":\"fr-FR\"},{\"@type\":\"Organization\",\"@id\":\"https:\/\/vosgesinfo.fr\/epinalinfo\/#organization\",\"name\":\"Epinal Info\",\"url\":\"https:\/\/vosgesinfo.fr\/epinalinfo\/\",\"logo\":{\"@type\":\"ImageObject\",\"inLanguage\":\"fr-FR\",\"@id\":\"https:\/\/vosgesinfo.fr\/epinalinfo\/#\/schema\/logo\/image\/\",\"url\":\"https:\/\/vosgesinfo.fr\/app\/uploads\/sites\/3\/2023\/08\/logo-epinalinfos.svg\",\"contentUrl\":\"https:\/\/vosgesinfo.fr\/app\/uploads\/sites\/3\/2023\/08\/logo-epinalinfos.svg\",\"width\":1,\"height\":1,\"caption\":\"Epinal Info\"},\"image\":{\"@id\":\"https:\/\/vosgesinfo.fr\/epinalinfo\/#\/schema\/logo\/image\/\"},\"sameAs\":[\"https:\/\/www.facebook.com\/Epinalinfos\",\"https:\/\/x.com\/VosgesInfo88\",\"https:\/\/www.youtube.com\/@vosgesinfo\"]},{\"@type\":\"Person\",\"@id\":\"https:\/\/vosgesinfo.fr\/epinalinfo\/#\/schema\/person\/6f9a650eeea99d969b6c4ab78fccbe81\",\"name\":\"C.K.\",\"image\":{\"@type\":\"ImageObject\",\"inLanguage\":\"fr-FR\",\"@id\":\"https:\/\/vosgesinfo.fr\/epinalinfo\/#\/schema\/person\/image\/\",\"url\":\"https:\/\/secure.gravatar.com\/avatar\/48e3fc7f8421ba8942be6b74a2b7f014ca39bc00dece156b7a8e098ae7dc87bf?s=96&d=mm&r=g\",\"contentUrl\":\"https:\/\/secure.gravatar.com\/avatar\/48e3fc7f8421ba8942be6b74a2b7f014ca39bc00dece156b7a8e098ae7dc87bf?s=96&d=mm&r=g\",\"caption\":\"C.K.\"},\"url\":\"https:\/\/vosgesinfo.fr\/epinalinfo\/author\/celia-k-n\/\"}]}<\/script>\n<!-- \/ Yoast SEO plugin. -->","yoast_head_json":{"title":"Exposition et conf\u00e9rences \"B\u00e2ti ancien, b\u00e2timent d'Avenir\" - Epinal Info","robots":{"index":"index","follow":"follow","max-snippet":"max-snippet:-1","max-image-preview":"max-image-preview:large","max-video-preview":"max-video-preview:-1"},"canonical":"https:\/\/vosgesinfo.fr\/epinalinfo\/2023\/11\/exposition-conferences-bati-ancien-batiment-davenir-2\/","twitter_card":"summary_large_image","twitter_title":"Exposition et conf\u00e9rences \"B\u00e2ti ancien, b\u00e2timent d'Avenir\" - Epinal Info","twitter_description":"L\u2019agglom\u00e9ration d\u2019\u00c9pinal vous propose, en collaboration avec \u201cMaisons Paysannes Vosgiennes\u201d, une exposition et une s\u00e9rie de conf\u00e9rences, du 16 Novembre [&hellip;]","twitter_image":"https:\/\/vosgesinfo.fr\/app\/uploads\/sites\/3\/2023\/11\/popup-expositionbatiancien-nov2023.jpg","twitter_creator":"@VosgesInfo88","twitter_site":"@VosgesInfo88","twitter_misc":{"\u00c9crit par":"C.K.","Dur\u00e9e de lecture estim\u00e9e":"1 minute"},"schema":{"@context":"https:\/\/schema.org","@graph":[{"@type":"Article","@id":"https:\/\/vosgesinfo.fr\/epinalinfo\/2023\/11\/exposition-conferences-bati-ancien-batiment-davenir-2\/#article","isPartOf":{"@id":"https:\/\/vosgesinfo.fr\/epinalinfo\/2023\/11\/exposition-conferences-bati-ancien-batiment-davenir-2\/"},"author":{"name":"C.K.","@id":"https:\/\/vosgesinfo.fr\/epinalinfo\/#\/schema\/person\/6f9a650eeea99d969b6c4ab78fccbe81"},"headline":"Exposition et conf\u00e9rences \u00ab\u00a0B\u00e2ti ancien, b\u00e2timent d&rsquo;Avenir\u00a0\u00bb","datePublished":"2023-11-09T05:00:52+00:00","dateModified":"2023-11-09T05:00:52+00:00","mainEntityOfPage":{"@id":"https:\/\/vosgesinfo.fr\/epinalinfo\/2023\/11\/exposition-conferences-bati-ancien-batiment-davenir-2\/"},"wordCount":175,"commentCount":0,"publisher":{"@id":"https:\/\/vosgesinfo.fr\/epinalinfo\/#organization"},"image":{"@id":"https:\/\/vosgesinfo.fr\/epinalinfo\/2023\/11\/exposition-conferences-bati-ancien-batiment-davenir-2\/#primaryimage"},"thumbnailUrl":"https:\/\/vosgesinfo.fr\/app\/uploads\/sites\/3\/2023\/11\/popup-expositionbatiancien-nov2023.jpg","articleSection":["A la Une","Epinal","Soci\u00e9t\u00e9","Vosges"],"inLanguage":"fr-FR","potentialAction":[{"@type":"CommentAction","name":"Comment","target":["https:\/\/vosgesinfo.fr\/epinalinfo\/2023\/11\/exposition-conferences-bati-ancien-batiment-davenir-2\/#respond"]}]},{"@type":"WebPage","@id":"https:\/\/vosgesinfo.fr\/epinalinfo\/2023\/11\/exposition-conferences-bati-ancien-batiment-davenir-2\/","url":"https:\/\/vosgesinfo.fr\/epinalinfo\/2023\/11\/exposition-conferences-bati-ancien-batiment-davenir-2\/","name":"Exposition et conf\u00e9rences \"B\u00e2ti ancien, b\u00e2timent d'Avenir\" - Epinal Info","isPartOf":{"@id":"https:\/\/vosgesinfo.fr\/epinalinfo\/#website"},"primaryImageOfPage":{"@id":"https:\/\/vosgesinfo.fr\/epinalinfo\/2023\/11\/exposition-conferences-bati-ancien-batiment-davenir-2\/#primaryimage"},"image":{"@id":"https:\/\/vosgesinfo.fr\/epinalinfo\/2023\/11\/exposition-conferences-bati-ancien-batiment-davenir-2\/#primaryimage"},"thumbnailUrl":"https:\/\/vosgesinfo.fr\/app\/uploads\/sites\/3\/2023\/11\/popup-expositionbatiancien-nov2023.jpg","datePublished":"2023-11-09T05:00:52+00:00","dateModified":"2023-11-09T05:00:52+00:00","breadcrumb":{"@id":"https:\/\/vosgesinfo.fr\/epinalinfo\/2023\/11\/exposition-conferences-bati-ancien-batiment-davenir-2\/#breadcrumb"},"inLanguage":"fr-FR","potentialAction":[{"@type":"ReadAction","target":["https:\/\/vosgesinfo.fr\/epinalinfo\/2023\/11\/exposition-conferences-bati-ancien-batiment-davenir-2\/"]}]},{"@type":"ImageObject","inLanguage":"fr-FR","@id":"https:\/\/vosgesinfo.fr\/epinalinfo\/2023\/11\/exposition-conferences-bati-ancien-batiment-davenir-2\/#primaryimage","url":"https:\/\/vosgesinfo.fr\/app\/uploads\/sites\/3\/2023\/11\/popup-expositionbatiancien-nov2023.jpg","contentUrl":"https:\/\/vosgesinfo.fr\/app\/uploads\/sites\/3\/2023\/11\/popup-expositionbatiancien-nov2023.jpg","width":800,"height":686},{"@type":"BreadcrumbList","@id":"https:\/\/vosgesinfo.fr\/epinalinfo\/2023\/11\/exposition-conferences-bati-ancien-batiment-davenir-2\/#breadcrumb","itemListElement":[{"@type":"ListItem","position":1,"name":"Home","item":"https:\/\/vosgesinfo.fr\/epinalinfo\/"},{"@type":"ListItem","position":2,"name":"Exposition et conf\u00e9rences \u00ab\u00a0B\u00e2ti ancien, b\u00e2timent d&rsquo;Avenir\u00a0\u00bb"}]},{"@type":"WebSite","@id":"https:\/\/vosgesinfo.fr\/epinalinfo\/#website","url":"https:\/\/vosgesinfo.fr\/epinalinfo\/","name":"Epinal Info","description":"Toute l&#039;actualit\u00e9 d&#039;\u00c9pinal","publisher":{"@id":"https:\/\/vosgesinfo.fr\/epinalinfo\/#organization"},"alternateName":"Toute l'actualit\u00e9 d'\u00c9pinal","potentialAction":[{"@type":"SearchAction","target":{"@type":"EntryPoint","urlTemplate":"https:\/\/vosgesinfo.fr\/epinalinfo\/?s={search_term_string}"},"query-input":"required name=search_term_string"}],"inLanguage":"fr-FR"},{"@type":"Organization","@id":"https:\/\/vosgesinfo.fr\/epinalinfo\/#organization","name":"Epinal Info","url":"https:\/\/vosgesinfo.fr\/epinalinfo\/","logo":{"@type":"ImageObject","inLanguage":"fr-FR","@id":"https:\/\/vosgesinfo.fr\/epinalinfo\/#\/schema\/logo\/image\/","url":"https:\/\/vosgesinfo.fr\/app\/uploads\/sites\/3\/2023\/08\/logo-epinalinfos.svg","contentUrl":"https:\/\/vosgesinfo.fr\/app\/uploads\/sites\/3\/2023\/08\/logo-epinalinfos.svg","width":1,"height":1,"caption":"Epinal Info"},"image":{"@id":"https:\/\/vosgesinfo.fr\/epinalinfo\/#\/schema\/logo\/image\/"},"sameAs":["https:\/\/www.facebook.com\/Epinalinfos","https:\/\/x.com\/VosgesInfo88","https:\/\/www.youtube.com\/@vosgesinfo"]},{"@type":"Person","@id":"https:\/\/vosgesinfo.fr\/epinalinfo\/#\/schema\/person\/6f9a650eeea99d969b6c4ab78fccbe81","name":"C.K.","image":{"@type":"ImageObject","inLanguage":"fr-FR","@id":"https:\/\/vosgesinfo.fr\/epinalinfo\/#\/schema\/person\/image\/","url":"https:\/\/secure.gravatar.com\/avatar\/48e3fc7f8421ba8942be6b74a2b7f014ca39bc00dece156b7a8e098ae7dc87bf?s=96&d=mm&r=g","contentUrl":"https:\/\/secure.gravatar.com\/avatar\/48e3fc7f8421ba8942be6b74a2b7f014ca39bc00dece156b7a8e098ae7dc87bf?s=96&d=mm&r=g","caption":"C.K."},"url":"https:\/\/vosgesinfo.fr\/epinalinfo\/author\/celia-k-n\/"}]}},"_links":{"self":[{"href":"https:\/\/vosgesinfo.fr\/epinalinfo\/wp-json\/wp\/v2\/posts\/119897","targetHints":{"allow":["GET"]}}],"collection":[{"href":"https:\/\/vosgesinfo.fr\/epinalinfo\/wp-json\/wp\/v2\/posts"}],"about":[{"href":"https:\/\/vosgesinfo.fr\/epinalinfo\/wp-json\/wp\/v2\/types\/post"}],"author":[{"embeddable":true,"href":"https:\/\/vosgesinfo.fr\/epinalinfo\/wp-json\/wp\/v2\/users\/52"}],"replies":[{"embeddable":true,"href":"https:\/\/vosgesinfo.fr\/epinalinfo\/wp-json\/wp\/v2\/comments?post=119897"}],"version-history":[{"count":0,"href":"https:\/\/vosgesinfo.fr\/epinalinfo\/wp-json\/wp\/v2\/posts\/119897\/revisions"}],"wp:featuredmedia":[{"embeddable":true,"href":"https:\/\/vosgesinfo.fr\/epinalinfo\/wp-json\/wp\/v2\/media\/2563"}],"wp:attachment":[{"href":"https:\/\/vosgesinfo.fr\/epinalinfo\/wp-json\/wp\/v2\/media?parent=119897"}],"wp:term":[{"taxonomy":"category","embeddable":true,"href":"https:\/\/vosgesinfo.fr\/epinalinfo\/wp-json\/wp\/v2\/categories?post=119897"},{"taxonomy":"post_tag","embeddable":true,"href":"https:\/\/vosgesinfo.fr\/epinalinfo\/wp-json\/wp\/v2\/tags?post=119897"}],"curies":[{"name":"wp","href":"https:\/\/api.w.org\/{rel}","templated":true}]}}