{"id":120027,"date":"2023-11-23T09:45:40","date_gmt":"2023-11-23T08:45:40","guid":{"rendered":"https:\/\/vosgesinfo.fr\/epinalinfo\/2023\/11\/exercice-de-securite-circulation-perturbee-autour-gymnase-viviani-depinal-2\/"},"modified":"2023-11-23T09:45:40","modified_gmt":"2023-11-23T08:45:40","slug":"exercice-de-securite-circulation-perturbee-autour-gymnase-viviani-depinal-2","status":"publish","type":"post","link":"https:\/\/vosgesinfo.fr\/epinalinfo\/2023\/11\/exercice-de-securite-circulation-perturbee-autour-gymnase-viviani-depinal-2\/","title":{"rendered":"Exercice de s\u00e9curit\u00e9 : la circulation perturb\u00e9e autour du gymnase Viviani d&rsquo;Epinal"},"content":{"rendered":"<div class=\"xdj266r x11i5rnm xat24cr x1mh8g0r x1vvkbs x126k92a\">\n<div dir=\"auto\">\n<div id=\"attachment_227264\" style=\"width: 810px\" class=\"wp-caption aligncenter\"><a href=\"\/2023\/11\/exercice-attentat-gymnase-viviani-epinal.2jpg.jpg\"><img decoding=\"async\" aria-describedby=\"caption-attachment-227264\" class=\"size-large wp-image-227264\" src=\"\/2023\/11\/exercice-attentat-gymnase-viviani-epinal.2jpg-800x600.jpg\" alt=\"photos pr\u00e9fecture des Vosges\" width=\"800\" height=\"600\" \/><\/a><p id=\"caption-attachment-227264\" class=\"wp-caption-text\">photos pr\u00e9fecture des Vosges<\/p><\/div>\n<p>Dans le cadre de la pr\u00e9paration des Jeux olympiques de 2024, un exercice de s\u00e9curit\u00e9 civile est organis\u00e9 ce jeudi 23 novembre sur le site du gymnase Isabelle Viviani \u00e0 \u00c9pinal.<\/p><\/div>\n<\/div>\n<div class=\"x11i5rnm xat24cr x1mh8g0r x1vvkbs xtlvy1s x126k92a\">\n<div dir=\"auto\">\u00a0Pilot\u00e9 par les services de l\u2019\u00c9tat, cet exercice mobilise les services de s\u00e9curit\u00e9 et de secours.<\/div>\n<\/div>\n<div class=\"x11i5rnm xat24cr x1mh8g0r x1vvkbs xtlvy1s x126k92a\">\n<div dir=\"auto\">La pr\u00e9fecture demande au public de respecter le p\u00e9rim\u00e8tre de s\u00e9curit\u00e9 ainsi que les mesures de circulation et de d\u00e9viation prises pour la circonstance.<\/div>\n<\/div>\n<div class=\"x11i5rnm xat24cr x1mh8g0r x1vvkbs xtlvy1s x126k92a\">\n<div dir=\"auto\">\u00a0Cet exercice de s\u00e9curit\u00e9 civile a notamment pour objectif d&rsquo;am\u00e9liorer la coordination inter-services et de tester les proc\u00e9dures d&rsquo;intervention associant tous les acteurs impliqu\u00e9s dans la gestion de crise.<\/div>\n<\/div>\n<div dir=\"auto\">\n\n<\/div>\n<p>&nbsp;<\/p>\n","protected":false},"excerpt":{"rendered":"<p>Dans le cadre de la pr\u00e9paration des Jeux olympiques de 2024, un exercice de s\u00e9curit\u00e9 civile est organis\u00e9 ce jeudi [&hellip;]<\/p>\n","protected":false},"author":52,"featured_media":3145,"comment_status":"open","ping_status":"open","sticky":false,"template":"","format":"standard","meta":{"footnotes":""},"categories":[22,92,5],"tags":[],"class_list":["post-120027","post","type-post","status-publish","format-standard","has-post-thumbnail","hentry","category-a-la-une","category-securite","category-vosges"],"acf":[],"yoast_head":"<!-- This site is optimized with the Yoast SEO plugin v22.5 - https:\/\/yoast.com\/wordpress\/plugins\/seo\/ -->\n<title>Exercice de s\u00e9curit\u00e9 : la circulation perturb\u00e9e autour du gymnase Viviani d&#039;Epinal - Epinal Info<\/title>\n<meta name=\"robots\" content=\"index, follow, max-snippet:-1, max-image-preview:large, max-video-preview:-1\" \/>\n<link rel=\"canonical\" href=\"https:\/\/vosgesinfo.fr\/epinalinfo\/2023\/11\/exercice-de-securite-circulation-perturbee-autour-gymnase-viviani-depinal-2\/\" \/>\n<meta name=\"twitter:card\" content=\"summary_large_image\" \/>\n<meta name=\"twitter:title\" content=\"Exercice de s\u00e9curit\u00e9 : la circulation perturb\u00e9e autour du gymnase Viviani d&#039;Epinal - Epinal Info\" \/>\n<meta name=\"twitter:description\" content=\"Dans le cadre de la pr\u00e9paration des Jeux olympiques de 2024, un exercice de s\u00e9curit\u00e9 civile est organis\u00e9 ce jeudi [&hellip;]\" \/>\n<meta name=\"twitter:image\" content=\"https:\/\/vosgesinfo.fr\/app\/uploads\/sites\/3\/2023\/11\/exercice-attentat-gymnase-viviani-epinal.2jpg.jpg\" \/>\n<meta name=\"twitter:creator\" content=\"@VosgesInfo88\" \/>\n<meta name=\"twitter:site\" content=\"@VosgesInfo88\" \/>\n<meta name=\"twitter:label1\" content=\"\u00c9crit par\" \/>\n\t<meta name=\"twitter:data1\" content=\"C.K.\" \/>\n\t<meta name=\"twitter:label2\" content=\"Dur\u00e9e de lecture estim\u00e9e\" \/>\n\t<meta name=\"twitter:data2\" content=\"1 minute\" \/>\n<script type=\"application\/ld+json\" class=\"yoast-schema-graph\">{\"@context\":\"https:\/\/schema.org\",\"@graph\":[{\"@type\":\"Article\",\"@id\":\"https:\/\/vosgesinfo.fr\/epinalinfo\/2023\/11\/exercice-de-securite-circulation-perturbee-autour-gymnase-viviani-depinal-2\/#article\",\"isPartOf\":{\"@id\":\"https:\/\/vosgesinfo.fr\/epinalinfo\/2023\/11\/exercice-de-securite-circulation-perturbee-autour-gymnase-viviani-depinal-2\/\"},\"author\":{\"name\":\"C.K.\",\"@id\":\"https:\/\/vosgesinfo.fr\/epinalinfo\/#\/schema\/person\/6f9a650eeea99d969b6c4ab78fccbe81\"},\"headline\":\"Exercice de s\u00e9curit\u00e9 : la circulation perturb\u00e9e autour du gymnase Viviani d&rsquo;Epinal\",\"datePublished\":\"2023-11-23T08:45:40+00:00\",\"dateModified\":\"2023-11-23T08:45:40+00:00\",\"mainEntityOfPage\":{\"@id\":\"https:\/\/vosgesinfo.fr\/epinalinfo\/2023\/11\/exercice-de-securite-circulation-perturbee-autour-gymnase-viviani-depinal-2\/\"},\"wordCount\":149,\"commentCount\":0,\"publisher\":{\"@id\":\"https:\/\/vosgesinfo.fr\/epinalinfo\/#organization\"},\"image\":{\"@id\":\"https:\/\/vosgesinfo.fr\/epinalinfo\/2023\/11\/exercice-de-securite-circulation-perturbee-autour-gymnase-viviani-depinal-2\/#primaryimage\"},\"thumbnailUrl\":\"https:\/\/vosgesinfo.fr\/app\/uploads\/sites\/3\/2023\/11\/exercice-attentat-gymnase-viviani-epinal.2jpg.jpg\",\"articleSection\":[\"A la Une\",\"S\u00e9curit\u00e9\",\"Vosges\"],\"inLanguage\":\"fr-FR\",\"potentialAction\":[{\"@type\":\"CommentAction\",\"name\":\"Comment\",\"target\":[\"https:\/\/vosgesinfo.fr\/epinalinfo\/2023\/11\/exercice-de-securite-circulation-perturbee-autour-gymnase-viviani-depinal-2\/#respond\"]}]},{\"@type\":\"WebPage\",\"@id\":\"https:\/\/vosgesinfo.fr\/epinalinfo\/2023\/11\/exercice-de-securite-circulation-perturbee-autour-gymnase-viviani-depinal-2\/\",\"url\":\"https:\/\/vosgesinfo.fr\/epinalinfo\/2023\/11\/exercice-de-securite-circulation-perturbee-autour-gymnase-viviani-depinal-2\/\",\"name\":\"Exercice de s\u00e9curit\u00e9 : la circulation perturb\u00e9e autour du gymnase Viviani d'Epinal - Epinal Info\",\"isPartOf\":{\"@id\":\"https:\/\/vosgesinfo.fr\/epinalinfo\/#website\"},\"primaryImageOfPage\":{\"@id\":\"https:\/\/vosgesinfo.fr\/epinalinfo\/2023\/11\/exercice-de-securite-circulation-perturbee-autour-gymnase-viviani-depinal-2\/#primaryimage\"},\"image\":{\"@id\":\"https:\/\/vosgesinfo.fr\/epinalinfo\/2023\/11\/exercice-de-securite-circulation-perturbee-autour-gymnase-viviani-depinal-2\/#primaryimage\"},\"thumbnailUrl\":\"https:\/\/vosgesinfo.fr\/app\/uploads\/sites\/3\/2023\/11\/exercice-attentat-gymnase-viviani-epinal.2jpg.jpg\",\"datePublished\":\"2023-11-23T08:45:40+00:00\",\"dateModified\":\"2023-11-23T08:45:40+00:00\",\"breadcrumb\":{\"@id\":\"https:\/\/vosgesinfo.fr\/epinalinfo\/2023\/11\/exercice-de-securite-circulation-perturbee-autour-gymnase-viviani-depinal-2\/#breadcrumb\"},\"inLanguage\":\"fr-FR\",\"potentialAction\":[{\"@type\":\"ReadAction\",\"target\":[\"https:\/\/vosgesinfo.fr\/epinalinfo\/2023\/11\/exercice-de-securite-circulation-perturbee-autour-gymnase-viviani-depinal-2\/\"]}]},{\"@type\":\"ImageObject\",\"inLanguage\":\"fr-FR\",\"@id\":\"https:\/\/vosgesinfo.fr\/epinalinfo\/2023\/11\/exercice-de-securite-circulation-perturbee-autour-gymnase-viviani-depinal-2\/#primaryimage\",\"url\":\"https:\/\/vosgesinfo.fr\/app\/uploads\/sites\/3\/2023\/11\/exercice-attentat-gymnase-viviani-epinal.2jpg.jpg\",\"contentUrl\":\"https:\/\/vosgesinfo.fr\/app\/uploads\/sites\/3\/2023\/11\/exercice-attentat-gymnase-viviani-epinal.2jpg.jpg\",\"width\":800,\"height\":600},{\"@type\":\"BreadcrumbList\",\"@id\":\"https:\/\/vosgesinfo.fr\/epinalinfo\/2023\/11\/exercice-de-securite-circulation-perturbee-autour-gymnase-viviani-depinal-2\/#breadcrumb\",\"itemListElement\":[{\"@type\":\"ListItem\",\"position\":1,\"name\":\"Home\",\"item\":\"https:\/\/vosgesinfo.fr\/epinalinfo\/\"},{\"@type\":\"ListItem\",\"position\":2,\"name\":\"Exercice de s\u00e9curit\u00e9 : la circulation perturb\u00e9e autour du gymnase Viviani d&rsquo;Epinal\"}]},{\"@type\":\"WebSite\",\"@id\":\"https:\/\/vosgesinfo.fr\/epinalinfo\/#website\",\"url\":\"https:\/\/vosgesinfo.fr\/epinalinfo\/\",\"name\":\"Epinal Info\",\"description\":\"Toute l&#039;actualit\u00e9 d&#039;\u00c9pinal\",\"publisher\":{\"@id\":\"https:\/\/vosgesinfo.fr\/epinalinfo\/#organization\"},\"alternateName\":\"Toute l'actualit\u00e9 d'\u00c9pinal\",\"potentialAction\":[{\"@type\":\"SearchAction\",\"target\":{\"@type\":\"EntryPoint\",\"urlTemplate\":\"https:\/\/vosgesinfo.fr\/epinalinfo\/?s={search_term_string}\"},\"query-input\":\"required name=search_term_string\"}],\"inLanguage\":\"fr-FR\"},{\"@type\":\"Organization\",\"@id\":\"https:\/\/vosgesinfo.fr\/epinalinfo\/#organization\",\"name\":\"Epinal Info\",\"url\":\"https:\/\/vosgesinfo.fr\/epinalinfo\/\",\"logo\":{\"@type\":\"ImageObject\",\"inLanguage\":\"fr-FR\",\"@id\":\"https:\/\/vosgesinfo.fr\/epinalinfo\/#\/schema\/logo\/image\/\",\"url\":\"https:\/\/vosgesinfo.fr\/app\/uploads\/sites\/3\/2023\/08\/logo-epinalinfos.svg\",\"contentUrl\":\"https:\/\/vosgesinfo.fr\/app\/uploads\/sites\/3\/2023\/08\/logo-epinalinfos.svg\",\"width\":1,\"height\":1,\"caption\":\"Epinal Info\"},\"image\":{\"@id\":\"https:\/\/vosgesinfo.fr\/epinalinfo\/#\/schema\/logo\/image\/\"},\"sameAs\":[\"https:\/\/www.facebook.com\/Epinalinfos\",\"https:\/\/x.com\/VosgesInfo88\",\"https:\/\/www.youtube.com\/@vosgesinfo\"]},{\"@type\":\"Person\",\"@id\":\"https:\/\/vosgesinfo.fr\/epinalinfo\/#\/schema\/person\/6f9a650eeea99d969b6c4ab78fccbe81\",\"name\":\"C.K.\",\"image\":{\"@type\":\"ImageObject\",\"inLanguage\":\"fr-FR\",\"@id\":\"https:\/\/vosgesinfo.fr\/epinalinfo\/#\/schema\/person\/image\/\",\"url\":\"https:\/\/secure.gravatar.com\/avatar\/48e3fc7f8421ba8942be6b74a2b7f014ca39bc00dece156b7a8e098ae7dc87bf?s=96&d=mm&r=g\",\"contentUrl\":\"https:\/\/secure.gravatar.com\/avatar\/48e3fc7f8421ba8942be6b74a2b7f014ca39bc00dece156b7a8e098ae7dc87bf?s=96&d=mm&r=g\",\"caption\":\"C.K.\"},\"url\":\"https:\/\/vosgesinfo.fr\/epinalinfo\/author\/celia-k-n\/\"}]}<\/script>\n<!-- \/ Yoast SEO plugin. -->","yoast_head_json":{"title":"Exercice de s\u00e9curit\u00e9 : la circulation perturb\u00e9e autour du gymnase Viviani d'Epinal - Epinal Info","robots":{"index":"index","follow":"follow","max-snippet":"max-snippet:-1","max-image-preview":"max-image-preview:large","max-video-preview":"max-video-preview:-1"},"canonical":"https:\/\/vosgesinfo.fr\/epinalinfo\/2023\/11\/exercice-de-securite-circulation-perturbee-autour-gymnase-viviani-depinal-2\/","twitter_card":"summary_large_image","twitter_title":"Exercice de s\u00e9curit\u00e9 : la circulation perturb\u00e9e autour du gymnase Viviani d'Epinal - Epinal Info","twitter_description":"Dans le cadre de la pr\u00e9paration des Jeux olympiques de 2024, un exercice de s\u00e9curit\u00e9 civile est organis\u00e9 ce jeudi [&hellip;]","twitter_image":"https:\/\/vosgesinfo.fr\/app\/uploads\/sites\/3\/2023\/11\/exercice-attentat-gymnase-viviani-epinal.2jpg.jpg","twitter_creator":"@VosgesInfo88","twitter_site":"@VosgesInfo88","twitter_misc":{"\u00c9crit par":"C.K.","Dur\u00e9e de lecture estim\u00e9e":"1 minute"},"schema":{"@context":"https:\/\/schema.org","@graph":[{"@type":"Article","@id":"https:\/\/vosgesinfo.fr\/epinalinfo\/2023\/11\/exercice-de-securite-circulation-perturbee-autour-gymnase-viviani-depinal-2\/#article","isPartOf":{"@id":"https:\/\/vosgesinfo.fr\/epinalinfo\/2023\/11\/exercice-de-securite-circulation-perturbee-autour-gymnase-viviani-depinal-2\/"},"author":{"name":"C.K.","@id":"https:\/\/vosgesinfo.fr\/epinalinfo\/#\/schema\/person\/6f9a650eeea99d969b6c4ab78fccbe81"},"headline":"Exercice de s\u00e9curit\u00e9 : la circulation perturb\u00e9e autour du gymnase Viviani d&rsquo;Epinal","datePublished":"2023-11-23T08:45:40+00:00","dateModified":"2023-11-23T08:45:40+00:00","mainEntityOfPage":{"@id":"https:\/\/vosgesinfo.fr\/epinalinfo\/2023\/11\/exercice-de-securite-circulation-perturbee-autour-gymnase-viviani-depinal-2\/"},"wordCount":149,"commentCount":0,"publisher":{"@id":"https:\/\/vosgesinfo.fr\/epinalinfo\/#organization"},"image":{"@id":"https:\/\/vosgesinfo.fr\/epinalinfo\/2023\/11\/exercice-de-securite-circulation-perturbee-autour-gymnase-viviani-depinal-2\/#primaryimage"},"thumbnailUrl":"https:\/\/vosgesinfo.fr\/app\/uploads\/sites\/3\/2023\/11\/exercice-attentat-gymnase-viviani-epinal.2jpg.jpg","articleSection":["A la Une","S\u00e9curit\u00e9","Vosges"],"inLanguage":"fr-FR","potentialAction":[{"@type":"CommentAction","name":"Comment","target":["https:\/\/vosgesinfo.fr\/epinalinfo\/2023\/11\/exercice-de-securite-circulation-perturbee-autour-gymnase-viviani-depinal-2\/#respond"]}]},{"@type":"WebPage","@id":"https:\/\/vosgesinfo.fr\/epinalinfo\/2023\/11\/exercice-de-securite-circulation-perturbee-autour-gymnase-viviani-depinal-2\/","url":"https:\/\/vosgesinfo.fr\/epinalinfo\/2023\/11\/exercice-de-securite-circulation-perturbee-autour-gymnase-viviani-depinal-2\/","name":"Exercice de s\u00e9curit\u00e9 : la circulation perturb\u00e9e autour du gymnase Viviani d'Epinal - Epinal Info","isPartOf":{"@id":"https:\/\/vosgesinfo.fr\/epinalinfo\/#website"},"primaryImageOfPage":{"@id":"https:\/\/vosgesinfo.fr\/epinalinfo\/2023\/11\/exercice-de-securite-circulation-perturbee-autour-gymnase-viviani-depinal-2\/#primaryimage"},"image":{"@id":"https:\/\/vosgesinfo.fr\/epinalinfo\/2023\/11\/exercice-de-securite-circulation-perturbee-autour-gymnase-viviani-depinal-2\/#primaryimage"},"thumbnailUrl":"https:\/\/vosgesinfo.fr\/app\/uploads\/sites\/3\/2023\/11\/exercice-attentat-gymnase-viviani-epinal.2jpg.jpg","datePublished":"2023-11-23T08:45:40+00:00","dateModified":"2023-11-23T08:45:40+00:00","breadcrumb":{"@id":"https:\/\/vosgesinfo.fr\/epinalinfo\/2023\/11\/exercice-de-securite-circulation-perturbee-autour-gymnase-viviani-depinal-2\/#breadcrumb"},"inLanguage":"fr-FR","potentialAction":[{"@type":"ReadAction","target":["https:\/\/vosgesinfo.fr\/epinalinfo\/2023\/11\/exercice-de-securite-circulation-perturbee-autour-gymnase-viviani-depinal-2\/"]}]},{"@type":"ImageObject","inLanguage":"fr-FR","@id":"https:\/\/vosgesinfo.fr\/epinalinfo\/2023\/11\/exercice-de-securite-circulation-perturbee-autour-gymnase-viviani-depinal-2\/#primaryimage","url":"https:\/\/vosgesinfo.fr\/app\/uploads\/sites\/3\/2023\/11\/exercice-attentat-gymnase-viviani-epinal.2jpg.jpg","contentUrl":"https:\/\/vosgesinfo.fr\/app\/uploads\/sites\/3\/2023\/11\/exercice-attentat-gymnase-viviani-epinal.2jpg.jpg","width":800,"height":600},{"@type":"BreadcrumbList","@id":"https:\/\/vosgesinfo.fr\/epinalinfo\/2023\/11\/exercice-de-securite-circulation-perturbee-autour-gymnase-viviani-depinal-2\/#breadcrumb","itemListElement":[{"@type":"ListItem","position":1,"name":"Home","item":"https:\/\/vosgesinfo.fr\/epinalinfo\/"},{"@type":"ListItem","position":2,"name":"Exercice de s\u00e9curit\u00e9 : la circulation perturb\u00e9e autour du gymnase Viviani d&rsquo;Epinal"}]},{"@type":"WebSite","@id":"https:\/\/vosgesinfo.fr\/epinalinfo\/#website","url":"https:\/\/vosgesinfo.fr\/epinalinfo\/","name":"Epinal Info","description":"Toute l&#039;actualit\u00e9 d&#039;\u00c9pinal","publisher":{"@id":"https:\/\/vosgesinfo.fr\/epinalinfo\/#organization"},"alternateName":"Toute l'actualit\u00e9 d'\u00c9pinal","potentialAction":[{"@type":"SearchAction","target":{"@type":"EntryPoint","urlTemplate":"https:\/\/vosgesinfo.fr\/epinalinfo\/?s={search_term_string}"},"query-input":"required name=search_term_string"}],"inLanguage":"fr-FR"},{"@type":"Organization","@id":"https:\/\/vosgesinfo.fr\/epinalinfo\/#organization","name":"Epinal Info","url":"https:\/\/vosgesinfo.fr\/epinalinfo\/","logo":{"@type":"ImageObject","inLanguage":"fr-FR","@id":"https:\/\/vosgesinfo.fr\/epinalinfo\/#\/schema\/logo\/image\/","url":"https:\/\/vosgesinfo.fr\/app\/uploads\/sites\/3\/2023\/08\/logo-epinalinfos.svg","contentUrl":"https:\/\/vosgesinfo.fr\/app\/uploads\/sites\/3\/2023\/08\/logo-epinalinfos.svg","width":1,"height":1,"caption":"Epinal Info"},"image":{"@id":"https:\/\/vosgesinfo.fr\/epinalinfo\/#\/schema\/logo\/image\/"},"sameAs":["https:\/\/www.facebook.com\/Epinalinfos","https:\/\/x.com\/VosgesInfo88","https:\/\/www.youtube.com\/@vosgesinfo"]},{"@type":"Person","@id":"https:\/\/vosgesinfo.fr\/epinalinfo\/#\/schema\/person\/6f9a650eeea99d969b6c4ab78fccbe81","name":"C.K.","image":{"@type":"ImageObject","inLanguage":"fr-FR","@id":"https:\/\/vosgesinfo.fr\/epinalinfo\/#\/schema\/person\/image\/","url":"https:\/\/secure.gravatar.com\/avatar\/48e3fc7f8421ba8942be6b74a2b7f014ca39bc00dece156b7a8e098ae7dc87bf?s=96&d=mm&r=g","contentUrl":"https:\/\/secure.gravatar.com\/avatar\/48e3fc7f8421ba8942be6b74a2b7f014ca39bc00dece156b7a8e098ae7dc87bf?s=96&d=mm&r=g","caption":"C.K."},"url":"https:\/\/vosgesinfo.fr\/epinalinfo\/author\/celia-k-n\/"}]}},"_links":{"self":[{"href":"https:\/\/vosgesinfo.fr\/epinalinfo\/wp-json\/wp\/v2\/posts\/120027","targetHints":{"allow":["GET"]}}],"collection":[{"href":"https:\/\/vosgesinfo.fr\/epinalinfo\/wp-json\/wp\/v2\/posts"}],"about":[{"href":"https:\/\/vosgesinfo.fr\/epinalinfo\/wp-json\/wp\/v2\/types\/post"}],"author":[{"embeddable":true,"href":"https:\/\/vosgesinfo.fr\/epinalinfo\/wp-json\/wp\/v2\/users\/52"}],"replies":[{"embeddable":true,"href":"https:\/\/vosgesinfo.fr\/epinalinfo\/wp-json\/wp\/v2\/comments?post=120027"}],"version-history":[{"count":0,"href":"https:\/\/vosgesinfo.fr\/epinalinfo\/wp-json\/wp\/v2\/posts\/120027\/revisions"}],"wp:featuredmedia":[{"embeddable":true,"href":"https:\/\/vosgesinfo.fr\/epinalinfo\/wp-json\/wp\/v2\/media\/3145"}],"wp:attachment":[{"href":"https:\/\/vosgesinfo.fr\/epinalinfo\/wp-json\/wp\/v2\/media?parent=120027"}],"wp:term":[{"taxonomy":"category","embeddable":true,"href":"https:\/\/vosgesinfo.fr\/epinalinfo\/wp-json\/wp\/v2\/categories?post=120027"},{"taxonomy":"post_tag","embeddable":true,"href":"https:\/\/vosgesinfo.fr\/epinalinfo\/wp-json\/wp\/v2\/tags?post=120027"}],"curies":[{"name":"wp","href":"https:\/\/api.w.org\/{rel}","templated":true}]}}