{"id":120377,"date":"2024-01-18T16:30:39","date_gmt":"2024-01-18T15:30:39","guid":{"rendered":"https:\/\/vosgesinfo.fr\/epinalinfo\/2024\/01\/federation-boulangers-patissiers-vosges-offre-galettes-a-madame-prefete-2\/"},"modified":"2024-01-18T16:30:39","modified_gmt":"2024-01-18T15:30:39","slug":"federation-boulangers-patissiers-vosges-offre-galettes-a-madame-prefete-2","status":"publish","type":"post","link":"https:\/\/vosgesinfo.fr\/epinalinfo\/2024\/01\/federation-boulangers-patissiers-vosges-offre-galettes-a-madame-prefete-2\/","title":{"rendered":"La F\u00e9d\u00e9ration des boulangers-p\u00e2tissiers des Vosges offre des galettes \u00e0 Madame la Pr\u00e9f\u00e8te"},"content":{"rendered":"<div id=\"attachment_229327\" style=\"width: 610px\" class=\"wp-caption aligncenter\"><a href=\"\/2024\/01\/Apprentis-boulanger.jpg\"><img decoding=\"async\" aria-describedby=\"caption-attachment-229327\" class=\"wp-image-229327 size-large\" src=\"\/2024\/01\/Apprentis-boulanger-600x800.jpg\" alt=\"\" width=\"600\" height=\"800\" \/><\/a><p id=\"caption-attachment-229327\" class=\"wp-caption-text\">Les apprentis boulangers-p\u00e2tissiers<\/p><\/div>\n<h2>Tradition oblige, des galettes sans f\u00e8ve pour c\u00e9l\u00e9brer l\u2019esprit r\u00e9publicain et r\u00e9alis\u00e9es par les apprentis du CFA sous l\u2019\u0153il attentif de leur professeur, St\u00e9phane Georgeon, ont \u00e9t\u00e9 offertes ce mercredi 17 janvier \u00e0 Madame Val\u00e9rie Moreau qui les a partag\u00e9es avec quelques \u00e9lus et des repr\u00e9sentants d\u2019associations.<\/h2>\n<div id=\"attachment_229328\" style=\"width: 201px\" class=\"wp-caption aligncenter\"><a href=\"\/2024\/01\/La-pr\u00e9f\u00e8te-et-le-pr\u00e9sident-des-boulangers.jpg\"><img decoding=\"async\" aria-describedby=\"caption-attachment-229328\" class=\"size-medium wp-image-229328\" src=\"\/2024\/01\/La-pr\u00e9f\u00e8te-et-le-pr\u00e9sident-des-boulangers-191x255.jpg\" alt=\"Madame la pr\u00e9f\u00e8te et Philippe Thi\u00e9baut\" width=\"191\" height=\"255\" \/><\/a><p id=\"caption-attachment-229328\" class=\"wp-caption-text\">Madame la pr\u00e9f\u00e8te et Philippe Thi\u00e9baut<\/p><\/div>\n<p>Le pr\u00e9sident de la f\u00e9d\u00e9ration des boulangers, <strong>Philippe Thi\u00e9baut<\/strong> a profit\u00e9 de cette occasion pour mettre \u00e0 l\u2019honneur deux boulangers talentueux, <strong>Christophe Mairey<\/strong> et <strong>Mathieux Hocquaux<\/strong>. Il a \u00e9galement \u00e9voqu\u00e9 les d\u00e9fis \u00e0 relever dans le d\u00e9partement, par exemple \u00ab les d\u00e9serts de pain\u00a0\u00bb \u00a0c\u2019est-\u00e0-dire \u00ab\u00a0quand un \u00ab\u00a0habitant a 20 km \u00e0 faire pour aller acheter un baguette\u00a0\u00bb et n\u2019a pas cach\u00e9 son inqui\u00e9tude concernant l\u2019installation prochaine de plusieurs \u00a0cha\u00eenes de boulangerie dans les Vosges.<\/p>\n<p>Madame La pr\u00e9f\u00e8te, quant \u00e0 elle, a mis en lumi\u00e8re le sujet de la formation professionnelle des jeunes \u00ab le moyen de transmettre des savoirs, des savoir-faire et des savoir-\u00eatre,\u00a0un formidable levier\u00a0 pour d\u00e9velopper les comp\u00e9tences, les qualifications, l\u2019insertion, les mobilit\u00e9s (\u2026) l\u2019apprentissage est une voie d\u2019excellence\u00a0\u00bb<\/p>\n<p>&nbsp;<\/p>\n<p><a href=\"\/2024\/01\/Galette-\u00e0-la-prefecture.jpg\"><img decoding=\"async\" class=\"aligncenter wp-image-229329 size-large\" src=\"\/2024\/01\/Galette-\u00e0-la-prefecture-600x800.jpg\" alt=\"Galette 2024 \u00e0 la pr\u00e9fecture\" width=\"600\" height=\"800\" \/><\/a><\/p>\n","protected":false},"excerpt":{"rendered":"<p>Tradition oblige, des galettes sans f\u00e8ve pour c\u00e9l\u00e9brer l\u2019esprit r\u00e9publicain et r\u00e9alis\u00e9es par les apprentis du CFA sous l\u2019\u0153il attentif [&hellip;]<\/p>\n","protected":false},"author":70,"featured_media":4355,"comment_status":"open","ping_status":"open","sticky":false,"template":"","format":"standard","meta":{"footnotes":""},"categories":[22,24,468],"tags":[1347,1348],"class_list":["post-120377","post","type-post","status-publish","format-standard","has-post-thumbnail","hentry","category-a-la-une","category-epinal","category-voeux","tag-federation-des-artisans-boulangers-patissiers-des-vosges","tag-galette-a-la-prefecture"],"acf":[],"yoast_head":"<!-- This site is optimized with the Yoast SEO plugin v22.5 - https:\/\/yoast.com\/wordpress\/plugins\/seo\/ -->\n<title>La F\u00e9d\u00e9ration des boulangers-p\u00e2tissiers des Vosges offre des galettes \u00e0 Madame la Pr\u00e9f\u00e8te - Epinal Info<\/title>\n<meta name=\"robots\" content=\"index, follow, max-snippet:-1, max-image-preview:large, max-video-preview:-1\" \/>\n<link rel=\"canonical\" href=\"https:\/\/vosgesinfo.fr\/epinalinfo\/2024\/01\/federation-boulangers-patissiers-vosges-offre-galettes-a-madame-prefete-2\/\" \/>\n<meta name=\"twitter:card\" content=\"summary_large_image\" \/>\n<meta name=\"twitter:title\" content=\"La F\u00e9d\u00e9ration des boulangers-p\u00e2tissiers des Vosges offre des galettes \u00e0 Madame la Pr\u00e9f\u00e8te - Epinal Info\" \/>\n<meta name=\"twitter:description\" content=\"Tradition oblige, des galettes sans f\u00e8ve pour c\u00e9l\u00e9brer l\u2019esprit r\u00e9publicain et r\u00e9alis\u00e9es par les apprentis du CFA sous l\u2019\u0153il attentif [&hellip;]\" \/>\n<meta name=\"twitter:image\" content=\"https:\/\/vosgesinfo.fr\/app\/uploads\/sites\/3\/2024\/01\/apprentis-boulanger.jpg\" \/>\n<meta name=\"twitter:creator\" content=\"@VosgesInfo88\" \/>\n<meta name=\"twitter:site\" content=\"@VosgesInfo88\" \/>\n<meta name=\"twitter:label1\" content=\"\u00c9crit par\" \/>\n\t<meta name=\"twitter:data1\" content=\"Myriam Laurent\" \/>\n\t<meta name=\"twitter:label2\" content=\"Dur\u00e9e de lecture estim\u00e9e\" \/>\n\t<meta name=\"twitter:data2\" content=\"1 minute\" \/>\n<script type=\"application\/ld+json\" class=\"yoast-schema-graph\">{\"@context\":\"https:\/\/schema.org\",\"@graph\":[{\"@type\":\"Article\",\"@id\":\"https:\/\/vosgesinfo.fr\/epinalinfo\/2024\/01\/federation-boulangers-patissiers-vosges-offre-galettes-a-madame-prefete-2\/#article\",\"isPartOf\":{\"@id\":\"https:\/\/vosgesinfo.fr\/epinalinfo\/2024\/01\/federation-boulangers-patissiers-vosges-offre-galettes-a-madame-prefete-2\/\"},\"author\":{\"name\":\"Myriam Laurent\",\"@id\":\"https:\/\/vosgesinfo.fr\/epinalinfo\/#\/schema\/person\/2b386e085a82c0016b256393b2189ae4\"},\"headline\":\"La F\u00e9d\u00e9ration des boulangers-p\u00e2tissiers des Vosges offre des galettes \u00e0 Madame la Pr\u00e9f\u00e8te\",\"datePublished\":\"2024-01-18T15:30:39+00:00\",\"dateModified\":\"2024-01-18T15:30:39+00:00\",\"mainEntityOfPage\":{\"@id\":\"https:\/\/vosgesinfo.fr\/epinalinfo\/2024\/01\/federation-boulangers-patissiers-vosges-offre-galettes-a-madame-prefete-2\/\"},\"wordCount\":242,\"commentCount\":0,\"publisher\":{\"@id\":\"https:\/\/vosgesinfo.fr\/epinalinfo\/#organization\"},\"image\":{\"@id\":\"https:\/\/vosgesinfo.fr\/epinalinfo\/2024\/01\/federation-boulangers-patissiers-vosges-offre-galettes-a-madame-prefete-2\/#primaryimage\"},\"thumbnailUrl\":\"https:\/\/vosgesinfo.fr\/app\/uploads\/sites\/3\/2024\/01\/apprentis-boulanger.jpg\",\"keywords\":[\"f\u00e9d\u00e9ration des artisans boulangers-p\u00e2tissiers des Vosges\",\"galette \u00e0 la pr\u00e9fecture\"],\"articleSection\":[\"A la Une\",\"Epinal\",\"Voeux\"],\"inLanguage\":\"fr-FR\",\"potentialAction\":[{\"@type\":\"CommentAction\",\"name\":\"Comment\",\"target\":[\"https:\/\/vosgesinfo.fr\/epinalinfo\/2024\/01\/federation-boulangers-patissiers-vosges-offre-galettes-a-madame-prefete-2\/#respond\"]}]},{\"@type\":\"WebPage\",\"@id\":\"https:\/\/vosgesinfo.fr\/epinalinfo\/2024\/01\/federation-boulangers-patissiers-vosges-offre-galettes-a-madame-prefete-2\/\",\"url\":\"https:\/\/vosgesinfo.fr\/epinalinfo\/2024\/01\/federation-boulangers-patissiers-vosges-offre-galettes-a-madame-prefete-2\/\",\"name\":\"La F\u00e9d\u00e9ration des boulangers-p\u00e2tissiers des Vosges offre des galettes \u00e0 Madame la Pr\u00e9f\u00e8te - Epinal Info\",\"isPartOf\":{\"@id\":\"https:\/\/vosgesinfo.fr\/epinalinfo\/#website\"},\"primaryImageOfPage\":{\"@id\":\"https:\/\/vosgesinfo.fr\/epinalinfo\/2024\/01\/federation-boulangers-patissiers-vosges-offre-galettes-a-madame-prefete-2\/#primaryimage\"},\"image\":{\"@id\":\"https:\/\/vosgesinfo.fr\/epinalinfo\/2024\/01\/federation-boulangers-patissiers-vosges-offre-galettes-a-madame-prefete-2\/#primaryimage\"},\"thumbnailUrl\":\"https:\/\/vosgesinfo.fr\/app\/uploads\/sites\/3\/2024\/01\/apprentis-boulanger.jpg\",\"datePublished\":\"2024-01-18T15:30:39+00:00\",\"dateModified\":\"2024-01-18T15:30:39+00:00\",\"breadcrumb\":{\"@id\":\"https:\/\/vosgesinfo.fr\/epinalinfo\/2024\/01\/federation-boulangers-patissiers-vosges-offre-galettes-a-madame-prefete-2\/#breadcrumb\"},\"inLanguage\":\"fr-FR\",\"potentialAction\":[{\"@type\":\"ReadAction\",\"target\":[\"https:\/\/vosgesinfo.fr\/epinalinfo\/2024\/01\/federation-boulangers-patissiers-vosges-offre-galettes-a-madame-prefete-2\/\"]}]},{\"@type\":\"ImageObject\",\"inLanguage\":\"fr-FR\",\"@id\":\"https:\/\/vosgesinfo.fr\/epinalinfo\/2024\/01\/federation-boulangers-patissiers-vosges-offre-galettes-a-madame-prefete-2\/#primaryimage\",\"url\":\"https:\/\/vosgesinfo.fr\/app\/uploads\/sites\/3\/2024\/01\/apprentis-boulanger.jpg\",\"contentUrl\":\"https:\/\/vosgesinfo.fr\/app\/uploads\/sites\/3\/2024\/01\/apprentis-boulanger.jpg\",\"width\":600,\"height\":800},{\"@type\":\"BreadcrumbList\",\"@id\":\"https:\/\/vosgesinfo.fr\/epinalinfo\/2024\/01\/federation-boulangers-patissiers-vosges-offre-galettes-a-madame-prefete-2\/#breadcrumb\",\"itemListElement\":[{\"@type\":\"ListItem\",\"position\":1,\"name\":\"Home\",\"item\":\"https:\/\/vosgesinfo.fr\/epinalinfo\/\"},{\"@type\":\"ListItem\",\"position\":2,\"name\":\"La F\u00e9d\u00e9ration des boulangers-p\u00e2tissiers des Vosges offre des galettes \u00e0 Madame la Pr\u00e9f\u00e8te\"}]},{\"@type\":\"WebSite\",\"@id\":\"https:\/\/vosgesinfo.fr\/epinalinfo\/#website\",\"url\":\"https:\/\/vosgesinfo.fr\/epinalinfo\/\",\"name\":\"Epinal Info\",\"description\":\"Toute l&#039;actualit\u00e9 d&#039;\u00c9pinal\",\"publisher\":{\"@id\":\"https:\/\/vosgesinfo.fr\/epinalinfo\/#organization\"},\"alternateName\":\"Toute l'actualit\u00e9 d'\u00c9pinal\",\"potentialAction\":[{\"@type\":\"SearchAction\",\"target\":{\"@type\":\"EntryPoint\",\"urlTemplate\":\"https:\/\/vosgesinfo.fr\/epinalinfo\/?s={search_term_string}\"},\"query-input\":\"required name=search_term_string\"}],\"inLanguage\":\"fr-FR\"},{\"@type\":\"Organization\",\"@id\":\"https:\/\/vosgesinfo.fr\/epinalinfo\/#organization\",\"name\":\"Epinal Info\",\"url\":\"https:\/\/vosgesinfo.fr\/epinalinfo\/\",\"logo\":{\"@type\":\"ImageObject\",\"inLanguage\":\"fr-FR\",\"@id\":\"https:\/\/vosgesinfo.fr\/epinalinfo\/#\/schema\/logo\/image\/\",\"url\":\"https:\/\/vosgesinfo.fr\/app\/uploads\/sites\/3\/2023\/08\/logo-epinalinfos.svg\",\"contentUrl\":\"https:\/\/vosgesinfo.fr\/app\/uploads\/sites\/3\/2023\/08\/logo-epinalinfos.svg\",\"width\":1,\"height\":1,\"caption\":\"Epinal Info\"},\"image\":{\"@id\":\"https:\/\/vosgesinfo.fr\/epinalinfo\/#\/schema\/logo\/image\/\"},\"sameAs\":[\"https:\/\/www.facebook.com\/Epinalinfos\",\"https:\/\/x.com\/VosgesInfo88\",\"https:\/\/www.youtube.com\/@vosgesinfo\"]},{\"@type\":\"Person\",\"@id\":\"https:\/\/vosgesinfo.fr\/epinalinfo\/#\/schema\/person\/2b386e085a82c0016b256393b2189ae4\",\"name\":\"Myriam Laurent\",\"image\":{\"@type\":\"ImageObject\",\"inLanguage\":\"fr-FR\",\"@id\":\"https:\/\/vosgesinfo.fr\/epinalinfo\/#\/schema\/person\/image\/\",\"url\":\"https:\/\/secure.gravatar.com\/avatar\/a409932072e5edc53edb5721b96f447ffe159ad4db11e70fcf913dff1c01503f?s=96&d=mm&r=g\",\"contentUrl\":\"https:\/\/secure.gravatar.com\/avatar\/a409932072e5edc53edb5721b96f447ffe159ad4db11e70fcf913dff1c01503f?s=96&d=mm&r=g\",\"caption\":\"Myriam Laurent\"},\"url\":\"https:\/\/vosgesinfo.fr\/epinalinfo\/author\/myriam-laurent\/\"}]}<\/script>\n<!-- \/ Yoast SEO plugin. -->","yoast_head_json":{"title":"La F\u00e9d\u00e9ration des boulangers-p\u00e2tissiers des Vosges offre des galettes \u00e0 Madame la Pr\u00e9f\u00e8te - Epinal Info","robots":{"index":"index","follow":"follow","max-snippet":"max-snippet:-1","max-image-preview":"max-image-preview:large","max-video-preview":"max-video-preview:-1"},"canonical":"https:\/\/vosgesinfo.fr\/epinalinfo\/2024\/01\/federation-boulangers-patissiers-vosges-offre-galettes-a-madame-prefete-2\/","twitter_card":"summary_large_image","twitter_title":"La F\u00e9d\u00e9ration des boulangers-p\u00e2tissiers des Vosges offre des galettes \u00e0 Madame la Pr\u00e9f\u00e8te - Epinal Info","twitter_description":"Tradition oblige, des galettes sans f\u00e8ve pour c\u00e9l\u00e9brer l\u2019esprit r\u00e9publicain et r\u00e9alis\u00e9es par les apprentis du CFA sous l\u2019\u0153il attentif [&hellip;]","twitter_image":"https:\/\/vosgesinfo.fr\/app\/uploads\/sites\/3\/2024\/01\/apprentis-boulanger.jpg","twitter_creator":"@VosgesInfo88","twitter_site":"@VosgesInfo88","twitter_misc":{"\u00c9crit par":"Myriam Laurent","Dur\u00e9e de lecture estim\u00e9e":"1 minute"},"schema":{"@context":"https:\/\/schema.org","@graph":[{"@type":"Article","@id":"https:\/\/vosgesinfo.fr\/epinalinfo\/2024\/01\/federation-boulangers-patissiers-vosges-offre-galettes-a-madame-prefete-2\/#article","isPartOf":{"@id":"https:\/\/vosgesinfo.fr\/epinalinfo\/2024\/01\/federation-boulangers-patissiers-vosges-offre-galettes-a-madame-prefete-2\/"},"author":{"name":"Myriam Laurent","@id":"https:\/\/vosgesinfo.fr\/epinalinfo\/#\/schema\/person\/2b386e085a82c0016b256393b2189ae4"},"headline":"La F\u00e9d\u00e9ration des boulangers-p\u00e2tissiers des Vosges offre des galettes \u00e0 Madame la Pr\u00e9f\u00e8te","datePublished":"2024-01-18T15:30:39+00:00","dateModified":"2024-01-18T15:30:39+00:00","mainEntityOfPage":{"@id":"https:\/\/vosgesinfo.fr\/epinalinfo\/2024\/01\/federation-boulangers-patissiers-vosges-offre-galettes-a-madame-prefete-2\/"},"wordCount":242,"commentCount":0,"publisher":{"@id":"https:\/\/vosgesinfo.fr\/epinalinfo\/#organization"},"image":{"@id":"https:\/\/vosgesinfo.fr\/epinalinfo\/2024\/01\/federation-boulangers-patissiers-vosges-offre-galettes-a-madame-prefete-2\/#primaryimage"},"thumbnailUrl":"https:\/\/vosgesinfo.fr\/app\/uploads\/sites\/3\/2024\/01\/apprentis-boulanger.jpg","keywords":["f\u00e9d\u00e9ration des artisans boulangers-p\u00e2tissiers des Vosges","galette \u00e0 la pr\u00e9fecture"],"articleSection":["A la Une","Epinal","Voeux"],"inLanguage":"fr-FR","potentialAction":[{"@type":"CommentAction","name":"Comment","target":["https:\/\/vosgesinfo.fr\/epinalinfo\/2024\/01\/federation-boulangers-patissiers-vosges-offre-galettes-a-madame-prefete-2\/#respond"]}]},{"@type":"WebPage","@id":"https:\/\/vosgesinfo.fr\/epinalinfo\/2024\/01\/federation-boulangers-patissiers-vosges-offre-galettes-a-madame-prefete-2\/","url":"https:\/\/vosgesinfo.fr\/epinalinfo\/2024\/01\/federation-boulangers-patissiers-vosges-offre-galettes-a-madame-prefete-2\/","name":"La F\u00e9d\u00e9ration des boulangers-p\u00e2tissiers des Vosges offre des galettes \u00e0 Madame la Pr\u00e9f\u00e8te - Epinal Info","isPartOf":{"@id":"https:\/\/vosgesinfo.fr\/epinalinfo\/#website"},"primaryImageOfPage":{"@id":"https:\/\/vosgesinfo.fr\/epinalinfo\/2024\/01\/federation-boulangers-patissiers-vosges-offre-galettes-a-madame-prefete-2\/#primaryimage"},"image":{"@id":"https:\/\/vosgesinfo.fr\/epinalinfo\/2024\/01\/federation-boulangers-patissiers-vosges-offre-galettes-a-madame-prefete-2\/#primaryimage"},"thumbnailUrl":"https:\/\/vosgesinfo.fr\/app\/uploads\/sites\/3\/2024\/01\/apprentis-boulanger.jpg","datePublished":"2024-01-18T15:30:39+00:00","dateModified":"2024-01-18T15:30:39+00:00","breadcrumb":{"@id":"https:\/\/vosgesinfo.fr\/epinalinfo\/2024\/01\/federation-boulangers-patissiers-vosges-offre-galettes-a-madame-prefete-2\/#breadcrumb"},"inLanguage":"fr-FR","potentialAction":[{"@type":"ReadAction","target":["https:\/\/vosgesinfo.fr\/epinalinfo\/2024\/01\/federation-boulangers-patissiers-vosges-offre-galettes-a-madame-prefete-2\/"]}]},{"@type":"ImageObject","inLanguage":"fr-FR","@id":"https:\/\/vosgesinfo.fr\/epinalinfo\/2024\/01\/federation-boulangers-patissiers-vosges-offre-galettes-a-madame-prefete-2\/#primaryimage","url":"https:\/\/vosgesinfo.fr\/app\/uploads\/sites\/3\/2024\/01\/apprentis-boulanger.jpg","contentUrl":"https:\/\/vosgesinfo.fr\/app\/uploads\/sites\/3\/2024\/01\/apprentis-boulanger.jpg","width":600,"height":800},{"@type":"BreadcrumbList","@id":"https:\/\/vosgesinfo.fr\/epinalinfo\/2024\/01\/federation-boulangers-patissiers-vosges-offre-galettes-a-madame-prefete-2\/#breadcrumb","itemListElement":[{"@type":"ListItem","position":1,"name":"Home","item":"https:\/\/vosgesinfo.fr\/epinalinfo\/"},{"@type":"ListItem","position":2,"name":"La F\u00e9d\u00e9ration des boulangers-p\u00e2tissiers des Vosges offre des galettes \u00e0 Madame la Pr\u00e9f\u00e8te"}]},{"@type":"WebSite","@id":"https:\/\/vosgesinfo.fr\/epinalinfo\/#website","url":"https:\/\/vosgesinfo.fr\/epinalinfo\/","name":"Epinal Info","description":"Toute l&#039;actualit\u00e9 d&#039;\u00c9pinal","publisher":{"@id":"https:\/\/vosgesinfo.fr\/epinalinfo\/#organization"},"alternateName":"Toute l'actualit\u00e9 d'\u00c9pinal","potentialAction":[{"@type":"SearchAction","target":{"@type":"EntryPoint","urlTemplate":"https:\/\/vosgesinfo.fr\/epinalinfo\/?s={search_term_string}"},"query-input":"required name=search_term_string"}],"inLanguage":"fr-FR"},{"@type":"Organization","@id":"https:\/\/vosgesinfo.fr\/epinalinfo\/#organization","name":"Epinal Info","url":"https:\/\/vosgesinfo.fr\/epinalinfo\/","logo":{"@type":"ImageObject","inLanguage":"fr-FR","@id":"https:\/\/vosgesinfo.fr\/epinalinfo\/#\/schema\/logo\/image\/","url":"https:\/\/vosgesinfo.fr\/app\/uploads\/sites\/3\/2023\/08\/logo-epinalinfos.svg","contentUrl":"https:\/\/vosgesinfo.fr\/app\/uploads\/sites\/3\/2023\/08\/logo-epinalinfos.svg","width":1,"height":1,"caption":"Epinal Info"},"image":{"@id":"https:\/\/vosgesinfo.fr\/epinalinfo\/#\/schema\/logo\/image\/"},"sameAs":["https:\/\/www.facebook.com\/Epinalinfos","https:\/\/x.com\/VosgesInfo88","https:\/\/www.youtube.com\/@vosgesinfo"]},{"@type":"Person","@id":"https:\/\/vosgesinfo.fr\/epinalinfo\/#\/schema\/person\/2b386e085a82c0016b256393b2189ae4","name":"Myriam Laurent","image":{"@type":"ImageObject","inLanguage":"fr-FR","@id":"https:\/\/vosgesinfo.fr\/epinalinfo\/#\/schema\/person\/image\/","url":"https:\/\/secure.gravatar.com\/avatar\/a409932072e5edc53edb5721b96f447ffe159ad4db11e70fcf913dff1c01503f?s=96&d=mm&r=g","contentUrl":"https:\/\/secure.gravatar.com\/avatar\/a409932072e5edc53edb5721b96f447ffe159ad4db11e70fcf913dff1c01503f?s=96&d=mm&r=g","caption":"Myriam Laurent"},"url":"https:\/\/vosgesinfo.fr\/epinalinfo\/author\/myriam-laurent\/"}]}},"_links":{"self":[{"href":"https:\/\/vosgesinfo.fr\/epinalinfo\/wp-json\/wp\/v2\/posts\/120377","targetHints":{"allow":["GET"]}}],"collection":[{"href":"https:\/\/vosgesinfo.fr\/epinalinfo\/wp-json\/wp\/v2\/posts"}],"about":[{"href":"https:\/\/vosgesinfo.fr\/epinalinfo\/wp-json\/wp\/v2\/types\/post"}],"author":[{"embeddable":true,"href":"https:\/\/vosgesinfo.fr\/epinalinfo\/wp-json\/wp\/v2\/users\/70"}],"replies":[{"embeddable":true,"href":"https:\/\/vosgesinfo.fr\/epinalinfo\/wp-json\/wp\/v2\/comments?post=120377"}],"version-history":[{"count":0,"href":"https:\/\/vosgesinfo.fr\/epinalinfo\/wp-json\/wp\/v2\/posts\/120377\/revisions"}],"wp:featuredmedia":[{"embeddable":true,"href":"https:\/\/vosgesinfo.fr\/epinalinfo\/wp-json\/wp\/v2\/media\/4355"}],"wp:attachment":[{"href":"https:\/\/vosgesinfo.fr\/epinalinfo\/wp-json\/wp\/v2\/media?parent=120377"}],"wp:term":[{"taxonomy":"category","embeddable":true,"href":"https:\/\/vosgesinfo.fr\/epinalinfo\/wp-json\/wp\/v2\/categories?post=120377"},{"taxonomy":"post_tag","embeddable":true,"href":"https:\/\/vosgesinfo.fr\/epinalinfo\/wp-json\/wp\/v2\/tags?post=120377"}],"curies":[{"name":"wp","href":"https:\/\/api.w.org\/{rel}","templated":true}]}}