{"id":120571,"date":"2024-08-17T14:07:33","date_gmt":"2024-08-17T12:07:33","guid":{"rendered":"https:\/\/vosgesinfo.fr\/epinalinfo\/?p=120571"},"modified":"2024-08-17T14:07:33","modified_gmt":"2024-08-17T12:07:33","slug":"tournee-daout-des-jolies-momes","status":"publish","type":"post","link":"https:\/\/vosgesinfo.fr\/epinalinfo\/2024\/08\/tournee-daout-des-jolies-momes\/","title":{"rendered":"Tourn\u00e9e d&rsquo;ao\u00fbt des Joli(e)s M\u00f4mes"},"content":{"rendered":"<div><span style=\"font-family: Readex Pro,sans-serif; font-size: medium;\"><u><a href=\"https:\/\/vosgesinfo.fr\/app\/uploads\/sites\/3\/2024\/08\/jolies-momes-moimoimoi-credit-photo-le-boitier-magique-5.jpg\"><img decoding=\"async\" class=\"aligncenter size-large wp-image-120573\" src=\"https:\/\/vosgesinfo.fr\/app\/uploads\/sites\/3\/2024\/08\/jolies-momes-moimoimoi-credit-photo-le-boitier-magique-5-1024x683.jpg\" alt=\"\" width=\"1024\" height=\"683\" srcset=\"https:\/\/vosgesinfo.fr\/app\/uploads\/sites\/3\/2024\/08\/jolies-momes-moimoimoi-credit-photo-le-boitier-magique-5-1024x683.jpg 1024w, https:\/\/vosgesinfo.fr\/app\/uploads\/sites\/3\/2024\/08\/jolies-momes-moimoimoi-credit-photo-le-boitier-magique-5-300x200.jpg 300w, https:\/\/vosgesinfo.fr\/app\/uploads\/sites\/3\/2024\/08\/jolies-momes-moimoimoi-credit-photo-le-boitier-magique-5-768x512.jpg 768w, https:\/\/vosgesinfo.fr\/app\/uploads\/sites\/3\/2024\/08\/jolies-momes-moimoimoi-credit-photo-le-boitier-magique-5.jpg 1500w\" sizes=\"(max-width: 1024px) 100vw, 1024px\" \/><\/a><\/u><strong>La Compagnie des Joli(e)s M\u00f4mes en Tourn\u00e9e d&rsquo;\u00c9t\u00e9 avec \u00ab\u00a0Moi + Moi + Moi\u00a0\u00bb\u00a07 <\/strong><\/span><strong><span style=\"font-family: Readex Pro,sans-serif; font-size: medium;\"><i>repr\u00e9sentations en ao\u00fbt \u00e0 travers les Vosges.<\/i><\/span><\/strong><\/div>\n<p><span style=\"color: black; font-family: Calibri,Helvetica,sans-serif; font-size: medium;\"><span style=\"color: black;\">\u00a0<\/span><\/span><\/p>\n<div><span style=\"font-family: Readex Pro,sans-serif; font-size: small;\"><a href=\"https:\/\/vosgesinfo.fr\/app\/uploads\/sites\/3\/2024\/08\/jm-moi-moi-moi-affiche.jpg\"><img decoding=\"async\" class=\"alignright size-medium wp-image-120572\" src=\"https:\/\/vosgesinfo.fr\/app\/uploads\/sites\/3\/2024\/08\/jm-moi-moi-moi-affiche-212x300.jpg\" alt=\"\" width=\"212\" height=\"300\" srcset=\"https:\/\/vosgesinfo.fr\/app\/uploads\/sites\/3\/2024\/08\/jm-moi-moi-moi-affiche-212x300.jpg 212w, https:\/\/vosgesinfo.fr\/app\/uploads\/sites\/3\/2024\/08\/jm-moi-moi-moi-affiche-724x1024.jpg 724w, https:\/\/vosgesinfo.fr\/app\/uploads\/sites\/3\/2024\/08\/jm-moi-moi-moi-affiche-768x1087.jpg 768w, https:\/\/vosgesinfo.fr\/app\/uploads\/sites\/3\/2024\/08\/jm-moi-moi-moi-affiche-1086x1536.jpg 1086w, https:\/\/vosgesinfo.fr\/app\/uploads\/sites\/3\/2024\/08\/jm-moi-moi-moi-affiche-1448x2048.jpg 1448w, https:\/\/vosgesinfo.fr\/app\/uploads\/sites\/3\/2024\/08\/jm-moi-moi-moi-affiche.jpg 1767w\" sizes=\"(max-width: 212px) 100vw, 212px\" \/><\/a>Cet \u00e9t\u00e9, <\/span><span style=\"font-family: Readex Pro,sans-serif; font-size: small;\"><i>la Compagnie des Joli(e)s M\u00f4mes <\/i><\/span><span style=\"font-family: Readex Pro,sans-serif; font-size: small;\">est en tourn\u00e9e avec son nouveau spectacle original <\/span><span style=\"font-family: Readex Pro,sans-serif; font-size: small;\"><b>\u00ab\u00a0Moi + Moi + Moi\u00a0\u00bb<\/b><\/span><span style=\"font-family: Readex Pro,sans-serif; font-size: small;\">. Apr\u00e8s un lancement en juillet, la tourn\u00e9e se poursuit \u00e0 travers les Vosges et se cl\u00f4turera le 1er septembre. Ce spectacle, offert gratuitement en plein air, promet de faire vibrer les spectateurs de tous \u00e2ges.<\/span><\/div>\n<p><span style=\"color: black; font-family: Calibri,Helvetica,sans-serif; font-size: medium;\"><span style=\"color: black;\">\u00a0<\/span><\/span><\/p>\n<div><span style=\"font-family: Readex Pro,sans-serif; font-size: small;\"><b><i>\u00ab\u00a0Moi + Moi + Moi\u00a0\u00bb <\/i><\/b><\/span><span style=\"font-family: Readex Pro,sans-serif; font-size: small;\"><i>raconte l&rsquo;histoire de Lucie, qui, en d\u00e9cidant d\u2019installer une micro-brasserie dans un petit village, s\u2019attendait \u00e0 bien des surprises, mais certainement pas \u00e0 ce qui l\u2019attendait. G\u00e9rer une petite entreprise avec une associ\u00e9e dissip\u00e9e et vagabonde aurait d\u00e9j\u00e0 suffi \u00e0 remplir sa vie, mais c\u2019\u00e9tait sans compter sur le r\u00e9veil de ses trois petits d\u00e9mons int\u00e9rieurs. Ce r\u00e9cit dr\u00f4le et touchant, m\u00ealant situations cocasses et r\u00e9flexions profondes, explore les d\u00e9fis int\u00e9rieurs auxquels nous sommes tous confront\u00e9s.<\/i><\/span><\/div>\n<p><span style=\"color: black; font-family: Calibri,Helvetica,sans-serif; font-size: medium;\"><span style=\"color: black;\">\u00a0<\/span><\/span><\/p>\n<div><span style=\"font-family: Readex Pro,sans-serif; font-size: small;\">Pour l\u2019\u00e9quipe, elle est compos\u00e9e de Louise Fetet \u00e0 l\u2019\u00e9criture, Marc Allieri<\/span><span style=\"font-family: Readex Pro,sans-serif; font-size: small;\"> pour la mise en sc\u00e8ne du spectacle, <\/span><span style=\"font-family: Readex Pro,sans-serif; font-size: small;\">Charl\u00e8ne Grunenwald, Maurane Boaretto et Louise Fetet, com\u00e9diennes<\/span><\/div>\n<div><span style=\"font-family: Readex Pro,sans-serif; font-size: small;\">Et Zo\u00e9 Houot et Charline Forquin, apprenties com\u00e9diennes.<\/span><\/div>\n<div><span style=\"font-family: Readex Pro,sans-serif; font-size: small;\">Avec son \u00e9quipe talentueuse et une mise en sc\u00e8ne vivante, <\/span><span style=\"font-family: Readex Pro,sans-serif; font-size: small;\"><b>\u00ab\u00a0Moi + Moi + Moi\u00a0\u00bb <\/b><\/span><span style=\"font-family: Readex Pro,sans-serif; font-size: small;\">invite les spectateurs \u00e0 la r\u00e9flexion tout en les faisant rire aux \u00e9clats.<\/span><\/div>\n<p><span style=\"color: black; font-family: Calibri,Helvetica,sans-serif; font-size: medium;\"><span style=\"color: black;\">\u00a0<\/span><\/span><\/p>\n<div><span style=\"font-family: Readex Pro,sans-serif; font-size: small;\">Les repr\u00e9sentations en plein air cr\u00e9ent une ambiance conviviale et accessible \u00e0 tous, avec une <\/span><span style=\"font-family: Readex Pro,sans-serif; font-size: small;\">sc\u00e9nographie sign\u00e9e <\/span><span style=\"font-family: Readex Pro,sans-serif; font-size: small;\"><i>Gu\u00e9rin Philippe<\/i><\/span> <span style=\"font-family: Readex Pro,sans-serif; font-size: small;\">qui sublime l\u2019histoire de Lucie et ses aventures.<\/span><\/div>\n<p><span style=\"color: black; font-family: Calibri,Helvetica,sans-serif; font-size: medium;\"><span style=\"color: black;\">\u00a0<\/span><\/span><\/p>\n<div><span style=\"font-family: Readex Pro,sans-serif; font-size: small;\">Les dates \u00e0 venir :\u00a0<\/span><\/div>\n<div align=\"justify\"><span style=\"font-family: Readex Pro,sans-serif; font-size: small;\">\u2192 Dimanche 18 ao\u00fbt \u00e0 15h30, CONTREXEVILLE<\/span><\/div>\n<div align=\"justify\"><span style=\"font-family: Readex Pro,sans-serif; font-size: small;\">\u2192 Lundi 19 ao\u00fbt \u00e0 20h30, RAMBERVILLERS<\/span><\/div>\n<div align=\"justify\"><span style=\"font-family: Readex Pro,sans-serif; font-size: small;\">\u2192 Mardi 20 ao\u00fbt \u00e0 20h30, MIRECOURT<\/span><\/div>\n<div align=\"justify\"><span style=\"font-family: Readex Pro,sans-serif; font-size: small;\">\u2192 Mercredi 21 ao\u00fbt \u00e0 20h30, CHANTRAINE<\/span><\/div>\n<div align=\"justify\"><span style=\"font-family: Readex Pro,sans-serif; font-size: small;\">\u2192 Jeudi 22 ao\u00fbt \u00e0 20h30, GRANDVILLERS<\/span><\/div>\n<div align=\"justify\"><span style=\"font-family: Readex Pro,sans-serif; font-size: small;\">\u2192 Samedi 31 ao\u00fbt \u00e0 19h, ELOYES<\/span><\/div>\n<div align=\"justify\"><span style=\"font-family: Readex Pro,sans-serif; font-size: small;\">\u2192 Dimanche 1er septembre \u00e0 18h30, JEUXEY<\/span><\/div>\n<p><span style=\"color: black; font-family: Calibri,Helvetica,sans-serif; font-size: medium;\"><span style=\"color: black;\">\u00a0<\/span><\/span><\/p>\n<div><span style=\"font-family: Readex Pro,sans-serif; font-size: small;\">La tourn\u00e9e d\u2019\u00e9t\u00e9 est gratuite, en acc\u00e8s libre et en plein air.<\/span><\/div>\n","protected":false},"excerpt":{"rendered":"<p>La Compagnie des Joli(e)s M\u00f4mes en Tourn\u00e9e d&rsquo;\u00c9t\u00e9 avec \u00ab\u00a0Moi + Moi + Moi\u00a0\u00bb\u00a07 repr\u00e9sentations en ao\u00fbt \u00e0 travers les [&hellip;]<\/p>\n","protected":false},"author":391,"featured_media":120573,"comment_status":"open","ping_status":"open","sticky":false,"template":"","format":"standard","meta":{"footnotes":""},"categories":[22,12,5],"tags":[1314],"class_list":["post-120571","post","type-post","status-publish","format-standard","has-post-thumbnail","hentry","category-a-la-une","category-culture","category-vosges","tag-compagnie-des-jolies-momes"],"acf":[],"yoast_head":"<!-- This site is optimized with the Yoast SEO plugin v22.5 - https:\/\/yoast.com\/wordpress\/plugins\/seo\/ -->\n<title>Tourn\u00e9e d&#039;ao\u00fbt des Joli(e)s M\u00f4mes - Epinal Info<\/title>\n<meta name=\"robots\" content=\"index, follow, max-snippet:-1, max-image-preview:large, max-video-preview:-1\" \/>\n<link rel=\"canonical\" href=\"https:\/\/vosgesinfo.fr\/epinalinfo\/?p=120571\" \/>\n<meta name=\"twitter:card\" content=\"summary_large_image\" \/>\n<meta name=\"twitter:title\" content=\"Tourn\u00e9e d&#039;ao\u00fbt des Joli(e)s M\u00f4mes - Epinal Info\" \/>\n<meta name=\"twitter:description\" content=\"La Compagnie des Joli(e)s M\u00f4mes en Tourn\u00e9e d&rsquo;\u00c9t\u00e9 avec \u00ab\u00a0Moi + Moi + Moi\u00a0\u00bb\u00a07 repr\u00e9sentations en ao\u00fbt \u00e0 travers les [&hellip;]\" \/>\n<meta name=\"twitter:image\" content=\"https:\/\/vosgesinfo.fr\/app\/uploads\/sites\/3\/2024\/08\/jolies-momes-moimoimoi-credit-photo-le-boitier-magique-5-1024x683.jpg\" \/>\n<meta name=\"twitter:creator\" content=\"@VosgesInfo88\" \/>\n<meta name=\"twitter:site\" content=\"@VosgesInfo88\" \/>\n<meta name=\"twitter:label1\" content=\"\u00c9crit par\" \/>\n\t<meta name=\"twitter:data1\" content=\"La redaction\" \/>\n\t<meta name=\"twitter:label2\" content=\"Dur\u00e9e de lecture estim\u00e9e\" \/>\n\t<meta name=\"twitter:data2\" content=\"2 minutes\" \/>\n<script type=\"application\/ld+json\" class=\"yoast-schema-graph\">{\"@context\":\"https:\/\/schema.org\",\"@graph\":[{\"@type\":\"Article\",\"@id\":\"https:\/\/vosgesinfo.fr\/epinalinfo\/?p=120571#article\",\"isPartOf\":{\"@id\":\"https:\/\/vosgesinfo.fr\/epinalinfo\/?p=120571\"},\"author\":{\"name\":\"La redaction\",\"@id\":\"https:\/\/vosgesinfo.fr\/epinalinfo\/#\/schema\/person\/27a3695b06db98895b354c0765cdfc31\"},\"headline\":\"Tourn\u00e9e d&rsquo;ao\u00fbt des Joli(e)s M\u00f4mes\",\"datePublished\":\"2024-08-17T12:07:33+00:00\",\"dateModified\":\"2024-08-17T12:07:33+00:00\",\"mainEntityOfPage\":{\"@id\":\"https:\/\/vosgesinfo.fr\/epinalinfo\/?p=120571\"},\"wordCount\":344,\"commentCount\":0,\"publisher\":{\"@id\":\"https:\/\/vosgesinfo.fr\/epinalinfo\/#organization\"},\"image\":{\"@id\":\"https:\/\/vosgesinfo.fr\/epinalinfo\/?p=120571#primaryimage\"},\"thumbnailUrl\":\"https:\/\/vosgesinfo.fr\/app\/uploads\/sites\/3\/2024\/08\/jolies-momes-moimoimoi-credit-photo-le-boitier-magique-5.jpg\",\"keywords\":[\"Compagnie des Joli(e)s M\u00f4mes\"],\"articleSection\":[\"A la Une\",\"Culture\",\"Vosges\"],\"inLanguage\":\"fr-FR\",\"potentialAction\":[{\"@type\":\"CommentAction\",\"name\":\"Comment\",\"target\":[\"https:\/\/vosgesinfo.fr\/epinalinfo\/?p=120571#respond\"]}]},{\"@type\":\"WebPage\",\"@id\":\"https:\/\/vosgesinfo.fr\/epinalinfo\/?p=120571\",\"url\":\"https:\/\/vosgesinfo.fr\/epinalinfo\/?p=120571\",\"name\":\"Tourn\u00e9e d'ao\u00fbt des Joli(e)s M\u00f4mes - Epinal Info\",\"isPartOf\":{\"@id\":\"https:\/\/vosgesinfo.fr\/epinalinfo\/#website\"},\"primaryImageOfPage\":{\"@id\":\"https:\/\/vosgesinfo.fr\/epinalinfo\/?p=120571#primaryimage\"},\"image\":{\"@id\":\"https:\/\/vosgesinfo.fr\/epinalinfo\/?p=120571#primaryimage\"},\"thumbnailUrl\":\"https:\/\/vosgesinfo.fr\/app\/uploads\/sites\/3\/2024\/08\/jolies-momes-moimoimoi-credit-photo-le-boitier-magique-5.jpg\",\"datePublished\":\"2024-08-17T12:07:33+00:00\",\"dateModified\":\"2024-08-17T12:07:33+00:00\",\"breadcrumb\":{\"@id\":\"https:\/\/vosgesinfo.fr\/epinalinfo\/?p=120571#breadcrumb\"},\"inLanguage\":\"fr-FR\",\"potentialAction\":[{\"@type\":\"ReadAction\",\"target\":[\"https:\/\/vosgesinfo.fr\/epinalinfo\/?p=120571\"]}]},{\"@type\":\"ImageObject\",\"inLanguage\":\"fr-FR\",\"@id\":\"https:\/\/vosgesinfo.fr\/epinalinfo\/?p=120571#primaryimage\",\"url\":\"https:\/\/vosgesinfo.fr\/app\/uploads\/sites\/3\/2024\/08\/jolies-momes-moimoimoi-credit-photo-le-boitier-magique-5.jpg\",\"contentUrl\":\"https:\/\/vosgesinfo.fr\/app\/uploads\/sites\/3\/2024\/08\/jolies-momes-moimoimoi-credit-photo-le-boitier-magique-5.jpg\",\"width\":1500,\"height\":1000},{\"@type\":\"BreadcrumbList\",\"@id\":\"https:\/\/vosgesinfo.fr\/epinalinfo\/?p=120571#breadcrumb\",\"itemListElement\":[{\"@type\":\"ListItem\",\"position\":1,\"name\":\"Home\",\"item\":\"https:\/\/vosgesinfo.fr\/epinalinfo\/\"},{\"@type\":\"ListItem\",\"position\":2,\"name\":\"Tourn\u00e9e d&#8217;ao\u00fbt des Joli(e)s M\u00f4mes\"}]},{\"@type\":\"WebSite\",\"@id\":\"https:\/\/vosgesinfo.fr\/epinalinfo\/#website\",\"url\":\"https:\/\/vosgesinfo.fr\/epinalinfo\/\",\"name\":\"Epinal Info\",\"description\":\"Toute l&#039;actualit\u00e9 d&#039;\u00c9pinal\",\"publisher\":{\"@id\":\"https:\/\/vosgesinfo.fr\/epinalinfo\/#organization\"},\"alternateName\":\"Toute l'actualit\u00e9 d'\u00c9pinal\",\"potentialAction\":[{\"@type\":\"SearchAction\",\"target\":{\"@type\":\"EntryPoint\",\"urlTemplate\":\"https:\/\/vosgesinfo.fr\/epinalinfo\/?s={search_term_string}\"},\"query-input\":\"required name=search_term_string\"}],\"inLanguage\":\"fr-FR\"},{\"@type\":\"Organization\",\"@id\":\"https:\/\/vosgesinfo.fr\/epinalinfo\/#organization\",\"name\":\"Epinal Info\",\"url\":\"https:\/\/vosgesinfo.fr\/epinalinfo\/\",\"logo\":{\"@type\":\"ImageObject\",\"inLanguage\":\"fr-FR\",\"@id\":\"https:\/\/vosgesinfo.fr\/epinalinfo\/#\/schema\/logo\/image\/\",\"url\":\"https:\/\/vosgesinfo.fr\/app\/uploads\/sites\/3\/2023\/08\/logo-epinalinfos.svg\",\"contentUrl\":\"https:\/\/vosgesinfo.fr\/app\/uploads\/sites\/3\/2023\/08\/logo-epinalinfos.svg\",\"width\":1,\"height\":1,\"caption\":\"Epinal Info\"},\"image\":{\"@id\":\"https:\/\/vosgesinfo.fr\/epinalinfo\/#\/schema\/logo\/image\/\"},\"sameAs\":[\"https:\/\/www.facebook.com\/Epinalinfos\",\"https:\/\/x.com\/VosgesInfo88\",\"https:\/\/www.youtube.com\/@vosgesinfo\"]},{\"@type\":\"Person\",\"@id\":\"https:\/\/vosgesinfo.fr\/epinalinfo\/#\/schema\/person\/27a3695b06db98895b354c0765cdfc31\",\"name\":\"La redaction\",\"image\":{\"@type\":\"ImageObject\",\"inLanguage\":\"fr-FR\",\"@id\":\"https:\/\/vosgesinfo.fr\/epinalinfo\/#\/schema\/person\/image\/\",\"url\":\"https:\/\/secure.gravatar.com\/avatar\/64c76a78e501cedee55736f43f332df901e1896ae9cd8fad269ae2236dd0e8b6?s=96&d=mm&r=g\",\"contentUrl\":\"https:\/\/secure.gravatar.com\/avatar\/64c76a78e501cedee55736f43f332df901e1896ae9cd8fad269ae2236dd0e8b6?s=96&d=mm&r=g\",\"caption\":\"La redaction\"},\"url\":\"https:\/\/vosgesinfo.fr\/epinalinfo\/author\/la-redaction\/\"}]}<\/script>\n<!-- \/ Yoast SEO plugin. -->","yoast_head_json":{"title":"Tourn\u00e9e d'ao\u00fbt des Joli(e)s M\u00f4mes - Epinal Info","robots":{"index":"index","follow":"follow","max-snippet":"max-snippet:-1","max-image-preview":"max-image-preview:large","max-video-preview":"max-video-preview:-1"},"canonical":"https:\/\/vosgesinfo.fr\/epinalinfo\/?p=120571","twitter_card":"summary_large_image","twitter_title":"Tourn\u00e9e d'ao\u00fbt des Joli(e)s M\u00f4mes - Epinal Info","twitter_description":"La Compagnie des Joli(e)s M\u00f4mes en Tourn\u00e9e d&rsquo;\u00c9t\u00e9 avec \u00ab\u00a0Moi + Moi + Moi\u00a0\u00bb\u00a07 repr\u00e9sentations en ao\u00fbt \u00e0 travers les [&hellip;]","twitter_image":"https:\/\/vosgesinfo.fr\/app\/uploads\/sites\/3\/2024\/08\/jolies-momes-moimoimoi-credit-photo-le-boitier-magique-5-1024x683.jpg","twitter_creator":"@VosgesInfo88","twitter_site":"@VosgesInfo88","twitter_misc":{"\u00c9crit par":"La redaction","Dur\u00e9e de lecture estim\u00e9e":"2 minutes"},"schema":{"@context":"https:\/\/schema.org","@graph":[{"@type":"Article","@id":"https:\/\/vosgesinfo.fr\/epinalinfo\/?p=120571#article","isPartOf":{"@id":"https:\/\/vosgesinfo.fr\/epinalinfo\/?p=120571"},"author":{"name":"La redaction","@id":"https:\/\/vosgesinfo.fr\/epinalinfo\/#\/schema\/person\/27a3695b06db98895b354c0765cdfc31"},"headline":"Tourn\u00e9e d&rsquo;ao\u00fbt des Joli(e)s M\u00f4mes","datePublished":"2024-08-17T12:07:33+00:00","dateModified":"2024-08-17T12:07:33+00:00","mainEntityOfPage":{"@id":"https:\/\/vosgesinfo.fr\/epinalinfo\/?p=120571"},"wordCount":344,"commentCount":0,"publisher":{"@id":"https:\/\/vosgesinfo.fr\/epinalinfo\/#organization"},"image":{"@id":"https:\/\/vosgesinfo.fr\/epinalinfo\/?p=120571#primaryimage"},"thumbnailUrl":"https:\/\/vosgesinfo.fr\/app\/uploads\/sites\/3\/2024\/08\/jolies-momes-moimoimoi-credit-photo-le-boitier-magique-5.jpg","keywords":["Compagnie des Joli(e)s M\u00f4mes"],"articleSection":["A la Une","Culture","Vosges"],"inLanguage":"fr-FR","potentialAction":[{"@type":"CommentAction","name":"Comment","target":["https:\/\/vosgesinfo.fr\/epinalinfo\/?p=120571#respond"]}]},{"@type":"WebPage","@id":"https:\/\/vosgesinfo.fr\/epinalinfo\/?p=120571","url":"https:\/\/vosgesinfo.fr\/epinalinfo\/?p=120571","name":"Tourn\u00e9e d'ao\u00fbt des Joli(e)s M\u00f4mes - Epinal Info","isPartOf":{"@id":"https:\/\/vosgesinfo.fr\/epinalinfo\/#website"},"primaryImageOfPage":{"@id":"https:\/\/vosgesinfo.fr\/epinalinfo\/?p=120571#primaryimage"},"image":{"@id":"https:\/\/vosgesinfo.fr\/epinalinfo\/?p=120571#primaryimage"},"thumbnailUrl":"https:\/\/vosgesinfo.fr\/app\/uploads\/sites\/3\/2024\/08\/jolies-momes-moimoimoi-credit-photo-le-boitier-magique-5.jpg","datePublished":"2024-08-17T12:07:33+00:00","dateModified":"2024-08-17T12:07:33+00:00","breadcrumb":{"@id":"https:\/\/vosgesinfo.fr\/epinalinfo\/?p=120571#breadcrumb"},"inLanguage":"fr-FR","potentialAction":[{"@type":"ReadAction","target":["https:\/\/vosgesinfo.fr\/epinalinfo\/?p=120571"]}]},{"@type":"ImageObject","inLanguage":"fr-FR","@id":"https:\/\/vosgesinfo.fr\/epinalinfo\/?p=120571#primaryimage","url":"https:\/\/vosgesinfo.fr\/app\/uploads\/sites\/3\/2024\/08\/jolies-momes-moimoimoi-credit-photo-le-boitier-magique-5.jpg","contentUrl":"https:\/\/vosgesinfo.fr\/app\/uploads\/sites\/3\/2024\/08\/jolies-momes-moimoimoi-credit-photo-le-boitier-magique-5.jpg","width":1500,"height":1000},{"@type":"BreadcrumbList","@id":"https:\/\/vosgesinfo.fr\/epinalinfo\/?p=120571#breadcrumb","itemListElement":[{"@type":"ListItem","position":1,"name":"Home","item":"https:\/\/vosgesinfo.fr\/epinalinfo\/"},{"@type":"ListItem","position":2,"name":"Tourn\u00e9e d&#8217;ao\u00fbt des Joli(e)s M\u00f4mes"}]},{"@type":"WebSite","@id":"https:\/\/vosgesinfo.fr\/epinalinfo\/#website","url":"https:\/\/vosgesinfo.fr\/epinalinfo\/","name":"Epinal Info","description":"Toute l&#039;actualit\u00e9 d&#039;\u00c9pinal","publisher":{"@id":"https:\/\/vosgesinfo.fr\/epinalinfo\/#organization"},"alternateName":"Toute l'actualit\u00e9 d'\u00c9pinal","potentialAction":[{"@type":"SearchAction","target":{"@type":"EntryPoint","urlTemplate":"https:\/\/vosgesinfo.fr\/epinalinfo\/?s={search_term_string}"},"query-input":"required name=search_term_string"}],"inLanguage":"fr-FR"},{"@type":"Organization","@id":"https:\/\/vosgesinfo.fr\/epinalinfo\/#organization","name":"Epinal Info","url":"https:\/\/vosgesinfo.fr\/epinalinfo\/","logo":{"@type":"ImageObject","inLanguage":"fr-FR","@id":"https:\/\/vosgesinfo.fr\/epinalinfo\/#\/schema\/logo\/image\/","url":"https:\/\/vosgesinfo.fr\/app\/uploads\/sites\/3\/2023\/08\/logo-epinalinfos.svg","contentUrl":"https:\/\/vosgesinfo.fr\/app\/uploads\/sites\/3\/2023\/08\/logo-epinalinfos.svg","width":1,"height":1,"caption":"Epinal Info"},"image":{"@id":"https:\/\/vosgesinfo.fr\/epinalinfo\/#\/schema\/logo\/image\/"},"sameAs":["https:\/\/www.facebook.com\/Epinalinfos","https:\/\/x.com\/VosgesInfo88","https:\/\/www.youtube.com\/@vosgesinfo"]},{"@type":"Person","@id":"https:\/\/vosgesinfo.fr\/epinalinfo\/#\/schema\/person\/27a3695b06db98895b354c0765cdfc31","name":"La redaction","image":{"@type":"ImageObject","inLanguage":"fr-FR","@id":"https:\/\/vosgesinfo.fr\/epinalinfo\/#\/schema\/person\/image\/","url":"https:\/\/secure.gravatar.com\/avatar\/64c76a78e501cedee55736f43f332df901e1896ae9cd8fad269ae2236dd0e8b6?s=96&d=mm&r=g","contentUrl":"https:\/\/secure.gravatar.com\/avatar\/64c76a78e501cedee55736f43f332df901e1896ae9cd8fad269ae2236dd0e8b6?s=96&d=mm&r=g","caption":"La redaction"},"url":"https:\/\/vosgesinfo.fr\/epinalinfo\/author\/la-redaction\/"}]}},"_links":{"self":[{"href":"https:\/\/vosgesinfo.fr\/epinalinfo\/wp-json\/wp\/v2\/posts\/120571","targetHints":{"allow":["GET"]}}],"collection":[{"href":"https:\/\/vosgesinfo.fr\/epinalinfo\/wp-json\/wp\/v2\/posts"}],"about":[{"href":"https:\/\/vosgesinfo.fr\/epinalinfo\/wp-json\/wp\/v2\/types\/post"}],"author":[{"embeddable":true,"href":"https:\/\/vosgesinfo.fr\/epinalinfo\/wp-json\/wp\/v2\/users\/391"}],"replies":[{"embeddable":true,"href":"https:\/\/vosgesinfo.fr\/epinalinfo\/wp-json\/wp\/v2\/comments?post=120571"}],"version-history":[{"count":1,"href":"https:\/\/vosgesinfo.fr\/epinalinfo\/wp-json\/wp\/v2\/posts\/120571\/revisions"}],"predecessor-version":[{"id":120574,"href":"https:\/\/vosgesinfo.fr\/epinalinfo\/wp-json\/wp\/v2\/posts\/120571\/revisions\/120574"}],"wp:featuredmedia":[{"embeddable":true,"href":"https:\/\/vosgesinfo.fr\/epinalinfo\/wp-json\/wp\/v2\/media\/120573"}],"wp:attachment":[{"href":"https:\/\/vosgesinfo.fr\/epinalinfo\/wp-json\/wp\/v2\/media?parent=120571"}],"wp:term":[{"taxonomy":"category","embeddable":true,"href":"https:\/\/vosgesinfo.fr\/epinalinfo\/wp-json\/wp\/v2\/categories?post=120571"},{"taxonomy":"post_tag","embeddable":true,"href":"https:\/\/vosgesinfo.fr\/epinalinfo\/wp-json\/wp\/v2\/tags?post=120571"}],"curies":[{"name":"wp","href":"https:\/\/api.w.org\/{rel}","templated":true}]}}