{"id":120602,"date":"2024-08-19T15:22:32","date_gmt":"2024-08-19T13:22:32","guid":{"rendered":"https:\/\/vosgesinfo.fr\/epinalinfo\/?p=120602"},"modified":"2024-08-19T15:22:32","modified_gmt":"2024-08-19T13:22:32","slug":"cine-cool-8-jours-de-films-et-davant-premieres-a-prix-reduit-video","status":"publish","type":"post","link":"https:\/\/vosgesinfo.fr\/epinalinfo\/2024\/08\/cine-cool-8-jours-de-films-et-davant-premieres-a-prix-reduit-video\/","title":{"rendered":"Cin\u00e9 Cool : 8 jours de films et d\u2019avant-premi\u00e8res \u00e0 prix r\u00e9duit ! [video]"},"content":{"rendered":"<p><iframe loading=\"lazy\" src=\"\/\/www.youtube.com\/embed\/QuqCqwSkBi0?feature=youtu\" width=\"560\" height=\"314\" allowfullscreen=\"allowfullscreen\"><\/iframe><\/p>\n<p><strong>Du 24 au 31 ao\u00fbt 2024, l\u2019op\u00e9ration Cin\u00e9 Cool revient dans les salles obscures vosgiennes. Huit jours avec des s\u00e9ances \u00e0 prix r\u00e9duits, entre 5 et 6\u20ac selon les cin\u00e9mas. Au programme 21 avant-premi\u00e8res dans les Vosges dont une en pr\u00e9sence de l&rsquo;\u00e9quipe du film. Dans les Vosges 11 cin\u00e9mas participent \u00e0 l&rsquo;op\u00e9ration.<br \/>\n<\/strong><\/p>\n<p>D\u00e9couvrir de nouveaux films pour pas cher, tel est l\u2019objectif de Cin\u00e9 Cool. Sur le m\u00eame principe que La F\u00eate du Cin\u00e9ma et Le Printemps du Cin\u00e9ma, l\u2019op\u00e9ration \u00e0 l\u2019\u00e9chelle de de la r\u00e9gion Grand Est permet de b\u00e9n\u00e9ficier d\u2019une place de cin\u00e9ma \u00e0 5 ou 6\u20ac dans les salles participantes.Dans les Vosges, 11 cin\u00e9mas participent \u00e0 l&rsquo;op\u00e9ration: Cin\u00e9s Palace \u00e0 \u00c9pinal, Casino et MCL \u00e0 G\u00e9rardmer, Grand Ecran \u00e0 La Bresse, Cin\u00e9V\u00f4ge \u00e0 La V\u00f4ge les Bains, Rio \u00e0 Mirecourt, N\u00e9opolis \u00e0 Neufch\u00e2teau, Majestic France \u00e0 Remiremont, l&rsquo;Empire \u00e0 Saint-di\u00e9, l&rsquo;Entr&rsquo;actes \u00e0 Cornimont et l&rsquo;Alhambra \u00e0 Vittel.<\/p>\n<p><a href=\"https:\/\/vosgesinfo.fr\/app\/uploads\/sites\/3\/2024\/08\/denis-blum-2.jpg\"><img decoding=\"async\" class=\"aligncenter size-medium wp-image-120605\" src=\"https:\/\/vosgesinfo.fr\/app\/uploads\/sites\/3\/2024\/08\/denis-blum-2-300x226.jpg\" alt=\"\" width=\"300\" height=\"226\" srcset=\"https:\/\/vosgesinfo.fr\/app\/uploads\/sites\/3\/2024\/08\/denis-blum-2-300x226.jpg 300w, https:\/\/vosgesinfo.fr\/app\/uploads\/sites\/3\/2024\/08\/denis-blum-2-1024x771.jpg 1024w, https:\/\/vosgesinfo.fr\/app\/uploads\/sites\/3\/2024\/08\/denis-blum-2-768x578.jpg 768w, https:\/\/vosgesinfo.fr\/app\/uploads\/sites\/3\/2024\/08\/denis-blum-2-1536x1156.jpg 1536w, https:\/\/vosgesinfo.fr\/app\/uploads\/sites\/3\/2024\/08\/denis-blum-2.jpg 1920w\" sizes=\"(max-width: 300px) 100vw, 300px\" \/><\/a>Parmi les avant-premi\u00e8res : \u00ab\u00a0<em>Quand vient l\u2019automne\u00a0\u00bb.<\/em> le nouveau film de Fran\u00e7ois Ozon. Il raconte l\u2019histoire de Michelle, une grand-m\u00e8re qui re\u00e7oit pour les vacances son petit-fils Lucas. Mais rien ne va se passer comme pr\u00e9vu\u2026<\/p>\n<p>Autre film programm\u00e9 <em>\u00ab\u00a0Langue \u00e9trang\u00e8re\u00a0\u00bb<\/em>, r<em>\u00e9alis\u00e9 par Claire Burger. <\/em>Fanny a 17 ans et elle se cherche encore. Timide et sensible, elle peine \u00e0 se faire des amis de son \u00e2ge. Lorsqu&rsquo;elle part en Allemagne pour un s\u00e9jour linguistique, elle rencontre sa correspondante Lena, une adolescente qui r\u00eave de s&rsquo;engager politiquement. Fanny est troubl\u00e9e. Pour plaire \u00e0 Lena, elle est pr\u00eate \u00e0 tout.<a href=\"https:\/\/vosgesinfo.fr\/app\/uploads\/sites\/3\/2024\/08\/cine-cool-20242.jpg\"><img decoding=\"async\" class=\"aligncenter size-medium wp-image-120606\" src=\"https:\/\/vosgesinfo.fr\/app\/uploads\/sites\/3\/2024\/08\/cine-cool-20242-300x226.jpg\" alt=\"\" width=\"300\" height=\"226\" srcset=\"https:\/\/vosgesinfo.fr\/app\/uploads\/sites\/3\/2024\/08\/cine-cool-20242-300x226.jpg 300w, https:\/\/vosgesinfo.fr\/app\/uploads\/sites\/3\/2024\/08\/cine-cool-20242-1024x771.jpg 1024w, https:\/\/vosgesinfo.fr\/app\/uploads\/sites\/3\/2024\/08\/cine-cool-20242-768x578.jpg 768w, https:\/\/vosgesinfo.fr\/app\/uploads\/sites\/3\/2024\/08\/cine-cool-20242-1536x1156.jpg 1536w, https:\/\/vosgesinfo.fr\/app\/uploads\/sites\/3\/2024\/08\/cine-cool-20242.jpg 1920w\" sizes=\"(max-width: 300px) 100vw, 300px\" \/><\/a><\/p>\n<p>A d\u00e9couvrir \u00e9galement <em>la com\u00e9die \u00ab\u00a0On aurait d\u00fb aller en Gr\u00e8ce\u00a0\u00bb<\/em> avec G\u00e9rard Jugnot, Virginie Hocq, Elie Semoun. Ne pouvant partir comme \u00e0 leur habitude en Gr\u00e8ce pour leur unique semaine annuelle de vacances familiale, les Rousselot d\u00e9barquent en Corse. Apr\u00e8s un accident de la route sur l\u2019Ile de Beaut\u00e9, des voisins viennent perturber leur d\u00e9but de vacances\u2026 R\u00e8glements de comptes familiaux, insulaires, et quiproquos en vue\u2026<\/p>\n<p>A Epinal, le cin\u00e9ma propose une soir\u00e9e plac\u00e9e sous le signe de l&rsquo;horreur vendredi 30 ao\u00fbt \u00e0 21h avec le film \u00ab\u00a0Late Night with the Devil\u00a0\u00bb.<\/p>\n<p>Pour les petits et les familles rendez-vous \u00e0 l\u2019avant-premi\u00e8re de \u00ab\u00a0<em>Billy, le hamster cowboy.\u00a0\u00bb<\/em> \u00c9pop\u00e9e familiale, que ce soit sur la piste d\u2019un tr\u00e9sor perdu ou \u00e0 la recherche du plus bel arbre du Far West.<\/p>\n<p>Dans la r\u00e9gion, la fr\u00e9quentation des cin\u00e9mas est \u00e0 peu pr\u00e8s satisfaisante apr\u00e8s une p\u00e9riode difficile. Certains films ont fait revenir le public en masse comme \u00a0\u00bb <em>Un p\u2019tit truc en plus\u00a0\u00bb <\/em>avec 10 millions de spectateurs, <em>\u00ab\u00a0Vice versa\u00a0\u00bb avec 8 millions de spectateurs, \u00ab\u00a0Le Comte de Monte Christo\u00a0\u00bb avec 6 millions, et \u00ab\u00a0Moi moche et m\u00e9chant\u00a0\u00bb <\/em>qui va atteindre les 4 millions d&rsquo;entr\u00e9es.<\/p>\n<p>En France, la fr\u00e9quentation globale des cin\u00e9mas en 2024 est de -9%, elle est de -6% \u00e0 \u00c9pinal avec des mois difficiles suite aux manques de sorties de films apr\u00e8s les gr\u00e8ves aux \u00c9tats-Unis.<\/p>\n<p><strong>Renseignements : <a href=\"https:\/\/www.cine-cool.com\/\">https:\/\/www.cine-cool.com\/<\/a><\/strong><\/p>\n","protected":false},"excerpt":{"rendered":"<p>Du 24 au 31 ao\u00fbt 2024, l\u2019op\u00e9ration Cin\u00e9 Cool revient dans les salles obscures vosgiennes. Huit jours avec des s\u00e9ances [&hellip;]<\/p>\n","protected":false},"author":52,"featured_media":120605,"comment_status":"open","ping_status":"open","sticky":false,"template":"","format":"standard","meta":{"footnotes":""},"categories":[22,20,24,5],"tags":[15078,137,579,70,4028,75],"class_list":["post-120602","post","type-post","status-publish","format-standard","has-post-thumbnail","hentry","category-a-la-une","category-divertissement","category-epinal","category-vosges","tag-cine-cool-2024","tag-cinema","tag-cines-palace","tag-epinal","tag-tarif-reduit","tag-vosges"],"acf":[],"yoast_head":"<!-- This site is optimized with the Yoast SEO plugin v22.5 - https:\/\/yoast.com\/wordpress\/plugins\/seo\/ -->\n<title>Cin\u00e9 Cool : 8 jours de films et d\u2019avant-premi\u00e8res \u00e0 prix r\u00e9duit ! [video] - Epinal Info<\/title>\n<meta name=\"robots\" content=\"index, follow, max-snippet:-1, max-image-preview:large, max-video-preview:-1\" \/>\n<link rel=\"canonical\" href=\"https:\/\/vosgesinfo.fr\/epinalinfo\/2024\/08\/cine-cool-8-jours-de-films-et-davant-premieres-a-prix-reduit-video\/\" \/>\n<meta name=\"twitter:card\" content=\"summary_large_image\" \/>\n<meta name=\"twitter:title\" content=\"Cin\u00e9 Cool : 8 jours de films et d\u2019avant-premi\u00e8res \u00e0 prix r\u00e9duit ! [video] - Epinal Info\" \/>\n<meta name=\"twitter:description\" content=\"Du 24 au 31 ao\u00fbt 2024, l\u2019op\u00e9ration Cin\u00e9 Cool revient dans les salles obscures vosgiennes. Huit jours avec des s\u00e9ances [&hellip;]\" \/>\n<meta name=\"twitter:image\" content=\"https:\/\/vosgesinfo.fr\/app\/uploads\/sites\/3\/2024\/08\/denis-blum-2-300x226.jpg\" \/>\n<meta name=\"twitter:creator\" content=\"@VosgesInfo88\" \/>\n<meta name=\"twitter:site\" content=\"@VosgesInfo88\" \/>\n<meta name=\"twitter:label1\" content=\"\u00c9crit par\" \/>\n\t<meta name=\"twitter:data1\" content=\"C.K.\" \/>\n\t<meta name=\"twitter:label2\" content=\"Dur\u00e9e de lecture estim\u00e9e\" \/>\n\t<meta name=\"twitter:data2\" content=\"3 minutes\" \/>\n<script type=\"application\/ld+json\" class=\"yoast-schema-graph\">{\"@context\":\"https:\/\/schema.org\",\"@graph\":[{\"@type\":\"Article\",\"@id\":\"https:\/\/vosgesinfo.fr\/epinalinfo\/2024\/08\/cine-cool-8-jours-de-films-et-davant-premieres-a-prix-reduit-video\/#article\",\"isPartOf\":{\"@id\":\"https:\/\/vosgesinfo.fr\/epinalinfo\/2024\/08\/cine-cool-8-jours-de-films-et-davant-premieres-a-prix-reduit-video\/\"},\"author\":{\"name\":\"C.K.\",\"@id\":\"https:\/\/vosgesinfo.fr\/epinalinfo\/#\/schema\/person\/6f9a650eeea99d969b6c4ab78fccbe81\"},\"headline\":\"Cin\u00e9 Cool : 8 jours de films et d\u2019avant-premi\u00e8res \u00e0 prix r\u00e9duit ! [video]\",\"datePublished\":\"2024-08-19T13:22:32+00:00\",\"dateModified\":\"2024-08-19T13:22:32+00:00\",\"mainEntityOfPage\":{\"@id\":\"https:\/\/vosgesinfo.fr\/epinalinfo\/2024\/08\/cine-cool-8-jours-de-films-et-davant-premieres-a-prix-reduit-video\/\"},\"wordCount\":542,\"commentCount\":0,\"publisher\":{\"@id\":\"https:\/\/vosgesinfo.fr\/epinalinfo\/#organization\"},\"image\":{\"@id\":\"https:\/\/vosgesinfo.fr\/epinalinfo\/2024\/08\/cine-cool-8-jours-de-films-et-davant-premieres-a-prix-reduit-video\/#primaryimage\"},\"thumbnailUrl\":\"https:\/\/vosgesinfo.fr\/app\/uploads\/sites\/3\/2024\/08\/denis-blum-2.jpg\",\"keywords\":[\"cin\u00e9 cool 2024\",\"cin\u00e9ma\",\"Cin\u00e9s Palace\",\"Epinal\",\"tarif r\u00e9duit\",\"vosges\"],\"articleSection\":[\"A la Une\",\"Divertissement\",\"Epinal\",\"Vosges\"],\"inLanguage\":\"fr-FR\",\"potentialAction\":[{\"@type\":\"CommentAction\",\"name\":\"Comment\",\"target\":[\"https:\/\/vosgesinfo.fr\/epinalinfo\/2024\/08\/cine-cool-8-jours-de-films-et-davant-premieres-a-prix-reduit-video\/#respond\"]}]},{\"@type\":\"WebPage\",\"@id\":\"https:\/\/vosgesinfo.fr\/epinalinfo\/2024\/08\/cine-cool-8-jours-de-films-et-davant-premieres-a-prix-reduit-video\/\",\"url\":\"https:\/\/vosgesinfo.fr\/epinalinfo\/2024\/08\/cine-cool-8-jours-de-films-et-davant-premieres-a-prix-reduit-video\/\",\"name\":\"Cin\u00e9 Cool : 8 jours de films et d\u2019avant-premi\u00e8res \u00e0 prix r\u00e9duit ! [video] - Epinal Info\",\"isPartOf\":{\"@id\":\"https:\/\/vosgesinfo.fr\/epinalinfo\/#website\"},\"primaryImageOfPage\":{\"@id\":\"https:\/\/vosgesinfo.fr\/epinalinfo\/2024\/08\/cine-cool-8-jours-de-films-et-davant-premieres-a-prix-reduit-video\/#primaryimage\"},\"image\":{\"@id\":\"https:\/\/vosgesinfo.fr\/epinalinfo\/2024\/08\/cine-cool-8-jours-de-films-et-davant-premieres-a-prix-reduit-video\/#primaryimage\"},\"thumbnailUrl\":\"https:\/\/vosgesinfo.fr\/app\/uploads\/sites\/3\/2024\/08\/denis-blum-2.jpg\",\"datePublished\":\"2024-08-19T13:22:32+00:00\",\"dateModified\":\"2024-08-19T13:22:32+00:00\",\"breadcrumb\":{\"@id\":\"https:\/\/vosgesinfo.fr\/epinalinfo\/2024\/08\/cine-cool-8-jours-de-films-et-davant-premieres-a-prix-reduit-video\/#breadcrumb\"},\"inLanguage\":\"fr-FR\",\"potentialAction\":[{\"@type\":\"ReadAction\",\"target\":[\"https:\/\/vosgesinfo.fr\/epinalinfo\/2024\/08\/cine-cool-8-jours-de-films-et-davant-premieres-a-prix-reduit-video\/\"]}]},{\"@type\":\"ImageObject\",\"inLanguage\":\"fr-FR\",\"@id\":\"https:\/\/vosgesinfo.fr\/epinalinfo\/2024\/08\/cine-cool-8-jours-de-films-et-davant-premieres-a-prix-reduit-video\/#primaryimage\",\"url\":\"https:\/\/vosgesinfo.fr\/app\/uploads\/sites\/3\/2024\/08\/denis-blum-2.jpg\",\"contentUrl\":\"https:\/\/vosgesinfo.fr\/app\/uploads\/sites\/3\/2024\/08\/denis-blum-2.jpg\",\"width\":1920,\"height\":1445},{\"@type\":\"BreadcrumbList\",\"@id\":\"https:\/\/vosgesinfo.fr\/epinalinfo\/2024\/08\/cine-cool-8-jours-de-films-et-davant-premieres-a-prix-reduit-video\/#breadcrumb\",\"itemListElement\":[{\"@type\":\"ListItem\",\"position\":1,\"name\":\"Home\",\"item\":\"https:\/\/vosgesinfo.fr\/epinalinfo\/\"},{\"@type\":\"ListItem\",\"position\":2,\"name\":\"Cin\u00e9 Cool : 8 jours de films et d\u2019avant-premi\u00e8res \u00e0 prix r\u00e9duit ! [video]\"}]},{\"@type\":\"WebSite\",\"@id\":\"https:\/\/vosgesinfo.fr\/epinalinfo\/#website\",\"url\":\"https:\/\/vosgesinfo.fr\/epinalinfo\/\",\"name\":\"Epinal Info\",\"description\":\"Toute l&#039;actualit\u00e9 d&#039;\u00c9pinal\",\"publisher\":{\"@id\":\"https:\/\/vosgesinfo.fr\/epinalinfo\/#organization\"},\"alternateName\":\"Toute l'actualit\u00e9 d'\u00c9pinal\",\"potentialAction\":[{\"@type\":\"SearchAction\",\"target\":{\"@type\":\"EntryPoint\",\"urlTemplate\":\"https:\/\/vosgesinfo.fr\/epinalinfo\/?s={search_term_string}\"},\"query-input\":\"required name=search_term_string\"}],\"inLanguage\":\"fr-FR\"},{\"@type\":\"Organization\",\"@id\":\"https:\/\/vosgesinfo.fr\/epinalinfo\/#organization\",\"name\":\"Epinal Info\",\"url\":\"https:\/\/vosgesinfo.fr\/epinalinfo\/\",\"logo\":{\"@type\":\"ImageObject\",\"inLanguage\":\"fr-FR\",\"@id\":\"https:\/\/vosgesinfo.fr\/epinalinfo\/#\/schema\/logo\/image\/\",\"url\":\"https:\/\/vosgesinfo.fr\/app\/uploads\/sites\/3\/2023\/08\/logo-epinalinfos.svg\",\"contentUrl\":\"https:\/\/vosgesinfo.fr\/app\/uploads\/sites\/3\/2023\/08\/logo-epinalinfos.svg\",\"width\":1,\"height\":1,\"caption\":\"Epinal Info\"},\"image\":{\"@id\":\"https:\/\/vosgesinfo.fr\/epinalinfo\/#\/schema\/logo\/image\/\"},\"sameAs\":[\"https:\/\/www.facebook.com\/Epinalinfos\",\"https:\/\/x.com\/VosgesInfo88\",\"https:\/\/www.youtube.com\/@vosgesinfo\"]},{\"@type\":\"Person\",\"@id\":\"https:\/\/vosgesinfo.fr\/epinalinfo\/#\/schema\/person\/6f9a650eeea99d969b6c4ab78fccbe81\",\"name\":\"C.K.\",\"image\":{\"@type\":\"ImageObject\",\"inLanguage\":\"fr-FR\",\"@id\":\"https:\/\/vosgesinfo.fr\/epinalinfo\/#\/schema\/person\/image\/\",\"url\":\"https:\/\/secure.gravatar.com\/avatar\/48e3fc7f8421ba8942be6b74a2b7f014ca39bc00dece156b7a8e098ae7dc87bf?s=96&d=mm&r=g\",\"contentUrl\":\"https:\/\/secure.gravatar.com\/avatar\/48e3fc7f8421ba8942be6b74a2b7f014ca39bc00dece156b7a8e098ae7dc87bf?s=96&d=mm&r=g\",\"caption\":\"C.K.\"},\"url\":\"https:\/\/vosgesinfo.fr\/epinalinfo\/author\/celia-k-n\/\"}]}<\/script>\n<!-- \/ Yoast SEO plugin. -->","yoast_head_json":{"title":"Cin\u00e9 Cool : 8 jours de films et d\u2019avant-premi\u00e8res \u00e0 prix r\u00e9duit ! [video] - Epinal Info","robots":{"index":"index","follow":"follow","max-snippet":"max-snippet:-1","max-image-preview":"max-image-preview:large","max-video-preview":"max-video-preview:-1"},"canonical":"https:\/\/vosgesinfo.fr\/epinalinfo\/2024\/08\/cine-cool-8-jours-de-films-et-davant-premieres-a-prix-reduit-video\/","twitter_card":"summary_large_image","twitter_title":"Cin\u00e9 Cool : 8 jours de films et d\u2019avant-premi\u00e8res \u00e0 prix r\u00e9duit ! [video] - Epinal Info","twitter_description":"Du 24 au 31 ao\u00fbt 2024, l\u2019op\u00e9ration Cin\u00e9 Cool revient dans les salles obscures vosgiennes. Huit jours avec des s\u00e9ances [&hellip;]","twitter_image":"https:\/\/vosgesinfo.fr\/app\/uploads\/sites\/3\/2024\/08\/denis-blum-2-300x226.jpg","twitter_creator":"@VosgesInfo88","twitter_site":"@VosgesInfo88","twitter_misc":{"\u00c9crit par":"C.K.","Dur\u00e9e de lecture estim\u00e9e":"3 minutes"},"schema":{"@context":"https:\/\/schema.org","@graph":[{"@type":"Article","@id":"https:\/\/vosgesinfo.fr\/epinalinfo\/2024\/08\/cine-cool-8-jours-de-films-et-davant-premieres-a-prix-reduit-video\/#article","isPartOf":{"@id":"https:\/\/vosgesinfo.fr\/epinalinfo\/2024\/08\/cine-cool-8-jours-de-films-et-davant-premieres-a-prix-reduit-video\/"},"author":{"name":"C.K.","@id":"https:\/\/vosgesinfo.fr\/epinalinfo\/#\/schema\/person\/6f9a650eeea99d969b6c4ab78fccbe81"},"headline":"Cin\u00e9 Cool : 8 jours de films et d\u2019avant-premi\u00e8res \u00e0 prix r\u00e9duit ! [video]","datePublished":"2024-08-19T13:22:32+00:00","dateModified":"2024-08-19T13:22:32+00:00","mainEntityOfPage":{"@id":"https:\/\/vosgesinfo.fr\/epinalinfo\/2024\/08\/cine-cool-8-jours-de-films-et-davant-premieres-a-prix-reduit-video\/"},"wordCount":542,"commentCount":0,"publisher":{"@id":"https:\/\/vosgesinfo.fr\/epinalinfo\/#organization"},"image":{"@id":"https:\/\/vosgesinfo.fr\/epinalinfo\/2024\/08\/cine-cool-8-jours-de-films-et-davant-premieres-a-prix-reduit-video\/#primaryimage"},"thumbnailUrl":"https:\/\/vosgesinfo.fr\/app\/uploads\/sites\/3\/2024\/08\/denis-blum-2.jpg","keywords":["cin\u00e9 cool 2024","cin\u00e9ma","Cin\u00e9s Palace","Epinal","tarif r\u00e9duit","vosges"],"articleSection":["A la Une","Divertissement","Epinal","Vosges"],"inLanguage":"fr-FR","potentialAction":[{"@type":"CommentAction","name":"Comment","target":["https:\/\/vosgesinfo.fr\/epinalinfo\/2024\/08\/cine-cool-8-jours-de-films-et-davant-premieres-a-prix-reduit-video\/#respond"]}]},{"@type":"WebPage","@id":"https:\/\/vosgesinfo.fr\/epinalinfo\/2024\/08\/cine-cool-8-jours-de-films-et-davant-premieres-a-prix-reduit-video\/","url":"https:\/\/vosgesinfo.fr\/epinalinfo\/2024\/08\/cine-cool-8-jours-de-films-et-davant-premieres-a-prix-reduit-video\/","name":"Cin\u00e9 Cool : 8 jours de films et d\u2019avant-premi\u00e8res \u00e0 prix r\u00e9duit ! [video] - Epinal Info","isPartOf":{"@id":"https:\/\/vosgesinfo.fr\/epinalinfo\/#website"},"primaryImageOfPage":{"@id":"https:\/\/vosgesinfo.fr\/epinalinfo\/2024\/08\/cine-cool-8-jours-de-films-et-davant-premieres-a-prix-reduit-video\/#primaryimage"},"image":{"@id":"https:\/\/vosgesinfo.fr\/epinalinfo\/2024\/08\/cine-cool-8-jours-de-films-et-davant-premieres-a-prix-reduit-video\/#primaryimage"},"thumbnailUrl":"https:\/\/vosgesinfo.fr\/app\/uploads\/sites\/3\/2024\/08\/denis-blum-2.jpg","datePublished":"2024-08-19T13:22:32+00:00","dateModified":"2024-08-19T13:22:32+00:00","breadcrumb":{"@id":"https:\/\/vosgesinfo.fr\/epinalinfo\/2024\/08\/cine-cool-8-jours-de-films-et-davant-premieres-a-prix-reduit-video\/#breadcrumb"},"inLanguage":"fr-FR","potentialAction":[{"@type":"ReadAction","target":["https:\/\/vosgesinfo.fr\/epinalinfo\/2024\/08\/cine-cool-8-jours-de-films-et-davant-premieres-a-prix-reduit-video\/"]}]},{"@type":"ImageObject","inLanguage":"fr-FR","@id":"https:\/\/vosgesinfo.fr\/epinalinfo\/2024\/08\/cine-cool-8-jours-de-films-et-davant-premieres-a-prix-reduit-video\/#primaryimage","url":"https:\/\/vosgesinfo.fr\/app\/uploads\/sites\/3\/2024\/08\/denis-blum-2.jpg","contentUrl":"https:\/\/vosgesinfo.fr\/app\/uploads\/sites\/3\/2024\/08\/denis-blum-2.jpg","width":1920,"height":1445},{"@type":"BreadcrumbList","@id":"https:\/\/vosgesinfo.fr\/epinalinfo\/2024\/08\/cine-cool-8-jours-de-films-et-davant-premieres-a-prix-reduit-video\/#breadcrumb","itemListElement":[{"@type":"ListItem","position":1,"name":"Home","item":"https:\/\/vosgesinfo.fr\/epinalinfo\/"},{"@type":"ListItem","position":2,"name":"Cin\u00e9 Cool : 8 jours de films et d\u2019avant-premi\u00e8res \u00e0 prix r\u00e9duit ! [video]"}]},{"@type":"WebSite","@id":"https:\/\/vosgesinfo.fr\/epinalinfo\/#website","url":"https:\/\/vosgesinfo.fr\/epinalinfo\/","name":"Epinal Info","description":"Toute l&#039;actualit\u00e9 d&#039;\u00c9pinal","publisher":{"@id":"https:\/\/vosgesinfo.fr\/epinalinfo\/#organization"},"alternateName":"Toute l'actualit\u00e9 d'\u00c9pinal","potentialAction":[{"@type":"SearchAction","target":{"@type":"EntryPoint","urlTemplate":"https:\/\/vosgesinfo.fr\/epinalinfo\/?s={search_term_string}"},"query-input":"required name=search_term_string"}],"inLanguage":"fr-FR"},{"@type":"Organization","@id":"https:\/\/vosgesinfo.fr\/epinalinfo\/#organization","name":"Epinal Info","url":"https:\/\/vosgesinfo.fr\/epinalinfo\/","logo":{"@type":"ImageObject","inLanguage":"fr-FR","@id":"https:\/\/vosgesinfo.fr\/epinalinfo\/#\/schema\/logo\/image\/","url":"https:\/\/vosgesinfo.fr\/app\/uploads\/sites\/3\/2023\/08\/logo-epinalinfos.svg","contentUrl":"https:\/\/vosgesinfo.fr\/app\/uploads\/sites\/3\/2023\/08\/logo-epinalinfos.svg","width":1,"height":1,"caption":"Epinal Info"},"image":{"@id":"https:\/\/vosgesinfo.fr\/epinalinfo\/#\/schema\/logo\/image\/"},"sameAs":["https:\/\/www.facebook.com\/Epinalinfos","https:\/\/x.com\/VosgesInfo88","https:\/\/www.youtube.com\/@vosgesinfo"]},{"@type":"Person","@id":"https:\/\/vosgesinfo.fr\/epinalinfo\/#\/schema\/person\/6f9a650eeea99d969b6c4ab78fccbe81","name":"C.K.","image":{"@type":"ImageObject","inLanguage":"fr-FR","@id":"https:\/\/vosgesinfo.fr\/epinalinfo\/#\/schema\/person\/image\/","url":"https:\/\/secure.gravatar.com\/avatar\/48e3fc7f8421ba8942be6b74a2b7f014ca39bc00dece156b7a8e098ae7dc87bf?s=96&d=mm&r=g","contentUrl":"https:\/\/secure.gravatar.com\/avatar\/48e3fc7f8421ba8942be6b74a2b7f014ca39bc00dece156b7a8e098ae7dc87bf?s=96&d=mm&r=g","caption":"C.K."},"url":"https:\/\/vosgesinfo.fr\/epinalinfo\/author\/celia-k-n\/"}]}},"_links":{"self":[{"href":"https:\/\/vosgesinfo.fr\/epinalinfo\/wp-json\/wp\/v2\/posts\/120602","targetHints":{"allow":["GET"]}}],"collection":[{"href":"https:\/\/vosgesinfo.fr\/epinalinfo\/wp-json\/wp\/v2\/posts"}],"about":[{"href":"https:\/\/vosgesinfo.fr\/epinalinfo\/wp-json\/wp\/v2\/types\/post"}],"author":[{"embeddable":true,"href":"https:\/\/vosgesinfo.fr\/epinalinfo\/wp-json\/wp\/v2\/users\/52"}],"replies":[{"embeddable":true,"href":"https:\/\/vosgesinfo.fr\/epinalinfo\/wp-json\/wp\/v2\/comments?post=120602"}],"version-history":[{"count":2,"href":"https:\/\/vosgesinfo.fr\/epinalinfo\/wp-json\/wp\/v2\/posts\/120602\/revisions"}],"predecessor-version":[{"id":120608,"href":"https:\/\/vosgesinfo.fr\/epinalinfo\/wp-json\/wp\/v2\/posts\/120602\/revisions\/120608"}],"wp:featuredmedia":[{"embeddable":true,"href":"https:\/\/vosgesinfo.fr\/epinalinfo\/wp-json\/wp\/v2\/media\/120605"}],"wp:attachment":[{"href":"https:\/\/vosgesinfo.fr\/epinalinfo\/wp-json\/wp\/v2\/media?parent=120602"}],"wp:term":[{"taxonomy":"category","embeddable":true,"href":"https:\/\/vosgesinfo.fr\/epinalinfo\/wp-json\/wp\/v2\/categories?post=120602"},{"taxonomy":"post_tag","embeddable":true,"href":"https:\/\/vosgesinfo.fr\/epinalinfo\/wp-json\/wp\/v2\/tags?post=120602"}],"curies":[{"name":"wp","href":"https:\/\/api.w.org\/{rel}","templated":true}]}}