{"id":120609,"date":"2024-08-19T15:27:02","date_gmt":"2024-08-19T13:27:02","guid":{"rendered":"https:\/\/vosgesinfo.fr\/epinalinfo\/?p=120609"},"modified":"2024-08-19T15:27:02","modified_gmt":"2024-08-19T13:27:02","slug":"thaon-les-vosges-une-grande-course-coloree","status":"publish","type":"post","link":"https:\/\/vosgesinfo.fr\/epinalinfo\/2024\/08\/thaon-les-vosges-une-grande-course-coloree\/","title":{"rendered":"Thaon-l\u00e8s-Vosges &#8211; Une grande course color\u00e9e"},"content":{"rendered":"<div>\n<div id=\"attachment_120610\" style=\"width: 1034px\" class=\"wp-caption aligncenter\"><a href=\"https:\/\/vosgesinfo.fr\/app\/uploads\/sites\/3\/2024\/08\/course-coloree2.png\"><img decoding=\"async\" aria-describedby=\"caption-attachment-120610\" class=\"wp-image-120610 size-large\" src=\"https:\/\/vosgesinfo.fr\/app\/uploads\/sites\/3\/2024\/08\/course-coloree2-1024x683.png\" alt=\"\" width=\"1024\" height=\"683\" srcset=\"https:\/\/vosgesinfo.fr\/app\/uploads\/sites\/3\/2024\/08\/course-coloree2-1024x683.png 1024w, https:\/\/vosgesinfo.fr\/app\/uploads\/sites\/3\/2024\/08\/course-coloree2-300x200.png 300w, https:\/\/vosgesinfo.fr\/app\/uploads\/sites\/3\/2024\/08\/course-coloree2-768x512.png 768w, https:\/\/vosgesinfo.fr\/app\/uploads\/sites\/3\/2024\/08\/course-coloree2-1536x1024.png 1536w, https:\/\/vosgesinfo.fr\/app\/uploads\/sites\/3\/2024\/08\/course-coloree2.png 1920w\" sizes=\"(max-width: 1024px) 100vw, 1024px\" \/><\/a><p id=\"caption-attachment-120610\" class=\"wp-caption-text\">photo Ville de Thaon-l\u00e8s-Vosges<\/p><\/div>\n<p>Rejoignez-nous pour une apr\u00e8s-midi pleine de couleurs et de fun \u00e0 l&rsquo;occasion de <a id=\"OWA40090519-7f51-f031-c52c-6b440a264ce9\" class=\"x_x1i10hfl x_xjbqb8w x_x1ejq31n x_xd10rxx x_x1sy0etr x_x17r0tee x_x972fbf x_xcfux6l x_x1qhh985 x_xm0m39n x_x9f619 x_x1ypdohk x_xt0psk2 x_xe8uvvx x_xdj266r x_x11i5rnm x_xat24cr x_x1mh8g0r x_xexx8yu x_x4uap5 x_x18d9i69 x_xkhd6sd x_x16tdsg8 x_x1hl2dhg x_xggy1nq x_x1a2a7pz x_x1sur9pj x_xkrqix3 x_x1fey0fg x_xo1l8bm x_OWAAutoLink\" href=\"https:\/\/www.facebook.com\/septembre.en.or?__cft__[0]=AZUofnjZ1JJYc62zLX5H6VawHi8NQLK41QbvTlULoAp8VlIyBlqLwKiyulmW_wR2QZhdB0vXnQEO1zxZFmVps5DnHa98otC9x10T8N-9fFV6duKotFRrcU0RJ6OiEhsVJpquFAJrjdbNSA0p-5oRBdAm0nDaqH6_t1lKldzFfuaf5LA9RvO5hWY0Foe4OMlXIMQ&amp;__tn__=-]K-R\" target=\"_blank\" rel=\"noopener noreferrer\" data-auth=\"NotApplicable\" data-linkindex=\"0\">Septembre en Or<\/a> dimanche 1er septembre avec la grande course color\u00e9e 2024 !<\/div>\n<div>D\u00e9part \u00e0 15h all\u00e9e de l&rsquo;Usine \u00e0 <a id=\"OWAd9ca3cce-792f-f878-27ac-7d8c9f432459\" class=\"x_x1i10hfl x_xjbqb8w x_x1ejq31n x_xd10rxx x_x1sy0etr x_x17r0tee x_x972fbf x_xcfux6l x_x1qhh985 x_xm0m39n x_x9f619 x_x1ypdohk x_xt0psk2 x_xe8uvvx x_xdj266r x_x11i5rnm x_xat24cr x_x1mh8g0r x_xexx8yu x_x4uap5 x_x18d9i69 x_xkhd6sd x_x16tdsg8 x_x1hl2dhg x_xggy1nq x_x1a2a7pz x_x1sur9pj x_xkrqix3 x_x1fey0fg x_xo1l8bm x_OWAAutoLink\" href=\"https:\/\/www.facebook.com\/RotondeThaon?__cft__[0]=AZUofnjZ1JJYc62zLX5H6VawHi8NQLK41QbvTlULoAp8VlIyBlqLwKiyulmW_wR2QZhdB0vXnQEO1zxZFmVps5DnHa98otC9x10T8N-9fFV6duKotFRrcU0RJ6OiEhsVJpquFAJrjdbNSA0p-5oRBdAm0nDaqH6_t1lKldzFfuaf5LA9RvO5hWY0Foe4OMlXIMQ&amp;__tn__=-]K-R\" target=\"_blank\" rel=\"noopener noreferrer\" data-auth=\"NotApplicable\" data-linkindex=\"1\">La Rotonde &#8211; Thaon les Vosges<\/a> !<\/div>\n<div>Inscriptions sur place.<\/div>\n<div>Adulte et enfant de plus de 12 ans : 12\u20ac<\/div>\n<div>Enfant -12 ans : Gratuit<\/div>\n<div>L\u00e2cher de poudre de couleur tous les 1 km &#8211; Parcours de 4kms<\/div>\n<div>Possibilit\u00e9 de faire le parcours en marchant<\/div>\n<div>Buvette sur place<\/div>\n<div><\/div>\n<div>Tous les b\u00e9n\u00e9fices seront vers\u00e9s aux associations Solidarit\u00e9 \u00e0 Lilou Association et F\u00e9e moi Sourire !<\/div>\n<div>\n\n\t\t<style type=\"text\/css\">\n\t\t\t#gallery-1 {\n\t\t\t\tmargin: auto;\n\t\t\t}\n\t\t\t#gallery-1 .gallery-item {\n\t\t\t\tfloat: left;\n\t\t\t\tmargin-top: 10px;\n\t\t\t\ttext-align: center;\n\t\t\t\twidth: 33%;\n\t\t\t}\n\t\t\t#gallery-1 img {\n\t\t\t\tborder: 2px solid #cfcfcf;\n\t\t\t}\n\t\t\t#gallery-1 .gallery-caption {\n\t\t\t\tmargin-left: 0;\n\t\t\t}\n\t\t\t\/* see gallery_shortcode() in wp-includes\/media.php *\/\n\t\t<\/style>\n\t\t<div id='gallery-1' class='gallery galleryid-120609 gallery-columns-3 gallery-size-large'><dl class='gallery-item'>\n\t\t\t<dt class='gallery-icon portrait'>\n\t\t\t\t<a href='https:\/\/vosgesinfo.fr\/app\/uploads\/sites\/3\/2024\/08\/thumbnail-affiche-color-run-2024.jpg'><img decoding=\"async\" width=\"772\" height=\"1024\" src=\"https:\/\/vosgesinfo.fr\/app\/uploads\/sites\/3\/2024\/08\/thumbnail-affiche-color-run-2024-772x1024.jpg\" class=\"attachment-large size-large\" alt=\"\" srcset=\"https:\/\/vosgesinfo.fr\/app\/uploads\/sites\/3\/2024\/08\/thumbnail-affiche-color-run-2024-772x1024.jpg 772w, https:\/\/vosgesinfo.fr\/app\/uploads\/sites\/3\/2024\/08\/thumbnail-affiche-color-run-2024-226x300.jpg 226w, https:\/\/vosgesinfo.fr\/app\/uploads\/sites\/3\/2024\/08\/thumbnail-affiche-color-run-2024-768x1019.jpg 768w, https:\/\/vosgesinfo.fr\/app\/uploads\/sites\/3\/2024\/08\/thumbnail-affiche-color-run-2024-1157x1536.jpg 1157w, https:\/\/vosgesinfo.fr\/app\/uploads\/sites\/3\/2024\/08\/thumbnail-affiche-color-run-2024-1543x2048.jpg 1543w, https:\/\/vosgesinfo.fr\/app\/uploads\/sites\/3\/2024\/08\/thumbnail-affiche-color-run-2024.jpg 1920w\" sizes=\"(max-width: 772px) 100vw, 772px\" \/><\/a>\n\t\t\t<\/dt><\/dl><dl class='gallery-item'>\n\t\t\t<dt class='gallery-icon portrait'>\n\t\t\t\t<a href='https:\/\/vosgesinfo.fr\/app\/uploads\/sites\/3\/2024\/08\/course-coloree.png'><img decoding=\"async\" width=\"683\" height=\"1024\" src=\"https:\/\/vosgesinfo.fr\/app\/uploads\/sites\/3\/2024\/08\/course-coloree-683x1024.png\" class=\"attachment-large size-large\" alt=\"\" srcset=\"https:\/\/vosgesinfo.fr\/app\/uploads\/sites\/3\/2024\/08\/course-coloree-683x1024.png 683w, https:\/\/vosgesinfo.fr\/app\/uploads\/sites\/3\/2024\/08\/course-coloree-200x300.png 200w, https:\/\/vosgesinfo.fr\/app\/uploads\/sites\/3\/2024\/08\/course-coloree-768x1152.png 768w, https:\/\/vosgesinfo.fr\/app\/uploads\/sites\/3\/2024\/08\/course-coloree-1024x1536.png 1024w, https:\/\/vosgesinfo.fr\/app\/uploads\/sites\/3\/2024\/08\/course-coloree-1365x2048.png 1365w, https:\/\/vosgesinfo.fr\/app\/uploads\/sites\/3\/2024\/08\/course-coloree.png 1920w\" sizes=\"(max-width: 683px) 100vw, 683px\" \/><\/a>\n\t\t\t<\/dt><\/dl>\n\t\t\t<br style='clear: both' \/>\n\t\t<\/div>\n\n<\/div>\n","protected":false},"excerpt":{"rendered":"<p>Rejoignez-nous pour une apr\u00e8s-midi pleine de couleurs et de fun \u00e0 l&rsquo;occasion de Septembre en Or dimanche 1er septembre avec [&hellip;]<\/p>\n","protected":false},"author":52,"featured_media":120610,"comment_status":"open","ping_status":"open","sticky":false,"template":"","format":"standard","meta":{"footnotes":""},"categories":[22,192,93],"tags":[],"class_list":["post-120609","post","type-post","status-publish","format-standard","has-post-thumbnail","hentry","category-a-la-une","category-solidarite","category-thaon-les-vosges"],"acf":[],"yoast_head":"<!-- This site is optimized with the Yoast SEO plugin v22.5 - https:\/\/yoast.com\/wordpress\/plugins\/seo\/ -->\n<title>Thaon-l\u00e8s-Vosges - Une grande course color\u00e9e - Epinal Info<\/title>\n<meta name=\"robots\" content=\"index, follow, max-snippet:-1, max-image-preview:large, max-video-preview:-1\" \/>\n<link rel=\"canonical\" href=\"https:\/\/vosgesinfo.fr\/epinalinfo\/?p=120609\" \/>\n<meta name=\"twitter:card\" content=\"summary_large_image\" \/>\n<meta name=\"twitter:title\" content=\"Thaon-l\u00e8s-Vosges - Une grande course color\u00e9e - Epinal Info\" \/>\n<meta name=\"twitter:description\" content=\"Rejoignez-nous pour une apr\u00e8s-midi pleine de couleurs et de fun \u00e0 l&rsquo;occasion de Septembre en Or dimanche 1er septembre avec [&hellip;]\" \/>\n<meta name=\"twitter:image\" content=\"https:\/\/vosgesinfo.fr\/app\/uploads\/sites\/3\/2024\/08\/course-coloree2-1024x683.png\" \/>\n<meta name=\"twitter:creator\" content=\"@VosgesInfo88\" \/>\n<meta name=\"twitter:site\" content=\"@VosgesInfo88\" \/>\n<meta name=\"twitter:label1\" content=\"\u00c9crit par\" \/>\n\t<meta name=\"twitter:data1\" content=\"C.K.\" \/>\n\t<meta name=\"twitter:label2\" content=\"Dur\u00e9e de lecture estim\u00e9e\" \/>\n\t<meta name=\"twitter:data2\" content=\"1 minute\" \/>\n<script type=\"application\/ld+json\" class=\"yoast-schema-graph\">{\"@context\":\"https:\/\/schema.org\",\"@graph\":[{\"@type\":\"Article\",\"@id\":\"https:\/\/vosgesinfo.fr\/epinalinfo\/?p=120609#article\",\"isPartOf\":{\"@id\":\"https:\/\/vosgesinfo.fr\/epinalinfo\/?p=120609\"},\"author\":{\"name\":\"C.K.\",\"@id\":\"https:\/\/vosgesinfo.fr\/epinalinfo\/#\/schema\/person\/6f9a650eeea99d969b6c4ab78fccbe81\"},\"headline\":\"Thaon-l\u00e8s-Vosges &#8211; Une grande course color\u00e9e\",\"datePublished\":\"2024-08-19T13:27:02+00:00\",\"dateModified\":\"2024-08-19T13:27:02+00:00\",\"mainEntityOfPage\":{\"@id\":\"https:\/\/vosgesinfo.fr\/epinalinfo\/?p=120609\"},\"wordCount\":121,\"commentCount\":0,\"publisher\":{\"@id\":\"https:\/\/vosgesinfo.fr\/epinalinfo\/#organization\"},\"image\":{\"@id\":\"https:\/\/vosgesinfo.fr\/epinalinfo\/?p=120609#primaryimage\"},\"thumbnailUrl\":\"https:\/\/vosgesinfo.fr\/app\/uploads\/sites\/3\/2024\/08\/course-coloree2.png\",\"articleSection\":[\"A la Une\",\"Solidarit\u00e9\",\"Thaon-les-Vosges\"],\"inLanguage\":\"fr-FR\",\"potentialAction\":[{\"@type\":\"CommentAction\",\"name\":\"Comment\",\"target\":[\"https:\/\/vosgesinfo.fr\/epinalinfo\/?p=120609#respond\"]}]},{\"@type\":\"WebPage\",\"@id\":\"https:\/\/vosgesinfo.fr\/epinalinfo\/?p=120609\",\"url\":\"https:\/\/vosgesinfo.fr\/epinalinfo\/?p=120609\",\"name\":\"Thaon-l\u00e8s-Vosges - Une grande course color\u00e9e - Epinal Info\",\"isPartOf\":{\"@id\":\"https:\/\/vosgesinfo.fr\/epinalinfo\/#website\"},\"primaryImageOfPage\":{\"@id\":\"https:\/\/vosgesinfo.fr\/epinalinfo\/?p=120609#primaryimage\"},\"image\":{\"@id\":\"https:\/\/vosgesinfo.fr\/epinalinfo\/?p=120609#primaryimage\"},\"thumbnailUrl\":\"https:\/\/vosgesinfo.fr\/app\/uploads\/sites\/3\/2024\/08\/course-coloree2.png\",\"datePublished\":\"2024-08-19T13:27:02+00:00\",\"dateModified\":\"2024-08-19T13:27:02+00:00\",\"breadcrumb\":{\"@id\":\"https:\/\/vosgesinfo.fr\/epinalinfo\/?p=120609#breadcrumb\"},\"inLanguage\":\"fr-FR\",\"potentialAction\":[{\"@type\":\"ReadAction\",\"target\":[\"https:\/\/vosgesinfo.fr\/epinalinfo\/?p=120609\"]}]},{\"@type\":\"ImageObject\",\"inLanguage\":\"fr-FR\",\"@id\":\"https:\/\/vosgesinfo.fr\/epinalinfo\/?p=120609#primaryimage\",\"url\":\"https:\/\/vosgesinfo.fr\/app\/uploads\/sites\/3\/2024\/08\/course-coloree2.png\",\"contentUrl\":\"https:\/\/vosgesinfo.fr\/app\/uploads\/sites\/3\/2024\/08\/course-coloree2.png\",\"width\":1920,\"height\":1280,\"caption\":\"photo archive\"},{\"@type\":\"BreadcrumbList\",\"@id\":\"https:\/\/vosgesinfo.fr\/epinalinfo\/?p=120609#breadcrumb\",\"itemListElement\":[{\"@type\":\"ListItem\",\"position\":1,\"name\":\"Home\",\"item\":\"https:\/\/vosgesinfo.fr\/epinalinfo\/\"},{\"@type\":\"ListItem\",\"position\":2,\"name\":\"Thaon-l\u00e8s-Vosges &#8211; Une grande course color\u00e9e\"}]},{\"@type\":\"WebSite\",\"@id\":\"https:\/\/vosgesinfo.fr\/epinalinfo\/#website\",\"url\":\"https:\/\/vosgesinfo.fr\/epinalinfo\/\",\"name\":\"Epinal Info\",\"description\":\"Toute l&#039;actualit\u00e9 d&#039;\u00c9pinal\",\"publisher\":{\"@id\":\"https:\/\/vosgesinfo.fr\/epinalinfo\/#organization\"},\"alternateName\":\"Toute l'actualit\u00e9 d'\u00c9pinal\",\"potentialAction\":[{\"@type\":\"SearchAction\",\"target\":{\"@type\":\"EntryPoint\",\"urlTemplate\":\"https:\/\/vosgesinfo.fr\/epinalinfo\/?s={search_term_string}\"},\"query-input\":\"required name=search_term_string\"}],\"inLanguage\":\"fr-FR\"},{\"@type\":\"Organization\",\"@id\":\"https:\/\/vosgesinfo.fr\/epinalinfo\/#organization\",\"name\":\"Epinal Info\",\"url\":\"https:\/\/vosgesinfo.fr\/epinalinfo\/\",\"logo\":{\"@type\":\"ImageObject\",\"inLanguage\":\"fr-FR\",\"@id\":\"https:\/\/vosgesinfo.fr\/epinalinfo\/#\/schema\/logo\/image\/\",\"url\":\"https:\/\/vosgesinfo.fr\/app\/uploads\/sites\/3\/2023\/08\/logo-epinalinfos.svg\",\"contentUrl\":\"https:\/\/vosgesinfo.fr\/app\/uploads\/sites\/3\/2023\/08\/logo-epinalinfos.svg\",\"width\":1,\"height\":1,\"caption\":\"Epinal Info\"},\"image\":{\"@id\":\"https:\/\/vosgesinfo.fr\/epinalinfo\/#\/schema\/logo\/image\/\"},\"sameAs\":[\"https:\/\/www.facebook.com\/Epinalinfos\",\"https:\/\/x.com\/VosgesInfo88\",\"https:\/\/www.youtube.com\/@vosgesinfo\"]},{\"@type\":\"Person\",\"@id\":\"https:\/\/vosgesinfo.fr\/epinalinfo\/#\/schema\/person\/6f9a650eeea99d969b6c4ab78fccbe81\",\"name\":\"C.K.\",\"image\":{\"@type\":\"ImageObject\",\"inLanguage\":\"fr-FR\",\"@id\":\"https:\/\/vosgesinfo.fr\/epinalinfo\/#\/schema\/person\/image\/\",\"url\":\"https:\/\/secure.gravatar.com\/avatar\/48e3fc7f8421ba8942be6b74a2b7f014ca39bc00dece156b7a8e098ae7dc87bf?s=96&d=mm&r=g\",\"contentUrl\":\"https:\/\/secure.gravatar.com\/avatar\/48e3fc7f8421ba8942be6b74a2b7f014ca39bc00dece156b7a8e098ae7dc87bf?s=96&d=mm&r=g\",\"caption\":\"C.K.\"},\"url\":\"https:\/\/vosgesinfo.fr\/epinalinfo\/author\/celia-k-n\/\"}]}<\/script>\n<!-- \/ Yoast SEO plugin. -->","yoast_head_json":{"title":"Thaon-l\u00e8s-Vosges - Une grande course color\u00e9e - Epinal Info","robots":{"index":"index","follow":"follow","max-snippet":"max-snippet:-1","max-image-preview":"max-image-preview:large","max-video-preview":"max-video-preview:-1"},"canonical":"https:\/\/vosgesinfo.fr\/epinalinfo\/?p=120609","twitter_card":"summary_large_image","twitter_title":"Thaon-l\u00e8s-Vosges - Une grande course color\u00e9e - Epinal Info","twitter_description":"Rejoignez-nous pour une apr\u00e8s-midi pleine de couleurs et de fun \u00e0 l&rsquo;occasion de Septembre en Or dimanche 1er septembre avec [&hellip;]","twitter_image":"https:\/\/vosgesinfo.fr\/app\/uploads\/sites\/3\/2024\/08\/course-coloree2-1024x683.png","twitter_creator":"@VosgesInfo88","twitter_site":"@VosgesInfo88","twitter_misc":{"\u00c9crit par":"C.K.","Dur\u00e9e de lecture estim\u00e9e":"1 minute"},"schema":{"@context":"https:\/\/schema.org","@graph":[{"@type":"Article","@id":"https:\/\/vosgesinfo.fr\/epinalinfo\/?p=120609#article","isPartOf":{"@id":"https:\/\/vosgesinfo.fr\/epinalinfo\/?p=120609"},"author":{"name":"C.K.","@id":"https:\/\/vosgesinfo.fr\/epinalinfo\/#\/schema\/person\/6f9a650eeea99d969b6c4ab78fccbe81"},"headline":"Thaon-l\u00e8s-Vosges &#8211; Une grande course color\u00e9e","datePublished":"2024-08-19T13:27:02+00:00","dateModified":"2024-08-19T13:27:02+00:00","mainEntityOfPage":{"@id":"https:\/\/vosgesinfo.fr\/epinalinfo\/?p=120609"},"wordCount":121,"commentCount":0,"publisher":{"@id":"https:\/\/vosgesinfo.fr\/epinalinfo\/#organization"},"image":{"@id":"https:\/\/vosgesinfo.fr\/epinalinfo\/?p=120609#primaryimage"},"thumbnailUrl":"https:\/\/vosgesinfo.fr\/app\/uploads\/sites\/3\/2024\/08\/course-coloree2.png","articleSection":["A la Une","Solidarit\u00e9","Thaon-les-Vosges"],"inLanguage":"fr-FR","potentialAction":[{"@type":"CommentAction","name":"Comment","target":["https:\/\/vosgesinfo.fr\/epinalinfo\/?p=120609#respond"]}]},{"@type":"WebPage","@id":"https:\/\/vosgesinfo.fr\/epinalinfo\/?p=120609","url":"https:\/\/vosgesinfo.fr\/epinalinfo\/?p=120609","name":"Thaon-l\u00e8s-Vosges - Une grande course color\u00e9e - Epinal Info","isPartOf":{"@id":"https:\/\/vosgesinfo.fr\/epinalinfo\/#website"},"primaryImageOfPage":{"@id":"https:\/\/vosgesinfo.fr\/epinalinfo\/?p=120609#primaryimage"},"image":{"@id":"https:\/\/vosgesinfo.fr\/epinalinfo\/?p=120609#primaryimage"},"thumbnailUrl":"https:\/\/vosgesinfo.fr\/app\/uploads\/sites\/3\/2024\/08\/course-coloree2.png","datePublished":"2024-08-19T13:27:02+00:00","dateModified":"2024-08-19T13:27:02+00:00","breadcrumb":{"@id":"https:\/\/vosgesinfo.fr\/epinalinfo\/?p=120609#breadcrumb"},"inLanguage":"fr-FR","potentialAction":[{"@type":"ReadAction","target":["https:\/\/vosgesinfo.fr\/epinalinfo\/?p=120609"]}]},{"@type":"ImageObject","inLanguage":"fr-FR","@id":"https:\/\/vosgesinfo.fr\/epinalinfo\/?p=120609#primaryimage","url":"https:\/\/vosgesinfo.fr\/app\/uploads\/sites\/3\/2024\/08\/course-coloree2.png","contentUrl":"https:\/\/vosgesinfo.fr\/app\/uploads\/sites\/3\/2024\/08\/course-coloree2.png","width":1920,"height":1280,"caption":"photo archive"},{"@type":"BreadcrumbList","@id":"https:\/\/vosgesinfo.fr\/epinalinfo\/?p=120609#breadcrumb","itemListElement":[{"@type":"ListItem","position":1,"name":"Home","item":"https:\/\/vosgesinfo.fr\/epinalinfo\/"},{"@type":"ListItem","position":2,"name":"Thaon-l\u00e8s-Vosges &#8211; Une grande course color\u00e9e"}]},{"@type":"WebSite","@id":"https:\/\/vosgesinfo.fr\/epinalinfo\/#website","url":"https:\/\/vosgesinfo.fr\/epinalinfo\/","name":"Epinal Info","description":"Toute l&#039;actualit\u00e9 d&#039;\u00c9pinal","publisher":{"@id":"https:\/\/vosgesinfo.fr\/epinalinfo\/#organization"},"alternateName":"Toute l'actualit\u00e9 d'\u00c9pinal","potentialAction":[{"@type":"SearchAction","target":{"@type":"EntryPoint","urlTemplate":"https:\/\/vosgesinfo.fr\/epinalinfo\/?s={search_term_string}"},"query-input":"required name=search_term_string"}],"inLanguage":"fr-FR"},{"@type":"Organization","@id":"https:\/\/vosgesinfo.fr\/epinalinfo\/#organization","name":"Epinal Info","url":"https:\/\/vosgesinfo.fr\/epinalinfo\/","logo":{"@type":"ImageObject","inLanguage":"fr-FR","@id":"https:\/\/vosgesinfo.fr\/epinalinfo\/#\/schema\/logo\/image\/","url":"https:\/\/vosgesinfo.fr\/app\/uploads\/sites\/3\/2023\/08\/logo-epinalinfos.svg","contentUrl":"https:\/\/vosgesinfo.fr\/app\/uploads\/sites\/3\/2023\/08\/logo-epinalinfos.svg","width":1,"height":1,"caption":"Epinal Info"},"image":{"@id":"https:\/\/vosgesinfo.fr\/epinalinfo\/#\/schema\/logo\/image\/"},"sameAs":["https:\/\/www.facebook.com\/Epinalinfos","https:\/\/x.com\/VosgesInfo88","https:\/\/www.youtube.com\/@vosgesinfo"]},{"@type":"Person","@id":"https:\/\/vosgesinfo.fr\/epinalinfo\/#\/schema\/person\/6f9a650eeea99d969b6c4ab78fccbe81","name":"C.K.","image":{"@type":"ImageObject","inLanguage":"fr-FR","@id":"https:\/\/vosgesinfo.fr\/epinalinfo\/#\/schema\/person\/image\/","url":"https:\/\/secure.gravatar.com\/avatar\/48e3fc7f8421ba8942be6b74a2b7f014ca39bc00dece156b7a8e098ae7dc87bf?s=96&d=mm&r=g","contentUrl":"https:\/\/secure.gravatar.com\/avatar\/48e3fc7f8421ba8942be6b74a2b7f014ca39bc00dece156b7a8e098ae7dc87bf?s=96&d=mm&r=g","caption":"C.K."},"url":"https:\/\/vosgesinfo.fr\/epinalinfo\/author\/celia-k-n\/"}]}},"_links":{"self":[{"href":"https:\/\/vosgesinfo.fr\/epinalinfo\/wp-json\/wp\/v2\/posts\/120609","targetHints":{"allow":["GET"]}}],"collection":[{"href":"https:\/\/vosgesinfo.fr\/epinalinfo\/wp-json\/wp\/v2\/posts"}],"about":[{"href":"https:\/\/vosgesinfo.fr\/epinalinfo\/wp-json\/wp\/v2\/types\/post"}],"author":[{"embeddable":true,"href":"https:\/\/vosgesinfo.fr\/epinalinfo\/wp-json\/wp\/v2\/users\/52"}],"replies":[{"embeddable":true,"href":"https:\/\/vosgesinfo.fr\/epinalinfo\/wp-json\/wp\/v2\/comments?post=120609"}],"version-history":[{"count":1,"href":"https:\/\/vosgesinfo.fr\/epinalinfo\/wp-json\/wp\/v2\/posts\/120609\/revisions"}],"predecessor-version":[{"id":120613,"href":"https:\/\/vosgesinfo.fr\/epinalinfo\/wp-json\/wp\/v2\/posts\/120609\/revisions\/120613"}],"wp:featuredmedia":[{"embeddable":true,"href":"https:\/\/vosgesinfo.fr\/epinalinfo\/wp-json\/wp\/v2\/media\/120610"}],"wp:attachment":[{"href":"https:\/\/vosgesinfo.fr\/epinalinfo\/wp-json\/wp\/v2\/media?parent=120609"}],"wp:term":[{"taxonomy":"category","embeddable":true,"href":"https:\/\/vosgesinfo.fr\/epinalinfo\/wp-json\/wp\/v2\/categories?post=120609"},{"taxonomy":"post_tag","embeddable":true,"href":"https:\/\/vosgesinfo.fr\/epinalinfo\/wp-json\/wp\/v2\/tags?post=120609"}],"curies":[{"name":"wp","href":"https:\/\/api.w.org\/{rel}","templated":true}]}}