{"id":120651,"date":"2024-08-20T14:41:19","date_gmt":"2024-08-20T12:41:19","guid":{"rendered":"https:\/\/vosgesinfo.fr\/epinalinfo\/?p=120651"},"modified":"2024-08-20T14:41:19","modified_gmt":"2024-08-20T12:41:19","slug":"insolite-un-distributeur-de-fleurs-vient-de-sinstaller-a-cote-de-la-gare-depinal","status":"publish","type":"post","link":"https:\/\/vosgesinfo.fr\/epinalinfo\/2024\/08\/insolite-un-distributeur-de-fleurs-vient-de-sinstaller-a-cote-de-la-gare-depinal\/","title":{"rendered":"Insolite &#8211; Un distributeur de fleurs vient de s&rsquo;installer \u00e0 c\u00f4t\u00e9 de la gare d\u2019\u00c9pinal"},"content":{"rendered":"<div id=\"attachment_120652\" style=\"width: 1546px\" class=\"wp-caption aligncenter\"><a href=\"https:\/\/vosgesinfo.fr\/app\/uploads\/sites\/3\/2024\/08\/distributeur-comedie-des-fleurs-epinal.jpg\"><img decoding=\"async\" aria-describedby=\"caption-attachment-120652\" class=\"size-full wp-image-120652\" src=\"https:\/\/vosgesinfo.fr\/app\/uploads\/sites\/3\/2024\/08\/distributeur-comedie-des-fleurs-epinal.jpg\" alt=\"\" width=\"1536\" height=\"2048\" srcset=\"https:\/\/vosgesinfo.fr\/app\/uploads\/sites\/3\/2024\/08\/distributeur-comedie-des-fleurs-epinal.jpg 1536w, https:\/\/vosgesinfo.fr\/app\/uploads\/sites\/3\/2024\/08\/distributeur-comedie-des-fleurs-epinal-225x300.jpg 225w, https:\/\/vosgesinfo.fr\/app\/uploads\/sites\/3\/2024\/08\/distributeur-comedie-des-fleurs-epinal-768x1024.jpg 768w, https:\/\/vosgesinfo.fr\/app\/uploads\/sites\/3\/2024\/08\/distributeur-comedie-des-fleurs-epinal-1152x1536.jpg 1152w\" sizes=\"(max-width: 1536px) 100vw, 1536px\" \/><\/a><p id=\"caption-attachment-120652\" class=\"wp-caption-text\">photographie FB La Com\u00e9die des Fleurs<\/p><\/div>\n<h2>Le fleuriste Pascal Hatton, g\u00e9rant de \u00ab La com\u00e9die des fleurs \u00bb \u00e0 \u00c9pinal, vient de mettre en place un distributeur automatique qui d\u00e9livre des bouquets 24 heures\/24 et 7 j\/7. Le distributeur est install\u00e9 \u00e0 c\u00f4t\u00e9 de la gare, \u00e0 \u00c9pinal.<\/h2>\n<p>On connaissait les distributeurs automatiques de sucreries, de pizzas, de pains, maintenant place aux distributeurs de fleurs. Pascal Hatton, g\u00e9rant de \u00ab La com\u00e9die des fleurs \u00bb \u00e0 \u00c9pinal avait d\u00e9j\u00e0 fait installer un distributeurs automatique de fleurs \u00e0 Golbey en 2021.<\/p>\n<p>Il a d\u00e9cid\u00e9 de poursuivre avec un nouveau distributeur automatique install\u00e9 \u00e0 c\u00f4t\u00e9 de la gare, \u00e0 \u00c9pinal. On y trouve 24 heures\/24 et 7 j\/7, des fleurs, bouquets frais et plantes.<\/p>\n<p>Les automobilistes peuvent d\u00e9sormais s&rsquo;arr\u00eater devant la gare d&rsquo;Epinal et y acheter un bouquet \u00e0 n&rsquo;importe quelle heure. Une solution rapide et facile.<\/p>\n","protected":false},"excerpt":{"rendered":"<p>Le fleuriste Pascal Hatton, g\u00e9rant de \u00ab La com\u00e9die des fleurs \u00bb \u00e0 \u00c9pinal, vient de mettre en place un [&hellip;]<\/p>\n","protected":false},"author":52,"featured_media":120652,"comment_status":"open","ping_status":"open","sticky":false,"template":"","format":"standard","meta":{"footnotes":""},"categories":[22,24,685],"tags":[15081,70,2914,1171,5319,15082,75],"class_list":["post-120651","post","type-post","status-publish","format-standard","has-post-thumbnail","hentry","category-a-la-une","category-epinal","category-insolite","tag-distributeur-automatique","tag-epinal","tag-fleurs","tag-insolite","tag-la-comedie-des-fleurs","tag-pascal-hatton","tag-vosges"],"acf":[],"yoast_head":"<!-- This site is optimized with the Yoast SEO plugin v22.5 - https:\/\/yoast.com\/wordpress\/plugins\/seo\/ -->\n<title>Insolite - Un distributeur de fleurs vient de s&#039;installer \u00e0 c\u00f4t\u00e9 de la gare d\u2019\u00c9pinal - Epinal Info<\/title>\n<meta name=\"robots\" content=\"index, follow, max-snippet:-1, max-image-preview:large, max-video-preview:-1\" \/>\n<link rel=\"canonical\" href=\"https:\/\/vosgesinfo.fr\/epinalinfo\/2024\/08\/insolite-un-distributeur-de-fleurs-vient-de-sinstaller-a-cote-de-la-gare-depinal\/\" \/>\n<meta name=\"twitter:card\" content=\"summary_large_image\" \/>\n<meta name=\"twitter:title\" content=\"Insolite - Un distributeur de fleurs vient de s&#039;installer \u00e0 c\u00f4t\u00e9 de la gare d\u2019\u00c9pinal - Epinal Info\" \/>\n<meta name=\"twitter:description\" content=\"Le fleuriste Pascal Hatton, g\u00e9rant de \u00ab La com\u00e9die des fleurs \u00bb \u00e0 \u00c9pinal, vient de mettre en place un [&hellip;]\" \/>\n<meta name=\"twitter:creator\" content=\"@VosgesInfo88\" \/>\n<meta name=\"twitter:site\" content=\"@VosgesInfo88\" \/>\n<meta name=\"twitter:label1\" content=\"\u00c9crit par\" \/>\n\t<meta name=\"twitter:data1\" content=\"C.K.\" \/>\n\t<meta name=\"twitter:label2\" content=\"Dur\u00e9e de lecture estim\u00e9e\" \/>\n\t<meta name=\"twitter:data2\" content=\"1 minute\" \/>\n<script type=\"application\/ld+json\" class=\"yoast-schema-graph\">{\"@context\":\"https:\/\/schema.org\",\"@graph\":[{\"@type\":\"Article\",\"@id\":\"https:\/\/vosgesinfo.fr\/epinalinfo\/2024\/08\/insolite-un-distributeur-de-fleurs-vient-de-sinstaller-a-cote-de-la-gare-depinal\/#article\",\"isPartOf\":{\"@id\":\"https:\/\/vosgesinfo.fr\/epinalinfo\/2024\/08\/insolite-un-distributeur-de-fleurs-vient-de-sinstaller-a-cote-de-la-gare-depinal\/\"},\"author\":{\"name\":\"C.K.\",\"@id\":\"https:\/\/vosgesinfo.fr\/epinalinfo\/#\/schema\/person\/6f9a650eeea99d969b6c4ab78fccbe81\"},\"headline\":\"Insolite &#8211; Un distributeur de fleurs vient de s&rsquo;installer \u00e0 c\u00f4t\u00e9 de la gare d\u2019\u00c9pinal\",\"datePublished\":\"2024-08-20T12:41:19+00:00\",\"dateModified\":\"2024-08-20T12:41:19+00:00\",\"mainEntityOfPage\":{\"@id\":\"https:\/\/vosgesinfo.fr\/epinalinfo\/2024\/08\/insolite-un-distributeur-de-fleurs-vient-de-sinstaller-a-cote-de-la-gare-depinal\/\"},\"wordCount\":167,\"commentCount\":0,\"publisher\":{\"@id\":\"https:\/\/vosgesinfo.fr\/epinalinfo\/#organization\"},\"image\":{\"@id\":\"https:\/\/vosgesinfo.fr\/epinalinfo\/2024\/08\/insolite-un-distributeur-de-fleurs-vient-de-sinstaller-a-cote-de-la-gare-depinal\/#primaryimage\"},\"thumbnailUrl\":\"https:\/\/vosgesinfo.fr\/app\/uploads\/sites\/3\/2024\/08\/distributeur-comedie-des-fleurs-epinal.jpg\",\"keywords\":[\"distributeur automatique\",\"Epinal\",\"fleurs\",\"insolite\",\"La Com\u00e9die des fleurs\",\"Pascal Hatton\",\"vosges\"],\"articleSection\":[\"A la Une\",\"Epinal\",\"Insolite\"],\"inLanguage\":\"fr-FR\",\"potentialAction\":[{\"@type\":\"CommentAction\",\"name\":\"Comment\",\"target\":[\"https:\/\/vosgesinfo.fr\/epinalinfo\/2024\/08\/insolite-un-distributeur-de-fleurs-vient-de-sinstaller-a-cote-de-la-gare-depinal\/#respond\"]}]},{\"@type\":\"WebPage\",\"@id\":\"https:\/\/vosgesinfo.fr\/epinalinfo\/2024\/08\/insolite-un-distributeur-de-fleurs-vient-de-sinstaller-a-cote-de-la-gare-depinal\/\",\"url\":\"https:\/\/vosgesinfo.fr\/epinalinfo\/2024\/08\/insolite-un-distributeur-de-fleurs-vient-de-sinstaller-a-cote-de-la-gare-depinal\/\",\"name\":\"Insolite - Un distributeur de fleurs vient de s'installer \u00e0 c\u00f4t\u00e9 de la gare d\u2019\u00c9pinal - Epinal Info\",\"isPartOf\":{\"@id\":\"https:\/\/vosgesinfo.fr\/epinalinfo\/#website\"},\"primaryImageOfPage\":{\"@id\":\"https:\/\/vosgesinfo.fr\/epinalinfo\/2024\/08\/insolite-un-distributeur-de-fleurs-vient-de-sinstaller-a-cote-de-la-gare-depinal\/#primaryimage\"},\"image\":{\"@id\":\"https:\/\/vosgesinfo.fr\/epinalinfo\/2024\/08\/insolite-un-distributeur-de-fleurs-vient-de-sinstaller-a-cote-de-la-gare-depinal\/#primaryimage\"},\"thumbnailUrl\":\"https:\/\/vosgesinfo.fr\/app\/uploads\/sites\/3\/2024\/08\/distributeur-comedie-des-fleurs-epinal.jpg\",\"datePublished\":\"2024-08-20T12:41:19+00:00\",\"dateModified\":\"2024-08-20T12:41:19+00:00\",\"breadcrumb\":{\"@id\":\"https:\/\/vosgesinfo.fr\/epinalinfo\/2024\/08\/insolite-un-distributeur-de-fleurs-vient-de-sinstaller-a-cote-de-la-gare-depinal\/#breadcrumb\"},\"inLanguage\":\"fr-FR\",\"potentialAction\":[{\"@type\":\"ReadAction\",\"target\":[\"https:\/\/vosgesinfo.fr\/epinalinfo\/2024\/08\/insolite-un-distributeur-de-fleurs-vient-de-sinstaller-a-cote-de-la-gare-depinal\/\"]}]},{\"@type\":\"ImageObject\",\"inLanguage\":\"fr-FR\",\"@id\":\"https:\/\/vosgesinfo.fr\/epinalinfo\/2024\/08\/insolite-un-distributeur-de-fleurs-vient-de-sinstaller-a-cote-de-la-gare-depinal\/#primaryimage\",\"url\":\"https:\/\/vosgesinfo.fr\/app\/uploads\/sites\/3\/2024\/08\/distributeur-comedie-des-fleurs-epinal.jpg\",\"contentUrl\":\"https:\/\/vosgesinfo.fr\/app\/uploads\/sites\/3\/2024\/08\/distributeur-comedie-des-fleurs-epinal.jpg\",\"width\":1536,\"height\":2048,\"caption\":\"photographie FB La Com\u00e9die des Fleurs\"},{\"@type\":\"BreadcrumbList\",\"@id\":\"https:\/\/vosgesinfo.fr\/epinalinfo\/2024\/08\/insolite-un-distributeur-de-fleurs-vient-de-sinstaller-a-cote-de-la-gare-depinal\/#breadcrumb\",\"itemListElement\":[{\"@type\":\"ListItem\",\"position\":1,\"name\":\"Home\",\"item\":\"https:\/\/vosgesinfo.fr\/epinalinfo\/\"},{\"@type\":\"ListItem\",\"position\":2,\"name\":\"Insolite &#8211; Un distributeur de fleurs vient de s&#8217;installer \u00e0 c\u00f4t\u00e9 de la gare d\u2019\u00c9pinal\"}]},{\"@type\":\"WebSite\",\"@id\":\"https:\/\/vosgesinfo.fr\/epinalinfo\/#website\",\"url\":\"https:\/\/vosgesinfo.fr\/epinalinfo\/\",\"name\":\"Epinal Info\",\"description\":\"Toute l&#039;actualit\u00e9 d&#039;\u00c9pinal\",\"publisher\":{\"@id\":\"https:\/\/vosgesinfo.fr\/epinalinfo\/#organization\"},\"alternateName\":\"Toute l'actualit\u00e9 d'\u00c9pinal\",\"potentialAction\":[{\"@type\":\"SearchAction\",\"target\":{\"@type\":\"EntryPoint\",\"urlTemplate\":\"https:\/\/vosgesinfo.fr\/epinalinfo\/?s={search_term_string}\"},\"query-input\":\"required name=search_term_string\"}],\"inLanguage\":\"fr-FR\"},{\"@type\":\"Organization\",\"@id\":\"https:\/\/vosgesinfo.fr\/epinalinfo\/#organization\",\"name\":\"Epinal Info\",\"url\":\"https:\/\/vosgesinfo.fr\/epinalinfo\/\",\"logo\":{\"@type\":\"ImageObject\",\"inLanguage\":\"fr-FR\",\"@id\":\"https:\/\/vosgesinfo.fr\/epinalinfo\/#\/schema\/logo\/image\/\",\"url\":\"https:\/\/vosgesinfo.fr\/app\/uploads\/sites\/3\/2023\/08\/logo-epinalinfos.svg\",\"contentUrl\":\"https:\/\/vosgesinfo.fr\/app\/uploads\/sites\/3\/2023\/08\/logo-epinalinfos.svg\",\"width\":1,\"height\":1,\"caption\":\"Epinal Info\"},\"image\":{\"@id\":\"https:\/\/vosgesinfo.fr\/epinalinfo\/#\/schema\/logo\/image\/\"},\"sameAs\":[\"https:\/\/www.facebook.com\/Epinalinfos\",\"https:\/\/x.com\/VosgesInfo88\",\"https:\/\/www.youtube.com\/@vosgesinfo\"]},{\"@type\":\"Person\",\"@id\":\"https:\/\/vosgesinfo.fr\/epinalinfo\/#\/schema\/person\/6f9a650eeea99d969b6c4ab78fccbe81\",\"name\":\"C.K.\",\"image\":{\"@type\":\"ImageObject\",\"inLanguage\":\"fr-FR\",\"@id\":\"https:\/\/vosgesinfo.fr\/epinalinfo\/#\/schema\/person\/image\/\",\"url\":\"https:\/\/secure.gravatar.com\/avatar\/48e3fc7f8421ba8942be6b74a2b7f014ca39bc00dece156b7a8e098ae7dc87bf?s=96&d=mm&r=g\",\"contentUrl\":\"https:\/\/secure.gravatar.com\/avatar\/48e3fc7f8421ba8942be6b74a2b7f014ca39bc00dece156b7a8e098ae7dc87bf?s=96&d=mm&r=g\",\"caption\":\"C.K.\"},\"url\":\"https:\/\/vosgesinfo.fr\/epinalinfo\/author\/celia-k-n\/\"}]}<\/script>\n<!-- \/ Yoast SEO plugin. -->","yoast_head_json":{"title":"Insolite - Un distributeur de fleurs vient de s'installer \u00e0 c\u00f4t\u00e9 de la gare d\u2019\u00c9pinal - Epinal Info","robots":{"index":"index","follow":"follow","max-snippet":"max-snippet:-1","max-image-preview":"max-image-preview:large","max-video-preview":"max-video-preview:-1"},"canonical":"https:\/\/vosgesinfo.fr\/epinalinfo\/2024\/08\/insolite-un-distributeur-de-fleurs-vient-de-sinstaller-a-cote-de-la-gare-depinal\/","twitter_card":"summary_large_image","twitter_title":"Insolite - Un distributeur de fleurs vient de s'installer \u00e0 c\u00f4t\u00e9 de la gare d\u2019\u00c9pinal - Epinal Info","twitter_description":"Le fleuriste Pascal Hatton, g\u00e9rant de \u00ab La com\u00e9die des fleurs \u00bb \u00e0 \u00c9pinal, vient de mettre en place un [&hellip;]","twitter_creator":"@VosgesInfo88","twitter_site":"@VosgesInfo88","twitter_misc":{"\u00c9crit par":"C.K.","Dur\u00e9e de lecture estim\u00e9e":"1 minute"},"schema":{"@context":"https:\/\/schema.org","@graph":[{"@type":"Article","@id":"https:\/\/vosgesinfo.fr\/epinalinfo\/2024\/08\/insolite-un-distributeur-de-fleurs-vient-de-sinstaller-a-cote-de-la-gare-depinal\/#article","isPartOf":{"@id":"https:\/\/vosgesinfo.fr\/epinalinfo\/2024\/08\/insolite-un-distributeur-de-fleurs-vient-de-sinstaller-a-cote-de-la-gare-depinal\/"},"author":{"name":"C.K.","@id":"https:\/\/vosgesinfo.fr\/epinalinfo\/#\/schema\/person\/6f9a650eeea99d969b6c4ab78fccbe81"},"headline":"Insolite &#8211; Un distributeur de fleurs vient de s&rsquo;installer \u00e0 c\u00f4t\u00e9 de la gare d\u2019\u00c9pinal","datePublished":"2024-08-20T12:41:19+00:00","dateModified":"2024-08-20T12:41:19+00:00","mainEntityOfPage":{"@id":"https:\/\/vosgesinfo.fr\/epinalinfo\/2024\/08\/insolite-un-distributeur-de-fleurs-vient-de-sinstaller-a-cote-de-la-gare-depinal\/"},"wordCount":167,"commentCount":0,"publisher":{"@id":"https:\/\/vosgesinfo.fr\/epinalinfo\/#organization"},"image":{"@id":"https:\/\/vosgesinfo.fr\/epinalinfo\/2024\/08\/insolite-un-distributeur-de-fleurs-vient-de-sinstaller-a-cote-de-la-gare-depinal\/#primaryimage"},"thumbnailUrl":"https:\/\/vosgesinfo.fr\/app\/uploads\/sites\/3\/2024\/08\/distributeur-comedie-des-fleurs-epinal.jpg","keywords":["distributeur automatique","Epinal","fleurs","insolite","La Com\u00e9die des fleurs","Pascal Hatton","vosges"],"articleSection":["A la Une","Epinal","Insolite"],"inLanguage":"fr-FR","potentialAction":[{"@type":"CommentAction","name":"Comment","target":["https:\/\/vosgesinfo.fr\/epinalinfo\/2024\/08\/insolite-un-distributeur-de-fleurs-vient-de-sinstaller-a-cote-de-la-gare-depinal\/#respond"]}]},{"@type":"WebPage","@id":"https:\/\/vosgesinfo.fr\/epinalinfo\/2024\/08\/insolite-un-distributeur-de-fleurs-vient-de-sinstaller-a-cote-de-la-gare-depinal\/","url":"https:\/\/vosgesinfo.fr\/epinalinfo\/2024\/08\/insolite-un-distributeur-de-fleurs-vient-de-sinstaller-a-cote-de-la-gare-depinal\/","name":"Insolite - Un distributeur de fleurs vient de s'installer \u00e0 c\u00f4t\u00e9 de la gare d\u2019\u00c9pinal - Epinal Info","isPartOf":{"@id":"https:\/\/vosgesinfo.fr\/epinalinfo\/#website"},"primaryImageOfPage":{"@id":"https:\/\/vosgesinfo.fr\/epinalinfo\/2024\/08\/insolite-un-distributeur-de-fleurs-vient-de-sinstaller-a-cote-de-la-gare-depinal\/#primaryimage"},"image":{"@id":"https:\/\/vosgesinfo.fr\/epinalinfo\/2024\/08\/insolite-un-distributeur-de-fleurs-vient-de-sinstaller-a-cote-de-la-gare-depinal\/#primaryimage"},"thumbnailUrl":"https:\/\/vosgesinfo.fr\/app\/uploads\/sites\/3\/2024\/08\/distributeur-comedie-des-fleurs-epinal.jpg","datePublished":"2024-08-20T12:41:19+00:00","dateModified":"2024-08-20T12:41:19+00:00","breadcrumb":{"@id":"https:\/\/vosgesinfo.fr\/epinalinfo\/2024\/08\/insolite-un-distributeur-de-fleurs-vient-de-sinstaller-a-cote-de-la-gare-depinal\/#breadcrumb"},"inLanguage":"fr-FR","potentialAction":[{"@type":"ReadAction","target":["https:\/\/vosgesinfo.fr\/epinalinfo\/2024\/08\/insolite-un-distributeur-de-fleurs-vient-de-sinstaller-a-cote-de-la-gare-depinal\/"]}]},{"@type":"ImageObject","inLanguage":"fr-FR","@id":"https:\/\/vosgesinfo.fr\/epinalinfo\/2024\/08\/insolite-un-distributeur-de-fleurs-vient-de-sinstaller-a-cote-de-la-gare-depinal\/#primaryimage","url":"https:\/\/vosgesinfo.fr\/app\/uploads\/sites\/3\/2024\/08\/distributeur-comedie-des-fleurs-epinal.jpg","contentUrl":"https:\/\/vosgesinfo.fr\/app\/uploads\/sites\/3\/2024\/08\/distributeur-comedie-des-fleurs-epinal.jpg","width":1536,"height":2048,"caption":"photographie FB La Com\u00e9die des Fleurs"},{"@type":"BreadcrumbList","@id":"https:\/\/vosgesinfo.fr\/epinalinfo\/2024\/08\/insolite-un-distributeur-de-fleurs-vient-de-sinstaller-a-cote-de-la-gare-depinal\/#breadcrumb","itemListElement":[{"@type":"ListItem","position":1,"name":"Home","item":"https:\/\/vosgesinfo.fr\/epinalinfo\/"},{"@type":"ListItem","position":2,"name":"Insolite &#8211; Un distributeur de fleurs vient de s&#8217;installer \u00e0 c\u00f4t\u00e9 de la gare d\u2019\u00c9pinal"}]},{"@type":"WebSite","@id":"https:\/\/vosgesinfo.fr\/epinalinfo\/#website","url":"https:\/\/vosgesinfo.fr\/epinalinfo\/","name":"Epinal Info","description":"Toute l&#039;actualit\u00e9 d&#039;\u00c9pinal","publisher":{"@id":"https:\/\/vosgesinfo.fr\/epinalinfo\/#organization"},"alternateName":"Toute l'actualit\u00e9 d'\u00c9pinal","potentialAction":[{"@type":"SearchAction","target":{"@type":"EntryPoint","urlTemplate":"https:\/\/vosgesinfo.fr\/epinalinfo\/?s={search_term_string}"},"query-input":"required name=search_term_string"}],"inLanguage":"fr-FR"},{"@type":"Organization","@id":"https:\/\/vosgesinfo.fr\/epinalinfo\/#organization","name":"Epinal Info","url":"https:\/\/vosgesinfo.fr\/epinalinfo\/","logo":{"@type":"ImageObject","inLanguage":"fr-FR","@id":"https:\/\/vosgesinfo.fr\/epinalinfo\/#\/schema\/logo\/image\/","url":"https:\/\/vosgesinfo.fr\/app\/uploads\/sites\/3\/2023\/08\/logo-epinalinfos.svg","contentUrl":"https:\/\/vosgesinfo.fr\/app\/uploads\/sites\/3\/2023\/08\/logo-epinalinfos.svg","width":1,"height":1,"caption":"Epinal Info"},"image":{"@id":"https:\/\/vosgesinfo.fr\/epinalinfo\/#\/schema\/logo\/image\/"},"sameAs":["https:\/\/www.facebook.com\/Epinalinfos","https:\/\/x.com\/VosgesInfo88","https:\/\/www.youtube.com\/@vosgesinfo"]},{"@type":"Person","@id":"https:\/\/vosgesinfo.fr\/epinalinfo\/#\/schema\/person\/6f9a650eeea99d969b6c4ab78fccbe81","name":"C.K.","image":{"@type":"ImageObject","inLanguage":"fr-FR","@id":"https:\/\/vosgesinfo.fr\/epinalinfo\/#\/schema\/person\/image\/","url":"https:\/\/secure.gravatar.com\/avatar\/48e3fc7f8421ba8942be6b74a2b7f014ca39bc00dece156b7a8e098ae7dc87bf?s=96&d=mm&r=g","contentUrl":"https:\/\/secure.gravatar.com\/avatar\/48e3fc7f8421ba8942be6b74a2b7f014ca39bc00dece156b7a8e098ae7dc87bf?s=96&d=mm&r=g","caption":"C.K."},"url":"https:\/\/vosgesinfo.fr\/epinalinfo\/author\/celia-k-n\/"}]}},"_links":{"self":[{"href":"https:\/\/vosgesinfo.fr\/epinalinfo\/wp-json\/wp\/v2\/posts\/120651","targetHints":{"allow":["GET"]}}],"collection":[{"href":"https:\/\/vosgesinfo.fr\/epinalinfo\/wp-json\/wp\/v2\/posts"}],"about":[{"href":"https:\/\/vosgesinfo.fr\/epinalinfo\/wp-json\/wp\/v2\/types\/post"}],"author":[{"embeddable":true,"href":"https:\/\/vosgesinfo.fr\/epinalinfo\/wp-json\/wp\/v2\/users\/52"}],"replies":[{"embeddable":true,"href":"https:\/\/vosgesinfo.fr\/epinalinfo\/wp-json\/wp\/v2\/comments?post=120651"}],"version-history":[{"count":1,"href":"https:\/\/vosgesinfo.fr\/epinalinfo\/wp-json\/wp\/v2\/posts\/120651\/revisions"}],"predecessor-version":[{"id":120653,"href":"https:\/\/vosgesinfo.fr\/epinalinfo\/wp-json\/wp\/v2\/posts\/120651\/revisions\/120653"}],"wp:featuredmedia":[{"embeddable":true,"href":"https:\/\/vosgesinfo.fr\/epinalinfo\/wp-json\/wp\/v2\/media\/120652"}],"wp:attachment":[{"href":"https:\/\/vosgesinfo.fr\/epinalinfo\/wp-json\/wp\/v2\/media?parent=120651"}],"wp:term":[{"taxonomy":"category","embeddable":true,"href":"https:\/\/vosgesinfo.fr\/epinalinfo\/wp-json\/wp\/v2\/categories?post=120651"},{"taxonomy":"post_tag","embeddable":true,"href":"https:\/\/vosgesinfo.fr\/epinalinfo\/wp-json\/wp\/v2\/tags?post=120651"}],"curies":[{"name":"wp","href":"https:\/\/api.w.org\/{rel}","templated":true}]}}