{"id":120661,"date":"2024-08-20T07:13:37","date_gmt":"2024-08-20T05:13:37","guid":{"rendered":"https:\/\/vosgesinfo.fr\/epinalinfo\/?p=120661"},"modified":"2024-08-20T17:14:29","modified_gmt":"2024-08-20T15:14:29","slug":"nouvelle-date-cine-en-foret-xertigny-et-evenements-du-mois","status":"publish","type":"post","link":"https:\/\/vosgesinfo.fr\/epinalinfo\/2024\/08\/nouvelle-date-cine-en-foret-xertigny-et-evenements-du-mois\/","title":{"rendered":"Nouvelle date Cin\u00e9 en For\u00eat Xertigny et \u00e9v\u00e9nements du mois"},"content":{"rendered":"<p class=\"x_MsoNormal\"><a href=\"https:\/\/vosgesinfo.fr\/app\/uploads\/sites\/3\/2024\/08\/sans-titre-2.jpg\"><img decoding=\"async\" class=\"aligncenter size-full wp-image-120662\" src=\"https:\/\/vosgesinfo.fr\/app\/uploads\/sites\/3\/2024\/08\/sans-titre-2.jpg\" alt=\"\" width=\"396\" height=\"541\" srcset=\"https:\/\/vosgesinfo.fr\/app\/uploads\/sites\/3\/2024\/08\/sans-titre-2.jpg 396w, https:\/\/vosgesinfo.fr\/app\/uploads\/sites\/3\/2024\/08\/sans-titre-2-220x300.jpg 220w\" sizes=\"(max-width: 396px) 100vw, 396px\" \/><\/a>La Mairie de Xertigny vous informe que plusieurs \u00e9v\u00e9nements se tiendront sur notre commune \u00e0 la fin du mois d\u2019Ao\u00fbt et d\u00e9but Septembre.<\/p>\n<p class=\"x_MsoNormal\"><b>Le Cin\u00e9 en For\u00eat, initialement pr\u00e9vu le 14 Ao\u00fbt, est report\u00e9 au Mardi 27 Ao\u00fbt au Bois Beaudoin d\u00e8s 17h00.<br \/>\n<\/b><\/p>\n<p class=\"x_MsoNormal\">D\u2019autres \u00e9v\u00e9nements se d\u00e9rouleront \u00e0 Xertigny dont\u00a0:<\/p>\n<ul type=\"disc\">\n<li class=\"x_MsoListParagraph\">Du Bruit dans Ta Grange, festival itin\u00e9rant organis\u00e9 par la Golaye Coop\u00e9ration avec l\u2019Association IADEA, le 30 Ao\u00fbt d\u00e8s 17h00 dans le Parc du Ch\u00e2teau \u00e0 Xertigny. En entr\u00e9e libre. Lien de l\u2019\u00e9v\u00e9nement\u00a0:<\/li>\n<\/ul>\n<p class=\"x_MsoListParagraph\"><a id=\"LPlnk538554\" href=\"https:\/\/www.facebook.com\/events\/456878187211517\" target=\"_blank\" rel=\"noopener noreferrer\" data-auth=\"NotApplicable\" data-linkindex=\"0\">https:\/\/www.facebook.com\/events\/456878187211517<\/a><\/p>\n<ul type=\"disc\">\n<li class=\"x_MsoListParagraph\">La F\u00eate du Hameau, organis\u00e9e par l\u2019Association des Moinpaux, le Samedi 31 Ao\u00fbt et le Dimanche 01 Septembre, \u00e0 Moyenpal &#8211; Xertigny.<\/li>\n<\/ul>\n","protected":false},"excerpt":{"rendered":"<p>La Mairie de Xertigny vous informe que plusieurs \u00e9v\u00e9nements se tiendront sur notre commune \u00e0 la fin du mois d\u2019Ao\u00fbt [&hellip;]<\/p>\n","protected":false},"author":52,"featured_media":120662,"comment_status":"open","ping_status":"open","sticky":false,"template":"","format":"standard","meta":{"footnotes":""},"categories":[22,283],"tags":[],"class_list":["post-120661","post","type-post","status-publish","format-standard","has-post-thumbnail","hentry","category-a-la-une","category-xertigny"],"acf":[],"yoast_head":"<!-- This site is optimized with the Yoast SEO plugin v22.5 - https:\/\/yoast.com\/wordpress\/plugins\/seo\/ -->\n<title>Nouvelle date Cin\u00e9 en For\u00eat Xertigny et \u00e9v\u00e9nements du mois - Epinal Info<\/title>\n<meta name=\"robots\" content=\"index, follow, max-snippet:-1, max-image-preview:large, max-video-preview:-1\" \/>\n<link rel=\"canonical\" href=\"https:\/\/vosgesinfo.fr\/epinalinfo\/2024\/08\/nouvelle-date-cine-en-foret-xertigny-et-evenements-du-mois\/\" \/>\n<meta name=\"twitter:card\" content=\"summary_large_image\" \/>\n<meta name=\"twitter:title\" content=\"Nouvelle date Cin\u00e9 en For\u00eat Xertigny et \u00e9v\u00e9nements du mois - Epinal Info\" \/>\n<meta name=\"twitter:description\" content=\"La Mairie de Xertigny vous informe que plusieurs \u00e9v\u00e9nements se tiendront sur notre commune \u00e0 la fin du mois d\u2019Ao\u00fbt [&hellip;]\" \/>\n<meta name=\"twitter:image\" content=\"https:\/\/vosgesinfo.fr\/app\/uploads\/sites\/3\/2024\/08\/sans-titre-2.jpg\" \/>\n<meta name=\"twitter:creator\" content=\"@VosgesInfo88\" \/>\n<meta name=\"twitter:site\" content=\"@VosgesInfo88\" \/>\n<meta name=\"twitter:label1\" content=\"\u00c9crit par\" \/>\n\t<meta name=\"twitter:data1\" content=\"C.K.\" \/>\n\t<meta name=\"twitter:label2\" content=\"Dur\u00e9e de lecture estim\u00e9e\" \/>\n\t<meta name=\"twitter:data2\" content=\"1 minute\" \/>\n<script type=\"application\/ld+json\" class=\"yoast-schema-graph\">{\"@context\":\"https:\/\/schema.org\",\"@graph\":[{\"@type\":\"Article\",\"@id\":\"https:\/\/vosgesinfo.fr\/epinalinfo\/2024\/08\/nouvelle-date-cine-en-foret-xertigny-et-evenements-du-mois\/#article\",\"isPartOf\":{\"@id\":\"https:\/\/vosgesinfo.fr\/epinalinfo\/2024\/08\/nouvelle-date-cine-en-foret-xertigny-et-evenements-du-mois\/\"},\"author\":{\"name\":\"C.K.\",\"@id\":\"https:\/\/vosgesinfo.fr\/epinalinfo\/#\/schema\/person\/6f9a650eeea99d969b6c4ab78fccbe81\"},\"headline\":\"Nouvelle date Cin\u00e9 en For\u00eat Xertigny et \u00e9v\u00e9nements du mois\",\"datePublished\":\"2024-08-20T05:13:37+00:00\",\"dateModified\":\"2024-08-20T15:14:29+00:00\",\"mainEntityOfPage\":{\"@id\":\"https:\/\/vosgesinfo.fr\/epinalinfo\/2024\/08\/nouvelle-date-cine-en-foret-xertigny-et-evenements-du-mois\/\"},\"wordCount\":138,\"commentCount\":1,\"publisher\":{\"@id\":\"https:\/\/vosgesinfo.fr\/epinalinfo\/#organization\"},\"image\":{\"@id\":\"https:\/\/vosgesinfo.fr\/epinalinfo\/2024\/08\/nouvelle-date-cine-en-foret-xertigny-et-evenements-du-mois\/#primaryimage\"},\"thumbnailUrl\":\"https:\/\/vosgesinfo.fr\/app\/uploads\/sites\/3\/2024\/08\/sans-titre-2.jpg\",\"articleSection\":[\"A la Une\",\"Xertigny\"],\"inLanguage\":\"fr-FR\",\"potentialAction\":[{\"@type\":\"CommentAction\",\"name\":\"Comment\",\"target\":[\"https:\/\/vosgesinfo.fr\/epinalinfo\/2024\/08\/nouvelle-date-cine-en-foret-xertigny-et-evenements-du-mois\/#respond\"]}]},{\"@type\":\"WebPage\",\"@id\":\"https:\/\/vosgesinfo.fr\/epinalinfo\/2024\/08\/nouvelle-date-cine-en-foret-xertigny-et-evenements-du-mois\/\",\"url\":\"https:\/\/vosgesinfo.fr\/epinalinfo\/2024\/08\/nouvelle-date-cine-en-foret-xertigny-et-evenements-du-mois\/\",\"name\":\"Nouvelle date Cin\u00e9 en For\u00eat Xertigny et \u00e9v\u00e9nements du mois - Epinal Info\",\"isPartOf\":{\"@id\":\"https:\/\/vosgesinfo.fr\/epinalinfo\/#website\"},\"primaryImageOfPage\":{\"@id\":\"https:\/\/vosgesinfo.fr\/epinalinfo\/2024\/08\/nouvelle-date-cine-en-foret-xertigny-et-evenements-du-mois\/#primaryimage\"},\"image\":{\"@id\":\"https:\/\/vosgesinfo.fr\/epinalinfo\/2024\/08\/nouvelle-date-cine-en-foret-xertigny-et-evenements-du-mois\/#primaryimage\"},\"thumbnailUrl\":\"https:\/\/vosgesinfo.fr\/app\/uploads\/sites\/3\/2024\/08\/sans-titre-2.jpg\",\"datePublished\":\"2024-08-20T05:13:37+00:00\",\"dateModified\":\"2024-08-20T15:14:29+00:00\",\"breadcrumb\":{\"@id\":\"https:\/\/vosgesinfo.fr\/epinalinfo\/2024\/08\/nouvelle-date-cine-en-foret-xertigny-et-evenements-du-mois\/#breadcrumb\"},\"inLanguage\":\"fr-FR\",\"potentialAction\":[{\"@type\":\"ReadAction\",\"target\":[\"https:\/\/vosgesinfo.fr\/epinalinfo\/2024\/08\/nouvelle-date-cine-en-foret-xertigny-et-evenements-du-mois\/\"]}]},{\"@type\":\"ImageObject\",\"inLanguage\":\"fr-FR\",\"@id\":\"https:\/\/vosgesinfo.fr\/epinalinfo\/2024\/08\/nouvelle-date-cine-en-foret-xertigny-et-evenements-du-mois\/#primaryimage\",\"url\":\"https:\/\/vosgesinfo.fr\/app\/uploads\/sites\/3\/2024\/08\/sans-titre-2.jpg\",\"contentUrl\":\"https:\/\/vosgesinfo.fr\/app\/uploads\/sites\/3\/2024\/08\/sans-titre-2.jpg\",\"width\":396,\"height\":541},{\"@type\":\"BreadcrumbList\",\"@id\":\"https:\/\/vosgesinfo.fr\/epinalinfo\/2024\/08\/nouvelle-date-cine-en-foret-xertigny-et-evenements-du-mois\/#breadcrumb\",\"itemListElement\":[{\"@type\":\"ListItem\",\"position\":1,\"name\":\"Home\",\"item\":\"https:\/\/vosgesinfo.fr\/epinalinfo\/\"},{\"@type\":\"ListItem\",\"position\":2,\"name\":\"Nouvelle date Cin\u00e9 en For\u00eat Xertigny et \u00e9v\u00e9nements du mois\"}]},{\"@type\":\"WebSite\",\"@id\":\"https:\/\/vosgesinfo.fr\/epinalinfo\/#website\",\"url\":\"https:\/\/vosgesinfo.fr\/epinalinfo\/\",\"name\":\"Epinal Info\",\"description\":\"Toute l&#039;actualit\u00e9 d&#039;\u00c9pinal\",\"publisher\":{\"@id\":\"https:\/\/vosgesinfo.fr\/epinalinfo\/#organization\"},\"alternateName\":\"Toute l'actualit\u00e9 d'\u00c9pinal\",\"potentialAction\":[{\"@type\":\"SearchAction\",\"target\":{\"@type\":\"EntryPoint\",\"urlTemplate\":\"https:\/\/vosgesinfo.fr\/epinalinfo\/?s={search_term_string}\"},\"query-input\":\"required name=search_term_string\"}],\"inLanguage\":\"fr-FR\"},{\"@type\":\"Organization\",\"@id\":\"https:\/\/vosgesinfo.fr\/epinalinfo\/#organization\",\"name\":\"Epinal Info\",\"url\":\"https:\/\/vosgesinfo.fr\/epinalinfo\/\",\"logo\":{\"@type\":\"ImageObject\",\"inLanguage\":\"fr-FR\",\"@id\":\"https:\/\/vosgesinfo.fr\/epinalinfo\/#\/schema\/logo\/image\/\",\"url\":\"https:\/\/vosgesinfo.fr\/app\/uploads\/sites\/3\/2023\/08\/logo-epinalinfos.svg\",\"contentUrl\":\"https:\/\/vosgesinfo.fr\/app\/uploads\/sites\/3\/2023\/08\/logo-epinalinfos.svg\",\"width\":1,\"height\":1,\"caption\":\"Epinal Info\"},\"image\":{\"@id\":\"https:\/\/vosgesinfo.fr\/epinalinfo\/#\/schema\/logo\/image\/\"},\"sameAs\":[\"https:\/\/www.facebook.com\/Epinalinfos\",\"https:\/\/x.com\/VosgesInfo88\",\"https:\/\/www.youtube.com\/@vosgesinfo\"]},{\"@type\":\"Person\",\"@id\":\"https:\/\/vosgesinfo.fr\/epinalinfo\/#\/schema\/person\/6f9a650eeea99d969b6c4ab78fccbe81\",\"name\":\"C.K.\",\"image\":{\"@type\":\"ImageObject\",\"inLanguage\":\"fr-FR\",\"@id\":\"https:\/\/vosgesinfo.fr\/epinalinfo\/#\/schema\/person\/image\/\",\"url\":\"https:\/\/secure.gravatar.com\/avatar\/48e3fc7f8421ba8942be6b74a2b7f014ca39bc00dece156b7a8e098ae7dc87bf?s=96&d=mm&r=g\",\"contentUrl\":\"https:\/\/secure.gravatar.com\/avatar\/48e3fc7f8421ba8942be6b74a2b7f014ca39bc00dece156b7a8e098ae7dc87bf?s=96&d=mm&r=g\",\"caption\":\"C.K.\"},\"url\":\"https:\/\/vosgesinfo.fr\/epinalinfo\/author\/celia-k-n\/\"}]}<\/script>\n<!-- \/ Yoast SEO plugin. -->","yoast_head_json":{"title":"Nouvelle date Cin\u00e9 en For\u00eat Xertigny et \u00e9v\u00e9nements du mois - Epinal Info","robots":{"index":"index","follow":"follow","max-snippet":"max-snippet:-1","max-image-preview":"max-image-preview:large","max-video-preview":"max-video-preview:-1"},"canonical":"https:\/\/vosgesinfo.fr\/epinalinfo\/2024\/08\/nouvelle-date-cine-en-foret-xertigny-et-evenements-du-mois\/","twitter_card":"summary_large_image","twitter_title":"Nouvelle date Cin\u00e9 en For\u00eat Xertigny et \u00e9v\u00e9nements du mois - Epinal Info","twitter_description":"La Mairie de Xertigny vous informe que plusieurs \u00e9v\u00e9nements se tiendront sur notre commune \u00e0 la fin du mois d\u2019Ao\u00fbt [&hellip;]","twitter_image":"https:\/\/vosgesinfo.fr\/app\/uploads\/sites\/3\/2024\/08\/sans-titre-2.jpg","twitter_creator":"@VosgesInfo88","twitter_site":"@VosgesInfo88","twitter_misc":{"\u00c9crit par":"C.K.","Dur\u00e9e de lecture estim\u00e9e":"1 minute"},"schema":{"@context":"https:\/\/schema.org","@graph":[{"@type":"Article","@id":"https:\/\/vosgesinfo.fr\/epinalinfo\/2024\/08\/nouvelle-date-cine-en-foret-xertigny-et-evenements-du-mois\/#article","isPartOf":{"@id":"https:\/\/vosgesinfo.fr\/epinalinfo\/2024\/08\/nouvelle-date-cine-en-foret-xertigny-et-evenements-du-mois\/"},"author":{"name":"C.K.","@id":"https:\/\/vosgesinfo.fr\/epinalinfo\/#\/schema\/person\/6f9a650eeea99d969b6c4ab78fccbe81"},"headline":"Nouvelle date Cin\u00e9 en For\u00eat Xertigny et \u00e9v\u00e9nements du mois","datePublished":"2024-08-20T05:13:37+00:00","dateModified":"2024-08-20T15:14:29+00:00","mainEntityOfPage":{"@id":"https:\/\/vosgesinfo.fr\/epinalinfo\/2024\/08\/nouvelle-date-cine-en-foret-xertigny-et-evenements-du-mois\/"},"wordCount":138,"commentCount":1,"publisher":{"@id":"https:\/\/vosgesinfo.fr\/epinalinfo\/#organization"},"image":{"@id":"https:\/\/vosgesinfo.fr\/epinalinfo\/2024\/08\/nouvelle-date-cine-en-foret-xertigny-et-evenements-du-mois\/#primaryimage"},"thumbnailUrl":"https:\/\/vosgesinfo.fr\/app\/uploads\/sites\/3\/2024\/08\/sans-titre-2.jpg","articleSection":["A la Une","Xertigny"],"inLanguage":"fr-FR","potentialAction":[{"@type":"CommentAction","name":"Comment","target":["https:\/\/vosgesinfo.fr\/epinalinfo\/2024\/08\/nouvelle-date-cine-en-foret-xertigny-et-evenements-du-mois\/#respond"]}]},{"@type":"WebPage","@id":"https:\/\/vosgesinfo.fr\/epinalinfo\/2024\/08\/nouvelle-date-cine-en-foret-xertigny-et-evenements-du-mois\/","url":"https:\/\/vosgesinfo.fr\/epinalinfo\/2024\/08\/nouvelle-date-cine-en-foret-xertigny-et-evenements-du-mois\/","name":"Nouvelle date Cin\u00e9 en For\u00eat Xertigny et \u00e9v\u00e9nements du mois - Epinal Info","isPartOf":{"@id":"https:\/\/vosgesinfo.fr\/epinalinfo\/#website"},"primaryImageOfPage":{"@id":"https:\/\/vosgesinfo.fr\/epinalinfo\/2024\/08\/nouvelle-date-cine-en-foret-xertigny-et-evenements-du-mois\/#primaryimage"},"image":{"@id":"https:\/\/vosgesinfo.fr\/epinalinfo\/2024\/08\/nouvelle-date-cine-en-foret-xertigny-et-evenements-du-mois\/#primaryimage"},"thumbnailUrl":"https:\/\/vosgesinfo.fr\/app\/uploads\/sites\/3\/2024\/08\/sans-titre-2.jpg","datePublished":"2024-08-20T05:13:37+00:00","dateModified":"2024-08-20T15:14:29+00:00","breadcrumb":{"@id":"https:\/\/vosgesinfo.fr\/epinalinfo\/2024\/08\/nouvelle-date-cine-en-foret-xertigny-et-evenements-du-mois\/#breadcrumb"},"inLanguage":"fr-FR","potentialAction":[{"@type":"ReadAction","target":["https:\/\/vosgesinfo.fr\/epinalinfo\/2024\/08\/nouvelle-date-cine-en-foret-xertigny-et-evenements-du-mois\/"]}]},{"@type":"ImageObject","inLanguage":"fr-FR","@id":"https:\/\/vosgesinfo.fr\/epinalinfo\/2024\/08\/nouvelle-date-cine-en-foret-xertigny-et-evenements-du-mois\/#primaryimage","url":"https:\/\/vosgesinfo.fr\/app\/uploads\/sites\/3\/2024\/08\/sans-titre-2.jpg","contentUrl":"https:\/\/vosgesinfo.fr\/app\/uploads\/sites\/3\/2024\/08\/sans-titre-2.jpg","width":396,"height":541},{"@type":"BreadcrumbList","@id":"https:\/\/vosgesinfo.fr\/epinalinfo\/2024\/08\/nouvelle-date-cine-en-foret-xertigny-et-evenements-du-mois\/#breadcrumb","itemListElement":[{"@type":"ListItem","position":1,"name":"Home","item":"https:\/\/vosgesinfo.fr\/epinalinfo\/"},{"@type":"ListItem","position":2,"name":"Nouvelle date Cin\u00e9 en For\u00eat Xertigny et \u00e9v\u00e9nements du mois"}]},{"@type":"WebSite","@id":"https:\/\/vosgesinfo.fr\/epinalinfo\/#website","url":"https:\/\/vosgesinfo.fr\/epinalinfo\/","name":"Epinal Info","description":"Toute l&#039;actualit\u00e9 d&#039;\u00c9pinal","publisher":{"@id":"https:\/\/vosgesinfo.fr\/epinalinfo\/#organization"},"alternateName":"Toute l'actualit\u00e9 d'\u00c9pinal","potentialAction":[{"@type":"SearchAction","target":{"@type":"EntryPoint","urlTemplate":"https:\/\/vosgesinfo.fr\/epinalinfo\/?s={search_term_string}"},"query-input":"required name=search_term_string"}],"inLanguage":"fr-FR"},{"@type":"Organization","@id":"https:\/\/vosgesinfo.fr\/epinalinfo\/#organization","name":"Epinal Info","url":"https:\/\/vosgesinfo.fr\/epinalinfo\/","logo":{"@type":"ImageObject","inLanguage":"fr-FR","@id":"https:\/\/vosgesinfo.fr\/epinalinfo\/#\/schema\/logo\/image\/","url":"https:\/\/vosgesinfo.fr\/app\/uploads\/sites\/3\/2023\/08\/logo-epinalinfos.svg","contentUrl":"https:\/\/vosgesinfo.fr\/app\/uploads\/sites\/3\/2023\/08\/logo-epinalinfos.svg","width":1,"height":1,"caption":"Epinal Info"},"image":{"@id":"https:\/\/vosgesinfo.fr\/epinalinfo\/#\/schema\/logo\/image\/"},"sameAs":["https:\/\/www.facebook.com\/Epinalinfos","https:\/\/x.com\/VosgesInfo88","https:\/\/www.youtube.com\/@vosgesinfo"]},{"@type":"Person","@id":"https:\/\/vosgesinfo.fr\/epinalinfo\/#\/schema\/person\/6f9a650eeea99d969b6c4ab78fccbe81","name":"C.K.","image":{"@type":"ImageObject","inLanguage":"fr-FR","@id":"https:\/\/vosgesinfo.fr\/epinalinfo\/#\/schema\/person\/image\/","url":"https:\/\/secure.gravatar.com\/avatar\/48e3fc7f8421ba8942be6b74a2b7f014ca39bc00dece156b7a8e098ae7dc87bf?s=96&d=mm&r=g","contentUrl":"https:\/\/secure.gravatar.com\/avatar\/48e3fc7f8421ba8942be6b74a2b7f014ca39bc00dece156b7a8e098ae7dc87bf?s=96&d=mm&r=g","caption":"C.K."},"url":"https:\/\/vosgesinfo.fr\/epinalinfo\/author\/celia-k-n\/"}]}},"_links":{"self":[{"href":"https:\/\/vosgesinfo.fr\/epinalinfo\/wp-json\/wp\/v2\/posts\/120661","targetHints":{"allow":["GET"]}}],"collection":[{"href":"https:\/\/vosgesinfo.fr\/epinalinfo\/wp-json\/wp\/v2\/posts"}],"about":[{"href":"https:\/\/vosgesinfo.fr\/epinalinfo\/wp-json\/wp\/v2\/types\/post"}],"author":[{"embeddable":true,"href":"https:\/\/vosgesinfo.fr\/epinalinfo\/wp-json\/wp\/v2\/users\/52"}],"replies":[{"embeddable":true,"href":"https:\/\/vosgesinfo.fr\/epinalinfo\/wp-json\/wp\/v2\/comments?post=120661"}],"version-history":[{"count":3,"href":"https:\/\/vosgesinfo.fr\/epinalinfo\/wp-json\/wp\/v2\/posts\/120661\/revisions"}],"predecessor-version":[{"id":120665,"href":"https:\/\/vosgesinfo.fr\/epinalinfo\/wp-json\/wp\/v2\/posts\/120661\/revisions\/120665"}],"wp:featuredmedia":[{"embeddable":true,"href":"https:\/\/vosgesinfo.fr\/epinalinfo\/wp-json\/wp\/v2\/media\/120662"}],"wp:attachment":[{"href":"https:\/\/vosgesinfo.fr\/epinalinfo\/wp-json\/wp\/v2\/media?parent=120661"}],"wp:term":[{"taxonomy":"category","embeddable":true,"href":"https:\/\/vosgesinfo.fr\/epinalinfo\/wp-json\/wp\/v2\/categories?post=120661"},{"taxonomy":"post_tag","embeddable":true,"href":"https:\/\/vosgesinfo.fr\/epinalinfo\/wp-json\/wp\/v2\/tags?post=120661"}],"curies":[{"name":"wp","href":"https:\/\/api.w.org\/{rel}","templated":true}]}}