{"id":120796,"date":"2024-08-24T15:52:05","date_gmt":"2024-08-24T13:52:05","guid":{"rendered":"https:\/\/vosgesinfo.fr\/epinalinfo\/?p=120796"},"modified":"2024-08-24T15:52:05","modified_gmt":"2024-08-24T13:52:05","slug":"atteinte-dune-maladie-musculaire-cecile-petitjean-a-besoin-dune-maison-adaptee","status":"publish","type":"post","link":"https:\/\/vosgesinfo.fr\/epinalinfo\/2024\/08\/atteinte-dune-maladie-musculaire-cecile-petitjean-a-besoin-dune-maison-adaptee\/","title":{"rendered":"Atteinte d&rsquo;une maladie musculaire, C\u00e9cile Petitjean a besoin d&rsquo;une maison adapt\u00e9e"},"content":{"rendered":"<h2><a href=\"https:\/\/vosgesinfo.fr\/app\/uploads\/sites\/3\/2024\/08\/thumbnail-image0-scaled.jpg\"><img decoding=\"async\" class=\"aligncenter size-full wp-image-120802\" src=\"https:\/\/vosgesinfo.fr\/app\/uploads\/sites\/3\/2024\/08\/thumbnail-image0-scaled.jpg\" alt=\"\" width=\"1555\" height=\"2560\" srcset=\"https:\/\/vosgesinfo.fr\/app\/uploads\/sites\/3\/2024\/08\/thumbnail-image0-scaled.jpg 1555w, https:\/\/vosgesinfo.fr\/app\/uploads\/sites\/3\/2024\/08\/thumbnail-image0-182x300.jpg 182w, https:\/\/vosgesinfo.fr\/app\/uploads\/sites\/3\/2024\/08\/thumbnail-image0-622x1024.jpg 622w, https:\/\/vosgesinfo.fr\/app\/uploads\/sites\/3\/2024\/08\/thumbnail-image0-768x1264.jpg 768w, https:\/\/vosgesinfo.fr\/app\/uploads\/sites\/3\/2024\/08\/thumbnail-image0-933x1536.jpg 933w, https:\/\/vosgesinfo.fr\/app\/uploads\/sites\/3\/2024\/08\/thumbnail-image0-1244x2048.jpg 1244w\" sizes=\"(max-width: 1555px) 100vw, 1555px\" \/><\/a>Originaire d&rsquo;Epinal, C\u00e9cile Petitjean, 26 ans, est atteinte d&rsquo;une maladie musculaire qui l&rsquo;handicape dans son quotidien. Elle a d\u00e9cid\u00e9 de demander de l&rsquo;aide en cr\u00e9ant une cagnotte <a href=\"https:\/\/www.leetchi.com\/fr\/c\/une-maison-adaptee-pour-la-vie-1244951\">Leetchi<\/a> pour financer et r\u00e9aliser une petite d\u00e9pendance de 60m2 dans le jardin de ses parents.<\/h2>\n<p>C\u00e9cile Petitjean a 26 ans et elle habite \u00e0 Epinal. A l&rsquo;\u00e2ge de 18 ans, elle a \u00e9t\u00e9 diagnostiqu\u00e9e d\u2019une maladie musculaire qui s\u2019appelle dysferlinopathie, ou plus commun\u00e9ment appel\u00e9 myopathie des ceintures.<\/p>\n<p>\u00ab\u00a0Depuis mon diagnostic j\u2019ai la rage de vivre je me bats, je faisais tout toute seule, avec l\u2019aide d\u2019une canne j\u2019arrivais \u00e0 marcher, seule, avec assurance, avec force. Seulement, depuis 1 an, mon combat s\u2019intensifie, je ne peux plus me d\u00e9placer seule avec ma b\u00e9quille. J\u2019ai besoin d\u2019une personne pour me maintenir, et seulement pour faire quelques m\u00e8tres pas plus, pour les grosses sorties comme les courses ou le shopping, je suis oblig\u00e9e d\u2019\u00eatre dans un fauteuil.. mais faute de moyen c\u2019est seulement un fauteuil de transfert, je ne peux pas avancer seule j\u2019ai toujours besoin de quelqu\u2019un pour m\u2019assister.\u00a0\u00bb explique-t-elle.<\/p>\n<p>C\u00e9cile Petitjean veut tout de m\u00eame \u00eatre ind\u00e9pendante.<em> \u00ab\u00a0Je suis tr\u00e8s bien chez mes parents en mati\u00e8re d\u2019accompagnement et d\u2019amour au quotidien. Pour autant, la maison n\u2019est plus adapt\u00e9e au vu de l\u2019\u00e9volution de ma maladie.\u00a0\u00bb<\/em> poursuit-elle. En effet, il y a des escaliers pour acc\u00e9der \u00e0 la salle de bain et aux toilettes. Elle a des difficult\u00e9s pour les monter. La maison est \u00e9galement \u00e9quip\u00e9e d&rsquo;une baignoire et elle ne peut pas y acc\u00e9der toute seule.<em> \u00ab\u00a0Alors maman, papa, sont l\u00e0, ils portent mes jambes quand je n\u2019ai plus de force, ils me portent m\u00eame quand cela devient trop compliqu\u00e9.\u00a0\u00bb<\/em> commente la jeune femme.<\/p>\n<p>Mais cette situation reste difficile \u00e0 vivre pour elle. Alors C\u00e9cile Petitjean a d\u00e9cid\u00e9 de demander de l&rsquo;aide en cr\u00e9ant une cagnotte<a href=\"https:\/\/www.leetchi.com\/fr\/c\/une-maison-adaptee-pour-la-vie-1244951\"> leetchi<\/a> pour financer et r\u00e9aliser une petite d\u00e9pendance de 60m2 dans le jardin de ses parents. Un lieu adapt\u00e9 \u00e0 son quotidien.<\/p>\n<p><strong>Retrouvez la cagnotte en ligne : <a href=\"https:\/\/www.leetchi.com\/fr\/c\/une-maison-adaptee-pour-la-vie-1244951\">https:\/\/www.leetchi.com\/fr\/c\/une-maison-adaptee-pour-la-vie-1244951<\/a><\/strong><\/p>\n","protected":false},"excerpt":{"rendered":"<p>Originaire d&rsquo;Epinal, C\u00e9cile Petitjean, 26 ans, est atteinte d&rsquo;une maladie musculaire qui l&rsquo;handicape dans son quotidien. Elle a d\u00e9cid\u00e9 de [&hellip;]<\/p>\n","protected":false},"author":52,"featured_media":120802,"comment_status":"open","ping_status":"open","sticky":false,"template":"","format":"standard","meta":{"footnotes":""},"categories":[22,24,192,5],"tags":[],"class_list":["post-120796","post","type-post","status-publish","format-standard","has-post-thumbnail","hentry","category-a-la-une","category-epinal","category-solidarite","category-vosges"],"acf":[],"yoast_head":"<!-- This site is optimized with the Yoast SEO plugin v22.5 - https:\/\/yoast.com\/wordpress\/plugins\/seo\/ -->\n<title>Atteinte d&#039;une maladie musculaire, C\u00e9cile Petitjean a besoin d&#039;une maison adapt\u00e9e - Epinal Info<\/title>\n<meta name=\"robots\" content=\"index, follow, max-snippet:-1, max-image-preview:large, max-video-preview:-1\" \/>\n<link rel=\"canonical\" href=\"https:\/\/vosgesinfo.fr\/epinalinfo\/2024\/08\/atteinte-dune-maladie-musculaire-cecile-petitjean-a-besoin-dune-maison-adaptee\/\" \/>\n<meta name=\"twitter:card\" content=\"summary_large_image\" \/>\n<meta name=\"twitter:title\" content=\"Atteinte d&#039;une maladie musculaire, C\u00e9cile Petitjean a besoin d&#039;une maison adapt\u00e9e - Epinal Info\" \/>\n<meta name=\"twitter:description\" content=\"Originaire d&rsquo;Epinal, C\u00e9cile Petitjean, 26 ans, est atteinte d&rsquo;une maladie musculaire qui l&rsquo;handicape dans son quotidien. Elle a d\u00e9cid\u00e9 de [&hellip;]\" \/>\n<meta name=\"twitter:image\" content=\"https:\/\/vosgesinfo.fr\/app\/uploads\/sites\/3\/2024\/08\/thumbnail-image0-scaled.jpg\" \/>\n<meta name=\"twitter:creator\" content=\"@VosgesInfo88\" \/>\n<meta name=\"twitter:site\" content=\"@VosgesInfo88\" \/>\n<meta name=\"twitter:label1\" content=\"\u00c9crit par\" \/>\n\t<meta name=\"twitter:data1\" content=\"C.K.\" \/>\n\t<meta name=\"twitter:label2\" content=\"Dur\u00e9e de lecture estim\u00e9e\" \/>\n\t<meta name=\"twitter:data2\" content=\"2 minutes\" \/>\n<script type=\"application\/ld+json\" class=\"yoast-schema-graph\">{\"@context\":\"https:\/\/schema.org\",\"@graph\":[{\"@type\":\"Article\",\"@id\":\"https:\/\/vosgesinfo.fr\/epinalinfo\/2024\/08\/atteinte-dune-maladie-musculaire-cecile-petitjean-a-besoin-dune-maison-adaptee\/#article\",\"isPartOf\":{\"@id\":\"https:\/\/vosgesinfo.fr\/epinalinfo\/2024\/08\/atteinte-dune-maladie-musculaire-cecile-petitjean-a-besoin-dune-maison-adaptee\/\"},\"author\":{\"name\":\"C.K.\",\"@id\":\"https:\/\/vosgesinfo.fr\/epinalinfo\/#\/schema\/person\/6f9a650eeea99d969b6c4ab78fccbe81\"},\"headline\":\"Atteinte d&rsquo;une maladie musculaire, C\u00e9cile Petitjean a besoin d&rsquo;une maison adapt\u00e9e\",\"datePublished\":\"2024-08-24T13:52:05+00:00\",\"dateModified\":\"2024-08-24T13:52:05+00:00\",\"mainEntityOfPage\":{\"@id\":\"https:\/\/vosgesinfo.fr\/epinalinfo\/2024\/08\/atteinte-dune-maladie-musculaire-cecile-petitjean-a-besoin-dune-maison-adaptee\/\"},\"wordCount\":397,\"commentCount\":1,\"publisher\":{\"@id\":\"https:\/\/vosgesinfo.fr\/epinalinfo\/#organization\"},\"image\":{\"@id\":\"https:\/\/vosgesinfo.fr\/epinalinfo\/2024\/08\/atteinte-dune-maladie-musculaire-cecile-petitjean-a-besoin-dune-maison-adaptee\/#primaryimage\"},\"thumbnailUrl\":\"https:\/\/vosgesinfo.fr\/app\/uploads\/sites\/3\/2024\/08\/thumbnail-image0-scaled.jpg\",\"articleSection\":[\"A la Une\",\"Epinal\",\"Solidarit\u00e9\",\"Vosges\"],\"inLanguage\":\"fr-FR\",\"potentialAction\":[{\"@type\":\"CommentAction\",\"name\":\"Comment\",\"target\":[\"https:\/\/vosgesinfo.fr\/epinalinfo\/2024\/08\/atteinte-dune-maladie-musculaire-cecile-petitjean-a-besoin-dune-maison-adaptee\/#respond\"]}]},{\"@type\":\"WebPage\",\"@id\":\"https:\/\/vosgesinfo.fr\/epinalinfo\/2024\/08\/atteinte-dune-maladie-musculaire-cecile-petitjean-a-besoin-dune-maison-adaptee\/\",\"url\":\"https:\/\/vosgesinfo.fr\/epinalinfo\/2024\/08\/atteinte-dune-maladie-musculaire-cecile-petitjean-a-besoin-dune-maison-adaptee\/\",\"name\":\"Atteinte d'une maladie musculaire, C\u00e9cile Petitjean a besoin d'une maison adapt\u00e9e - Epinal Info\",\"isPartOf\":{\"@id\":\"https:\/\/vosgesinfo.fr\/epinalinfo\/#website\"},\"primaryImageOfPage\":{\"@id\":\"https:\/\/vosgesinfo.fr\/epinalinfo\/2024\/08\/atteinte-dune-maladie-musculaire-cecile-petitjean-a-besoin-dune-maison-adaptee\/#primaryimage\"},\"image\":{\"@id\":\"https:\/\/vosgesinfo.fr\/epinalinfo\/2024\/08\/atteinte-dune-maladie-musculaire-cecile-petitjean-a-besoin-dune-maison-adaptee\/#primaryimage\"},\"thumbnailUrl\":\"https:\/\/vosgesinfo.fr\/app\/uploads\/sites\/3\/2024\/08\/thumbnail-image0-scaled.jpg\",\"datePublished\":\"2024-08-24T13:52:05+00:00\",\"dateModified\":\"2024-08-24T13:52:05+00:00\",\"breadcrumb\":{\"@id\":\"https:\/\/vosgesinfo.fr\/epinalinfo\/2024\/08\/atteinte-dune-maladie-musculaire-cecile-petitjean-a-besoin-dune-maison-adaptee\/#breadcrumb\"},\"inLanguage\":\"fr-FR\",\"potentialAction\":[{\"@type\":\"ReadAction\",\"target\":[\"https:\/\/vosgesinfo.fr\/epinalinfo\/2024\/08\/atteinte-dune-maladie-musculaire-cecile-petitjean-a-besoin-dune-maison-adaptee\/\"]}]},{\"@type\":\"ImageObject\",\"inLanguage\":\"fr-FR\",\"@id\":\"https:\/\/vosgesinfo.fr\/epinalinfo\/2024\/08\/atteinte-dune-maladie-musculaire-cecile-petitjean-a-besoin-dune-maison-adaptee\/#primaryimage\",\"url\":\"https:\/\/vosgesinfo.fr\/app\/uploads\/sites\/3\/2024\/08\/thumbnail-image0-scaled.jpg\",\"contentUrl\":\"https:\/\/vosgesinfo.fr\/app\/uploads\/sites\/3\/2024\/08\/thumbnail-image0-scaled.jpg\",\"width\":1555,\"height\":2560},{\"@type\":\"BreadcrumbList\",\"@id\":\"https:\/\/vosgesinfo.fr\/epinalinfo\/2024\/08\/atteinte-dune-maladie-musculaire-cecile-petitjean-a-besoin-dune-maison-adaptee\/#breadcrumb\",\"itemListElement\":[{\"@type\":\"ListItem\",\"position\":1,\"name\":\"Home\",\"item\":\"https:\/\/vosgesinfo.fr\/epinalinfo\/\"},{\"@type\":\"ListItem\",\"position\":2,\"name\":\"Atteinte d&#8217;une maladie musculaire, C\u00e9cile Petitjean a besoin d&#8217;une maison adapt\u00e9e\"}]},{\"@type\":\"WebSite\",\"@id\":\"https:\/\/vosgesinfo.fr\/epinalinfo\/#website\",\"url\":\"https:\/\/vosgesinfo.fr\/epinalinfo\/\",\"name\":\"Epinal Info\",\"description\":\"Toute l&#039;actualit\u00e9 d&#039;\u00c9pinal\",\"publisher\":{\"@id\":\"https:\/\/vosgesinfo.fr\/epinalinfo\/#organization\"},\"alternateName\":\"Toute l'actualit\u00e9 d'\u00c9pinal\",\"potentialAction\":[{\"@type\":\"SearchAction\",\"target\":{\"@type\":\"EntryPoint\",\"urlTemplate\":\"https:\/\/vosgesinfo.fr\/epinalinfo\/?s={search_term_string}\"},\"query-input\":\"required name=search_term_string\"}],\"inLanguage\":\"fr-FR\"},{\"@type\":\"Organization\",\"@id\":\"https:\/\/vosgesinfo.fr\/epinalinfo\/#organization\",\"name\":\"Epinal Info\",\"url\":\"https:\/\/vosgesinfo.fr\/epinalinfo\/\",\"logo\":{\"@type\":\"ImageObject\",\"inLanguage\":\"fr-FR\",\"@id\":\"https:\/\/vosgesinfo.fr\/epinalinfo\/#\/schema\/logo\/image\/\",\"url\":\"https:\/\/vosgesinfo.fr\/app\/uploads\/sites\/3\/2023\/08\/logo-epinalinfos.svg\",\"contentUrl\":\"https:\/\/vosgesinfo.fr\/app\/uploads\/sites\/3\/2023\/08\/logo-epinalinfos.svg\",\"width\":1,\"height\":1,\"caption\":\"Epinal Info\"},\"image\":{\"@id\":\"https:\/\/vosgesinfo.fr\/epinalinfo\/#\/schema\/logo\/image\/\"},\"sameAs\":[\"https:\/\/www.facebook.com\/Epinalinfos\",\"https:\/\/x.com\/VosgesInfo88\",\"https:\/\/www.youtube.com\/@vosgesinfo\"]},{\"@type\":\"Person\",\"@id\":\"https:\/\/vosgesinfo.fr\/epinalinfo\/#\/schema\/person\/6f9a650eeea99d969b6c4ab78fccbe81\",\"name\":\"C.K.\",\"image\":{\"@type\":\"ImageObject\",\"inLanguage\":\"fr-FR\",\"@id\":\"https:\/\/vosgesinfo.fr\/epinalinfo\/#\/schema\/person\/image\/\",\"url\":\"https:\/\/secure.gravatar.com\/avatar\/48e3fc7f8421ba8942be6b74a2b7f014ca39bc00dece156b7a8e098ae7dc87bf?s=96&d=mm&r=g\",\"contentUrl\":\"https:\/\/secure.gravatar.com\/avatar\/48e3fc7f8421ba8942be6b74a2b7f014ca39bc00dece156b7a8e098ae7dc87bf?s=96&d=mm&r=g\",\"caption\":\"C.K.\"},\"url\":\"https:\/\/vosgesinfo.fr\/epinalinfo\/author\/celia-k-n\/\"}]}<\/script>\n<!-- \/ Yoast SEO plugin. -->","yoast_head_json":{"title":"Atteinte d'une maladie musculaire, C\u00e9cile Petitjean a besoin d'une maison adapt\u00e9e - Epinal Info","robots":{"index":"index","follow":"follow","max-snippet":"max-snippet:-1","max-image-preview":"max-image-preview:large","max-video-preview":"max-video-preview:-1"},"canonical":"https:\/\/vosgesinfo.fr\/epinalinfo\/2024\/08\/atteinte-dune-maladie-musculaire-cecile-petitjean-a-besoin-dune-maison-adaptee\/","twitter_card":"summary_large_image","twitter_title":"Atteinte d'une maladie musculaire, C\u00e9cile Petitjean a besoin d'une maison adapt\u00e9e - Epinal Info","twitter_description":"Originaire d&rsquo;Epinal, C\u00e9cile Petitjean, 26 ans, est atteinte d&rsquo;une maladie musculaire qui l&rsquo;handicape dans son quotidien. Elle a d\u00e9cid\u00e9 de [&hellip;]","twitter_image":"https:\/\/vosgesinfo.fr\/app\/uploads\/sites\/3\/2024\/08\/thumbnail-image0-scaled.jpg","twitter_creator":"@VosgesInfo88","twitter_site":"@VosgesInfo88","twitter_misc":{"\u00c9crit par":"C.K.","Dur\u00e9e de lecture estim\u00e9e":"2 minutes"},"schema":{"@context":"https:\/\/schema.org","@graph":[{"@type":"Article","@id":"https:\/\/vosgesinfo.fr\/epinalinfo\/2024\/08\/atteinte-dune-maladie-musculaire-cecile-petitjean-a-besoin-dune-maison-adaptee\/#article","isPartOf":{"@id":"https:\/\/vosgesinfo.fr\/epinalinfo\/2024\/08\/atteinte-dune-maladie-musculaire-cecile-petitjean-a-besoin-dune-maison-adaptee\/"},"author":{"name":"C.K.","@id":"https:\/\/vosgesinfo.fr\/epinalinfo\/#\/schema\/person\/6f9a650eeea99d969b6c4ab78fccbe81"},"headline":"Atteinte d&rsquo;une maladie musculaire, C\u00e9cile Petitjean a besoin d&rsquo;une maison adapt\u00e9e","datePublished":"2024-08-24T13:52:05+00:00","dateModified":"2024-08-24T13:52:05+00:00","mainEntityOfPage":{"@id":"https:\/\/vosgesinfo.fr\/epinalinfo\/2024\/08\/atteinte-dune-maladie-musculaire-cecile-petitjean-a-besoin-dune-maison-adaptee\/"},"wordCount":397,"commentCount":1,"publisher":{"@id":"https:\/\/vosgesinfo.fr\/epinalinfo\/#organization"},"image":{"@id":"https:\/\/vosgesinfo.fr\/epinalinfo\/2024\/08\/atteinte-dune-maladie-musculaire-cecile-petitjean-a-besoin-dune-maison-adaptee\/#primaryimage"},"thumbnailUrl":"https:\/\/vosgesinfo.fr\/app\/uploads\/sites\/3\/2024\/08\/thumbnail-image0-scaled.jpg","articleSection":["A la Une","Epinal","Solidarit\u00e9","Vosges"],"inLanguage":"fr-FR","potentialAction":[{"@type":"CommentAction","name":"Comment","target":["https:\/\/vosgesinfo.fr\/epinalinfo\/2024\/08\/atteinte-dune-maladie-musculaire-cecile-petitjean-a-besoin-dune-maison-adaptee\/#respond"]}]},{"@type":"WebPage","@id":"https:\/\/vosgesinfo.fr\/epinalinfo\/2024\/08\/atteinte-dune-maladie-musculaire-cecile-petitjean-a-besoin-dune-maison-adaptee\/","url":"https:\/\/vosgesinfo.fr\/epinalinfo\/2024\/08\/atteinte-dune-maladie-musculaire-cecile-petitjean-a-besoin-dune-maison-adaptee\/","name":"Atteinte d'une maladie musculaire, C\u00e9cile Petitjean a besoin d'une maison adapt\u00e9e - Epinal Info","isPartOf":{"@id":"https:\/\/vosgesinfo.fr\/epinalinfo\/#website"},"primaryImageOfPage":{"@id":"https:\/\/vosgesinfo.fr\/epinalinfo\/2024\/08\/atteinte-dune-maladie-musculaire-cecile-petitjean-a-besoin-dune-maison-adaptee\/#primaryimage"},"image":{"@id":"https:\/\/vosgesinfo.fr\/epinalinfo\/2024\/08\/atteinte-dune-maladie-musculaire-cecile-petitjean-a-besoin-dune-maison-adaptee\/#primaryimage"},"thumbnailUrl":"https:\/\/vosgesinfo.fr\/app\/uploads\/sites\/3\/2024\/08\/thumbnail-image0-scaled.jpg","datePublished":"2024-08-24T13:52:05+00:00","dateModified":"2024-08-24T13:52:05+00:00","breadcrumb":{"@id":"https:\/\/vosgesinfo.fr\/epinalinfo\/2024\/08\/atteinte-dune-maladie-musculaire-cecile-petitjean-a-besoin-dune-maison-adaptee\/#breadcrumb"},"inLanguage":"fr-FR","potentialAction":[{"@type":"ReadAction","target":["https:\/\/vosgesinfo.fr\/epinalinfo\/2024\/08\/atteinte-dune-maladie-musculaire-cecile-petitjean-a-besoin-dune-maison-adaptee\/"]}]},{"@type":"ImageObject","inLanguage":"fr-FR","@id":"https:\/\/vosgesinfo.fr\/epinalinfo\/2024\/08\/atteinte-dune-maladie-musculaire-cecile-petitjean-a-besoin-dune-maison-adaptee\/#primaryimage","url":"https:\/\/vosgesinfo.fr\/app\/uploads\/sites\/3\/2024\/08\/thumbnail-image0-scaled.jpg","contentUrl":"https:\/\/vosgesinfo.fr\/app\/uploads\/sites\/3\/2024\/08\/thumbnail-image0-scaled.jpg","width":1555,"height":2560},{"@type":"BreadcrumbList","@id":"https:\/\/vosgesinfo.fr\/epinalinfo\/2024\/08\/atteinte-dune-maladie-musculaire-cecile-petitjean-a-besoin-dune-maison-adaptee\/#breadcrumb","itemListElement":[{"@type":"ListItem","position":1,"name":"Home","item":"https:\/\/vosgesinfo.fr\/epinalinfo\/"},{"@type":"ListItem","position":2,"name":"Atteinte d&#8217;une maladie musculaire, C\u00e9cile Petitjean a besoin d&#8217;une maison adapt\u00e9e"}]},{"@type":"WebSite","@id":"https:\/\/vosgesinfo.fr\/epinalinfo\/#website","url":"https:\/\/vosgesinfo.fr\/epinalinfo\/","name":"Epinal Info","description":"Toute l&#039;actualit\u00e9 d&#039;\u00c9pinal","publisher":{"@id":"https:\/\/vosgesinfo.fr\/epinalinfo\/#organization"},"alternateName":"Toute l'actualit\u00e9 d'\u00c9pinal","potentialAction":[{"@type":"SearchAction","target":{"@type":"EntryPoint","urlTemplate":"https:\/\/vosgesinfo.fr\/epinalinfo\/?s={search_term_string}"},"query-input":"required name=search_term_string"}],"inLanguage":"fr-FR"},{"@type":"Organization","@id":"https:\/\/vosgesinfo.fr\/epinalinfo\/#organization","name":"Epinal Info","url":"https:\/\/vosgesinfo.fr\/epinalinfo\/","logo":{"@type":"ImageObject","inLanguage":"fr-FR","@id":"https:\/\/vosgesinfo.fr\/epinalinfo\/#\/schema\/logo\/image\/","url":"https:\/\/vosgesinfo.fr\/app\/uploads\/sites\/3\/2023\/08\/logo-epinalinfos.svg","contentUrl":"https:\/\/vosgesinfo.fr\/app\/uploads\/sites\/3\/2023\/08\/logo-epinalinfos.svg","width":1,"height":1,"caption":"Epinal Info"},"image":{"@id":"https:\/\/vosgesinfo.fr\/epinalinfo\/#\/schema\/logo\/image\/"},"sameAs":["https:\/\/www.facebook.com\/Epinalinfos","https:\/\/x.com\/VosgesInfo88","https:\/\/www.youtube.com\/@vosgesinfo"]},{"@type":"Person","@id":"https:\/\/vosgesinfo.fr\/epinalinfo\/#\/schema\/person\/6f9a650eeea99d969b6c4ab78fccbe81","name":"C.K.","image":{"@type":"ImageObject","inLanguage":"fr-FR","@id":"https:\/\/vosgesinfo.fr\/epinalinfo\/#\/schema\/person\/image\/","url":"https:\/\/secure.gravatar.com\/avatar\/48e3fc7f8421ba8942be6b74a2b7f014ca39bc00dece156b7a8e098ae7dc87bf?s=96&d=mm&r=g","contentUrl":"https:\/\/secure.gravatar.com\/avatar\/48e3fc7f8421ba8942be6b74a2b7f014ca39bc00dece156b7a8e098ae7dc87bf?s=96&d=mm&r=g","caption":"C.K."},"url":"https:\/\/vosgesinfo.fr\/epinalinfo\/author\/celia-k-n\/"}]}},"_links":{"self":[{"href":"https:\/\/vosgesinfo.fr\/epinalinfo\/wp-json\/wp\/v2\/posts\/120796","targetHints":{"allow":["GET"]}}],"collection":[{"href":"https:\/\/vosgesinfo.fr\/epinalinfo\/wp-json\/wp\/v2\/posts"}],"about":[{"href":"https:\/\/vosgesinfo.fr\/epinalinfo\/wp-json\/wp\/v2\/types\/post"}],"author":[{"embeddable":true,"href":"https:\/\/vosgesinfo.fr\/epinalinfo\/wp-json\/wp\/v2\/users\/52"}],"replies":[{"embeddable":true,"href":"https:\/\/vosgesinfo.fr\/epinalinfo\/wp-json\/wp\/v2\/comments?post=120796"}],"version-history":[{"count":2,"href":"https:\/\/vosgesinfo.fr\/epinalinfo\/wp-json\/wp\/v2\/posts\/120796\/revisions"}],"predecessor-version":[{"id":120803,"href":"https:\/\/vosgesinfo.fr\/epinalinfo\/wp-json\/wp\/v2\/posts\/120796\/revisions\/120803"}],"wp:featuredmedia":[{"embeddable":true,"href":"https:\/\/vosgesinfo.fr\/epinalinfo\/wp-json\/wp\/v2\/media\/120802"}],"wp:attachment":[{"href":"https:\/\/vosgesinfo.fr\/epinalinfo\/wp-json\/wp\/v2\/media?parent=120796"}],"wp:term":[{"taxonomy":"category","embeddable":true,"href":"https:\/\/vosgesinfo.fr\/epinalinfo\/wp-json\/wp\/v2\/categories?post=120796"},{"taxonomy":"post_tag","embeddable":true,"href":"https:\/\/vosgesinfo.fr\/epinalinfo\/wp-json\/wp\/v2\/tags?post=120796"}],"curies":[{"name":"wp","href":"https:\/\/api.w.org\/{rel}","templated":true}]}}