{"id":120832,"date":"2024-08-26T13:33:50","date_gmt":"2024-08-26T11:33:50","guid":{"rendered":"https:\/\/vosgesinfo.fr\/epinalinfo\/?p=120832"},"modified":"2024-08-26T13:33:50","modified_gmt":"2024-08-26T11:33:50","slug":"chico-et-the-gypsies-en-concert-a-thaon-les-vosges","status":"publish","type":"post","link":"https:\/\/vosgesinfo.fr\/epinalinfo\/2024\/08\/chico-et-the-gypsies-en-concert-a-thaon-les-vosges\/","title":{"rendered":"Chico et The Gypsies en concert \u00e0 Thaon-Les-Vosges"},"content":{"rendered":"<h2><strong><a href=\"https:\/\/vosgesinfo.fr\/app\/uploads\/sites\/3\/2024\/08\/thumbnail-omega-chico-et-gypsis.jpg\"><img decoding=\"async\" class=\"aligncenter size-full wp-image-120833\" src=\"https:\/\/vosgesinfo.fr\/app\/uploads\/sites\/3\/2024\/08\/thumbnail-omega-chico-et-gypsis.jpg\" alt=\"\" width=\"1640\" height=\"856\" srcset=\"https:\/\/vosgesinfo.fr\/app\/uploads\/sites\/3\/2024\/08\/thumbnail-omega-chico-et-gypsis.jpg 1640w, https:\/\/vosgesinfo.fr\/app\/uploads\/sites\/3\/2024\/08\/thumbnail-omega-chico-et-gypsis-300x157.jpg 300w, https:\/\/vosgesinfo.fr\/app\/uploads\/sites\/3\/2024\/08\/thumbnail-omega-chico-et-gypsis-1024x534.jpg 1024w, https:\/\/vosgesinfo.fr\/app\/uploads\/sites\/3\/2024\/08\/thumbnail-omega-chico-et-gypsis-768x401.jpg 768w, https:\/\/vosgesinfo.fr\/app\/uploads\/sites\/3\/2024\/08\/thumbnail-omega-chico-et-gypsis-1536x802.jpg 1536w\" sizes=\"(max-width: 1640px) 100vw, 1640px\" \/><\/a>Le samedi\u00a0 14 Septembre 2024 aura lieu le concert en plein air du c\u00e9l\u00e8bre groupe Chico et The Gypsies, en plein air \u00e0 Thaon-Les-Vosges, 21h, au 10 rue des Aviots.<\/strong><\/h2>\n<p><strong>Des plus grands succ\u00e8s, des titres in\u00e9dits et des chants sacr\u00e9s\u00a0!<\/strong><\/p>\n<p>Depuis 30 ans, Chico &amp; The Gypsies enflamment les sc\u00e8nes et le public du monde entier et participent aux soir\u00e9es les plus prestigieuses.<\/p>\n<p>V\u00e9ritable l\u00e9gende de la musique, ex-leader des Gipsy Kings et co-auteur d\u2019hymnes plan\u00e9taires tels que \u00ab Djobi Djoba \u00bb ou \u00ab Bambol\u00e9o \u00bb, Chico, a vendu plus de 20 millions d\u2019albums.<\/p>\n<p><strong>\u00a0<\/strong><\/p>\n<p><strong>Ambiance unique et festive\u00a0:<\/strong> Pendant pr\u00e8s de 2 heures, vous serez sous le charme de leur musique au style flamboyant et passionn\u00e9. Leur signature musicale se caract\u00e9rise par l\u2019utilisation d\u2019instruments typiques comme les guitares acoustiques, les palmas et \u00e9galement l\u2019accord\u00e9on, g\u00e9n\u00e9rant ainsi un son tr\u00e8s festif.<\/p>\n<p><strong>Chico &amp; The Gypsies nous transportent dans un univers magique,<\/strong> m\u00ealant flamenco, rumba et autres musiques m\u00e9diterran\u00e9ennes.<\/p>\n<p>&nbsp;<\/p>\n<p>R\u00e9solument festif et envo\u00fbtant, ce spectacle d\u2019exception ravira les fans de la premi\u00e8re heure tout comme le grand public pour passer un moment inoubliable\u2026<\/p>\n<p>&nbsp;<\/p>\n<p><strong>Alors envie d\u2019un spectacle d\u2019exception, de partage, <\/strong><strong>sur une musique entra\u00eenante mais aussi \u00e9mouvante\u00a0?<\/strong><\/p>\n<p>&nbsp;<\/p>\n<p>Concert gratuit pour les moins de 12 ans.<\/p>\n<p>Tarifs\u00a0:<\/p>\n<p>-pr\u00e9vente\u00a0: 26 \u20ac<\/p>\n<p>-sur place\u00a0: 30 \u20ac<\/p>\n<p>Restauration et buvette sur place.<\/p>\n<p>&nbsp;<\/p>\n<p><strong>R\u00e9servez d\u00e8s \u00e0 pr\u00e9sent vos billets sur\u00a0:<\/strong><\/p>\n<p><a href=\"https:\/\/www.omegaspectacles.com\/\"><strong>https:\/\/www.omegaspectacles.com\/<\/strong><\/a><\/p>\n<p>R\u00e9daction\u00a0: Patricia Ferry-Demange<\/p>\n<p>Patricia.ferrydemange@gmail.com<\/p>\n","protected":false},"excerpt":{"rendered":"<p>Le samedi\u00a0 14 Septembre 2024 aura lieu le concert en plein air du c\u00e9l\u00e8bre groupe Chico et The Gypsies, en [&hellip;]<\/p>\n","protected":false},"author":52,"featured_media":120833,"comment_status":"open","ping_status":"open","sticky":false,"template":"","format":"standard","meta":{"footnotes":""},"categories":[22,24,3,6055,6155],"tags":[],"class_list":["post-120832","post","type-post","status-publish","format-standard","has-post-thumbnail","hentry","category-a-la-une","category-epinal","category-publi-reportage","category-remiremont","category-saint-die"],"acf":[],"yoast_head":"<!-- This site is optimized with the Yoast SEO plugin v22.5 - https:\/\/yoast.com\/wordpress\/plugins\/seo\/ -->\n<title>Chico et The Gypsies en concert \u00e0 Thaon-Les-Vosges - Epinal Info<\/title>\n<meta name=\"robots\" content=\"index, follow, max-snippet:-1, max-image-preview:large, max-video-preview:-1\" \/>\n<link rel=\"canonical\" href=\"https:\/\/vosgesinfo.fr\/epinalinfo\/2024\/08\/chico-et-the-gypsies-en-concert-a-thaon-les-vosges\/\" \/>\n<meta name=\"twitter:card\" content=\"summary_large_image\" \/>\n<meta name=\"twitter:title\" content=\"Chico et The Gypsies en concert \u00e0 Thaon-Les-Vosges - Epinal Info\" \/>\n<meta name=\"twitter:description\" content=\"Le samedi\u00a0 14 Septembre 2024 aura lieu le concert en plein air du c\u00e9l\u00e8bre groupe Chico et The Gypsies, en [&hellip;]\" \/>\n<meta name=\"twitter:creator\" content=\"@VosgesInfo88\" \/>\n<meta name=\"twitter:site\" content=\"@VosgesInfo88\" \/>\n<meta name=\"twitter:label1\" content=\"\u00c9crit par\" \/>\n\t<meta name=\"twitter:data1\" content=\"C.K.\" \/>\n\t<meta name=\"twitter:label2\" content=\"Dur\u00e9e de lecture estim\u00e9e\" \/>\n\t<meta name=\"twitter:data2\" content=\"1 minute\" \/>\n<script type=\"application\/ld+json\" class=\"yoast-schema-graph\">{\"@context\":\"https:\/\/schema.org\",\"@graph\":[{\"@type\":\"Article\",\"@id\":\"https:\/\/vosgesinfo.fr\/epinalinfo\/2024\/08\/chico-et-the-gypsies-en-concert-a-thaon-les-vosges\/#article\",\"isPartOf\":{\"@id\":\"https:\/\/vosgesinfo.fr\/epinalinfo\/2024\/08\/chico-et-the-gypsies-en-concert-a-thaon-les-vosges\/\"},\"author\":{\"name\":\"C.K.\",\"@id\":\"https:\/\/vosgesinfo.fr\/epinalinfo\/#\/schema\/person\/6f9a650eeea99d969b6c4ab78fccbe81\"},\"headline\":\"Chico et The Gypsies en concert \u00e0 Thaon-Les-Vosges\",\"datePublished\":\"2024-08-26T11:33:50+00:00\",\"dateModified\":\"2024-08-26T11:33:50+00:00\",\"mainEntityOfPage\":{\"@id\":\"https:\/\/vosgesinfo.fr\/epinalinfo\/2024\/08\/chico-et-the-gypsies-en-concert-a-thaon-les-vosges\/\"},\"wordCount\":266,\"commentCount\":0,\"publisher\":{\"@id\":\"https:\/\/vosgesinfo.fr\/epinalinfo\/#organization\"},\"image\":{\"@id\":\"https:\/\/vosgesinfo.fr\/epinalinfo\/2024\/08\/chico-et-the-gypsies-en-concert-a-thaon-les-vosges\/#primaryimage\"},\"thumbnailUrl\":\"https:\/\/vosgesinfo.fr\/app\/uploads\/sites\/3\/2024\/08\/thumbnail-omega-chico-et-gypsis.jpg\",\"articleSection\":[\"A la Une\",\"Epinal\",\"Publi-reportage\",\"Remiremont\",\"Saint-di\u00e9\"],\"inLanguage\":\"fr-FR\",\"potentialAction\":[{\"@type\":\"CommentAction\",\"name\":\"Comment\",\"target\":[\"https:\/\/vosgesinfo.fr\/epinalinfo\/2024\/08\/chico-et-the-gypsies-en-concert-a-thaon-les-vosges\/#respond\"]}]},{\"@type\":\"WebPage\",\"@id\":\"https:\/\/vosgesinfo.fr\/epinalinfo\/2024\/08\/chico-et-the-gypsies-en-concert-a-thaon-les-vosges\/\",\"url\":\"https:\/\/vosgesinfo.fr\/epinalinfo\/2024\/08\/chico-et-the-gypsies-en-concert-a-thaon-les-vosges\/\",\"name\":\"Chico et The Gypsies en concert \u00e0 Thaon-Les-Vosges - Epinal Info\",\"isPartOf\":{\"@id\":\"https:\/\/vosgesinfo.fr\/epinalinfo\/#website\"},\"primaryImageOfPage\":{\"@id\":\"https:\/\/vosgesinfo.fr\/epinalinfo\/2024\/08\/chico-et-the-gypsies-en-concert-a-thaon-les-vosges\/#primaryimage\"},\"image\":{\"@id\":\"https:\/\/vosgesinfo.fr\/epinalinfo\/2024\/08\/chico-et-the-gypsies-en-concert-a-thaon-les-vosges\/#primaryimage\"},\"thumbnailUrl\":\"https:\/\/vosgesinfo.fr\/app\/uploads\/sites\/3\/2024\/08\/thumbnail-omega-chico-et-gypsis.jpg\",\"datePublished\":\"2024-08-26T11:33:50+00:00\",\"dateModified\":\"2024-08-26T11:33:50+00:00\",\"breadcrumb\":{\"@id\":\"https:\/\/vosgesinfo.fr\/epinalinfo\/2024\/08\/chico-et-the-gypsies-en-concert-a-thaon-les-vosges\/#breadcrumb\"},\"inLanguage\":\"fr-FR\",\"potentialAction\":[{\"@type\":\"ReadAction\",\"target\":[\"https:\/\/vosgesinfo.fr\/epinalinfo\/2024\/08\/chico-et-the-gypsies-en-concert-a-thaon-les-vosges\/\"]}]},{\"@type\":\"ImageObject\",\"inLanguage\":\"fr-FR\",\"@id\":\"https:\/\/vosgesinfo.fr\/epinalinfo\/2024\/08\/chico-et-the-gypsies-en-concert-a-thaon-les-vosges\/#primaryimage\",\"url\":\"https:\/\/vosgesinfo.fr\/app\/uploads\/sites\/3\/2024\/08\/thumbnail-omega-chico-et-gypsis.jpg\",\"contentUrl\":\"https:\/\/vosgesinfo.fr\/app\/uploads\/sites\/3\/2024\/08\/thumbnail-omega-chico-et-gypsis.jpg\",\"width\":1640,\"height\":856},{\"@type\":\"BreadcrumbList\",\"@id\":\"https:\/\/vosgesinfo.fr\/epinalinfo\/2024\/08\/chico-et-the-gypsies-en-concert-a-thaon-les-vosges\/#breadcrumb\",\"itemListElement\":[{\"@type\":\"ListItem\",\"position\":1,\"name\":\"Home\",\"item\":\"https:\/\/vosgesinfo.fr\/epinalinfo\/\"},{\"@type\":\"ListItem\",\"position\":2,\"name\":\"Chico et The Gypsies en concert \u00e0 Thaon-Les-Vosges\"}]},{\"@type\":\"WebSite\",\"@id\":\"https:\/\/vosgesinfo.fr\/epinalinfo\/#website\",\"url\":\"https:\/\/vosgesinfo.fr\/epinalinfo\/\",\"name\":\"Epinal Info\",\"description\":\"Toute l&#039;actualit\u00e9 d&#039;\u00c9pinal\",\"publisher\":{\"@id\":\"https:\/\/vosgesinfo.fr\/epinalinfo\/#organization\"},\"alternateName\":\"Toute l'actualit\u00e9 d'\u00c9pinal\",\"potentialAction\":[{\"@type\":\"SearchAction\",\"target\":{\"@type\":\"EntryPoint\",\"urlTemplate\":\"https:\/\/vosgesinfo.fr\/epinalinfo\/?s={search_term_string}\"},\"query-input\":\"required name=search_term_string\"}],\"inLanguage\":\"fr-FR\"},{\"@type\":\"Organization\",\"@id\":\"https:\/\/vosgesinfo.fr\/epinalinfo\/#organization\",\"name\":\"Epinal Info\",\"url\":\"https:\/\/vosgesinfo.fr\/epinalinfo\/\",\"logo\":{\"@type\":\"ImageObject\",\"inLanguage\":\"fr-FR\",\"@id\":\"https:\/\/vosgesinfo.fr\/epinalinfo\/#\/schema\/logo\/image\/\",\"url\":\"https:\/\/vosgesinfo.fr\/app\/uploads\/sites\/3\/2023\/08\/logo-epinalinfos.svg\",\"contentUrl\":\"https:\/\/vosgesinfo.fr\/app\/uploads\/sites\/3\/2023\/08\/logo-epinalinfos.svg\",\"width\":1,\"height\":1,\"caption\":\"Epinal Info\"},\"image\":{\"@id\":\"https:\/\/vosgesinfo.fr\/epinalinfo\/#\/schema\/logo\/image\/\"},\"sameAs\":[\"https:\/\/www.facebook.com\/Epinalinfos\",\"https:\/\/x.com\/VosgesInfo88\",\"https:\/\/www.youtube.com\/@vosgesinfo\"]},{\"@type\":\"Person\",\"@id\":\"https:\/\/vosgesinfo.fr\/epinalinfo\/#\/schema\/person\/6f9a650eeea99d969b6c4ab78fccbe81\",\"name\":\"C.K.\",\"image\":{\"@type\":\"ImageObject\",\"inLanguage\":\"fr-FR\",\"@id\":\"https:\/\/vosgesinfo.fr\/epinalinfo\/#\/schema\/person\/image\/\",\"url\":\"https:\/\/secure.gravatar.com\/avatar\/48e3fc7f8421ba8942be6b74a2b7f014ca39bc00dece156b7a8e098ae7dc87bf?s=96&d=mm&r=g\",\"contentUrl\":\"https:\/\/secure.gravatar.com\/avatar\/48e3fc7f8421ba8942be6b74a2b7f014ca39bc00dece156b7a8e098ae7dc87bf?s=96&d=mm&r=g\",\"caption\":\"C.K.\"},\"url\":\"https:\/\/vosgesinfo.fr\/epinalinfo\/author\/celia-k-n\/\"}]}<\/script>\n<!-- \/ Yoast SEO plugin. -->","yoast_head_json":{"title":"Chico et The Gypsies en concert \u00e0 Thaon-Les-Vosges - Epinal Info","robots":{"index":"index","follow":"follow","max-snippet":"max-snippet:-1","max-image-preview":"max-image-preview:large","max-video-preview":"max-video-preview:-1"},"canonical":"https:\/\/vosgesinfo.fr\/epinalinfo\/2024\/08\/chico-et-the-gypsies-en-concert-a-thaon-les-vosges\/","twitter_card":"summary_large_image","twitter_title":"Chico et The Gypsies en concert \u00e0 Thaon-Les-Vosges - Epinal Info","twitter_description":"Le samedi\u00a0 14 Septembre 2024 aura lieu le concert en plein air du c\u00e9l\u00e8bre groupe Chico et The Gypsies, en [&hellip;]","twitter_creator":"@VosgesInfo88","twitter_site":"@VosgesInfo88","twitter_misc":{"\u00c9crit par":"C.K.","Dur\u00e9e de lecture estim\u00e9e":"1 minute"},"schema":{"@context":"https:\/\/schema.org","@graph":[{"@type":"Article","@id":"https:\/\/vosgesinfo.fr\/epinalinfo\/2024\/08\/chico-et-the-gypsies-en-concert-a-thaon-les-vosges\/#article","isPartOf":{"@id":"https:\/\/vosgesinfo.fr\/epinalinfo\/2024\/08\/chico-et-the-gypsies-en-concert-a-thaon-les-vosges\/"},"author":{"name":"C.K.","@id":"https:\/\/vosgesinfo.fr\/epinalinfo\/#\/schema\/person\/6f9a650eeea99d969b6c4ab78fccbe81"},"headline":"Chico et The Gypsies en concert \u00e0 Thaon-Les-Vosges","datePublished":"2024-08-26T11:33:50+00:00","dateModified":"2024-08-26T11:33:50+00:00","mainEntityOfPage":{"@id":"https:\/\/vosgesinfo.fr\/epinalinfo\/2024\/08\/chico-et-the-gypsies-en-concert-a-thaon-les-vosges\/"},"wordCount":266,"commentCount":0,"publisher":{"@id":"https:\/\/vosgesinfo.fr\/epinalinfo\/#organization"},"image":{"@id":"https:\/\/vosgesinfo.fr\/epinalinfo\/2024\/08\/chico-et-the-gypsies-en-concert-a-thaon-les-vosges\/#primaryimage"},"thumbnailUrl":"https:\/\/vosgesinfo.fr\/app\/uploads\/sites\/3\/2024\/08\/thumbnail-omega-chico-et-gypsis.jpg","articleSection":["A la Une","Epinal","Publi-reportage","Remiremont","Saint-di\u00e9"],"inLanguage":"fr-FR","potentialAction":[{"@type":"CommentAction","name":"Comment","target":["https:\/\/vosgesinfo.fr\/epinalinfo\/2024\/08\/chico-et-the-gypsies-en-concert-a-thaon-les-vosges\/#respond"]}]},{"@type":"WebPage","@id":"https:\/\/vosgesinfo.fr\/epinalinfo\/2024\/08\/chico-et-the-gypsies-en-concert-a-thaon-les-vosges\/","url":"https:\/\/vosgesinfo.fr\/epinalinfo\/2024\/08\/chico-et-the-gypsies-en-concert-a-thaon-les-vosges\/","name":"Chico et The Gypsies en concert \u00e0 Thaon-Les-Vosges - Epinal Info","isPartOf":{"@id":"https:\/\/vosgesinfo.fr\/epinalinfo\/#website"},"primaryImageOfPage":{"@id":"https:\/\/vosgesinfo.fr\/epinalinfo\/2024\/08\/chico-et-the-gypsies-en-concert-a-thaon-les-vosges\/#primaryimage"},"image":{"@id":"https:\/\/vosgesinfo.fr\/epinalinfo\/2024\/08\/chico-et-the-gypsies-en-concert-a-thaon-les-vosges\/#primaryimage"},"thumbnailUrl":"https:\/\/vosgesinfo.fr\/app\/uploads\/sites\/3\/2024\/08\/thumbnail-omega-chico-et-gypsis.jpg","datePublished":"2024-08-26T11:33:50+00:00","dateModified":"2024-08-26T11:33:50+00:00","breadcrumb":{"@id":"https:\/\/vosgesinfo.fr\/epinalinfo\/2024\/08\/chico-et-the-gypsies-en-concert-a-thaon-les-vosges\/#breadcrumb"},"inLanguage":"fr-FR","potentialAction":[{"@type":"ReadAction","target":["https:\/\/vosgesinfo.fr\/epinalinfo\/2024\/08\/chico-et-the-gypsies-en-concert-a-thaon-les-vosges\/"]}]},{"@type":"ImageObject","inLanguage":"fr-FR","@id":"https:\/\/vosgesinfo.fr\/epinalinfo\/2024\/08\/chico-et-the-gypsies-en-concert-a-thaon-les-vosges\/#primaryimage","url":"https:\/\/vosgesinfo.fr\/app\/uploads\/sites\/3\/2024\/08\/thumbnail-omega-chico-et-gypsis.jpg","contentUrl":"https:\/\/vosgesinfo.fr\/app\/uploads\/sites\/3\/2024\/08\/thumbnail-omega-chico-et-gypsis.jpg","width":1640,"height":856},{"@type":"BreadcrumbList","@id":"https:\/\/vosgesinfo.fr\/epinalinfo\/2024\/08\/chico-et-the-gypsies-en-concert-a-thaon-les-vosges\/#breadcrumb","itemListElement":[{"@type":"ListItem","position":1,"name":"Home","item":"https:\/\/vosgesinfo.fr\/epinalinfo\/"},{"@type":"ListItem","position":2,"name":"Chico et The Gypsies en concert \u00e0 Thaon-Les-Vosges"}]},{"@type":"WebSite","@id":"https:\/\/vosgesinfo.fr\/epinalinfo\/#website","url":"https:\/\/vosgesinfo.fr\/epinalinfo\/","name":"Epinal Info","description":"Toute l&#039;actualit\u00e9 d&#039;\u00c9pinal","publisher":{"@id":"https:\/\/vosgesinfo.fr\/epinalinfo\/#organization"},"alternateName":"Toute l'actualit\u00e9 d'\u00c9pinal","potentialAction":[{"@type":"SearchAction","target":{"@type":"EntryPoint","urlTemplate":"https:\/\/vosgesinfo.fr\/epinalinfo\/?s={search_term_string}"},"query-input":"required name=search_term_string"}],"inLanguage":"fr-FR"},{"@type":"Organization","@id":"https:\/\/vosgesinfo.fr\/epinalinfo\/#organization","name":"Epinal Info","url":"https:\/\/vosgesinfo.fr\/epinalinfo\/","logo":{"@type":"ImageObject","inLanguage":"fr-FR","@id":"https:\/\/vosgesinfo.fr\/epinalinfo\/#\/schema\/logo\/image\/","url":"https:\/\/vosgesinfo.fr\/app\/uploads\/sites\/3\/2023\/08\/logo-epinalinfos.svg","contentUrl":"https:\/\/vosgesinfo.fr\/app\/uploads\/sites\/3\/2023\/08\/logo-epinalinfos.svg","width":1,"height":1,"caption":"Epinal Info"},"image":{"@id":"https:\/\/vosgesinfo.fr\/epinalinfo\/#\/schema\/logo\/image\/"},"sameAs":["https:\/\/www.facebook.com\/Epinalinfos","https:\/\/x.com\/VosgesInfo88","https:\/\/www.youtube.com\/@vosgesinfo"]},{"@type":"Person","@id":"https:\/\/vosgesinfo.fr\/epinalinfo\/#\/schema\/person\/6f9a650eeea99d969b6c4ab78fccbe81","name":"C.K.","image":{"@type":"ImageObject","inLanguage":"fr-FR","@id":"https:\/\/vosgesinfo.fr\/epinalinfo\/#\/schema\/person\/image\/","url":"https:\/\/secure.gravatar.com\/avatar\/48e3fc7f8421ba8942be6b74a2b7f014ca39bc00dece156b7a8e098ae7dc87bf?s=96&d=mm&r=g","contentUrl":"https:\/\/secure.gravatar.com\/avatar\/48e3fc7f8421ba8942be6b74a2b7f014ca39bc00dece156b7a8e098ae7dc87bf?s=96&d=mm&r=g","caption":"C.K."},"url":"https:\/\/vosgesinfo.fr\/epinalinfo\/author\/celia-k-n\/"}]}},"_links":{"self":[{"href":"https:\/\/vosgesinfo.fr\/epinalinfo\/wp-json\/wp\/v2\/posts\/120832","targetHints":{"allow":["GET"]}}],"collection":[{"href":"https:\/\/vosgesinfo.fr\/epinalinfo\/wp-json\/wp\/v2\/posts"}],"about":[{"href":"https:\/\/vosgesinfo.fr\/epinalinfo\/wp-json\/wp\/v2\/types\/post"}],"author":[{"embeddable":true,"href":"https:\/\/vosgesinfo.fr\/epinalinfo\/wp-json\/wp\/v2\/users\/52"}],"replies":[{"embeddable":true,"href":"https:\/\/vosgesinfo.fr\/epinalinfo\/wp-json\/wp\/v2\/comments?post=120832"}],"version-history":[{"count":1,"href":"https:\/\/vosgesinfo.fr\/epinalinfo\/wp-json\/wp\/v2\/posts\/120832\/revisions"}],"predecessor-version":[{"id":120834,"href":"https:\/\/vosgesinfo.fr\/epinalinfo\/wp-json\/wp\/v2\/posts\/120832\/revisions\/120834"}],"wp:featuredmedia":[{"embeddable":true,"href":"https:\/\/vosgesinfo.fr\/epinalinfo\/wp-json\/wp\/v2\/media\/120833"}],"wp:attachment":[{"href":"https:\/\/vosgesinfo.fr\/epinalinfo\/wp-json\/wp\/v2\/media?parent=120832"}],"wp:term":[{"taxonomy":"category","embeddable":true,"href":"https:\/\/vosgesinfo.fr\/epinalinfo\/wp-json\/wp\/v2\/categories?post=120832"},{"taxonomy":"post_tag","embeddable":true,"href":"https:\/\/vosgesinfo.fr\/epinalinfo\/wp-json\/wp\/v2\/tags?post=120832"}],"curies":[{"name":"wp","href":"https:\/\/api.w.org\/{rel}","templated":true}]}}