{"id":120961,"date":"2024-08-30T09:04:16","date_gmt":"2024-08-30T07:04:16","guid":{"rendered":"https:\/\/vosgesinfo.fr\/epinalinfo\/?p=120961"},"modified":"2024-08-30T09:04:16","modified_gmt":"2024-08-30T07:04:16","slug":"le-greta-cfa-lorraine-sud-organise-un-job-dating","status":"publish","type":"post","link":"https:\/\/vosgesinfo.fr\/epinalinfo\/2024\/08\/le-greta-cfa-lorraine-sud-organise-un-job-dating\/","title":{"rendered":"Le GRETA-CFA Lorraine Sud organise un Job Dating"},"content":{"rendered":"<h2><a href=\"https:\/\/vosgesinfo.fr\/app\/uploads\/sites\/3\/2024\/08\/consulting-3031678-960-720.jpg\"><img decoding=\"async\" class=\"aligncenter size-full wp-image-120962\" src=\"https:\/\/vosgesinfo.fr\/app\/uploads\/sites\/3\/2024\/08\/consulting-3031678-960-720.jpg\" alt=\"\" width=\"960\" height=\"640\" srcset=\"https:\/\/vosgesinfo.fr\/app\/uploads\/sites\/3\/2024\/08\/consulting-3031678-960-720.jpg 960w, https:\/\/vosgesinfo.fr\/app\/uploads\/sites\/3\/2024\/08\/consulting-3031678-960-720-300x200.jpg 300w, https:\/\/vosgesinfo.fr\/app\/uploads\/sites\/3\/2024\/08\/consulting-3031678-960-720-768x512.jpg 768w\" sizes=\"(max-width: 960px) 100vw, 960px\" \/><\/a>Le <span class=\"markcnlkmkxwa\" data-markjs=\"true\" data-ogac=\"\" data-ogab=\"\" data-ogsc=\"\" data-ogsb=\"\">GRETA<\/span>-CFA Lorraine Sud organise un Job Dating le jeudi 12 septembre \u00e0 partir de 14h dans le domaine de l&rsquo;Aide \u00e0 Domicile. Il se d\u00e9roulera \u00e0 l&rsquo;antenne du <span class=\"markcnlkmkxwa\" data-markjs=\"true\" data-ogac=\"\" data-ogab=\"\" data-ogsc=\"\" data-ogsb=\"\">GRETA<\/span>-CFA d&rsquo;Epinal, 44 rue Abel Ferry. Les candidats cherchant un emploi ou voulant suivre une formation dans ce domaine auront l&rsquo;occasion de rencontrer les entreprises sp\u00e9cialis\u00e9es afin d&rsquo;\u00e9changer autour de leur projet professionnel.<\/h2>\n<p>&nbsp;<\/p>\n<p>Le GRETA-CFA Lorraine Sud organise le 12 septembre 2024 \u00e0 partir de 14h00 un Job Dating dans le secteur de<br \/>\nl&rsquo;Aide \u00e0 Domicile.<\/p>\n<p>Il aura lieu \u00e0 l\u2019antenne du GRETA-CFA Lorraine Sud \u00e0 \u00c9pinal, 44 rue Abel Ferry.<\/p>\n<p>L\u2019objectif de ce Job Dating est d\u2019organiser une rencontre entre les entreprises sp\u00e9cialis\u00e9es dans l\u2019Aide \u00e0 Domicile et les candidats cherchant un emploi ou voulant suivre une formation de ce domaine. Le GRETA-CFA Lorraine Sud permet de faire la m\u00e9diation entre ces deux acteurs. Les candidats int\u00e9ress\u00e9s peuvent s\u2019inscrire sur le lien suivant :<a href=\"https:\/\/www.greta-lorraine.fr\/event\/job-dating-aide-a-domicile\/\"> https:\/\/www.greta-lorraine.fr\/event\/job-dating-aide-a-domicile\/<\/a><\/p>\n<p>Le certificat de sp\u00e9cialisation Aide \u00e0 Domicile est une formation en alternance d\u2019un an, il est r\u00e9alisable partiellement ou en totalit\u00e9, en contrat d\u2019apprentissage ou en contrat de professionnalisation. Pour retrouver l\u2019ensemble des informations : <a href=\"https:\/\/www.greta-lorraine.fr\/formation\/certificat-de-specialisation-aide-a-domicile\/\">https:\/\/www.greta-lorraine.fr\/formation\/certificat-de-specialisation-aide-a-domicile\/<\/a><\/p>\n","protected":false},"excerpt":{"rendered":"<p>Le GRETA-CFA Lorraine Sud organise un Job Dating le jeudi 12 septembre \u00e0 partir de 14h dans le domaine de [&hellip;]<\/p>\n","protected":false},"author":52,"featured_media":120962,"comment_status":"open","ping_status":"open","sticky":false,"template":"","format":"standard","meta":{"footnotes":""},"categories":[22,2,24],"tags":[],"class_list":["post-120961","post","type-post","status-publish","format-standard","has-post-thumbnail","hentry","category-a-la-une","category-breves","category-epinal"],"acf":[],"yoast_head":"<!-- This site is optimized with the Yoast SEO plugin v22.5 - https:\/\/yoast.com\/wordpress\/plugins\/seo\/ -->\n<title>Le GRETA-CFA Lorraine Sud organise un Job Dating - Epinal Info<\/title>\n<meta name=\"robots\" content=\"index, follow, max-snippet:-1, max-image-preview:large, max-video-preview:-1\" \/>\n<link rel=\"canonical\" href=\"https:\/\/vosgesinfo.fr\/epinalinfo\/2024\/08\/le-greta-cfa-lorraine-sud-organise-un-job-dating\/\" \/>\n<meta name=\"twitter:card\" content=\"summary_large_image\" \/>\n<meta name=\"twitter:title\" content=\"Le GRETA-CFA Lorraine Sud organise un Job Dating - Epinal Info\" \/>\n<meta name=\"twitter:description\" content=\"Le GRETA-CFA Lorraine Sud organise un Job Dating le jeudi 12 septembre \u00e0 partir de 14h dans le domaine de [&hellip;]\" \/>\n<meta name=\"twitter:image\" content=\"https:\/\/vosgesinfo.fr\/app\/uploads\/sites\/3\/2024\/08\/consulting-3031678-960-720.jpg\" \/>\n<meta name=\"twitter:creator\" content=\"@VosgesInfo88\" \/>\n<meta name=\"twitter:site\" content=\"@VosgesInfo88\" \/>\n<meta name=\"twitter:label1\" content=\"\u00c9crit par\" \/>\n\t<meta name=\"twitter:data1\" content=\"C.K.\" \/>\n\t<meta name=\"twitter:label2\" content=\"Dur\u00e9e de lecture estim\u00e9e\" \/>\n\t<meta name=\"twitter:data2\" content=\"1 minute\" \/>\n<script type=\"application\/ld+json\" class=\"yoast-schema-graph\">{\"@context\":\"https:\/\/schema.org\",\"@graph\":[{\"@type\":\"Article\",\"@id\":\"https:\/\/vosgesinfo.fr\/epinalinfo\/2024\/08\/le-greta-cfa-lorraine-sud-organise-un-job-dating\/#article\",\"isPartOf\":{\"@id\":\"https:\/\/vosgesinfo.fr\/epinalinfo\/2024\/08\/le-greta-cfa-lorraine-sud-organise-un-job-dating\/\"},\"author\":{\"name\":\"C.K.\",\"@id\":\"https:\/\/vosgesinfo.fr\/epinalinfo\/#\/schema\/person\/6f9a650eeea99d969b6c4ab78fccbe81\"},\"headline\":\"Le GRETA-CFA Lorraine Sud organise un Job Dating\",\"datePublished\":\"2024-08-30T07:04:16+00:00\",\"dateModified\":\"2024-08-30T07:04:16+00:00\",\"mainEntityOfPage\":{\"@id\":\"https:\/\/vosgesinfo.fr\/epinalinfo\/2024\/08\/le-greta-cfa-lorraine-sud-organise-un-job-dating\/\"},\"wordCount\":218,\"commentCount\":0,\"publisher\":{\"@id\":\"https:\/\/vosgesinfo.fr\/epinalinfo\/#organization\"},\"image\":{\"@id\":\"https:\/\/vosgesinfo.fr\/epinalinfo\/2024\/08\/le-greta-cfa-lorraine-sud-organise-un-job-dating\/#primaryimage\"},\"thumbnailUrl\":\"https:\/\/vosgesinfo.fr\/app\/uploads\/sites\/3\/2024\/08\/consulting-3031678-960-720.jpg\",\"articleSection\":[\"A la Une\",\"Br\u00e8ves\",\"Epinal\"],\"inLanguage\":\"fr-FR\",\"potentialAction\":[{\"@type\":\"CommentAction\",\"name\":\"Comment\",\"target\":[\"https:\/\/vosgesinfo.fr\/epinalinfo\/2024\/08\/le-greta-cfa-lorraine-sud-organise-un-job-dating\/#respond\"]}]},{\"@type\":\"WebPage\",\"@id\":\"https:\/\/vosgesinfo.fr\/epinalinfo\/2024\/08\/le-greta-cfa-lorraine-sud-organise-un-job-dating\/\",\"url\":\"https:\/\/vosgesinfo.fr\/epinalinfo\/2024\/08\/le-greta-cfa-lorraine-sud-organise-un-job-dating\/\",\"name\":\"Le GRETA-CFA Lorraine Sud organise un Job Dating - Epinal Info\",\"isPartOf\":{\"@id\":\"https:\/\/vosgesinfo.fr\/epinalinfo\/#website\"},\"primaryImageOfPage\":{\"@id\":\"https:\/\/vosgesinfo.fr\/epinalinfo\/2024\/08\/le-greta-cfa-lorraine-sud-organise-un-job-dating\/#primaryimage\"},\"image\":{\"@id\":\"https:\/\/vosgesinfo.fr\/epinalinfo\/2024\/08\/le-greta-cfa-lorraine-sud-organise-un-job-dating\/#primaryimage\"},\"thumbnailUrl\":\"https:\/\/vosgesinfo.fr\/app\/uploads\/sites\/3\/2024\/08\/consulting-3031678-960-720.jpg\",\"datePublished\":\"2024-08-30T07:04:16+00:00\",\"dateModified\":\"2024-08-30T07:04:16+00:00\",\"breadcrumb\":{\"@id\":\"https:\/\/vosgesinfo.fr\/epinalinfo\/2024\/08\/le-greta-cfa-lorraine-sud-organise-un-job-dating\/#breadcrumb\"},\"inLanguage\":\"fr-FR\",\"potentialAction\":[{\"@type\":\"ReadAction\",\"target\":[\"https:\/\/vosgesinfo.fr\/epinalinfo\/2024\/08\/le-greta-cfa-lorraine-sud-organise-un-job-dating\/\"]}]},{\"@type\":\"ImageObject\",\"inLanguage\":\"fr-FR\",\"@id\":\"https:\/\/vosgesinfo.fr\/epinalinfo\/2024\/08\/le-greta-cfa-lorraine-sud-organise-un-job-dating\/#primaryimage\",\"url\":\"https:\/\/vosgesinfo.fr\/app\/uploads\/sites\/3\/2024\/08\/consulting-3031678-960-720.jpg\",\"contentUrl\":\"https:\/\/vosgesinfo.fr\/app\/uploads\/sites\/3\/2024\/08\/consulting-3031678-960-720.jpg\",\"width\":960,\"height\":640},{\"@type\":\"BreadcrumbList\",\"@id\":\"https:\/\/vosgesinfo.fr\/epinalinfo\/2024\/08\/le-greta-cfa-lorraine-sud-organise-un-job-dating\/#breadcrumb\",\"itemListElement\":[{\"@type\":\"ListItem\",\"position\":1,\"name\":\"Home\",\"item\":\"https:\/\/vosgesinfo.fr\/epinalinfo\/\"},{\"@type\":\"ListItem\",\"position\":2,\"name\":\"Le GRETA-CFA Lorraine Sud organise un Job Dating\"}]},{\"@type\":\"WebSite\",\"@id\":\"https:\/\/vosgesinfo.fr\/epinalinfo\/#website\",\"url\":\"https:\/\/vosgesinfo.fr\/epinalinfo\/\",\"name\":\"Epinal Info\",\"description\":\"Toute l&#039;actualit\u00e9 d&#039;\u00c9pinal\",\"publisher\":{\"@id\":\"https:\/\/vosgesinfo.fr\/epinalinfo\/#organization\"},\"alternateName\":\"Toute l'actualit\u00e9 d'\u00c9pinal\",\"potentialAction\":[{\"@type\":\"SearchAction\",\"target\":{\"@type\":\"EntryPoint\",\"urlTemplate\":\"https:\/\/vosgesinfo.fr\/epinalinfo\/?s={search_term_string}\"},\"query-input\":\"required name=search_term_string\"}],\"inLanguage\":\"fr-FR\"},{\"@type\":\"Organization\",\"@id\":\"https:\/\/vosgesinfo.fr\/epinalinfo\/#organization\",\"name\":\"Epinal Info\",\"url\":\"https:\/\/vosgesinfo.fr\/epinalinfo\/\",\"logo\":{\"@type\":\"ImageObject\",\"inLanguage\":\"fr-FR\",\"@id\":\"https:\/\/vosgesinfo.fr\/epinalinfo\/#\/schema\/logo\/image\/\",\"url\":\"https:\/\/vosgesinfo.fr\/app\/uploads\/sites\/3\/2023\/08\/logo-epinalinfos.svg\",\"contentUrl\":\"https:\/\/vosgesinfo.fr\/app\/uploads\/sites\/3\/2023\/08\/logo-epinalinfos.svg\",\"width\":1,\"height\":1,\"caption\":\"Epinal Info\"},\"image\":{\"@id\":\"https:\/\/vosgesinfo.fr\/epinalinfo\/#\/schema\/logo\/image\/\"},\"sameAs\":[\"https:\/\/www.facebook.com\/Epinalinfos\",\"https:\/\/x.com\/VosgesInfo88\",\"https:\/\/www.youtube.com\/@vosgesinfo\"]},{\"@type\":\"Person\",\"@id\":\"https:\/\/vosgesinfo.fr\/epinalinfo\/#\/schema\/person\/6f9a650eeea99d969b6c4ab78fccbe81\",\"name\":\"C.K.\",\"image\":{\"@type\":\"ImageObject\",\"inLanguage\":\"fr-FR\",\"@id\":\"https:\/\/vosgesinfo.fr\/epinalinfo\/#\/schema\/person\/image\/\",\"url\":\"https:\/\/secure.gravatar.com\/avatar\/48e3fc7f8421ba8942be6b74a2b7f014ca39bc00dece156b7a8e098ae7dc87bf?s=96&d=mm&r=g\",\"contentUrl\":\"https:\/\/secure.gravatar.com\/avatar\/48e3fc7f8421ba8942be6b74a2b7f014ca39bc00dece156b7a8e098ae7dc87bf?s=96&d=mm&r=g\",\"caption\":\"C.K.\"},\"url\":\"https:\/\/vosgesinfo.fr\/epinalinfo\/author\/celia-k-n\/\"}]}<\/script>\n<!-- \/ Yoast SEO plugin. -->","yoast_head_json":{"title":"Le GRETA-CFA Lorraine Sud organise un Job Dating - Epinal Info","robots":{"index":"index","follow":"follow","max-snippet":"max-snippet:-1","max-image-preview":"max-image-preview:large","max-video-preview":"max-video-preview:-1"},"canonical":"https:\/\/vosgesinfo.fr\/epinalinfo\/2024\/08\/le-greta-cfa-lorraine-sud-organise-un-job-dating\/","twitter_card":"summary_large_image","twitter_title":"Le GRETA-CFA Lorraine Sud organise un Job Dating - Epinal Info","twitter_description":"Le GRETA-CFA Lorraine Sud organise un Job Dating le jeudi 12 septembre \u00e0 partir de 14h dans le domaine de [&hellip;]","twitter_image":"https:\/\/vosgesinfo.fr\/app\/uploads\/sites\/3\/2024\/08\/consulting-3031678-960-720.jpg","twitter_creator":"@VosgesInfo88","twitter_site":"@VosgesInfo88","twitter_misc":{"\u00c9crit par":"C.K.","Dur\u00e9e de lecture estim\u00e9e":"1 minute"},"schema":{"@context":"https:\/\/schema.org","@graph":[{"@type":"Article","@id":"https:\/\/vosgesinfo.fr\/epinalinfo\/2024\/08\/le-greta-cfa-lorraine-sud-organise-un-job-dating\/#article","isPartOf":{"@id":"https:\/\/vosgesinfo.fr\/epinalinfo\/2024\/08\/le-greta-cfa-lorraine-sud-organise-un-job-dating\/"},"author":{"name":"C.K.","@id":"https:\/\/vosgesinfo.fr\/epinalinfo\/#\/schema\/person\/6f9a650eeea99d969b6c4ab78fccbe81"},"headline":"Le GRETA-CFA Lorraine Sud organise un Job Dating","datePublished":"2024-08-30T07:04:16+00:00","dateModified":"2024-08-30T07:04:16+00:00","mainEntityOfPage":{"@id":"https:\/\/vosgesinfo.fr\/epinalinfo\/2024\/08\/le-greta-cfa-lorraine-sud-organise-un-job-dating\/"},"wordCount":218,"commentCount":0,"publisher":{"@id":"https:\/\/vosgesinfo.fr\/epinalinfo\/#organization"},"image":{"@id":"https:\/\/vosgesinfo.fr\/epinalinfo\/2024\/08\/le-greta-cfa-lorraine-sud-organise-un-job-dating\/#primaryimage"},"thumbnailUrl":"https:\/\/vosgesinfo.fr\/app\/uploads\/sites\/3\/2024\/08\/consulting-3031678-960-720.jpg","articleSection":["A la Une","Br\u00e8ves","Epinal"],"inLanguage":"fr-FR","potentialAction":[{"@type":"CommentAction","name":"Comment","target":["https:\/\/vosgesinfo.fr\/epinalinfo\/2024\/08\/le-greta-cfa-lorraine-sud-organise-un-job-dating\/#respond"]}]},{"@type":"WebPage","@id":"https:\/\/vosgesinfo.fr\/epinalinfo\/2024\/08\/le-greta-cfa-lorraine-sud-organise-un-job-dating\/","url":"https:\/\/vosgesinfo.fr\/epinalinfo\/2024\/08\/le-greta-cfa-lorraine-sud-organise-un-job-dating\/","name":"Le GRETA-CFA Lorraine Sud organise un Job Dating - Epinal Info","isPartOf":{"@id":"https:\/\/vosgesinfo.fr\/epinalinfo\/#website"},"primaryImageOfPage":{"@id":"https:\/\/vosgesinfo.fr\/epinalinfo\/2024\/08\/le-greta-cfa-lorraine-sud-organise-un-job-dating\/#primaryimage"},"image":{"@id":"https:\/\/vosgesinfo.fr\/epinalinfo\/2024\/08\/le-greta-cfa-lorraine-sud-organise-un-job-dating\/#primaryimage"},"thumbnailUrl":"https:\/\/vosgesinfo.fr\/app\/uploads\/sites\/3\/2024\/08\/consulting-3031678-960-720.jpg","datePublished":"2024-08-30T07:04:16+00:00","dateModified":"2024-08-30T07:04:16+00:00","breadcrumb":{"@id":"https:\/\/vosgesinfo.fr\/epinalinfo\/2024\/08\/le-greta-cfa-lorraine-sud-organise-un-job-dating\/#breadcrumb"},"inLanguage":"fr-FR","potentialAction":[{"@type":"ReadAction","target":["https:\/\/vosgesinfo.fr\/epinalinfo\/2024\/08\/le-greta-cfa-lorraine-sud-organise-un-job-dating\/"]}]},{"@type":"ImageObject","inLanguage":"fr-FR","@id":"https:\/\/vosgesinfo.fr\/epinalinfo\/2024\/08\/le-greta-cfa-lorraine-sud-organise-un-job-dating\/#primaryimage","url":"https:\/\/vosgesinfo.fr\/app\/uploads\/sites\/3\/2024\/08\/consulting-3031678-960-720.jpg","contentUrl":"https:\/\/vosgesinfo.fr\/app\/uploads\/sites\/3\/2024\/08\/consulting-3031678-960-720.jpg","width":960,"height":640},{"@type":"BreadcrumbList","@id":"https:\/\/vosgesinfo.fr\/epinalinfo\/2024\/08\/le-greta-cfa-lorraine-sud-organise-un-job-dating\/#breadcrumb","itemListElement":[{"@type":"ListItem","position":1,"name":"Home","item":"https:\/\/vosgesinfo.fr\/epinalinfo\/"},{"@type":"ListItem","position":2,"name":"Le GRETA-CFA Lorraine Sud organise un Job Dating"}]},{"@type":"WebSite","@id":"https:\/\/vosgesinfo.fr\/epinalinfo\/#website","url":"https:\/\/vosgesinfo.fr\/epinalinfo\/","name":"Epinal Info","description":"Toute l&#039;actualit\u00e9 d&#039;\u00c9pinal","publisher":{"@id":"https:\/\/vosgesinfo.fr\/epinalinfo\/#organization"},"alternateName":"Toute l'actualit\u00e9 d'\u00c9pinal","potentialAction":[{"@type":"SearchAction","target":{"@type":"EntryPoint","urlTemplate":"https:\/\/vosgesinfo.fr\/epinalinfo\/?s={search_term_string}"},"query-input":"required name=search_term_string"}],"inLanguage":"fr-FR"},{"@type":"Organization","@id":"https:\/\/vosgesinfo.fr\/epinalinfo\/#organization","name":"Epinal Info","url":"https:\/\/vosgesinfo.fr\/epinalinfo\/","logo":{"@type":"ImageObject","inLanguage":"fr-FR","@id":"https:\/\/vosgesinfo.fr\/epinalinfo\/#\/schema\/logo\/image\/","url":"https:\/\/vosgesinfo.fr\/app\/uploads\/sites\/3\/2023\/08\/logo-epinalinfos.svg","contentUrl":"https:\/\/vosgesinfo.fr\/app\/uploads\/sites\/3\/2023\/08\/logo-epinalinfos.svg","width":1,"height":1,"caption":"Epinal Info"},"image":{"@id":"https:\/\/vosgesinfo.fr\/epinalinfo\/#\/schema\/logo\/image\/"},"sameAs":["https:\/\/www.facebook.com\/Epinalinfos","https:\/\/x.com\/VosgesInfo88","https:\/\/www.youtube.com\/@vosgesinfo"]},{"@type":"Person","@id":"https:\/\/vosgesinfo.fr\/epinalinfo\/#\/schema\/person\/6f9a650eeea99d969b6c4ab78fccbe81","name":"C.K.","image":{"@type":"ImageObject","inLanguage":"fr-FR","@id":"https:\/\/vosgesinfo.fr\/epinalinfo\/#\/schema\/person\/image\/","url":"https:\/\/secure.gravatar.com\/avatar\/48e3fc7f8421ba8942be6b74a2b7f014ca39bc00dece156b7a8e098ae7dc87bf?s=96&d=mm&r=g","contentUrl":"https:\/\/secure.gravatar.com\/avatar\/48e3fc7f8421ba8942be6b74a2b7f014ca39bc00dece156b7a8e098ae7dc87bf?s=96&d=mm&r=g","caption":"C.K."},"url":"https:\/\/vosgesinfo.fr\/epinalinfo\/author\/celia-k-n\/"}]}},"_links":{"self":[{"href":"https:\/\/vosgesinfo.fr\/epinalinfo\/wp-json\/wp\/v2\/posts\/120961","targetHints":{"allow":["GET"]}}],"collection":[{"href":"https:\/\/vosgesinfo.fr\/epinalinfo\/wp-json\/wp\/v2\/posts"}],"about":[{"href":"https:\/\/vosgesinfo.fr\/epinalinfo\/wp-json\/wp\/v2\/types\/post"}],"author":[{"embeddable":true,"href":"https:\/\/vosgesinfo.fr\/epinalinfo\/wp-json\/wp\/v2\/users\/52"}],"replies":[{"embeddable":true,"href":"https:\/\/vosgesinfo.fr\/epinalinfo\/wp-json\/wp\/v2\/comments?post=120961"}],"version-history":[{"count":1,"href":"https:\/\/vosgesinfo.fr\/epinalinfo\/wp-json\/wp\/v2\/posts\/120961\/revisions"}],"predecessor-version":[{"id":120963,"href":"https:\/\/vosgesinfo.fr\/epinalinfo\/wp-json\/wp\/v2\/posts\/120961\/revisions\/120963"}],"wp:featuredmedia":[{"embeddable":true,"href":"https:\/\/vosgesinfo.fr\/epinalinfo\/wp-json\/wp\/v2\/media\/120962"}],"wp:attachment":[{"href":"https:\/\/vosgesinfo.fr\/epinalinfo\/wp-json\/wp\/v2\/media?parent=120961"}],"wp:term":[{"taxonomy":"category","embeddable":true,"href":"https:\/\/vosgesinfo.fr\/epinalinfo\/wp-json\/wp\/v2\/categories?post=120961"},{"taxonomy":"post_tag","embeddable":true,"href":"https:\/\/vosgesinfo.fr\/epinalinfo\/wp-json\/wp\/v2\/tags?post=120961"}],"curies":[{"name":"wp","href":"https:\/\/api.w.org\/{rel}","templated":true}]}}