{"id":120964,"date":"2024-08-30T10:15:48","date_gmt":"2024-08-30T08:15:48","guid":{"rendered":"https:\/\/vosgesinfo.fr\/epinalinfo\/?p=120964"},"modified":"2024-11-27T09:39:44","modified_gmt":"2024-11-27T08:39:44","slug":"a-epinal-le-parking-saint-michel-sera-agrandi","status":"publish","type":"post","link":"https:\/\/vosgesinfo.fr\/epinalinfo\/2024\/08\/a-epinal-le-parking-saint-michel-sera-agrandi\/","title":{"rendered":"A \u00c9pinal, le parking Saint-Michel sera agrandi"},"content":{"rendered":"<h2><a href=\"https:\/\/vosgesinfo.fr\/app\/uploads\/sites\/3\/2024\/08\/rue-saint-michel-extension-parking-3-scaled.jpg\"><img decoding=\"async\" class=\"aligncenter size-full wp-image-120968\" src=\"https:\/\/vosgesinfo.fr\/app\/uploads\/sites\/3\/2024\/08\/rue-saint-michel-extension-parking-3-scaled.jpg\" alt=\"\" width=\"2560\" height=\"1920\" srcset=\"https:\/\/vosgesinfo.fr\/app\/uploads\/sites\/3\/2024\/08\/rue-saint-michel-extension-parking-3-scaled.jpg 2560w, https:\/\/vosgesinfo.fr\/app\/uploads\/sites\/3\/2024\/08\/rue-saint-michel-extension-parking-3-300x225.jpg 300w, https:\/\/vosgesinfo.fr\/app\/uploads\/sites\/3\/2024\/08\/rue-saint-michel-extension-parking-3-1024x768.jpg 1024w, https:\/\/vosgesinfo.fr\/app\/uploads\/sites\/3\/2024\/08\/rue-saint-michel-extension-parking-3-768x576.jpg 768w, https:\/\/vosgesinfo.fr\/app\/uploads\/sites\/3\/2024\/08\/rue-saint-michel-extension-parking-3-1536x1152.jpg 1536w, https:\/\/vosgesinfo.fr\/app\/uploads\/sites\/3\/2024\/08\/rue-saint-michel-extension-parking-3-2048x1536.jpg 2048w\" sizes=\"(max-width: 2560px) 100vw, 2560px\" \/><\/a>A Epinal, l\u2019\u00eelot Saint-Michel, est une verrue immobili\u00e8re situ\u00e9e \u00e0 l&rsquo;entr\u00e9e de la ville. Elle va bient\u00f4t dispara\u00eetre avec la destruction d&rsquo;immeubles et l&rsquo;extension du parking Saint-Michel.<\/h2>\n<p>Apr\u00e8s plusieurs ann\u00e9es de n\u00e9gociation et de proc\u00e9dure d&rsquo;expropriation, la ville d&rsquo;Epinal est finalement propri\u00e9taire de l&rsquo;ensemble des b\u00e2timents entre le 17 et le 29 de la rue Saint-Michel. Pour requalifier cet \u00eelot et a\u00e9rer le bas de la rue Saint-Michel, les \u00e9lus ont pr\u00e9vu, lors d&rsquo;un conseil municipal de d\u00e9construire les immeubles aux vacances de la Toussaint 2024.<\/p>\n<p>Suite \u00e0 cette d\u00e9molition, l&rsquo;ann\u00e9e prochaine, la ville souhaite r\u00e9aliser une extension du parking Saint-Michel avec l&rsquo;am\u00e9nagement d&rsquo;un parking en enclos qui int\u00e9grera le parking Desbuissons qui sera ainsi rattach\u00e9 au parking Saint-Michel.<\/p>\n<p>L&rsquo;objectif est de cr\u00e9er du stationnement suppl\u00e9mentaire en entr\u00e9e de ville, tout en int\u00e9grant la gestion des eaux pluviales, la s\u00e9curisation des abords de l&rsquo;\u00e9cole Maurice Ravel et la v\u00e9g\u00e9talisation de la rue. Il y aura en effet une paroi v\u00e9g\u00e9talis\u00e9e.<\/p>\n","protected":false},"excerpt":{"rendered":"<p>A Epinal, l\u2019\u00eelot Saint-Michel, est une verrue immobili\u00e8re situ\u00e9e \u00e0 l&rsquo;entr\u00e9e de la ville. Elle va bient\u00f4t dispara\u00eetre avec la [&hellip;]<\/p>\n","protected":false},"author":52,"featured_media":120968,"comment_status":"open","ping_status":"open","sticky":false,"template":"","format":"standard","meta":{"footnotes":""},"categories":[22,16,24,10],"tags":[70,12463,4409,643,263,75],"class_list":["post-120964","post","type-post","status-publish","format-standard","has-post-thumbnail","hentry","category-a-la-une","category-environnement","category-epinal","category-societe","tag-epinal","tag-parking-saint-michel","tag-projet-dagrandissement","tag-rue-saint-michel","tag-travaux","tag-vosges"],"acf":[],"yoast_head":"<!-- This site is optimized with the Yoast SEO plugin v22.5 - https:\/\/yoast.com\/wordpress\/plugins\/seo\/ -->\n<title>A \u00c9pinal, le parking Saint-Michel sera agrandi - Epinal Info<\/title>\n<meta name=\"robots\" content=\"index, follow, max-snippet:-1, max-image-preview:large, max-video-preview:-1\" \/>\n<link rel=\"canonical\" href=\"https:\/\/vosgesinfo.fr\/epinalinfo\/2024\/08\/a-epinal-le-parking-saint-michel-sera-agrandi\/\" \/>\n<meta name=\"twitter:card\" content=\"summary_large_image\" \/>\n<meta name=\"twitter:title\" content=\"A \u00c9pinal, le parking Saint-Michel sera agrandi - Epinal Info\" \/>\n<meta name=\"twitter:description\" content=\"A Epinal, l\u2019\u00eelot Saint-Michel, est une verrue immobili\u00e8re situ\u00e9e \u00e0 l&rsquo;entr\u00e9e de la ville. Elle va bient\u00f4t dispara\u00eetre avec la [&hellip;]\" \/>\n<meta name=\"twitter:image\" content=\"https:\/\/vosgesinfo.fr\/app\/uploads\/sites\/3\/2024\/08\/rue-saint-michel-extension-parking-3-scaled.jpg\" \/>\n<meta name=\"twitter:creator\" content=\"@VosgesInfo88\" \/>\n<meta name=\"twitter:site\" content=\"@VosgesInfo88\" \/>\n<meta name=\"twitter:label1\" content=\"\u00c9crit par\" \/>\n\t<meta name=\"twitter:data1\" content=\"C.K.\" \/>\n\t<meta name=\"twitter:label2\" content=\"Dur\u00e9e de lecture estim\u00e9e\" \/>\n\t<meta name=\"twitter:data2\" content=\"2 minutes\" \/>\n<script type=\"application\/ld+json\" class=\"yoast-schema-graph\">{\"@context\":\"https:\/\/schema.org\",\"@graph\":[{\"@type\":\"Article\",\"@id\":\"https:\/\/vosgesinfo.fr\/epinalinfo\/2024\/08\/a-epinal-le-parking-saint-michel-sera-agrandi\/#article\",\"isPartOf\":{\"@id\":\"https:\/\/vosgesinfo.fr\/epinalinfo\/2024\/08\/a-epinal-le-parking-saint-michel-sera-agrandi\/\"},\"author\":{\"name\":\"C.K.\",\"@id\":\"https:\/\/vosgesinfo.fr\/epinalinfo\/#\/schema\/person\/6f9a650eeea99d969b6c4ab78fccbe81\"},\"headline\":\"A \u00c9pinal, le parking Saint-Michel sera agrandi\",\"datePublished\":\"2024-08-30T08:15:48+00:00\",\"dateModified\":\"2024-11-27T08:39:44+00:00\",\"mainEntityOfPage\":{\"@id\":\"https:\/\/vosgesinfo.fr\/epinalinfo\/2024\/08\/a-epinal-le-parking-saint-michel-sera-agrandi\/\"},\"wordCount\":204,\"commentCount\":0,\"publisher\":{\"@id\":\"https:\/\/vosgesinfo.fr\/epinalinfo\/#organization\"},\"image\":{\"@id\":\"https:\/\/vosgesinfo.fr\/epinalinfo\/2024\/08\/a-epinal-le-parking-saint-michel-sera-agrandi\/#primaryimage\"},\"thumbnailUrl\":\"https:\/\/vosgesinfo.fr\/app\/uploads\/sites\/3\/2024\/08\/rue-saint-michel-extension-parking-3-scaled.jpg\",\"keywords\":[\"Epinal\",\"Parking Saint-Michel\",\"projet d'agrandissement\",\"rue Saint Michel\",\"Travaux\",\"vosges\"],\"articleSection\":[\"A la Une\",\"Environnement\",\"Epinal\",\"Soci\u00e9t\u00e9\"],\"inLanguage\":\"fr-FR\",\"potentialAction\":[{\"@type\":\"CommentAction\",\"name\":\"Comment\",\"target\":[\"https:\/\/vosgesinfo.fr\/epinalinfo\/2024\/08\/a-epinal-le-parking-saint-michel-sera-agrandi\/#respond\"]}]},{\"@type\":\"WebPage\",\"@id\":\"https:\/\/vosgesinfo.fr\/epinalinfo\/2024\/08\/a-epinal-le-parking-saint-michel-sera-agrandi\/\",\"url\":\"https:\/\/vosgesinfo.fr\/epinalinfo\/2024\/08\/a-epinal-le-parking-saint-michel-sera-agrandi\/\",\"name\":\"A \u00c9pinal, le parking Saint-Michel sera agrandi - Epinal Info\",\"isPartOf\":{\"@id\":\"https:\/\/vosgesinfo.fr\/epinalinfo\/#website\"},\"primaryImageOfPage\":{\"@id\":\"https:\/\/vosgesinfo.fr\/epinalinfo\/2024\/08\/a-epinal-le-parking-saint-michel-sera-agrandi\/#primaryimage\"},\"image\":{\"@id\":\"https:\/\/vosgesinfo.fr\/epinalinfo\/2024\/08\/a-epinal-le-parking-saint-michel-sera-agrandi\/#primaryimage\"},\"thumbnailUrl\":\"https:\/\/vosgesinfo.fr\/app\/uploads\/sites\/3\/2024\/08\/rue-saint-michel-extension-parking-3-scaled.jpg\",\"datePublished\":\"2024-08-30T08:15:48+00:00\",\"dateModified\":\"2024-11-27T08:39:44+00:00\",\"breadcrumb\":{\"@id\":\"https:\/\/vosgesinfo.fr\/epinalinfo\/2024\/08\/a-epinal-le-parking-saint-michel-sera-agrandi\/#breadcrumb\"},\"inLanguage\":\"fr-FR\",\"potentialAction\":[{\"@type\":\"ReadAction\",\"target\":[\"https:\/\/vosgesinfo.fr\/epinalinfo\/2024\/08\/a-epinal-le-parking-saint-michel-sera-agrandi\/\"]}]},{\"@type\":\"ImageObject\",\"inLanguage\":\"fr-FR\",\"@id\":\"https:\/\/vosgesinfo.fr\/epinalinfo\/2024\/08\/a-epinal-le-parking-saint-michel-sera-agrandi\/#primaryimage\",\"url\":\"https:\/\/vosgesinfo.fr\/app\/uploads\/sites\/3\/2024\/08\/rue-saint-michel-extension-parking-3-scaled.jpg\",\"contentUrl\":\"https:\/\/vosgesinfo.fr\/app\/uploads\/sites\/3\/2024\/08\/rue-saint-michel-extension-parking-3-scaled.jpg\",\"width\":2560,\"height\":1920},{\"@type\":\"BreadcrumbList\",\"@id\":\"https:\/\/vosgesinfo.fr\/epinalinfo\/2024\/08\/a-epinal-le-parking-saint-michel-sera-agrandi\/#breadcrumb\",\"itemListElement\":[{\"@type\":\"ListItem\",\"position\":1,\"name\":\"Home\",\"item\":\"https:\/\/vosgesinfo.fr\/epinalinfo\/\"},{\"@type\":\"ListItem\",\"position\":2,\"name\":\"A \u00c9pinal, le parking Saint-Michel sera agrandi\"}]},{\"@type\":\"WebSite\",\"@id\":\"https:\/\/vosgesinfo.fr\/epinalinfo\/#website\",\"url\":\"https:\/\/vosgesinfo.fr\/epinalinfo\/\",\"name\":\"Epinal Info\",\"description\":\"Toute l&#039;actualit\u00e9 d&#039;\u00c9pinal\",\"publisher\":{\"@id\":\"https:\/\/vosgesinfo.fr\/epinalinfo\/#organization\"},\"alternateName\":\"Toute l'actualit\u00e9 d'\u00c9pinal\",\"potentialAction\":[{\"@type\":\"SearchAction\",\"target\":{\"@type\":\"EntryPoint\",\"urlTemplate\":\"https:\/\/vosgesinfo.fr\/epinalinfo\/?s={search_term_string}\"},\"query-input\":\"required name=search_term_string\"}],\"inLanguage\":\"fr-FR\"},{\"@type\":\"Organization\",\"@id\":\"https:\/\/vosgesinfo.fr\/epinalinfo\/#organization\",\"name\":\"Epinal Info\",\"url\":\"https:\/\/vosgesinfo.fr\/epinalinfo\/\",\"logo\":{\"@type\":\"ImageObject\",\"inLanguage\":\"fr-FR\",\"@id\":\"https:\/\/vosgesinfo.fr\/epinalinfo\/#\/schema\/logo\/image\/\",\"url\":\"https:\/\/vosgesinfo.fr\/app\/uploads\/sites\/3\/2023\/08\/logo-epinalinfos.svg\",\"contentUrl\":\"https:\/\/vosgesinfo.fr\/app\/uploads\/sites\/3\/2023\/08\/logo-epinalinfos.svg\",\"width\":1,\"height\":1,\"caption\":\"Epinal Info\"},\"image\":{\"@id\":\"https:\/\/vosgesinfo.fr\/epinalinfo\/#\/schema\/logo\/image\/\"},\"sameAs\":[\"https:\/\/www.facebook.com\/Epinalinfos\",\"https:\/\/x.com\/VosgesInfo88\",\"https:\/\/www.youtube.com\/@vosgesinfo\"]},{\"@type\":\"Person\",\"@id\":\"https:\/\/vosgesinfo.fr\/epinalinfo\/#\/schema\/person\/6f9a650eeea99d969b6c4ab78fccbe81\",\"name\":\"C.K.\",\"image\":{\"@type\":\"ImageObject\",\"inLanguage\":\"fr-FR\",\"@id\":\"https:\/\/vosgesinfo.fr\/epinalinfo\/#\/schema\/person\/image\/\",\"url\":\"https:\/\/secure.gravatar.com\/avatar\/48e3fc7f8421ba8942be6b74a2b7f014ca39bc00dece156b7a8e098ae7dc87bf?s=96&d=mm&r=g\",\"contentUrl\":\"https:\/\/secure.gravatar.com\/avatar\/48e3fc7f8421ba8942be6b74a2b7f014ca39bc00dece156b7a8e098ae7dc87bf?s=96&d=mm&r=g\",\"caption\":\"C.K.\"},\"url\":\"https:\/\/vosgesinfo.fr\/epinalinfo\/author\/celia-k-n\/\"}]}<\/script>\n<!-- \/ Yoast SEO plugin. -->","yoast_head_json":{"title":"A \u00c9pinal, le parking Saint-Michel sera agrandi - Epinal Info","robots":{"index":"index","follow":"follow","max-snippet":"max-snippet:-1","max-image-preview":"max-image-preview:large","max-video-preview":"max-video-preview:-1"},"canonical":"https:\/\/vosgesinfo.fr\/epinalinfo\/2024\/08\/a-epinal-le-parking-saint-michel-sera-agrandi\/","twitter_card":"summary_large_image","twitter_title":"A \u00c9pinal, le parking Saint-Michel sera agrandi - Epinal Info","twitter_description":"A Epinal, l\u2019\u00eelot Saint-Michel, est une verrue immobili\u00e8re situ\u00e9e \u00e0 l&rsquo;entr\u00e9e de la ville. Elle va bient\u00f4t dispara\u00eetre avec la [&hellip;]","twitter_image":"https:\/\/vosgesinfo.fr\/app\/uploads\/sites\/3\/2024\/08\/rue-saint-michel-extension-parking-3-scaled.jpg","twitter_creator":"@VosgesInfo88","twitter_site":"@VosgesInfo88","twitter_misc":{"\u00c9crit par":"C.K.","Dur\u00e9e de lecture estim\u00e9e":"2 minutes"},"schema":{"@context":"https:\/\/schema.org","@graph":[{"@type":"Article","@id":"https:\/\/vosgesinfo.fr\/epinalinfo\/2024\/08\/a-epinal-le-parking-saint-michel-sera-agrandi\/#article","isPartOf":{"@id":"https:\/\/vosgesinfo.fr\/epinalinfo\/2024\/08\/a-epinal-le-parking-saint-michel-sera-agrandi\/"},"author":{"name":"C.K.","@id":"https:\/\/vosgesinfo.fr\/epinalinfo\/#\/schema\/person\/6f9a650eeea99d969b6c4ab78fccbe81"},"headline":"A \u00c9pinal, le parking Saint-Michel sera agrandi","datePublished":"2024-08-30T08:15:48+00:00","dateModified":"2024-11-27T08:39:44+00:00","mainEntityOfPage":{"@id":"https:\/\/vosgesinfo.fr\/epinalinfo\/2024\/08\/a-epinal-le-parking-saint-michel-sera-agrandi\/"},"wordCount":204,"commentCount":0,"publisher":{"@id":"https:\/\/vosgesinfo.fr\/epinalinfo\/#organization"},"image":{"@id":"https:\/\/vosgesinfo.fr\/epinalinfo\/2024\/08\/a-epinal-le-parking-saint-michel-sera-agrandi\/#primaryimage"},"thumbnailUrl":"https:\/\/vosgesinfo.fr\/app\/uploads\/sites\/3\/2024\/08\/rue-saint-michel-extension-parking-3-scaled.jpg","keywords":["Epinal","Parking Saint-Michel","projet d'agrandissement","rue Saint Michel","Travaux","vosges"],"articleSection":["A la Une","Environnement","Epinal","Soci\u00e9t\u00e9"],"inLanguage":"fr-FR","potentialAction":[{"@type":"CommentAction","name":"Comment","target":["https:\/\/vosgesinfo.fr\/epinalinfo\/2024\/08\/a-epinal-le-parking-saint-michel-sera-agrandi\/#respond"]}]},{"@type":"WebPage","@id":"https:\/\/vosgesinfo.fr\/epinalinfo\/2024\/08\/a-epinal-le-parking-saint-michel-sera-agrandi\/","url":"https:\/\/vosgesinfo.fr\/epinalinfo\/2024\/08\/a-epinal-le-parking-saint-michel-sera-agrandi\/","name":"A \u00c9pinal, le parking Saint-Michel sera agrandi - Epinal Info","isPartOf":{"@id":"https:\/\/vosgesinfo.fr\/epinalinfo\/#website"},"primaryImageOfPage":{"@id":"https:\/\/vosgesinfo.fr\/epinalinfo\/2024\/08\/a-epinal-le-parking-saint-michel-sera-agrandi\/#primaryimage"},"image":{"@id":"https:\/\/vosgesinfo.fr\/epinalinfo\/2024\/08\/a-epinal-le-parking-saint-michel-sera-agrandi\/#primaryimage"},"thumbnailUrl":"https:\/\/vosgesinfo.fr\/app\/uploads\/sites\/3\/2024\/08\/rue-saint-michel-extension-parking-3-scaled.jpg","datePublished":"2024-08-30T08:15:48+00:00","dateModified":"2024-11-27T08:39:44+00:00","breadcrumb":{"@id":"https:\/\/vosgesinfo.fr\/epinalinfo\/2024\/08\/a-epinal-le-parking-saint-michel-sera-agrandi\/#breadcrumb"},"inLanguage":"fr-FR","potentialAction":[{"@type":"ReadAction","target":["https:\/\/vosgesinfo.fr\/epinalinfo\/2024\/08\/a-epinal-le-parking-saint-michel-sera-agrandi\/"]}]},{"@type":"ImageObject","inLanguage":"fr-FR","@id":"https:\/\/vosgesinfo.fr\/epinalinfo\/2024\/08\/a-epinal-le-parking-saint-michel-sera-agrandi\/#primaryimage","url":"https:\/\/vosgesinfo.fr\/app\/uploads\/sites\/3\/2024\/08\/rue-saint-michel-extension-parking-3-scaled.jpg","contentUrl":"https:\/\/vosgesinfo.fr\/app\/uploads\/sites\/3\/2024\/08\/rue-saint-michel-extension-parking-3-scaled.jpg","width":2560,"height":1920},{"@type":"BreadcrumbList","@id":"https:\/\/vosgesinfo.fr\/epinalinfo\/2024\/08\/a-epinal-le-parking-saint-michel-sera-agrandi\/#breadcrumb","itemListElement":[{"@type":"ListItem","position":1,"name":"Home","item":"https:\/\/vosgesinfo.fr\/epinalinfo\/"},{"@type":"ListItem","position":2,"name":"A \u00c9pinal, le parking Saint-Michel sera agrandi"}]},{"@type":"WebSite","@id":"https:\/\/vosgesinfo.fr\/epinalinfo\/#website","url":"https:\/\/vosgesinfo.fr\/epinalinfo\/","name":"Epinal Info","description":"Toute l&#039;actualit\u00e9 d&#039;\u00c9pinal","publisher":{"@id":"https:\/\/vosgesinfo.fr\/epinalinfo\/#organization"},"alternateName":"Toute l'actualit\u00e9 d'\u00c9pinal","potentialAction":[{"@type":"SearchAction","target":{"@type":"EntryPoint","urlTemplate":"https:\/\/vosgesinfo.fr\/epinalinfo\/?s={search_term_string}"},"query-input":"required name=search_term_string"}],"inLanguage":"fr-FR"},{"@type":"Organization","@id":"https:\/\/vosgesinfo.fr\/epinalinfo\/#organization","name":"Epinal Info","url":"https:\/\/vosgesinfo.fr\/epinalinfo\/","logo":{"@type":"ImageObject","inLanguage":"fr-FR","@id":"https:\/\/vosgesinfo.fr\/epinalinfo\/#\/schema\/logo\/image\/","url":"https:\/\/vosgesinfo.fr\/app\/uploads\/sites\/3\/2023\/08\/logo-epinalinfos.svg","contentUrl":"https:\/\/vosgesinfo.fr\/app\/uploads\/sites\/3\/2023\/08\/logo-epinalinfos.svg","width":1,"height":1,"caption":"Epinal Info"},"image":{"@id":"https:\/\/vosgesinfo.fr\/epinalinfo\/#\/schema\/logo\/image\/"},"sameAs":["https:\/\/www.facebook.com\/Epinalinfos","https:\/\/x.com\/VosgesInfo88","https:\/\/www.youtube.com\/@vosgesinfo"]},{"@type":"Person","@id":"https:\/\/vosgesinfo.fr\/epinalinfo\/#\/schema\/person\/6f9a650eeea99d969b6c4ab78fccbe81","name":"C.K.","image":{"@type":"ImageObject","inLanguage":"fr-FR","@id":"https:\/\/vosgesinfo.fr\/epinalinfo\/#\/schema\/person\/image\/","url":"https:\/\/secure.gravatar.com\/avatar\/48e3fc7f8421ba8942be6b74a2b7f014ca39bc00dece156b7a8e098ae7dc87bf?s=96&d=mm&r=g","contentUrl":"https:\/\/secure.gravatar.com\/avatar\/48e3fc7f8421ba8942be6b74a2b7f014ca39bc00dece156b7a8e098ae7dc87bf?s=96&d=mm&r=g","caption":"C.K."},"url":"https:\/\/vosgesinfo.fr\/epinalinfo\/author\/celia-k-n\/"}]}},"_links":{"self":[{"href":"https:\/\/vosgesinfo.fr\/epinalinfo\/wp-json\/wp\/v2\/posts\/120964","targetHints":{"allow":["GET"]}}],"collection":[{"href":"https:\/\/vosgesinfo.fr\/epinalinfo\/wp-json\/wp\/v2\/posts"}],"about":[{"href":"https:\/\/vosgesinfo.fr\/epinalinfo\/wp-json\/wp\/v2\/types\/post"}],"author":[{"embeddable":true,"href":"https:\/\/vosgesinfo.fr\/epinalinfo\/wp-json\/wp\/v2\/users\/52"}],"replies":[{"embeddable":true,"href":"https:\/\/vosgesinfo.fr\/epinalinfo\/wp-json\/wp\/v2\/comments?post=120964"}],"version-history":[{"count":3,"href":"https:\/\/vosgesinfo.fr\/epinalinfo\/wp-json\/wp\/v2\/posts\/120964\/revisions"}],"predecessor-version":[{"id":124903,"href":"https:\/\/vosgesinfo.fr\/epinalinfo\/wp-json\/wp\/v2\/posts\/120964\/revisions\/124903"}],"wp:featuredmedia":[{"embeddable":true,"href":"https:\/\/vosgesinfo.fr\/epinalinfo\/wp-json\/wp\/v2\/media\/120968"}],"wp:attachment":[{"href":"https:\/\/vosgesinfo.fr\/epinalinfo\/wp-json\/wp\/v2\/media?parent=120964"}],"wp:term":[{"taxonomy":"category","embeddable":true,"href":"https:\/\/vosgesinfo.fr\/epinalinfo\/wp-json\/wp\/v2\/categories?post=120964"},{"taxonomy":"post_tag","embeddable":true,"href":"https:\/\/vosgesinfo.fr\/epinalinfo\/wp-json\/wp\/v2\/tags?post=120964"}],"curies":[{"name":"wp","href":"https:\/\/api.w.org\/{rel}","templated":true}]}}