{"id":121285,"date":"2024-09-06T09:03:06","date_gmt":"2024-09-06T07:03:06","guid":{"rendered":"https:\/\/vosgesinfo.fr\/epinalinfo\/?p=121285"},"modified":"2024-09-06T09:03:06","modified_gmt":"2024-09-06T07:03:06","slug":"concert-jeux-denfants-ensemble-orchestral-epinal-la-belle-image","status":"publish","type":"post","link":"https:\/\/vosgesinfo.fr\/epinalinfo\/2024\/09\/concert-jeux-denfants-ensemble-orchestral-epinal-la-belle-image\/","title":{"rendered":"Concert \u00ab\u00a0Jeux d&rsquo;enfants\u00a0\u00bb, Ensemble Orchestral \u00c9pinal la belle image"},"content":{"rendered":"<p class=\"x_MsoNormal\"><a href=\"https:\/\/vosgesinfo.fr\/app\/uploads\/sites\/3\/2024\/09\/simon-proust\u00a9alice-narcy-scaled.jpg\"><img decoding=\"async\" class=\"aligncenter size-full wp-image-121286\" src=\"https:\/\/vosgesinfo.fr\/app\/uploads\/sites\/3\/2024\/09\/simon-proust\u00a9alice-narcy-scaled.jpg\" alt=\"\" width=\"1707\" height=\"2560\" srcset=\"https:\/\/vosgesinfo.fr\/app\/uploads\/sites\/3\/2024\/09\/simon-proust\u00a9alice-narcy-scaled.jpg 1707w, https:\/\/vosgesinfo.fr\/app\/uploads\/sites\/3\/2024\/09\/simon-proust\u00a9alice-narcy-200x300.jpg 200w, https:\/\/vosgesinfo.fr\/app\/uploads\/sites\/3\/2024\/09\/simon-proust\u00a9alice-narcy-683x1024.jpg 683w, https:\/\/vosgesinfo.fr\/app\/uploads\/sites\/3\/2024\/09\/simon-proust\u00a9alice-narcy-768x1152.jpg 768w, https:\/\/vosgesinfo.fr\/app\/uploads\/sites\/3\/2024\/09\/simon-proust\u00a9alice-narcy-1024x1536.jpg 1024w, https:\/\/vosgesinfo.fr\/app\/uploads\/sites\/3\/2024\/09\/simon-proust\u00a9alice-narcy-1365x2048.jpg 1365w\" sizes=\"(max-width: 1707px) 100vw, 1707px\" \/><\/a>Qui ne connait Babar, le plus c\u00e9l\u00e8bre des \u00e9l\u00e9phants\u00a0? Inspir\u00e9 par le livre de Jean de Brunhoff, Poulenc en compose, \u00e0 l\u2019intention de ses petits-cousins, une version pour r\u00e9citant et piano, \u00ab avec l\u2019espoir d\u2019amuser les grands \u00e9galement \u00bb. Pari r\u00e9ussi\u00a0: le succ\u00e8s de l\u2019\u0153uvre ne s\u2019est jamais d\u00e9menti, dans sa version originale comme dans la tr\u00e8s belle l\u2019orchestration qu\u2019en a faite Jean Fran\u00e7aix, un autre compositeur qui n\u2019a pas eu peur d\u2019\u00e9crire de la \u00ab\u00a0musique pour faire plaisir\u00a0\u00bb. En guise de pr\u00e9ambule, la suite des <i>Jeux d\u2019enfants<\/i> de Bizet permettra \u00e0 tout un chacun de d\u00e9couvrir l\u2019orchestre \u00e0 hauteur d\u2019enfant\u2026 et de parent\u00a0!<\/p>\n<p class=\"x_MsoNormal\" aria-hidden=\"true\">\n<p class=\"x_MsoNoSpacing\" align=\"center\">\n<p class=\"x_MsoNoSpacing\" align=\"center\"><b>Simon Proust<\/b>, direction musicale<\/p>\n<p class=\"x_MsoNoSpacing\" align=\"center\"><b>Beno\u00eet Marchand<\/b>, narrateur<\/p>\n<p class=\"x_MsoNoSpacing\" align=\"center\"><b>\u00a0<\/b><\/p>\n<p class=\"x_MsoNoSpacing\" align=\"center\"><b>Dimanche 6 octobre \u00e0 17h <\/b><\/p>\n<p class=\"x_MsoNoSpacing\" align=\"center\"><b>GOLBEY \u2013 Centre Culturel<\/b><\/p>\n<p class=\"x_MsoNoSpacing\" align=\"center\"><b>\u00a0<\/b><\/p>\n<p class=\"x_MsoNoSpacing\" align=\"center\"><b>Tarifs\u00a0:<\/b><\/p>\n<p class=\"x_MsoNoSpacing\" align=\"center\">Plein tarif : 10 \u20ac<\/p>\n<p class=\"x_MsoNoSpacing\" align=\"center\">Groupe (\u00e0 partir de 10 personnes) : 8 \u20ac<\/p>\n<p class=\"x_MsoNoSpacing\" align=\"center\">Tarif r\u00e9duit* : 5 \u20ac<\/p>\n<p class=\"x_MsoNoSpacing\" align=\"center\">-12 ans : gratuit<\/p>\n<p class=\"x_MsoNoSpacing\" align=\"center\"><b>\u00a0<\/b><\/p>\n","protected":false},"excerpt":{"rendered":"<p>Qui ne connait Babar, le plus c\u00e9l\u00e8bre des \u00e9l\u00e9phants\u00a0? Inspir\u00e9 par le livre de Jean de Brunhoff, Poulenc en compose, [&hellip;]<\/p>\n","protected":false},"author":52,"featured_media":121286,"comment_status":"open","ping_status":"open","sticky":false,"template":"","format":"standard","meta":{"footnotes":""},"categories":[22,148,28],"tags":[],"class_list":["post-121285","post","type-post","status-publish","format-standard","has-post-thumbnail","hentry","category-a-la-une","category-golbey","category-musique"],"acf":[],"yoast_head":"<!-- This site is optimized with the Yoast SEO plugin v22.5 - https:\/\/yoast.com\/wordpress\/plugins\/seo\/ -->\n<title>Concert &quot;Jeux d&#039;enfants&quot;, Ensemble Orchestral \u00c9pinal la belle image - Epinal Info<\/title>\n<meta name=\"robots\" content=\"index, follow, max-snippet:-1, max-image-preview:large, max-video-preview:-1\" \/>\n<link rel=\"canonical\" href=\"https:\/\/vosgesinfo.fr\/epinalinfo\/?p=121285\" \/>\n<meta name=\"twitter:card\" content=\"summary_large_image\" \/>\n<meta name=\"twitter:title\" content=\"Concert &quot;Jeux d&#039;enfants&quot;, Ensemble Orchestral \u00c9pinal la belle image - Epinal Info\" \/>\n<meta name=\"twitter:description\" content=\"Qui ne connait Babar, le plus c\u00e9l\u00e8bre des \u00e9l\u00e9phants\u00a0? Inspir\u00e9 par le livre de Jean de Brunhoff, Poulenc en compose, [&hellip;]\" \/>\n<meta name=\"twitter:creator\" content=\"@VosgesInfo88\" \/>\n<meta name=\"twitter:site\" content=\"@VosgesInfo88\" \/>\n<meta name=\"twitter:label1\" content=\"\u00c9crit par\" \/>\n\t<meta name=\"twitter:data1\" content=\"C.K.\" \/>\n\t<meta name=\"twitter:label2\" content=\"Dur\u00e9e de lecture estim\u00e9e\" \/>\n\t<meta name=\"twitter:data2\" content=\"1 minute\" \/>\n<script type=\"application\/ld+json\" class=\"yoast-schema-graph\">{\"@context\":\"https:\/\/schema.org\",\"@graph\":[{\"@type\":\"Article\",\"@id\":\"https:\/\/vosgesinfo.fr\/epinalinfo\/?p=121285#article\",\"isPartOf\":{\"@id\":\"https:\/\/vosgesinfo.fr\/epinalinfo\/?p=121285\"},\"author\":{\"name\":\"C.K.\",\"@id\":\"https:\/\/vosgesinfo.fr\/epinalinfo\/#\/schema\/person\/6f9a650eeea99d969b6c4ab78fccbe81\"},\"headline\":\"Concert \u00ab\u00a0Jeux d&rsquo;enfants\u00a0\u00bb, Ensemble Orchestral \u00c9pinal la belle image\",\"datePublished\":\"2024-09-06T07:03:06+00:00\",\"dateModified\":\"2024-09-06T07:03:06+00:00\",\"mainEntityOfPage\":{\"@id\":\"https:\/\/vosgesinfo.fr\/epinalinfo\/?p=121285\"},\"wordCount\":159,\"commentCount\":0,\"publisher\":{\"@id\":\"https:\/\/vosgesinfo.fr\/epinalinfo\/#organization\"},\"image\":{\"@id\":\"https:\/\/vosgesinfo.fr\/epinalinfo\/?p=121285#primaryimage\"},\"thumbnailUrl\":\"https:\/\/vosgesinfo.fr\/app\/uploads\/sites\/3\/2024\/09\/simon-proust\u00a9alice-narcy-scaled.jpg\",\"articleSection\":[\"A la Une\",\"Golbey\",\"Musique\"],\"inLanguage\":\"fr-FR\",\"potentialAction\":[{\"@type\":\"CommentAction\",\"name\":\"Comment\",\"target\":[\"https:\/\/vosgesinfo.fr\/epinalinfo\/?p=121285#respond\"]}]},{\"@type\":\"WebPage\",\"@id\":\"https:\/\/vosgesinfo.fr\/epinalinfo\/?p=121285\",\"url\":\"https:\/\/vosgesinfo.fr\/epinalinfo\/?p=121285\",\"name\":\"Concert \\\"Jeux d'enfants\\\", Ensemble Orchestral \u00c9pinal la belle image - Epinal Info\",\"isPartOf\":{\"@id\":\"https:\/\/vosgesinfo.fr\/epinalinfo\/#website\"},\"primaryImageOfPage\":{\"@id\":\"https:\/\/vosgesinfo.fr\/epinalinfo\/?p=121285#primaryimage\"},\"image\":{\"@id\":\"https:\/\/vosgesinfo.fr\/epinalinfo\/?p=121285#primaryimage\"},\"thumbnailUrl\":\"https:\/\/vosgesinfo.fr\/app\/uploads\/sites\/3\/2024\/09\/simon-proust\u00a9alice-narcy-scaled.jpg\",\"datePublished\":\"2024-09-06T07:03:06+00:00\",\"dateModified\":\"2024-09-06T07:03:06+00:00\",\"breadcrumb\":{\"@id\":\"https:\/\/vosgesinfo.fr\/epinalinfo\/?p=121285#breadcrumb\"},\"inLanguage\":\"fr-FR\",\"potentialAction\":[{\"@type\":\"ReadAction\",\"target\":[\"https:\/\/vosgesinfo.fr\/epinalinfo\/?p=121285\"]}]},{\"@type\":\"ImageObject\",\"inLanguage\":\"fr-FR\",\"@id\":\"https:\/\/vosgesinfo.fr\/epinalinfo\/?p=121285#primaryimage\",\"url\":\"https:\/\/vosgesinfo.fr\/app\/uploads\/sites\/3\/2024\/09\/simon-proust\u00a9alice-narcy-scaled.jpg\",\"contentUrl\":\"https:\/\/vosgesinfo.fr\/app\/uploads\/sites\/3\/2024\/09\/simon-proust\u00a9alice-narcy-scaled.jpg\",\"width\":1707,\"height\":2560},{\"@type\":\"BreadcrumbList\",\"@id\":\"https:\/\/vosgesinfo.fr\/epinalinfo\/?p=121285#breadcrumb\",\"itemListElement\":[{\"@type\":\"ListItem\",\"position\":1,\"name\":\"Home\",\"item\":\"https:\/\/vosgesinfo.fr\/epinalinfo\/\"},{\"@type\":\"ListItem\",\"position\":2,\"name\":\"Concert &#8220;Jeux d&#8217;enfants&#8221;, Ensemble Orchestral \u00c9pinal la belle image\"}]},{\"@type\":\"WebSite\",\"@id\":\"https:\/\/vosgesinfo.fr\/epinalinfo\/#website\",\"url\":\"https:\/\/vosgesinfo.fr\/epinalinfo\/\",\"name\":\"Epinal Info\",\"description\":\"Toute l&#039;actualit\u00e9 d&#039;\u00c9pinal\",\"publisher\":{\"@id\":\"https:\/\/vosgesinfo.fr\/epinalinfo\/#organization\"},\"alternateName\":\"Toute l'actualit\u00e9 d'\u00c9pinal\",\"potentialAction\":[{\"@type\":\"SearchAction\",\"target\":{\"@type\":\"EntryPoint\",\"urlTemplate\":\"https:\/\/vosgesinfo.fr\/epinalinfo\/?s={search_term_string}\"},\"query-input\":\"required name=search_term_string\"}],\"inLanguage\":\"fr-FR\"},{\"@type\":\"Organization\",\"@id\":\"https:\/\/vosgesinfo.fr\/epinalinfo\/#organization\",\"name\":\"Epinal Info\",\"url\":\"https:\/\/vosgesinfo.fr\/epinalinfo\/\",\"logo\":{\"@type\":\"ImageObject\",\"inLanguage\":\"fr-FR\",\"@id\":\"https:\/\/vosgesinfo.fr\/epinalinfo\/#\/schema\/logo\/image\/\",\"url\":\"https:\/\/vosgesinfo.fr\/app\/uploads\/sites\/3\/2023\/08\/logo-epinalinfos.svg\",\"contentUrl\":\"https:\/\/vosgesinfo.fr\/app\/uploads\/sites\/3\/2023\/08\/logo-epinalinfos.svg\",\"width\":1,\"height\":1,\"caption\":\"Epinal Info\"},\"image\":{\"@id\":\"https:\/\/vosgesinfo.fr\/epinalinfo\/#\/schema\/logo\/image\/\"},\"sameAs\":[\"https:\/\/www.facebook.com\/Epinalinfos\",\"https:\/\/x.com\/VosgesInfo88\",\"https:\/\/www.youtube.com\/@vosgesinfo\"]},{\"@type\":\"Person\",\"@id\":\"https:\/\/vosgesinfo.fr\/epinalinfo\/#\/schema\/person\/6f9a650eeea99d969b6c4ab78fccbe81\",\"name\":\"C.K.\",\"image\":{\"@type\":\"ImageObject\",\"inLanguage\":\"fr-FR\",\"@id\":\"https:\/\/vosgesinfo.fr\/epinalinfo\/#\/schema\/person\/image\/\",\"url\":\"https:\/\/secure.gravatar.com\/avatar\/48e3fc7f8421ba8942be6b74a2b7f014ca39bc00dece156b7a8e098ae7dc87bf?s=96&d=mm&r=g\",\"contentUrl\":\"https:\/\/secure.gravatar.com\/avatar\/48e3fc7f8421ba8942be6b74a2b7f014ca39bc00dece156b7a8e098ae7dc87bf?s=96&d=mm&r=g\",\"caption\":\"C.K.\"},\"url\":\"https:\/\/vosgesinfo.fr\/epinalinfo\/author\/celia-k-n\/\"}]}<\/script>\n<!-- \/ Yoast SEO plugin. -->","yoast_head_json":{"title":"Concert \"Jeux d'enfants\", Ensemble Orchestral \u00c9pinal la belle image - Epinal Info","robots":{"index":"index","follow":"follow","max-snippet":"max-snippet:-1","max-image-preview":"max-image-preview:large","max-video-preview":"max-video-preview:-1"},"canonical":"https:\/\/vosgesinfo.fr\/epinalinfo\/?p=121285","twitter_card":"summary_large_image","twitter_title":"Concert \"Jeux d'enfants\", Ensemble Orchestral \u00c9pinal la belle image - Epinal Info","twitter_description":"Qui ne connait Babar, le plus c\u00e9l\u00e8bre des \u00e9l\u00e9phants\u00a0? Inspir\u00e9 par le livre de Jean de Brunhoff, Poulenc en compose, [&hellip;]","twitter_creator":"@VosgesInfo88","twitter_site":"@VosgesInfo88","twitter_misc":{"\u00c9crit par":"C.K.","Dur\u00e9e de lecture estim\u00e9e":"1 minute"},"schema":{"@context":"https:\/\/schema.org","@graph":[{"@type":"Article","@id":"https:\/\/vosgesinfo.fr\/epinalinfo\/?p=121285#article","isPartOf":{"@id":"https:\/\/vosgesinfo.fr\/epinalinfo\/?p=121285"},"author":{"name":"C.K.","@id":"https:\/\/vosgesinfo.fr\/epinalinfo\/#\/schema\/person\/6f9a650eeea99d969b6c4ab78fccbe81"},"headline":"Concert \u00ab\u00a0Jeux d&rsquo;enfants\u00a0\u00bb, Ensemble Orchestral \u00c9pinal la belle image","datePublished":"2024-09-06T07:03:06+00:00","dateModified":"2024-09-06T07:03:06+00:00","mainEntityOfPage":{"@id":"https:\/\/vosgesinfo.fr\/epinalinfo\/?p=121285"},"wordCount":159,"commentCount":0,"publisher":{"@id":"https:\/\/vosgesinfo.fr\/epinalinfo\/#organization"},"image":{"@id":"https:\/\/vosgesinfo.fr\/epinalinfo\/?p=121285#primaryimage"},"thumbnailUrl":"https:\/\/vosgesinfo.fr\/app\/uploads\/sites\/3\/2024\/09\/simon-proust\u00a9alice-narcy-scaled.jpg","articleSection":["A la Une","Golbey","Musique"],"inLanguage":"fr-FR","potentialAction":[{"@type":"CommentAction","name":"Comment","target":["https:\/\/vosgesinfo.fr\/epinalinfo\/?p=121285#respond"]}]},{"@type":"WebPage","@id":"https:\/\/vosgesinfo.fr\/epinalinfo\/?p=121285","url":"https:\/\/vosgesinfo.fr\/epinalinfo\/?p=121285","name":"Concert \"Jeux d'enfants\", Ensemble Orchestral \u00c9pinal la belle image - Epinal Info","isPartOf":{"@id":"https:\/\/vosgesinfo.fr\/epinalinfo\/#website"},"primaryImageOfPage":{"@id":"https:\/\/vosgesinfo.fr\/epinalinfo\/?p=121285#primaryimage"},"image":{"@id":"https:\/\/vosgesinfo.fr\/epinalinfo\/?p=121285#primaryimage"},"thumbnailUrl":"https:\/\/vosgesinfo.fr\/app\/uploads\/sites\/3\/2024\/09\/simon-proust\u00a9alice-narcy-scaled.jpg","datePublished":"2024-09-06T07:03:06+00:00","dateModified":"2024-09-06T07:03:06+00:00","breadcrumb":{"@id":"https:\/\/vosgesinfo.fr\/epinalinfo\/?p=121285#breadcrumb"},"inLanguage":"fr-FR","potentialAction":[{"@type":"ReadAction","target":["https:\/\/vosgesinfo.fr\/epinalinfo\/?p=121285"]}]},{"@type":"ImageObject","inLanguage":"fr-FR","@id":"https:\/\/vosgesinfo.fr\/epinalinfo\/?p=121285#primaryimage","url":"https:\/\/vosgesinfo.fr\/app\/uploads\/sites\/3\/2024\/09\/simon-proust\u00a9alice-narcy-scaled.jpg","contentUrl":"https:\/\/vosgesinfo.fr\/app\/uploads\/sites\/3\/2024\/09\/simon-proust\u00a9alice-narcy-scaled.jpg","width":1707,"height":2560},{"@type":"BreadcrumbList","@id":"https:\/\/vosgesinfo.fr\/epinalinfo\/?p=121285#breadcrumb","itemListElement":[{"@type":"ListItem","position":1,"name":"Home","item":"https:\/\/vosgesinfo.fr\/epinalinfo\/"},{"@type":"ListItem","position":2,"name":"Concert &#8220;Jeux d&#8217;enfants&#8221;, Ensemble Orchestral \u00c9pinal la belle image"}]},{"@type":"WebSite","@id":"https:\/\/vosgesinfo.fr\/epinalinfo\/#website","url":"https:\/\/vosgesinfo.fr\/epinalinfo\/","name":"Epinal Info","description":"Toute l&#039;actualit\u00e9 d&#039;\u00c9pinal","publisher":{"@id":"https:\/\/vosgesinfo.fr\/epinalinfo\/#organization"},"alternateName":"Toute l'actualit\u00e9 d'\u00c9pinal","potentialAction":[{"@type":"SearchAction","target":{"@type":"EntryPoint","urlTemplate":"https:\/\/vosgesinfo.fr\/epinalinfo\/?s={search_term_string}"},"query-input":"required name=search_term_string"}],"inLanguage":"fr-FR"},{"@type":"Organization","@id":"https:\/\/vosgesinfo.fr\/epinalinfo\/#organization","name":"Epinal Info","url":"https:\/\/vosgesinfo.fr\/epinalinfo\/","logo":{"@type":"ImageObject","inLanguage":"fr-FR","@id":"https:\/\/vosgesinfo.fr\/epinalinfo\/#\/schema\/logo\/image\/","url":"https:\/\/vosgesinfo.fr\/app\/uploads\/sites\/3\/2023\/08\/logo-epinalinfos.svg","contentUrl":"https:\/\/vosgesinfo.fr\/app\/uploads\/sites\/3\/2023\/08\/logo-epinalinfos.svg","width":1,"height":1,"caption":"Epinal Info"},"image":{"@id":"https:\/\/vosgesinfo.fr\/epinalinfo\/#\/schema\/logo\/image\/"},"sameAs":["https:\/\/www.facebook.com\/Epinalinfos","https:\/\/x.com\/VosgesInfo88","https:\/\/www.youtube.com\/@vosgesinfo"]},{"@type":"Person","@id":"https:\/\/vosgesinfo.fr\/epinalinfo\/#\/schema\/person\/6f9a650eeea99d969b6c4ab78fccbe81","name":"C.K.","image":{"@type":"ImageObject","inLanguage":"fr-FR","@id":"https:\/\/vosgesinfo.fr\/epinalinfo\/#\/schema\/person\/image\/","url":"https:\/\/secure.gravatar.com\/avatar\/48e3fc7f8421ba8942be6b74a2b7f014ca39bc00dece156b7a8e098ae7dc87bf?s=96&d=mm&r=g","contentUrl":"https:\/\/secure.gravatar.com\/avatar\/48e3fc7f8421ba8942be6b74a2b7f014ca39bc00dece156b7a8e098ae7dc87bf?s=96&d=mm&r=g","caption":"C.K."},"url":"https:\/\/vosgesinfo.fr\/epinalinfo\/author\/celia-k-n\/"}]}},"_links":{"self":[{"href":"https:\/\/vosgesinfo.fr\/epinalinfo\/wp-json\/wp\/v2\/posts\/121285","targetHints":{"allow":["GET"]}}],"collection":[{"href":"https:\/\/vosgesinfo.fr\/epinalinfo\/wp-json\/wp\/v2\/posts"}],"about":[{"href":"https:\/\/vosgesinfo.fr\/epinalinfo\/wp-json\/wp\/v2\/types\/post"}],"author":[{"embeddable":true,"href":"https:\/\/vosgesinfo.fr\/epinalinfo\/wp-json\/wp\/v2\/users\/52"}],"replies":[{"embeddable":true,"href":"https:\/\/vosgesinfo.fr\/epinalinfo\/wp-json\/wp\/v2\/comments?post=121285"}],"version-history":[{"count":1,"href":"https:\/\/vosgesinfo.fr\/epinalinfo\/wp-json\/wp\/v2\/posts\/121285\/revisions"}],"predecessor-version":[{"id":121287,"href":"https:\/\/vosgesinfo.fr\/epinalinfo\/wp-json\/wp\/v2\/posts\/121285\/revisions\/121287"}],"wp:featuredmedia":[{"embeddable":true,"href":"https:\/\/vosgesinfo.fr\/epinalinfo\/wp-json\/wp\/v2\/media\/121286"}],"wp:attachment":[{"href":"https:\/\/vosgesinfo.fr\/epinalinfo\/wp-json\/wp\/v2\/media?parent=121285"}],"wp:term":[{"taxonomy":"category","embeddable":true,"href":"https:\/\/vosgesinfo.fr\/epinalinfo\/wp-json\/wp\/v2\/categories?post=121285"},{"taxonomy":"post_tag","embeddable":true,"href":"https:\/\/vosgesinfo.fr\/epinalinfo\/wp-json\/wp\/v2\/tags?post=121285"}],"curies":[{"name":"wp","href":"https:\/\/api.w.org\/{rel}","templated":true}]}}