{"id":121325,"date":"2024-09-06T20:28:54","date_gmt":"2024-09-06T18:28:54","guid":{"rendered":"https:\/\/vosgesinfo.fr\/epinalinfo\/?p=121325"},"modified":"2024-09-06T20:28:54","modified_gmt":"2024-09-06T18:28:54","slug":"promos-de-rentree-a-la-bijouterie-perle-dor-de-contrexeville","status":"publish","type":"post","link":"https:\/\/vosgesinfo.fr\/epinalinfo\/2024\/09\/promos-de-rentree-a-la-bijouterie-perle-dor-de-contrexeville\/","title":{"rendered":"Promos de rentr\u00e9e \u00e0 la Bijouterie Perle d\u2019Or de Contrex\u00e9ville"},"content":{"rendered":"<h2><strong><a href=\"https:\/\/vosgesinfo.fr\/app\/uploads\/sites\/3\/2024\/09\/thumbnail-photo-premium.jpg\"><img decoding=\"async\" class=\"aligncenter wp-image-121326 size-full\" src=\"https:\/\/vosgesinfo.fr\/app\/uploads\/sites\/3\/2024\/09\/thumbnail-photo-premium.jpg\" alt=\"\" width=\"1920\" height=\"1662\" srcset=\"https:\/\/vosgesinfo.fr\/app\/uploads\/sites\/3\/2024\/09\/thumbnail-photo-premium.jpg 1920w, https:\/\/vosgesinfo.fr\/app\/uploads\/sites\/3\/2024\/09\/thumbnail-photo-premium-300x260.jpg 300w, https:\/\/vosgesinfo.fr\/app\/uploads\/sites\/3\/2024\/09\/thumbnail-photo-premium-1024x886.jpg 1024w, https:\/\/vosgesinfo.fr\/app\/uploads\/sites\/3\/2024\/09\/thumbnail-photo-premium-768x665.jpg 768w, https:\/\/vosgesinfo.fr\/app\/uploads\/sites\/3\/2024\/09\/thumbnail-photo-premium-1536x1330.jpg 1536w\" sizes=\"(max-width: 1920px) 100vw, 1920px\" \/><\/a>Pour une rentr\u00e9e tout en douceur, op\u00e9ration remises du 7 au 14 Septembre 2024<\/strong><\/h2>\n<p>La bijouterie Perle d\u2019Or, situ\u00e9e dans la galerie de l\u2019Intermarch\u00e9 de Contrex\u00e9ville depuis plus de 20ans, vous propose un grand choix de bijoux, mais pas que\u00a0!<\/p>\n<p><strong>Vous trouverez plus de 2000 r\u00e9f\u00e9rences dans cette bijouterie tenue par la jolie et sympathique Marie-Ange Gomes\u00a0; Que ce soit, en or, en argent, en plaqu\u00e9 or<\/strong>, des montres \u00e9galement ( marques\u00a0: LIP, Pierre Lannier, Certus, GO, Teckday \u2026) des r\u00e9veils radio-pilot\u00e9s, des tirelires en m\u00e9tal argent\u00e9, et c\u2019est aussi un service de r\u00e9paration avec la mise \u00e0 taille de bague, le sertissage et la gravure sans oublier la transformation et la cr\u00e9ation de bijoux, uniques pour vous\u00a0!<a href=\"https:\/\/vosgesinfo.fr\/app\/uploads\/sites\/3\/2024\/09\/thumbnail-20220708-163333.jpg\"><img decoding=\"async\" class=\"aligncenter size-medium wp-image-121327\" src=\"https:\/\/vosgesinfo.fr\/app\/uploads\/sites\/3\/2024\/09\/thumbnail-20220708-163333-243x300.jpg\" alt=\"\" width=\"243\" height=\"300\" srcset=\"https:\/\/vosgesinfo.fr\/app\/uploads\/sites\/3\/2024\/09\/thumbnail-20220708-163333-243x300.jpg 243w, https:\/\/vosgesinfo.fr\/app\/uploads\/sites\/3\/2024\/09\/thumbnail-20220708-163333-829x1024.jpg 829w, https:\/\/vosgesinfo.fr\/app\/uploads\/sites\/3\/2024\/09\/thumbnail-20220708-163333-768x949.jpg 768w, https:\/\/vosgesinfo.fr\/app\/uploads\/sites\/3\/2024\/09\/thumbnail-20220708-163333-1244x1536.jpg 1244w, https:\/\/vosgesinfo.fr\/app\/uploads\/sites\/3\/2024\/09\/thumbnail-20220708-163333.jpg 1536w\" sizes=\"(max-width: 243px) 100vw, 243px\" \/><\/a><\/p>\n<p><strong>Perle d\u2019Or vous accompagne depuis de nombreuses ann\u00e9es,<\/strong> pour tous les \u00e9v\u00e8nements qui ponctuent votre vie et de celles de vos proches\u00a0: bapt\u00eame, communion, mariage, anniversaires, f\u00eates\u2026<\/p>\n<p>Tout au long de l\u2019ann\u00e9e<strong>, Perle d\u2019or organise des op\u00e9rations promotionnelles<\/strong>, et <strong>\u00e0 l\u2019occasion de cette rentr\u00e9e de Septembre, Marie-Ange a justement mis en place, du 7 au 14 Septembre 2024, une op\u00e9ration \u00ab\u00a0Sp\u00e9ciale Rentr\u00e9e\u00a0\u00bb sur les bijoux en stock (Hors marque Jourdan), avec des remises, par exemple, de 30% pour un achat \u00e0 partir de 80\u20ac, ou encore de 20% pour un achat de 50\u20ac\u00a0!<\/strong><\/p>\n<p><strong>A vous d\u2019en profiter\u00a0!<\/strong><\/p>\n<table>\n<tbody>\n<tr>\n<td width=\"508\">\n<table width=\"100%\">\n<tbody>\n<tr>\n<td><strong>BIJOUTERIE \u2013 JOAILLERIE<\/strong><\/p>\n<p><strong>Galerie Intermarch\u00e9 \u2013 Contrex\u00e9ville<\/strong><\/p>\n<p><strong>Tel 03 29\u00a008 69 82 &#8211;\u00a0 <\/strong><a href=\"mailto:bijouperledor@gmail.com\"><strong>bijouperledor@gmail.com<\/strong><\/a><\/p>\n<p><strong>https:\/\/www.facebook.com\/perledorcontrexeville\/<\/strong><\/td>\n<\/tr>\n<\/tbody>\n<\/table>\n<\/td>\n<\/tr>\n<\/tbody>\n<\/table>\n<p><a href=\"https:\/\/www.facebook.com\/perledorcontrexeville\/\">https:\/\/www.facebook.com\/perledorcontrexeville\/<\/a><\/p>\n<p><a href=\"https:\/\/vosgesinfo.fr\/app\/uploads\/sites\/3\/2024\/09\/popup-rentree-perledor.png\"><img decoding=\"async\" class=\"aligncenter size-medium wp-image-121328\" src=\"https:\/\/vosgesinfo.fr\/app\/uploads\/sites\/3\/2024\/09\/popup-rentree-perledor-300x257.png\" alt=\"\" width=\"300\" height=\"257\" srcset=\"https:\/\/vosgesinfo.fr\/app\/uploads\/sites\/3\/2024\/09\/popup-rentree-perledor-300x257.png 300w, https:\/\/vosgesinfo.fr\/app\/uploads\/sites\/3\/2024\/09\/popup-rentree-perledor-1024x877.png 1024w, https:\/\/vosgesinfo.fr\/app\/uploads\/sites\/3\/2024\/09\/popup-rentree-perledor-768x658.png 768w, https:\/\/vosgesinfo.fr\/app\/uploads\/sites\/3\/2024\/09\/popup-rentree-perledor.png 1459w\" sizes=\"(max-width: 300px) 100vw, 300px\" \/><\/a><\/p>\n<p>&nbsp;<\/p>\n<p>R\u00e9daction\u00a0: Patricia Ferry-Demange<\/p>\n<p>Patricia.ferrydemange@gmail.com<\/p>\n","protected":false},"excerpt":{"rendered":"<p>Pour une rentr\u00e9e tout en douceur, op\u00e9ration remises du 7 au 14 Septembre 2024 La bijouterie Perle d\u2019Or, situ\u00e9e dans [&hellip;]<\/p>\n","protected":false},"author":52,"featured_media":121326,"comment_status":"open","ping_status":"open","sticky":false,"template":"","format":"standard","meta":{"footnotes":""},"categories":[22,24,6057,3],"tags":[],"class_list":["post-121325","post","type-post","status-publish","format-standard","has-post-thumbnail","hentry","category-a-la-une","category-epinal","category-la-plaine-des-vosges","category-publi-reportage"],"acf":[],"yoast_head":"<!-- This site is optimized with the Yoast SEO plugin v22.5 - https:\/\/yoast.com\/wordpress\/plugins\/seo\/ -->\n<title>Promos de rentr\u00e9e \u00e0 la Bijouterie Perle d\u2019Or de Contrex\u00e9ville - Epinal Info<\/title>\n<meta name=\"robots\" content=\"index, follow, max-snippet:-1, max-image-preview:large, max-video-preview:-1\" \/>\n<link rel=\"canonical\" href=\"https:\/\/vosgesinfo.fr\/epinalinfo\/?p=121325\" \/>\n<meta name=\"twitter:card\" content=\"summary_large_image\" \/>\n<meta name=\"twitter:title\" content=\"Promos de rentr\u00e9e \u00e0 la Bijouterie Perle d\u2019Or de Contrex\u00e9ville - Epinal Info\" \/>\n<meta name=\"twitter:description\" content=\"Pour une rentr\u00e9e tout en douceur, op\u00e9ration remises du 7 au 14 Septembre 2024 La bijouterie Perle d\u2019Or, situ\u00e9e dans [&hellip;]\" \/>\n<meta name=\"twitter:image\" content=\"https:\/\/vosgesinfo.fr\/app\/uploads\/sites\/3\/2024\/09\/thumbnail-photo-premium.jpg\" \/>\n<meta name=\"twitter:creator\" content=\"@VosgesInfo88\" \/>\n<meta name=\"twitter:site\" content=\"@VosgesInfo88\" \/>\n<meta name=\"twitter:label1\" content=\"\u00c9crit par\" \/>\n\t<meta name=\"twitter:data1\" content=\"C.K.\" \/>\n\t<meta name=\"twitter:label2\" content=\"Dur\u00e9e de lecture estim\u00e9e\" \/>\n\t<meta name=\"twitter:data2\" content=\"1 minute\" \/>\n<script type=\"application\/ld+json\" class=\"yoast-schema-graph\">{\"@context\":\"https:\/\/schema.org\",\"@graph\":[{\"@type\":\"Article\",\"@id\":\"https:\/\/vosgesinfo.fr\/epinalinfo\/?p=121325#article\",\"isPartOf\":{\"@id\":\"https:\/\/vosgesinfo.fr\/epinalinfo\/?p=121325\"},\"author\":{\"name\":\"C.K.\",\"@id\":\"https:\/\/vosgesinfo.fr\/epinalinfo\/#\/schema\/person\/6f9a650eeea99d969b6c4ab78fccbe81\"},\"headline\":\"Promos de rentr\u00e9e \u00e0 la Bijouterie Perle d\u2019Or de Contrex\u00e9ville\",\"datePublished\":\"2024-09-06T18:28:54+00:00\",\"dateModified\":\"2024-09-06T18:28:54+00:00\",\"mainEntityOfPage\":{\"@id\":\"https:\/\/vosgesinfo.fr\/epinalinfo\/?p=121325\"},\"wordCount\":270,\"commentCount\":0,\"publisher\":{\"@id\":\"https:\/\/vosgesinfo.fr\/epinalinfo\/#organization\"},\"image\":{\"@id\":\"https:\/\/vosgesinfo.fr\/epinalinfo\/?p=121325#primaryimage\"},\"thumbnailUrl\":\"https:\/\/vosgesinfo.fr\/app\/uploads\/sites\/3\/2024\/09\/thumbnail-photo-premium.jpg\",\"articleSection\":[\"A la Une\",\"Epinal\",\"La plaine des vosges\",\"Publi-reportage\"],\"inLanguage\":\"fr-FR\",\"potentialAction\":[{\"@type\":\"CommentAction\",\"name\":\"Comment\",\"target\":[\"https:\/\/vosgesinfo.fr\/epinalinfo\/?p=121325#respond\"]}]},{\"@type\":\"WebPage\",\"@id\":\"https:\/\/vosgesinfo.fr\/epinalinfo\/?p=121325\",\"url\":\"https:\/\/vosgesinfo.fr\/epinalinfo\/?p=121325\",\"name\":\"Promos de rentr\u00e9e \u00e0 la Bijouterie Perle d\u2019Or de Contrex\u00e9ville - Epinal Info\",\"isPartOf\":{\"@id\":\"https:\/\/vosgesinfo.fr\/epinalinfo\/#website\"},\"primaryImageOfPage\":{\"@id\":\"https:\/\/vosgesinfo.fr\/epinalinfo\/?p=121325#primaryimage\"},\"image\":{\"@id\":\"https:\/\/vosgesinfo.fr\/epinalinfo\/?p=121325#primaryimage\"},\"thumbnailUrl\":\"https:\/\/vosgesinfo.fr\/app\/uploads\/sites\/3\/2024\/09\/thumbnail-photo-premium.jpg\",\"datePublished\":\"2024-09-06T18:28:54+00:00\",\"dateModified\":\"2024-09-06T18:28:54+00:00\",\"breadcrumb\":{\"@id\":\"https:\/\/vosgesinfo.fr\/epinalinfo\/?p=121325#breadcrumb\"},\"inLanguage\":\"fr-FR\",\"potentialAction\":[{\"@type\":\"ReadAction\",\"target\":[\"https:\/\/vosgesinfo.fr\/epinalinfo\/?p=121325\"]}]},{\"@type\":\"ImageObject\",\"inLanguage\":\"fr-FR\",\"@id\":\"https:\/\/vosgesinfo.fr\/epinalinfo\/?p=121325#primaryimage\",\"url\":\"https:\/\/vosgesinfo.fr\/app\/uploads\/sites\/3\/2024\/09\/thumbnail-photo-premium.jpg\",\"contentUrl\":\"https:\/\/vosgesinfo.fr\/app\/uploads\/sites\/3\/2024\/09\/thumbnail-photo-premium.jpg\",\"width\":1920,\"height\":1662},{\"@type\":\"BreadcrumbList\",\"@id\":\"https:\/\/vosgesinfo.fr\/epinalinfo\/?p=121325#breadcrumb\",\"itemListElement\":[{\"@type\":\"ListItem\",\"position\":1,\"name\":\"Home\",\"item\":\"https:\/\/vosgesinfo.fr\/epinalinfo\/\"},{\"@type\":\"ListItem\",\"position\":2,\"name\":\"Promos de rentr\u00e9e \u00e0 la Bijouterie Perle d\u2019Or de Contrex\u00e9ville\"}]},{\"@type\":\"WebSite\",\"@id\":\"https:\/\/vosgesinfo.fr\/epinalinfo\/#website\",\"url\":\"https:\/\/vosgesinfo.fr\/epinalinfo\/\",\"name\":\"Epinal Info\",\"description\":\"Toute l&#039;actualit\u00e9 d&#039;\u00c9pinal\",\"publisher\":{\"@id\":\"https:\/\/vosgesinfo.fr\/epinalinfo\/#organization\"},\"alternateName\":\"Toute l'actualit\u00e9 d'\u00c9pinal\",\"potentialAction\":[{\"@type\":\"SearchAction\",\"target\":{\"@type\":\"EntryPoint\",\"urlTemplate\":\"https:\/\/vosgesinfo.fr\/epinalinfo\/?s={search_term_string}\"},\"query-input\":\"required name=search_term_string\"}],\"inLanguage\":\"fr-FR\"},{\"@type\":\"Organization\",\"@id\":\"https:\/\/vosgesinfo.fr\/epinalinfo\/#organization\",\"name\":\"Epinal Info\",\"url\":\"https:\/\/vosgesinfo.fr\/epinalinfo\/\",\"logo\":{\"@type\":\"ImageObject\",\"inLanguage\":\"fr-FR\",\"@id\":\"https:\/\/vosgesinfo.fr\/epinalinfo\/#\/schema\/logo\/image\/\",\"url\":\"https:\/\/vosgesinfo.fr\/app\/uploads\/sites\/3\/2023\/08\/logo-epinalinfos.svg\",\"contentUrl\":\"https:\/\/vosgesinfo.fr\/app\/uploads\/sites\/3\/2023\/08\/logo-epinalinfos.svg\",\"width\":1,\"height\":1,\"caption\":\"Epinal Info\"},\"image\":{\"@id\":\"https:\/\/vosgesinfo.fr\/epinalinfo\/#\/schema\/logo\/image\/\"},\"sameAs\":[\"https:\/\/www.facebook.com\/Epinalinfos\",\"https:\/\/x.com\/VosgesInfo88\",\"https:\/\/www.youtube.com\/@vosgesinfo\"]},{\"@type\":\"Person\",\"@id\":\"https:\/\/vosgesinfo.fr\/epinalinfo\/#\/schema\/person\/6f9a650eeea99d969b6c4ab78fccbe81\",\"name\":\"C.K.\",\"image\":{\"@type\":\"ImageObject\",\"inLanguage\":\"fr-FR\",\"@id\":\"https:\/\/vosgesinfo.fr\/epinalinfo\/#\/schema\/person\/image\/\",\"url\":\"https:\/\/secure.gravatar.com\/avatar\/48e3fc7f8421ba8942be6b74a2b7f014ca39bc00dece156b7a8e098ae7dc87bf?s=96&d=mm&r=g\",\"contentUrl\":\"https:\/\/secure.gravatar.com\/avatar\/48e3fc7f8421ba8942be6b74a2b7f014ca39bc00dece156b7a8e098ae7dc87bf?s=96&d=mm&r=g\",\"caption\":\"C.K.\"},\"url\":\"https:\/\/vosgesinfo.fr\/epinalinfo\/author\/celia-k-n\/\"}]}<\/script>\n<!-- \/ Yoast SEO plugin. -->","yoast_head_json":{"title":"Promos de rentr\u00e9e \u00e0 la Bijouterie Perle d\u2019Or de Contrex\u00e9ville - Epinal Info","robots":{"index":"index","follow":"follow","max-snippet":"max-snippet:-1","max-image-preview":"max-image-preview:large","max-video-preview":"max-video-preview:-1"},"canonical":"https:\/\/vosgesinfo.fr\/epinalinfo\/?p=121325","twitter_card":"summary_large_image","twitter_title":"Promos de rentr\u00e9e \u00e0 la Bijouterie Perle d\u2019Or de Contrex\u00e9ville - Epinal Info","twitter_description":"Pour une rentr\u00e9e tout en douceur, op\u00e9ration remises du 7 au 14 Septembre 2024 La bijouterie Perle d\u2019Or, situ\u00e9e dans [&hellip;]","twitter_image":"https:\/\/vosgesinfo.fr\/app\/uploads\/sites\/3\/2024\/09\/thumbnail-photo-premium.jpg","twitter_creator":"@VosgesInfo88","twitter_site":"@VosgesInfo88","twitter_misc":{"\u00c9crit par":"C.K.","Dur\u00e9e de lecture estim\u00e9e":"1 minute"},"schema":{"@context":"https:\/\/schema.org","@graph":[{"@type":"Article","@id":"https:\/\/vosgesinfo.fr\/epinalinfo\/?p=121325#article","isPartOf":{"@id":"https:\/\/vosgesinfo.fr\/epinalinfo\/?p=121325"},"author":{"name":"C.K.","@id":"https:\/\/vosgesinfo.fr\/epinalinfo\/#\/schema\/person\/6f9a650eeea99d969b6c4ab78fccbe81"},"headline":"Promos de rentr\u00e9e \u00e0 la Bijouterie Perle d\u2019Or de Contrex\u00e9ville","datePublished":"2024-09-06T18:28:54+00:00","dateModified":"2024-09-06T18:28:54+00:00","mainEntityOfPage":{"@id":"https:\/\/vosgesinfo.fr\/epinalinfo\/?p=121325"},"wordCount":270,"commentCount":0,"publisher":{"@id":"https:\/\/vosgesinfo.fr\/epinalinfo\/#organization"},"image":{"@id":"https:\/\/vosgesinfo.fr\/epinalinfo\/?p=121325#primaryimage"},"thumbnailUrl":"https:\/\/vosgesinfo.fr\/app\/uploads\/sites\/3\/2024\/09\/thumbnail-photo-premium.jpg","articleSection":["A la Une","Epinal","La plaine des vosges","Publi-reportage"],"inLanguage":"fr-FR","potentialAction":[{"@type":"CommentAction","name":"Comment","target":["https:\/\/vosgesinfo.fr\/epinalinfo\/?p=121325#respond"]}]},{"@type":"WebPage","@id":"https:\/\/vosgesinfo.fr\/epinalinfo\/?p=121325","url":"https:\/\/vosgesinfo.fr\/epinalinfo\/?p=121325","name":"Promos de rentr\u00e9e \u00e0 la Bijouterie Perle d\u2019Or de Contrex\u00e9ville - Epinal Info","isPartOf":{"@id":"https:\/\/vosgesinfo.fr\/epinalinfo\/#website"},"primaryImageOfPage":{"@id":"https:\/\/vosgesinfo.fr\/epinalinfo\/?p=121325#primaryimage"},"image":{"@id":"https:\/\/vosgesinfo.fr\/epinalinfo\/?p=121325#primaryimage"},"thumbnailUrl":"https:\/\/vosgesinfo.fr\/app\/uploads\/sites\/3\/2024\/09\/thumbnail-photo-premium.jpg","datePublished":"2024-09-06T18:28:54+00:00","dateModified":"2024-09-06T18:28:54+00:00","breadcrumb":{"@id":"https:\/\/vosgesinfo.fr\/epinalinfo\/?p=121325#breadcrumb"},"inLanguage":"fr-FR","potentialAction":[{"@type":"ReadAction","target":["https:\/\/vosgesinfo.fr\/epinalinfo\/?p=121325"]}]},{"@type":"ImageObject","inLanguage":"fr-FR","@id":"https:\/\/vosgesinfo.fr\/epinalinfo\/?p=121325#primaryimage","url":"https:\/\/vosgesinfo.fr\/app\/uploads\/sites\/3\/2024\/09\/thumbnail-photo-premium.jpg","contentUrl":"https:\/\/vosgesinfo.fr\/app\/uploads\/sites\/3\/2024\/09\/thumbnail-photo-premium.jpg","width":1920,"height":1662},{"@type":"BreadcrumbList","@id":"https:\/\/vosgesinfo.fr\/epinalinfo\/?p=121325#breadcrumb","itemListElement":[{"@type":"ListItem","position":1,"name":"Home","item":"https:\/\/vosgesinfo.fr\/epinalinfo\/"},{"@type":"ListItem","position":2,"name":"Promos de rentr\u00e9e \u00e0 la Bijouterie Perle d\u2019Or de Contrex\u00e9ville"}]},{"@type":"WebSite","@id":"https:\/\/vosgesinfo.fr\/epinalinfo\/#website","url":"https:\/\/vosgesinfo.fr\/epinalinfo\/","name":"Epinal Info","description":"Toute l&#039;actualit\u00e9 d&#039;\u00c9pinal","publisher":{"@id":"https:\/\/vosgesinfo.fr\/epinalinfo\/#organization"},"alternateName":"Toute l'actualit\u00e9 d'\u00c9pinal","potentialAction":[{"@type":"SearchAction","target":{"@type":"EntryPoint","urlTemplate":"https:\/\/vosgesinfo.fr\/epinalinfo\/?s={search_term_string}"},"query-input":"required name=search_term_string"}],"inLanguage":"fr-FR"},{"@type":"Organization","@id":"https:\/\/vosgesinfo.fr\/epinalinfo\/#organization","name":"Epinal Info","url":"https:\/\/vosgesinfo.fr\/epinalinfo\/","logo":{"@type":"ImageObject","inLanguage":"fr-FR","@id":"https:\/\/vosgesinfo.fr\/epinalinfo\/#\/schema\/logo\/image\/","url":"https:\/\/vosgesinfo.fr\/app\/uploads\/sites\/3\/2023\/08\/logo-epinalinfos.svg","contentUrl":"https:\/\/vosgesinfo.fr\/app\/uploads\/sites\/3\/2023\/08\/logo-epinalinfos.svg","width":1,"height":1,"caption":"Epinal Info"},"image":{"@id":"https:\/\/vosgesinfo.fr\/epinalinfo\/#\/schema\/logo\/image\/"},"sameAs":["https:\/\/www.facebook.com\/Epinalinfos","https:\/\/x.com\/VosgesInfo88","https:\/\/www.youtube.com\/@vosgesinfo"]},{"@type":"Person","@id":"https:\/\/vosgesinfo.fr\/epinalinfo\/#\/schema\/person\/6f9a650eeea99d969b6c4ab78fccbe81","name":"C.K.","image":{"@type":"ImageObject","inLanguage":"fr-FR","@id":"https:\/\/vosgesinfo.fr\/epinalinfo\/#\/schema\/person\/image\/","url":"https:\/\/secure.gravatar.com\/avatar\/48e3fc7f8421ba8942be6b74a2b7f014ca39bc00dece156b7a8e098ae7dc87bf?s=96&d=mm&r=g","contentUrl":"https:\/\/secure.gravatar.com\/avatar\/48e3fc7f8421ba8942be6b74a2b7f014ca39bc00dece156b7a8e098ae7dc87bf?s=96&d=mm&r=g","caption":"C.K."},"url":"https:\/\/vosgesinfo.fr\/epinalinfo\/author\/celia-k-n\/"}]}},"_links":{"self":[{"href":"https:\/\/vosgesinfo.fr\/epinalinfo\/wp-json\/wp\/v2\/posts\/121325","targetHints":{"allow":["GET"]}}],"collection":[{"href":"https:\/\/vosgesinfo.fr\/epinalinfo\/wp-json\/wp\/v2\/posts"}],"about":[{"href":"https:\/\/vosgesinfo.fr\/epinalinfo\/wp-json\/wp\/v2\/types\/post"}],"author":[{"embeddable":true,"href":"https:\/\/vosgesinfo.fr\/epinalinfo\/wp-json\/wp\/v2\/users\/52"}],"replies":[{"embeddable":true,"href":"https:\/\/vosgesinfo.fr\/epinalinfo\/wp-json\/wp\/v2\/comments?post=121325"}],"version-history":[{"count":1,"href":"https:\/\/vosgesinfo.fr\/epinalinfo\/wp-json\/wp\/v2\/posts\/121325\/revisions"}],"predecessor-version":[{"id":121329,"href":"https:\/\/vosgesinfo.fr\/epinalinfo\/wp-json\/wp\/v2\/posts\/121325\/revisions\/121329"}],"wp:featuredmedia":[{"embeddable":true,"href":"https:\/\/vosgesinfo.fr\/epinalinfo\/wp-json\/wp\/v2\/media\/121326"}],"wp:attachment":[{"href":"https:\/\/vosgesinfo.fr\/epinalinfo\/wp-json\/wp\/v2\/media?parent=121325"}],"wp:term":[{"taxonomy":"category","embeddable":true,"href":"https:\/\/vosgesinfo.fr\/epinalinfo\/wp-json\/wp\/v2\/categories?post=121325"},{"taxonomy":"post_tag","embeddable":true,"href":"https:\/\/vosgesinfo.fr\/epinalinfo\/wp-json\/wp\/v2\/tags?post=121325"}],"curies":[{"name":"wp","href":"https:\/\/api.w.org\/{rel}","templated":true}]}}